{"id":33335,"date":"2019-07-25T17:36:03","date_gmt":"2019-07-25T20:36:03","guid":{"rendered":"http:\/\/www.noticiasradioreflejos.com.ar\/noticias\/?p=33335"},"modified":"2019-07-25T17:36:03","modified_gmt":"2019-07-25T20:36:03","slug":"se-celebro-el-72-aniversario-de-villa-ventana","status":"publish","type":"post","link":"https:\/\/www.noticiasradioreflejos.com.ar\/2021\/se-celebro-el-72-aniversario-de-villa-ventana\/","title":{"rendered":"Se celebr\u00f3 el 72\u00b0 Aniversario de Villa Ventana."},"content":{"rendered":"<p><a title=\"17f57eff-f17b-4b71-9837-56fe70cd0476\" href=\"http:\/\/live.staticflickr.com\/65535\/48374624566_b9ee79fbc0_s.jpg\" rel=\"\"><img loading=\"lazy\" decoding=\"async\" class=\"alignleft\" style=\"float: left;\" title=\"17f57eff-f17b-4b71-9837-56fe70cd0476\" src=\"http:\/\/live.staticflickr.com\/65535\/48374624566_b9ee79fbc0.jpg\" alt=\"17f57eff-f17b-4b71-9837-56fe70cd0476\" width=\"500\" height=\"375\" \/><\/a>A las 10.30 hs, tal como estaba previsto, dio inicio el acto central por el 72\u00b0 aniversario de Villa Ventana.<br \/>\nEl Secretario de Gobierno, Ezequiel Gabella, en representaci\u00f3n del intendente Bordoni, encabez\u00f3 el evento que cont\u00f3 con la participaci\u00f3n de autoridades municipales, instituciones educativas, sociales, culturales y vecinos de la localidad. <!--more--><br \/>\nEl acto protocolar incluy\u00f3 palabras alusivas a cargo de vecinas de la localidad y del Delegado Municipal.<br \/>\nEl cierre estuvo a cargo del Secretario de Gobierno quien destac\u00f3 la identidad propia de Villa Ventana, una localidad que recibe continuamente nuevos habitantes a los que suma a esa gran familia; y opin\u00f3 en cuanto al crecimiento que el desaf\u00edo es trabajar para compatibilizar dicha expansi\u00f3n con las caracter\u00edsticas que hacen tan particular la Villa, un lugar que tiene potencial para desarrollarse con recursos naturales extraordinarios.<br \/>\nAl cierre del acto, que tuvo lugar en plaza Salerno, se sirvi\u00f3 el tradicional chocolate caliente con tortas.<br \/>\n<a title=\"Ani vv\" href=\"http:\/\/live.staticflickr.com\/65535\/48374626726_58e1a82266_s.jpg\" rel=\"\"><img loading=\"lazy\" decoding=\"async\" class=\"aligncenter\" title=\"Ani vv\" src=\"http:\/\/live.staticflickr.com\/65535\/48374626726_58e1a82266_z.jpg\" alt=\"Ani vv\" width=\"640\" height=\"480\" \/><\/a><a title=\"Ani vv\" href=\"http:\/\/live.staticflickr.com\/65535\/48374626431_30111f38df_s.jpg\" rel=\"\"><img loading=\"lazy\" decoding=\"async\" class=\"aligncenter\" title=\"Ani vv\" src=\"http:\/\/live.staticflickr.com\/65535\/48374626431_30111f38df_z.jpg\" alt=\"Ani vv\" width=\"480\" height=\"640\" \/><\/a><a title=\"Ani vv\" href=\"http:\/\/live.staticflickr.com\/65535\/48374626296_167e19bef6_s.jpg\" rel=\"\"><img loading=\"lazy\" decoding=\"async\" class=\"aligncenter\" title=\"Ani vv\" src=\"http:\/\/live.staticflickr.com\/65535\/48374626296_167e19bef6_z.jpg\" alt=\"Ani vv\" width=\"640\" height=\"480\" \/><\/a><a title=\"4d93f941-c92f-4469-b479-4280a8530d0b\" href=\"http:\/\/live.staticflickr.com\/65535\/48374624476_5734ea6168_s.jpg\" rel=\"\"><img loading=\"lazy\" decoding=\"async\" class=\"aligncenter\" title=\"4d93f941-c92f-4469-b479-4280a8530d0b\" src=\"http:\/\/live.staticflickr.com\/65535\/48374624476_5734ea6168_z.jpg\" alt=\"4d93f941-c92f-4469-b479-4280a8530d0b\" width=\"480\" height=\"640\" \/><\/a><a title=\"8891fe5a-3550-4f7a-9fa2-fe9697af5cee\" href=\"http:\/\/live.staticflickr.com\/65535\/48374624396_40563564f6_s.jpg\" rel=\"\"><img loading=\"lazy\" decoding=\"async\" class=\"aligncenter\" title=\"8891fe5a-3550-4f7a-9fa2-fe9697af5cee\" src=\"http:\/\/live.staticflickr.com\/65535\/48374624396_40563564f6_z.jpg\" alt=\"8891fe5a-3550-4f7a-9fa2-fe9697af5cee\" width=\"640\" height=\"480\" \/><\/a><\/p>\n","protected":false},"excerpt":{"rendered":"<p>A las 10.30 hs, tal como estaba previsto, dio inicio el acto central por el 72\u00b0 aniversario de Villa Ventana. El Secretario de Gobierno, Ezequiel Gabella, en representaci\u00f3n del intendente Bordoni, encabez\u00f3 el evento que cont\u00f3 con la participaci\u00f3n de autoridades municipales, instituciones educativas, sociales, culturales y vecinos de la localidad.<\/p>\n","protected":false},"author":3,"featured_media":0,"comment_status":"closed","ping_status":"open","sticky":false,"template":"","format":"standard","meta":{"footnotes":""},"categories":[28],"tags":[],"class_list":["post-33335","post","type-post","status-publish","format-standard","hentry","category-municipales"],"yoast_head":"<!-- This site is optimized with the Yoast SEO plugin v25.9 - https:\/\/yoast.com\/wordpress\/plugins\/seo\/ -->\n<title>Se celebr\u00f3 el 72\u00b0 Aniversario de Villa Ventana. - Noticias Radio Reflejos<\/title>\n<meta name=\"robots\" content=\"index, follow, max-snippet:-1, max-image-preview:large, max-video-preview:-1\" \/>\n<link rel=\"canonical\" href=\"https:\/\/www.noticiasradioreflejos.com.ar\/2021\/se-celebro-el-72-aniversario-de-villa-ventana\/\" \/>\n<meta property=\"og:locale\" content=\"es_ES\" \/>\n<meta property=\"og:type\" content=\"article\" \/>\n<meta property=\"og:title\" content=\"Se celebr\u00f3 el 72\u00b0 Aniversario de Villa Ventana. - Noticias Radio Reflejos\" \/>\n<meta property=\"og:description\" content=\"A las 10.30 hs, tal como estaba previsto, dio inicio el acto central por el 72\u00b0 aniversario de Villa Ventana. El Secretario de Gobierno, Ezequiel Gabella, en representaci\u00f3n del intendente Bordoni, encabez\u00f3 el evento que cont\u00f3 con la participaci\u00f3n de autoridades municipales, instituciones educativas, sociales, culturales y vecinos de la localidad.\" \/>\n<meta property=\"og:url\" content=\"https:\/\/www.noticiasradioreflejos.com.ar\/2021\/se-celebro-el-72-aniversario-de-villa-ventana\/\" \/>\n<meta property=\"og:site_name\" content=\"Noticias Radio Reflejos\" \/>\n<meta property=\"article:published_time\" content=\"2019-07-25T20:36:03+00:00\" \/>\n<meta property=\"og:image\" content=\"http:\/\/live.staticflickr.com\/65535\/48374624566_b9ee79fbc0.jpg\" \/>\n<meta name=\"author\" content=\"Arnaldo Botto\" \/>\n<meta name=\"twitter:card\" content=\"summary_large_image\" \/>\n<script type=\"application\/ld+json\" class=\"yoast-schema-graph\">{\"@context\":\"https:\/\/schema.org\",\"@graph\":[{\"@type\":\"WebPage\",\"@id\":\"https:\/\/www.noticiasradioreflejos.com.ar\/2021\/se-celebro-el-72-aniversario-de-villa-ventana\/\",\"url\":\"https:\/\/www.noticiasradioreflejos.com.ar\/2021\/se-celebro-el-72-aniversario-de-villa-ventana\/\",\"name\":\"Se celebr\u00f3 el 72\u00b0 Aniversario de Villa Ventana. - Noticias Radio Reflejos\",\"isPartOf\":{\"@id\":\"https:\/\/www.noticiasradioreflejos.com.ar\/2021\/#website\"},\"primaryImageOfPage\":{\"@id\":\"https:\/\/www.noticiasradioreflejos.com.ar\/2021\/se-celebro-el-72-aniversario-de-villa-ventana\/#primaryimage\"},\"image\":{\"@id\":\"https:\/\/www.noticiasradioreflejos.com.ar\/2021\/se-celebro-el-72-aniversario-de-villa-ventana\/#primaryimage\"},\"thumbnailUrl\":\"http:\/\/live.staticflickr.com\/65535\/48374624566_b9ee79fbc0.jpg\",\"datePublished\":\"2019-07-25T20:36:03+00:00\",\"author\":{\"@id\":\"https:\/\/www.noticiasradioreflejos.com.ar\/2021\/#\/schema\/person\/ad82545263dcc5ec0996818884fd5fb1\"},\"breadcrumb\":{\"@id\":\"https:\/\/www.noticiasradioreflejos.com.ar\/2021\/se-celebro-el-72-aniversario-de-villa-ventana\/#breadcrumb\"},\"inLanguage\":\"es\",\"potentialAction\":[{\"@type\":\"ReadAction\",\"target\":[\"https:\/\/www.noticiasradioreflejos.com.ar\/2021\/se-celebro-el-72-aniversario-de-villa-ventana\/\"]}]},{\"@type\":\"ImageObject\",\"inLanguage\":\"es\",\"@id\":\"https:\/\/www.noticiasradioreflejos.com.ar\/2021\/se-celebro-el-72-aniversario-de-villa-ventana\/#primaryimage\",\"url\":\"http:\/\/live.staticflickr.com\/65535\/48374624566_b9ee79fbc0.jpg\",\"contentUrl\":\"http:\/\/live.staticflickr.com\/65535\/48374624566_b9ee79fbc0.jpg\"},{\"@type\":\"BreadcrumbList\",\"@id\":\"https:\/\/www.noticiasradioreflejos.com.ar\/2021\/se-celebro-el-72-aniversario-de-villa-ventana\/#breadcrumb\",\"itemListElement\":[{\"@type\":\"ListItem\",\"position\":1,\"name\":\"Portada\",\"item\":\"https:\/\/www.noticiasradioreflejos.com.ar\/2021\/\"},{\"@type\":\"ListItem\",\"position\":2,\"name\":\"Se celebr\u00f3 el 72\u00b0 Aniversario de Villa Ventana.\"}]},{\"@type\":\"WebSite\",\"@id\":\"https:\/\/www.noticiasradioreflejos.com.ar\/2021\/#website\",\"url\":\"https:\/\/www.noticiasradioreflejos.com.ar\/2021\/\",\"name\":\"Noticias Radio Reflejos\",\"description\":\"Las noticias de mi comarca\",\"potentialAction\":[{\"@type\":\"SearchAction\",\"target\":{\"@type\":\"EntryPoint\",\"urlTemplate\":\"https:\/\/www.noticiasradioreflejos.com.ar\/2021\/?s={search_term_string}\"},\"query-input\":{\"@type\":\"PropertyValueSpecification\",\"valueRequired\":true,\"valueName\":\"search_term_string\"}}],\"inLanguage\":\"es\"},{\"@type\":\"Person\",\"@id\":\"https:\/\/www.noticiasradioreflejos.com.ar\/2021\/#\/schema\/person\/ad82545263dcc5ec0996818884fd5fb1\",\"name\":\"Arnaldo Botto\",\"image\":{\"@type\":\"ImageObject\",\"inLanguage\":\"es\",\"@id\":\"https:\/\/www.noticiasradioreflejos.com.ar\/2021\/#\/schema\/person\/image\/\",\"url\":\"https:\/\/secure.gravatar.com\/avatar\/55cb5e37c1efa326397366e6974cb338056df65cb50e7d64d1cf314e87504837?s=96&d=mm&r=g\",\"contentUrl\":\"https:\/\/secure.gravatar.com\/avatar\/55cb5e37c1efa326397366e6974cb338056df65cb50e7d64d1cf314e87504837?s=96&d=mm&r=g\",\"caption\":\"Arnaldo Botto\"},\"url\":\"https:\/\/www.noticiasradioreflejos.com.ar\/2021\/author\/arnaldo\/\"}]}<\/script>\n<!-- \/ Yoast SEO plugin. -->","yoast_head_json":{"title":"Se celebr\u00f3 el 72\u00b0 Aniversario de Villa Ventana. - Noticias Radio Reflejos","robots":{"index":"index","follow":"follow","max-snippet":"max-snippet:-1","max-image-preview":"max-image-preview:large","max-video-preview":"max-video-preview:-1"},"canonical":"https:\/\/www.noticiasradioreflejos.com.ar\/2021\/se-celebro-el-72-aniversario-de-villa-ventana\/","og_locale":"es_ES","og_type":"article","og_title":"Se celebr\u00f3 el 72\u00b0 Aniversario de Villa Ventana. - Noticias Radio Reflejos","og_description":"A las 10.30 hs, tal como estaba previsto, dio inicio el acto central por el 72\u00b0 aniversario de Villa Ventana. El Secretario de Gobierno, Ezequiel Gabella, en representaci\u00f3n del intendente Bordoni, encabez\u00f3 el evento que cont\u00f3 con la participaci\u00f3n de autoridades municipales, instituciones educativas, sociales, culturales y vecinos de la localidad.","og_url":"https:\/\/www.noticiasradioreflejos.com.ar\/2021\/se-celebro-el-72-aniversario-de-villa-ventana\/","og_site_name":"Noticias Radio Reflejos","article_published_time":"2019-07-25T20:36:03+00:00","og_image":[{"url":"http:\/\/live.staticflickr.com\/65535\/48374624566_b9ee79fbc0.jpg","type":"","width":"","height":""}],"author":"Arnaldo Botto","twitter_card":"summary_large_image","schema":{"@context":"https:\/\/schema.org","@graph":[{"@type":"WebPage","@id":"https:\/\/www.noticiasradioreflejos.com.ar\/2021\/se-celebro-el-72-aniversario-de-villa-ventana\/","url":"https:\/\/www.noticiasradioreflejos.com.ar\/2021\/se-celebro-el-72-aniversario-de-villa-ventana\/","name":"Se celebr\u00f3 el 72\u00b0 Aniversario de Villa Ventana. - Noticias Radio Reflejos","isPartOf":{"@id":"https:\/\/www.noticiasradioreflejos.com.ar\/2021\/#website"},"primaryImageOfPage":{"@id":"https:\/\/www.noticiasradioreflejos.com.ar\/2021\/se-celebro-el-72-aniversario-de-villa-ventana\/#primaryimage"},"image":{"@id":"https:\/\/www.noticiasradioreflejos.com.ar\/2021\/se-celebro-el-72-aniversario-de-villa-ventana\/#primaryimage"},"thumbnailUrl":"http:\/\/live.staticflickr.com\/65535\/48374624566_b9ee79fbc0.jpg","datePublished":"2019-07-25T20:36:03+00:00","author":{"@id":"https:\/\/www.noticiasradioreflejos.com.ar\/2021\/#\/schema\/person\/ad82545263dcc5ec0996818884fd5fb1"},"breadcrumb":{"@id":"https:\/\/www.noticiasradioreflejos.com.ar\/2021\/se-celebro-el-72-aniversario-de-villa-ventana\/#breadcrumb"},"inLanguage":"es","potentialAction":[{"@type":"ReadAction","target":["https:\/\/www.noticiasradioreflejos.com.ar\/2021\/se-celebro-el-72-aniversario-de-villa-ventana\/"]}]},{"@type":"ImageObject","inLanguage":"es","@id":"https:\/\/www.noticiasradioreflejos.com.ar\/2021\/se-celebro-el-72-aniversario-de-villa-ventana\/#primaryimage","url":"http:\/\/live.staticflickr.com\/65535\/48374624566_b9ee79fbc0.jpg","contentUrl":"http:\/\/live.staticflickr.com\/65535\/48374624566_b9ee79fbc0.jpg"},{"@type":"BreadcrumbList","@id":"https:\/\/www.noticiasradioreflejos.com.ar\/2021\/se-celebro-el-72-aniversario-de-villa-ventana\/#breadcrumb","itemListElement":[{"@type":"ListItem","position":1,"name":"Portada","item":"https:\/\/www.noticiasradioreflejos.com.ar\/2021\/"},{"@type":"ListItem","position":2,"name":"Se celebr\u00f3 el 72\u00b0 Aniversario de Villa Ventana."}]},{"@type":"WebSite","@id":"https:\/\/www.noticiasradioreflejos.com.ar\/2021\/#website","url":"https:\/\/www.noticiasradioreflejos.com.ar\/2021\/","name":"Noticias Radio Reflejos","description":"Las noticias de mi comarca","potentialAction":[{"@type":"SearchAction","target":{"@type":"EntryPoint","urlTemplate":"https:\/\/www.noticiasradioreflejos.com.ar\/2021\/?s={search_term_string}"},"query-input":{"@type":"PropertyValueSpecification","valueRequired":true,"valueName":"search_term_string"}}],"inLanguage":"es"},{"@type":"Person","@id":"https:\/\/www.noticiasradioreflejos.com.ar\/2021\/#\/schema\/person\/ad82545263dcc5ec0996818884fd5fb1","name":"Arnaldo Botto","image":{"@type":"ImageObject","inLanguage":"es","@id":"https:\/\/www.noticiasradioreflejos.com.ar\/2021\/#\/schema\/person\/image\/","url":"https:\/\/secure.gravatar.com\/avatar\/55cb5e37c1efa326397366e6974cb338056df65cb50e7d64d1cf314e87504837?s=96&d=mm&r=g","contentUrl":"https:\/\/secure.gravatar.com\/avatar\/55cb5e37c1efa326397366e6974cb338056df65cb50e7d64d1cf314e87504837?s=96&d=mm&r=g","caption":"Arnaldo Botto"},"url":"https:\/\/www.noticiasradioreflejos.com.ar\/2021\/author\/arnaldo\/"}]}},"_links":{"self":[{"href":"https:\/\/www.noticiasradioreflejos.com.ar\/2021\/wp-json\/wp\/v2\/posts\/33335","targetHints":{"allow":["GET"]}}],"collection":[{"href":"https:\/\/www.noticiasradioreflejos.com.ar\/2021\/wp-json\/wp\/v2\/posts"}],"about":[{"href":"https:\/\/www.noticiasradioreflejos.com.ar\/2021\/wp-json\/wp\/v2\/types\/post"}],"author":[{"embeddable":true,"href":"https:\/\/www.noticiasradioreflejos.com.ar\/2021\/wp-json\/wp\/v2\/users\/3"}],"replies":[{"embeddable":true,"href":"https:\/\/www.noticiasradioreflejos.com.ar\/2021\/wp-json\/wp\/v2\/comments?post=33335"}],"version-history":[{"count":0,"href":"https:\/\/www.noticiasradioreflejos.com.ar\/2021\/wp-json\/wp\/v2\/posts\/33335\/revisions"}],"wp:attachment":[{"href":"https:\/\/www.noticiasradioreflejos.com.ar\/2021\/wp-json\/wp\/v2\/media?parent=33335"}],"wp:term":[{"taxonomy":"category","embeddable":true,"href":"https:\/\/www.noticiasradioreflejos.com.ar\/2021\/wp-json\/wp\/v2\/categories?post=33335"},{"taxonomy":"post_tag","embeddable":true,"href":"https:\/\/www.noticiasradioreflejos.com.ar\/2021\/wp-json\/wp\/v2\/tags?post=33335"}],"curies":[{"name":"wp","href":"https:\/\/api.w.org\/{rel}","templated":true}]}}