{"id":33310,"date":"2019-07-24T16:06:56","date_gmt":"2019-07-24T19:06:56","guid":{"rendered":"http:\/\/www.noticiasradioreflejos.com.ar\/noticias\/?p=33310"},"modified":"2019-07-24T16:06:56","modified_gmt":"2019-07-24T19:06:56","slug":"festejo-del-pentecostes-en-tornquist","status":"publish","type":"post","link":"https:\/\/www.noticiasradioreflejos.com.ar\/2021\/festejo-del-pentecostes-en-tornquist\/","title":{"rendered":"Festejo del Pentecost\u00e9s en Tornquist"},"content":{"rendered":"<p><a href=\"http:\/\/live.staticflickr.com\/65535\/48366917591_9e27049770_s.jpg\" title=\"Pentecostes\" rel=\"\"><img loading=\"lazy\" decoding=\"async\" src=\"http:\/\/live.staticflickr.com\/65535\/48366917591_9e27049770.jpg\" width=\"368\" height=\"500\" alt=\"Pentecostes\" title=\"Pentecostes\" class=\"alignleft\" style=\"float: left;\"><\/a>Invitaci\u00f3n al festejo del Pentecost\u00e9s en la ciudad, el mismo se llevar\u00e1 a cabo el s\u00e1bado 27 de julio a las 19,30 Hs. En el Teatro Municipal Rodolfo Funke<!--more--><br \/>\nHechos 2:1-4 Reina-Valera 1960 (RVR1960)<br \/>\n 1 &#8211; Cuando lleg\u00f3 el d\u00eda de Pentecost\u00e9s, estaban todos un\u00e1nimes juntos.<br \/>\n2 Y de repente vino del cielo un estruendo como de un viento recio que soplaba, el cual llen\u00f3 toda la casa donde estaban sentados;<br \/>\n3 y se les aparecieron lenguas repartidas, como de fuego, asent\u00e1ndose sobre cada uno de ellos.<br \/>\n4 Y fueron todos llenos del Esp\u00edritu Santo, y comenzaron a hablar en otras lenguas, seg\u00fan el Esp\u00edritu les daba que hablasen.<br \/>\nAs\u00ed como ese d\u00eda los ap\u00f3stoles recibieron al Esp\u00edritu Santo, tambi\u00e9n nosotros queremos estar todos juntos para recordar ese acontecimiento.<br \/>\nLos esperamos a Uds. Y a toda su congregaci\u00f3n.<\/p>\n","protected":false},"excerpt":{"rendered":"<p>Invitaci\u00f3n al festejo del Pentecost\u00e9s en la ciudad, el mismo se llevar\u00e1 a cabo el s\u00e1bado 27 de julio a las 19,30 Hs. En el Teatro Municipal Rodolfo Funke<\/p>\n","protected":false},"author":3,"featured_media":0,"comment_status":"closed","ping_status":"open","sticky":false,"template":"","format":"standard","meta":{"footnotes":""},"categories":[26],"tags":[],"class_list":["post-33310","post","type-post","status-publish","format-standard","hentry","category-sociedad"],"yoast_head":"<!-- This site is optimized with the Yoast SEO plugin v25.9 - https:\/\/yoast.com\/wordpress\/plugins\/seo\/ -->\n<title>Festejo del Pentecost\u00e9s en Tornquist - Noticias Radio Reflejos<\/title>\n<meta name=\"robots\" content=\"index, follow, max-snippet:-1, max-image-preview:large, max-video-preview:-1\" \/>\n<link rel=\"canonical\" href=\"https:\/\/www.noticiasradioreflejos.com.ar\/2021\/festejo-del-pentecostes-en-tornquist\/\" \/>\n<meta property=\"og:locale\" content=\"es_ES\" \/>\n<meta property=\"og:type\" content=\"article\" \/>\n<meta property=\"og:title\" content=\"Festejo del Pentecost\u00e9s en Tornquist - Noticias Radio Reflejos\" \/>\n<meta property=\"og:description\" content=\"Invitaci\u00f3n al festejo del Pentecost\u00e9s en la ciudad, el mismo se llevar\u00e1 a cabo el s\u00e1bado 27 de julio a las 19,30 Hs. En el Teatro Municipal Rodolfo Funke\" \/>\n<meta property=\"og:url\" content=\"https:\/\/www.noticiasradioreflejos.com.ar\/2021\/festejo-del-pentecostes-en-tornquist\/\" \/>\n<meta property=\"og:site_name\" content=\"Noticias Radio Reflejos\" \/>\n<meta property=\"article:published_time\" content=\"2019-07-24T19:06:56+00:00\" \/>\n<meta property=\"og:image\" content=\"http:\/\/live.staticflickr.com\/65535\/48366917591_9e27049770.jpg\" \/>\n<meta name=\"author\" content=\"Arnaldo Botto\" \/>\n<meta name=\"twitter:card\" content=\"summary_large_image\" \/>\n<script type=\"application\/ld+json\" class=\"yoast-schema-graph\">{\"@context\":\"https:\/\/schema.org\",\"@graph\":[{\"@type\":\"WebPage\",\"@id\":\"https:\/\/www.noticiasradioreflejos.com.ar\/2021\/festejo-del-pentecostes-en-tornquist\/\",\"url\":\"https:\/\/www.noticiasradioreflejos.com.ar\/2021\/festejo-del-pentecostes-en-tornquist\/\",\"name\":\"Festejo del Pentecost\u00e9s en Tornquist - Noticias Radio Reflejos\",\"isPartOf\":{\"@id\":\"https:\/\/www.noticiasradioreflejos.com.ar\/2021\/#website\"},\"primaryImageOfPage\":{\"@id\":\"https:\/\/www.noticiasradioreflejos.com.ar\/2021\/festejo-del-pentecostes-en-tornquist\/#primaryimage\"},\"image\":{\"@id\":\"https:\/\/www.noticiasradioreflejos.com.ar\/2021\/festejo-del-pentecostes-en-tornquist\/#primaryimage\"},\"thumbnailUrl\":\"http:\/\/live.staticflickr.com\/65535\/48366917591_9e27049770.jpg\",\"datePublished\":\"2019-07-24T19:06:56+00:00\",\"author\":{\"@id\":\"https:\/\/www.noticiasradioreflejos.com.ar\/2021\/#\/schema\/person\/ad82545263dcc5ec0996818884fd5fb1\"},\"breadcrumb\":{\"@id\":\"https:\/\/www.noticiasradioreflejos.com.ar\/2021\/festejo-del-pentecostes-en-tornquist\/#breadcrumb\"},\"inLanguage\":\"es\",\"potentialAction\":[{\"@type\":\"ReadAction\",\"target\":[\"https:\/\/www.noticiasradioreflejos.com.ar\/2021\/festejo-del-pentecostes-en-tornquist\/\"]}]},{\"@type\":\"ImageObject\",\"inLanguage\":\"es\",\"@id\":\"https:\/\/www.noticiasradioreflejos.com.ar\/2021\/festejo-del-pentecostes-en-tornquist\/#primaryimage\",\"url\":\"http:\/\/live.staticflickr.com\/65535\/48366917591_9e27049770.jpg\",\"contentUrl\":\"http:\/\/live.staticflickr.com\/65535\/48366917591_9e27049770.jpg\"},{\"@type\":\"BreadcrumbList\",\"@id\":\"https:\/\/www.noticiasradioreflejos.com.ar\/2021\/festejo-del-pentecostes-en-tornquist\/#breadcrumb\",\"itemListElement\":[{\"@type\":\"ListItem\",\"position\":1,\"name\":\"Portada\",\"item\":\"https:\/\/www.noticiasradioreflejos.com.ar\/2021\/\"},{\"@type\":\"ListItem\",\"position\":2,\"name\":\"Festejo del Pentecost\u00e9s en Tornquist\"}]},{\"@type\":\"WebSite\",\"@id\":\"https:\/\/www.noticiasradioreflejos.com.ar\/2021\/#website\",\"url\":\"https:\/\/www.noticiasradioreflejos.com.ar\/2021\/\",\"name\":\"Noticias Radio Reflejos\",\"description\":\"Las noticias de mi comarca\",\"potentialAction\":[{\"@type\":\"SearchAction\",\"target\":{\"@type\":\"EntryPoint\",\"urlTemplate\":\"https:\/\/www.noticiasradioreflejos.com.ar\/2021\/?s={search_term_string}\"},\"query-input\":{\"@type\":\"PropertyValueSpecification\",\"valueRequired\":true,\"valueName\":\"search_term_string\"}}],\"inLanguage\":\"es\"},{\"@type\":\"Person\",\"@id\":\"https:\/\/www.noticiasradioreflejos.com.ar\/2021\/#\/schema\/person\/ad82545263dcc5ec0996818884fd5fb1\",\"name\":\"Arnaldo Botto\",\"image\":{\"@type\":\"ImageObject\",\"inLanguage\":\"es\",\"@id\":\"https:\/\/www.noticiasradioreflejos.com.ar\/2021\/#\/schema\/person\/image\/\",\"url\":\"https:\/\/secure.gravatar.com\/avatar\/55cb5e37c1efa326397366e6974cb338056df65cb50e7d64d1cf314e87504837?s=96&d=mm&r=g\",\"contentUrl\":\"https:\/\/secure.gravatar.com\/avatar\/55cb5e37c1efa326397366e6974cb338056df65cb50e7d64d1cf314e87504837?s=96&d=mm&r=g\",\"caption\":\"Arnaldo Botto\"},\"url\":\"https:\/\/www.noticiasradioreflejos.com.ar\/2021\/author\/arnaldo\/\"}]}<\/script>\n<!-- \/ Yoast SEO plugin. -->","yoast_head_json":{"title":"Festejo del Pentecost\u00e9s en Tornquist - Noticias Radio Reflejos","robots":{"index":"index","follow":"follow","max-snippet":"max-snippet:-1","max-image-preview":"max-image-preview:large","max-video-preview":"max-video-preview:-1"},"canonical":"https:\/\/www.noticiasradioreflejos.com.ar\/2021\/festejo-del-pentecostes-en-tornquist\/","og_locale":"es_ES","og_type":"article","og_title":"Festejo del Pentecost\u00e9s en Tornquist - Noticias Radio Reflejos","og_description":"Invitaci\u00f3n al festejo del Pentecost\u00e9s en la ciudad, el mismo se llevar\u00e1 a cabo el s\u00e1bado 27 de julio a las 19,30 Hs. En el Teatro Municipal Rodolfo Funke","og_url":"https:\/\/www.noticiasradioreflejos.com.ar\/2021\/festejo-del-pentecostes-en-tornquist\/","og_site_name":"Noticias Radio Reflejos","article_published_time":"2019-07-24T19:06:56+00:00","og_image":[{"url":"http:\/\/live.staticflickr.com\/65535\/48366917591_9e27049770.jpg","type":"","width":"","height":""}],"author":"Arnaldo Botto","twitter_card":"summary_large_image","schema":{"@context":"https:\/\/schema.org","@graph":[{"@type":"WebPage","@id":"https:\/\/www.noticiasradioreflejos.com.ar\/2021\/festejo-del-pentecostes-en-tornquist\/","url":"https:\/\/www.noticiasradioreflejos.com.ar\/2021\/festejo-del-pentecostes-en-tornquist\/","name":"Festejo del Pentecost\u00e9s en Tornquist - Noticias Radio Reflejos","isPartOf":{"@id":"https:\/\/www.noticiasradioreflejos.com.ar\/2021\/#website"},"primaryImageOfPage":{"@id":"https:\/\/www.noticiasradioreflejos.com.ar\/2021\/festejo-del-pentecostes-en-tornquist\/#primaryimage"},"image":{"@id":"https:\/\/www.noticiasradioreflejos.com.ar\/2021\/festejo-del-pentecostes-en-tornquist\/#primaryimage"},"thumbnailUrl":"http:\/\/live.staticflickr.com\/65535\/48366917591_9e27049770.jpg","datePublished":"2019-07-24T19:06:56+00:00","author":{"@id":"https:\/\/www.noticiasradioreflejos.com.ar\/2021\/#\/schema\/person\/ad82545263dcc5ec0996818884fd5fb1"},"breadcrumb":{"@id":"https:\/\/www.noticiasradioreflejos.com.ar\/2021\/festejo-del-pentecostes-en-tornquist\/#breadcrumb"},"inLanguage":"es","potentialAction":[{"@type":"ReadAction","target":["https:\/\/www.noticiasradioreflejos.com.ar\/2021\/festejo-del-pentecostes-en-tornquist\/"]}]},{"@type":"ImageObject","inLanguage":"es","@id":"https:\/\/www.noticiasradioreflejos.com.ar\/2021\/festejo-del-pentecostes-en-tornquist\/#primaryimage","url":"http:\/\/live.staticflickr.com\/65535\/48366917591_9e27049770.jpg","contentUrl":"http:\/\/live.staticflickr.com\/65535\/48366917591_9e27049770.jpg"},{"@type":"BreadcrumbList","@id":"https:\/\/www.noticiasradioreflejos.com.ar\/2021\/festejo-del-pentecostes-en-tornquist\/#breadcrumb","itemListElement":[{"@type":"ListItem","position":1,"name":"Portada","item":"https:\/\/www.noticiasradioreflejos.com.ar\/2021\/"},{"@type":"ListItem","position":2,"name":"Festejo del Pentecost\u00e9s en Tornquist"}]},{"@type":"WebSite","@id":"https:\/\/www.noticiasradioreflejos.com.ar\/2021\/#website","url":"https:\/\/www.noticiasradioreflejos.com.ar\/2021\/","name":"Noticias Radio Reflejos","description":"Las noticias de mi comarca","potentialAction":[{"@type":"SearchAction","target":{"@type":"EntryPoint","urlTemplate":"https:\/\/www.noticiasradioreflejos.com.ar\/2021\/?s={search_term_string}"},"query-input":{"@type":"PropertyValueSpecification","valueRequired":true,"valueName":"search_term_string"}}],"inLanguage":"es"},{"@type":"Person","@id":"https:\/\/www.noticiasradioreflejos.com.ar\/2021\/#\/schema\/person\/ad82545263dcc5ec0996818884fd5fb1","name":"Arnaldo Botto","image":{"@type":"ImageObject","inLanguage":"es","@id":"https:\/\/www.noticiasradioreflejos.com.ar\/2021\/#\/schema\/person\/image\/","url":"https:\/\/secure.gravatar.com\/avatar\/55cb5e37c1efa326397366e6974cb338056df65cb50e7d64d1cf314e87504837?s=96&d=mm&r=g","contentUrl":"https:\/\/secure.gravatar.com\/avatar\/55cb5e37c1efa326397366e6974cb338056df65cb50e7d64d1cf314e87504837?s=96&d=mm&r=g","caption":"Arnaldo Botto"},"url":"https:\/\/www.noticiasradioreflejos.com.ar\/2021\/author\/arnaldo\/"}]}},"_links":{"self":[{"href":"https:\/\/www.noticiasradioreflejos.com.ar\/2021\/wp-json\/wp\/v2\/posts\/33310","targetHints":{"allow":["GET"]}}],"collection":[{"href":"https:\/\/www.noticiasradioreflejos.com.ar\/2021\/wp-json\/wp\/v2\/posts"}],"about":[{"href":"https:\/\/www.noticiasradioreflejos.com.ar\/2021\/wp-json\/wp\/v2\/types\/post"}],"author":[{"embeddable":true,"href":"https:\/\/www.noticiasradioreflejos.com.ar\/2021\/wp-json\/wp\/v2\/users\/3"}],"replies":[{"embeddable":true,"href":"https:\/\/www.noticiasradioreflejos.com.ar\/2021\/wp-json\/wp\/v2\/comments?post=33310"}],"version-history":[{"count":0,"href":"https:\/\/www.noticiasradioreflejos.com.ar\/2021\/wp-json\/wp\/v2\/posts\/33310\/revisions"}],"wp:attachment":[{"href":"https:\/\/www.noticiasradioreflejos.com.ar\/2021\/wp-json\/wp\/v2\/media?parent=33310"}],"wp:term":[{"taxonomy":"category","embeddable":true,"href":"https:\/\/www.noticiasradioreflejos.com.ar\/2021\/wp-json\/wp\/v2\/categories?post=33310"},{"taxonomy":"post_tag","embeddable":true,"href":"https:\/\/www.noticiasradioreflejos.com.ar\/2021\/wp-json\/wp\/v2\/tags?post=33310"}],"curies":[{"name":"wp","href":"https:\/\/api.w.org\/{rel}","templated":true}]}}