{"id":32888,"date":"2019-07-08T20:30:28","date_gmt":"2019-07-08T23:30:28","guid":{"rendered":"http:\/\/www.noticiasradioreflejos.com.ar\/noticias\/?p=32888"},"modified":"2019-07-08T20:30:28","modified_gmt":"2019-07-08T23:30:28","slug":"reusltados-del-hockey-del-sudoeste","status":"publish","type":"post","link":"https:\/\/www.noticiasradioreflejos.com.ar\/2021\/reusltados-del-hockey-del-sudoeste\/","title":{"rendered":"Resultados del Hockey del sudoeste"},"content":{"rendered":"<p>Atl\u00e9tico Ventana gan\u00f3 5 a 0 a Dep. Sarmiento en Primera divisi\u00f3n.<br \/>\nResultados de los partidos jugados durante este fin de semana de la Federaci\u00f3n de Hockey del Sudoeste Bonaerense.<br \/>\n<strong>TORNEO ANUAL DE DAMAS<\/strong><!--more--><br \/>\n<strong>FECHA 11<\/strong><br \/>\n<strong>S\u00c1BADO 6\/7<\/strong><br \/>\n<strong><em>Primera Divisi\u00f3n<\/em><\/strong><\/p>\n<table width=\"516\">\n<tbody>\n<tr>\n<td width=\"188\"><strong>Independiente<\/strong><\/td>\n<td width=\"47\"><strong>19<\/strong><\/td>\n<td width=\"47\"><strong>vs<\/strong><\/td>\n<td width=\"47\"><strong>0<\/strong><\/td>\n<td width=\"188\"><strong>Pe\u00f1arol<\/strong><\/td>\n<\/tr>\n<tr>\n<td colspan=\"2\" width=\"235\">Mariana Cascallares -4-<\/td>\n<td rowspan=\"7\" width=\"47\">Goles<\/td>\n<td colspan=\"2\" width=\"235\"><\/td>\n<\/tr>\n<tr>\n<td colspan=\"2\" width=\"235\">Andy Trinconao -4-<\/td>\n<td colspan=\"2\" width=\"235\"><\/td>\n<\/tr>\n<tr>\n<td colspan=\"2\" width=\"235\">Pilar Palacio -3-<\/td>\n<td colspan=\"2\" width=\"235\"><\/td>\n<\/tr>\n<tr>\n<td colspan=\"2\" width=\"235\">Eugenia Rosales -3-<\/td>\n<td colspan=\"2\" width=\"235\"><\/td>\n<\/tr>\n<tr>\n<td colspan=\"2\" width=\"235\">Jazmin Jaime -2-<\/td>\n<td colspan=\"2\" width=\"235\"><\/td>\n<\/tr>\n<tr>\n<td colspan=\"2\" width=\"235\">Roc\u00edo Benecchia -2-<\/td>\n<td colspan=\"2\" width=\"235\"><\/td>\n<\/tr>\n<tr>\n<td colspan=\"2\" width=\"235\">Florencia Ruiz<\/td>\n<td colspan=\"2\" width=\"235\"><\/td>\n<\/tr>\n<tr>\n<td colspan=\"2\" width=\"235\">Jazmin Jaime<\/td>\n<td width=\"47\">TV<\/td>\n<td colspan=\"2\" width=\"235\">Antonela Wito<\/td>\n<\/tr>\n<tr>\n<td colspan=\"2\" width=\"235\"><\/td>\n<td width=\"47\">TA<\/td>\n<td colspan=\"2\" width=\"235\">Julieta Aubrun<\/td>\n<\/tr>\n<tr>\n<td width=\"188\"><\/td>\n<td width=\"47\"><\/td>\n<td width=\"47\">TR<\/td>\n<td colspan=\"2\" width=\"235\">Antonela Wito<\/td>\n<\/tr>\n<\/tbody>\n<\/table>\n<p><strong><em>\u00a0<\/em><\/strong><\/p>\n<table width=\"516\">\n<tbody>\n<tr>\n<td width=\"188\"><strong>San Mart\u00edn<\/strong><\/td>\n<td width=\"47\"><strong>0<\/strong><\/td>\n<td width=\"47\"><strong>vs<\/strong><\/td>\n<td width=\"47\"><strong>4<\/strong><\/td>\n<td width=\"188\"><strong>Hockey Carhu\u00e9<\/strong><\/td>\n<\/tr>\n<tr>\n<td colspan=\"2\" width=\"235\"><\/td>\n<td rowspan=\"3\" width=\"47\">Goles<\/td>\n<td colspan=\"2\" width=\"235\">Josecelyn Wolf -2-<\/td>\n<\/tr>\n<tr>\n<td colspan=\"2\" width=\"235\"><\/td>\n<td colspan=\"2\" width=\"235\">Gianella Stocafiso<\/td>\n<\/tr>\n<tr>\n<td colspan=\"2\" width=\"235\"><\/td>\n<td colspan=\"2\" width=\"235\">Narela Alsina<\/td>\n<\/tr>\n<tr>\n<td colspan=\"2\" width=\"235\">Lara Arcidi\u00e1cono, Sabrina Parisi<\/td>\n<td width=\"47\">TV<\/td>\n<td colspan=\"2\" width=\"235\"><\/td>\n<\/tr>\n<tr>\n<td colspan=\"2\" width=\"235\">Sabrina Parisi<\/td>\n<td width=\"47\">TA<\/td>\n<td width=\"47\"><\/td>\n<td width=\"188\"><\/td>\n<\/tr>\n<\/tbody>\n<\/table>\n<p><strong><em>\u00a0<\/em><\/strong><\/p>\n<table width=\"516\">\n<tbody>\n<tr>\n<td width=\"188\"><strong>Sarmiento (P)<\/strong><\/td>\n<td width=\"47\"><strong>3<\/strong><\/td>\n<td width=\"47\"><strong>vs<\/strong><\/td>\n<td width=\"47\"><strong>1<\/strong><\/td>\n<td width=\"188\"><strong>Club de Pelota<\/strong><\/td>\n<\/tr>\n<tr>\n<td colspan=\"2\" width=\"235\">Manuela Asprea -2-<\/td>\n<td rowspan=\"3\" width=\"47\">Goles<\/td>\n<td colspan=\"2\" width=\"235\">Luc\u00eda P\u00e9rez<\/td>\n<\/tr>\n<tr>\n<td colspan=\"2\" width=\"235\">Valentina Mutti<\/td>\n<td colspan=\"2\" width=\"235\"><\/td>\n<\/tr>\n<tr>\n<td colspan=\"2\" width=\"235\"><\/td>\n<td colspan=\"2\" width=\"235\"><\/td>\n<\/tr>\n<tr>\n<td colspan=\"2\" width=\"235\">Florencia Olleta, Magal\u00ed Germinara, Valentina Mutti<\/td>\n<td width=\"47\">TV<\/td>\n<td colspan=\"2\" width=\"235\">Coral Astaburuaga, Clara Tobar, Stefania Sol<\/td>\n<\/tr>\n<tr>\n<td colspan=\"2\" width=\"235\"><\/td>\n<td width=\"47\">TA<\/td>\n<td colspan=\"2\" width=\"235\">Stefania Sol<\/td>\n<\/tr>\n<\/tbody>\n<\/table>\n<p><strong><em>\u00a0<\/em><\/strong><\/p>\n<table width=\"516\">\n<tbody>\n<tr>\n<td width=\"188\"><strong>Alumni<\/strong><\/td>\n<td width=\"47\"><strong>0<\/strong><\/td>\n<td width=\"47\"><strong>vs<\/strong><\/td>\n<td width=\"47\"><strong>7<\/strong><\/td>\n<td width=\"188\"><strong>CEF N\u00b0 83<\/strong><\/td>\n<\/tr>\n<tr>\n<td colspan=\"2\" width=\"235\"><\/td>\n<td rowspan=\"5\" width=\"47\">Goles<\/td>\n<td colspan=\"2\" width=\"235\">Aitana Ringelmann -2-<\/td>\n<\/tr>\n<tr>\n<td colspan=\"2\" width=\"235\"><\/td>\n<td colspan=\"2\" width=\"235\">Yuliana Vallejos -2-<\/td>\n<\/tr>\n<tr>\n<td colspan=\"2\" width=\"235\"><\/td>\n<td colspan=\"2\" width=\"235\">Jennifer Lorenzo<\/td>\n<\/tr>\n<tr>\n<td colspan=\"2\" width=\"235\"><\/td>\n<td colspan=\"2\" width=\"235\">Sof\u00eda Amigo<\/td>\n<\/tr>\n<tr>\n<td colspan=\"2\" width=\"235\"><\/td>\n<td colspan=\"2\" width=\"235\">Catalina Grenada<\/td>\n<\/tr>\n<tr>\n<td colspan=\"2\" width=\"235\">Laura Murga<\/td>\n<td width=\"47\">TV<\/td>\n<td colspan=\"2\" width=\"235\"><\/td>\n<\/tr>\n<\/tbody>\n<\/table>\n<p><strong><em>\u00a0<\/em><\/strong><\/p>\n<table width=\"516\">\n<tbody>\n<tr>\n<td width=\"188\"><strong>Dep. Sarmiento<\/strong><\/td>\n<td width=\"47\"><strong>0<\/strong><\/td>\n<td width=\"47\"><strong>vs<\/strong><\/td>\n<td width=\"47\"><strong>5<\/strong><\/td>\n<td width=\"188\"><strong>Atl. Ventana<\/strong><\/td>\n<\/tr>\n<tr>\n<td colspan=\"2\" width=\"235\"><\/td>\n<td rowspan=\"4\" width=\"47\">Goles<\/td>\n<td colspan=\"2\" width=\"235\">Analuz Streitenberger -2-<\/td>\n<\/tr>\n<tr>\n<td colspan=\"2\" width=\"235\"><\/td>\n<td colspan=\"2\" width=\"235\">M\u00e1xima Ocampos<\/td>\n<\/tr>\n<tr>\n<td colspan=\"2\" width=\"235\"><\/td>\n<td colspan=\"2\" width=\"235\">Melina Ianniello<\/td>\n<\/tr>\n<tr>\n<td colspan=\"2\" width=\"235\"><\/td>\n<td colspan=\"2\" width=\"235\">Emilia Ladirat<\/td>\n<\/tr>\n<tr>\n<td colspan=\"2\" width=\"235\"><\/td>\n<td width=\"47\">TV<\/td>\n<td colspan=\"2\" width=\"235\">Luc\u00eda Guastalli<\/td>\n<\/tr>\n<\/tbody>\n<\/table>\n<p><strong><em>\u00a0<\/em><\/strong><br \/>\n<strong><em>\u00a0<\/em><\/strong><br \/>\n<strong><em>Sexta Divisi\u00f3n<\/em><\/strong><\/p>\n<table width=\"516\">\n<tbody>\n<tr>\n<td width=\"188\"><strong>Independiente<\/strong><\/td>\n<td width=\"47\"><strong>9<\/strong><\/td>\n<td width=\"47\"><strong>vs<\/strong><\/td>\n<td width=\"47\"><strong>0<\/strong><\/td>\n<td width=\"188\"><strong>Pe\u00f1arol<\/strong><\/td>\n<\/tr>\n<tr>\n<td colspan=\"2\" width=\"235\">Pilar Palacio -5-<\/td>\n<td rowspan=\"5\" width=\"47\">Goles<\/td>\n<td colspan=\"2\" width=\"235\"><\/td>\n<\/tr>\n<tr>\n<td colspan=\"2\" width=\"235\">Danna Garc\u00eda<\/td>\n<td colspan=\"2\" width=\"235\"><\/td>\n<\/tr>\n<tr>\n<td colspan=\"2\" width=\"235\">Luc\u00eda Herb\u00f3n<\/td>\n<td colspan=\"2\" width=\"235\"><\/td>\n<\/tr>\n<tr>\n<td colspan=\"2\" width=\"235\">Bel\u00e9n Maldonado<\/td>\n<td colspan=\"2\" width=\"235\"><\/td>\n<\/tr>\n<tr>\n<td colspan=\"2\" width=\"235\">Florencia Ruiz<\/td>\n<td colspan=\"2\" width=\"235\"><\/td>\n<\/tr>\n<tr>\n<td colspan=\"2\" width=\"235\"><\/td>\n<td width=\"47\">TV<\/td>\n<td colspan=\"2\" width=\"235\">Analuz Ritter, Regina Tifner<\/td>\n<\/tr>\n<\/tbody>\n<\/table>\n<p><strong><em>\u00a0<\/em><\/strong><\/p>\n<table width=\"516\">\n<tbody>\n<tr>\n<td width=\"188\"><strong>San Mart\u00edn<\/strong><\/td>\n<td width=\"47\"><strong>0<\/strong><\/td>\n<td width=\"47\"><strong>vs<\/strong><\/td>\n<td width=\"47\"><strong>0<\/strong><\/td>\n<td width=\"188\"><strong>Hockey Carhu\u00e9<\/strong><\/td>\n<\/tr>\n<tr>\n<td colspan=\"2\" width=\"235\"><\/td>\n<td rowspan=\"3\" width=\"47\">Goles<\/td>\n<td colspan=\"2\" width=\"235\"><\/td>\n<\/tr>\n<tr>\n<td colspan=\"2\" width=\"235\"><\/td>\n<td colspan=\"2\" width=\"235\"><\/td>\n<\/tr>\n<tr>\n<td colspan=\"2\" width=\"235\"><\/td>\n<td colspan=\"2\" width=\"235\"><\/td>\n<\/tr>\n<\/tbody>\n<\/table>\n<p><strong><em>\u00a0<\/em><\/strong><\/p>\n<table width=\"516\">\n<tbody>\n<tr>\n<td width=\"188\"><strong>Dep. Sarmiento<\/strong><\/td>\n<td width=\"47\"><strong>1<\/strong><\/td>\n<td width=\"47\"><strong>vs<\/strong><\/td>\n<td width=\"47\"><strong>5<\/strong><\/td>\n<td width=\"188\"><strong>Atl. Ventana<\/strong><\/td>\n<\/tr>\n<tr>\n<td colspan=\"2\" width=\"235\">Aylen Ramburger<\/td>\n<td rowspan=\"4\" width=\"47\">Goles<\/td>\n<td colspan=\"2\" width=\"235\">Brisa Ruckert -2-<\/td>\n<\/tr>\n<tr>\n<td colspan=\"2\" width=\"235\"><\/td>\n<td colspan=\"2\" width=\"235\">M\u00e1xima Ocampos<\/td>\n<\/tr>\n<tr>\n<td colspan=\"2\" width=\"235\"><\/td>\n<td colspan=\"2\" width=\"235\">Analuz Streitenberger<\/td>\n<\/tr>\n<tr>\n<td colspan=\"2\" width=\"235\"><\/td>\n<td colspan=\"2\" width=\"235\">Julia Ladirat<\/td>\n<\/tr>\n<\/tbody>\n<\/table>\n<p><strong><em>\u00a0<\/em><\/strong><br \/>\n<strong><em>\u00a0<\/em><\/strong><br \/>\n<strong><em>S\u00e9ptima Divisi\u00f3n<\/em><\/strong><\/p>\n<table width=\"516\">\n<tbody>\n<tr>\n<td width=\"188\"><strong>Sarmiento (P)<\/strong><\/td>\n<td width=\"47\"><strong>0<\/strong><\/td>\n<td width=\"47\"><strong>vs<\/strong><\/td>\n<td width=\"47\"><strong>0<\/strong><\/td>\n<td width=\"188\"><strong>Club de Pelota<\/strong><\/td>\n<\/tr>\n<tr>\n<td colspan=\"2\" width=\"235\"><\/td>\n<td rowspan=\"3\" width=\"47\">Goles<\/td>\n<td colspan=\"2\" width=\"235\"><\/td>\n<\/tr>\n<tr>\n<td colspan=\"2\" width=\"235\"><\/td>\n<td colspan=\"2\" width=\"235\"><\/td>\n<\/tr>\n<tr>\n<td colspan=\"2\" width=\"235\"><\/td>\n<td colspan=\"2\" width=\"235\"><\/td>\n<\/tr>\n<tr>\n<td colspan=\"2\" width=\"235\">F\u00e1tina Ugarte, Alma Olivera<\/td>\n<td width=\"47\">TV<\/td>\n<td colspan=\"2\" width=\"235\">Zoe Cortez<\/td>\n<\/tr>\n<\/tbody>\n<\/table>\n<p><strong><em>\u00a0<\/em><\/strong><\/p>\n<table width=\"516\">\n<tbody>\n<tr>\n<td width=\"188\"><strong>Alumni<\/strong><\/td>\n<td width=\"47\"><strong>1<\/strong><\/td>\n<td width=\"47\"><strong>vs<\/strong><\/td>\n<td width=\"47\"><strong>3<\/strong><\/td>\n<td width=\"188\"><strong>CEF N\u00b0 83<\/strong><\/td>\n<\/tr>\n<tr>\n<td colspan=\"2\" width=\"235\">Macarena Cardoso<\/td>\n<td rowspan=\"3\" width=\"47\">Goles<\/td>\n<td colspan=\"2\" width=\"235\">Felicitas Ramos -2-<\/td>\n<\/tr>\n<tr>\n<td colspan=\"2\" width=\"235\"><\/td>\n<td colspan=\"2\" width=\"235\">Luc\u00eda Grenada<\/td>\n<\/tr>\n<tr>\n<td colspan=\"2\" width=\"235\"><\/td>\n<td colspan=\"2\" width=\"235\"><\/td>\n<\/tr>\n<\/tbody>\n<\/table>\n<p><strong><em>\u00a0<\/em><\/strong><\/p>\n<table width=\"516\">\n<tbody>\n<tr>\n<td width=\"188\"><strong>Dep. Sarmiento<\/strong><\/td>\n<td width=\"47\"><strong>2<\/strong><\/td>\n<td width=\"47\"><strong>vs<\/strong><\/td>\n<td width=\"47\"><strong>0<\/strong><\/td>\n<td width=\"188\"><strong>Atl. Ventana<\/strong><\/td>\n<\/tr>\n<tr>\n<td colspan=\"2\" width=\"235\">Lara Balercia<\/td>\n<td rowspan=\"3\" width=\"47\">Goles<\/td>\n<td colspan=\"2\" width=\"235\"><\/td>\n<\/tr>\n<tr>\n<td colspan=\"2\" width=\"235\">Paulina Neubauer<\/td>\n<td colspan=\"2\" width=\"235\"><\/td>\n<\/tr>\n<tr>\n<td colspan=\"2\" width=\"235\"><\/td>\n<td colspan=\"2\" width=\"235\"><\/td>\n<\/tr>\n<tr>\n<td colspan=\"2\" width=\"235\">Emilia Schwab -2-<\/td>\n<td width=\"47\">TV<\/td>\n<td colspan=\"2\" width=\"235\"><\/td>\n<\/tr>\n<\/tbody>\n<\/table>\n<p><strong><u>\u00a0<\/u><\/strong><br \/>\n<strong><u>TABLAS DE POSICIONES<\/u><\/strong><br \/>\n&nbsp;<br \/>\n<a href=\"http:\/\/www.noticiasradioreflejos.com.ar\/noticias\/wp-content\/uploads\/2019\/07\/Tablas-hockey.png\"><img loading=\"lazy\" decoding=\"async\" class=\"aligncenter size-full wp-image-32890\" src=\"http:\/\/www.noticiasradioreflejos.com.ar\/noticias\/wp-content\/uploads\/2019\/07\/Tablas-hockey.png\" alt=\"Tablas hockey\" width=\"280\" height=\"447\" \/><\/a><br \/>\n<strong><u>GOLEADORAS<\/u><\/strong><br \/>\n<strong>Primera<\/strong><\/p>\n<table width=\"329\">\n<tbody>\n<tr>\n<td width=\"160\"><strong>JUGADORA<\/strong><\/td>\n<td width=\"127\"><strong>EQUIPO<\/strong><\/td>\n<td width=\"43\"><strong>GOLES<\/strong><\/td>\n<\/tr>\n<tr>\n<td width=\"160\"><strong>Pilar Palacio<\/strong><\/td>\n<td width=\"127\">Independiente<\/td>\n<td width=\"43\">33<\/td>\n<\/tr>\n<tr>\n<td width=\"160\"><strong>Mariana Cascallares<\/strong><\/td>\n<td width=\"127\">Independiente<\/td>\n<td width=\"43\">33<\/td>\n<\/tr>\n<tr>\n<td width=\"160\"><strong>Manuela Asprea<\/strong><\/td>\n<td width=\"127\">Sarmiento Pig\u00fc\u00e9<\/td>\n<td width=\"43\">30<\/td>\n<\/tr>\n<tr>\n<td width=\"160\"><strong>Aitana Ringelmann<\/strong><\/td>\n<td width=\"127\">CEF N\u00ba 83<\/td>\n<td width=\"43\">26<\/td>\n<\/tr>\n<tr>\n<td width=\"160\"><strong>Luc\u00eda P\u00e9rez<\/strong><\/td>\n<td width=\"127\">Club de Pelota<\/td>\n<td width=\"43\">12<\/td>\n<\/tr>\n<tr>\n<td width=\"160\"><strong>Analuz Streitenberger<\/strong><\/td>\n<td width=\"127\">Atl. Ventana<\/td>\n<td width=\"43\">10<\/td>\n<\/tr>\n<\/tbody>\n<\/table>\n<p><strong><u>\u00a0<\/u><\/strong><br \/>\n<strong>Sexta<\/strong><\/p>\n<table width=\"329\">\n<tbody>\n<tr>\n<td width=\"160\"><strong>JUGADORA<\/strong><\/td>\n<td width=\"127\"><strong>EQUIPO<\/strong><\/td>\n<td width=\"43\"><strong>GOLES<\/strong><\/td>\n<\/tr>\n<tr>\n<td width=\"160\"><strong>Pilar Palacio<\/strong><\/td>\n<td width=\"127\">Independiente<\/td>\n<td width=\"43\">28<\/td>\n<\/tr>\n<tr>\n<td width=\"160\"><strong>Catalina Grenada<\/strong><\/td>\n<td width=\"127\">CEF N\u00ba 83<\/td>\n<td width=\"43\">11<\/td>\n<\/tr>\n<tr>\n<td width=\"160\"><strong>Analuz Streitenberger<\/strong><\/td>\n<td width=\"127\">Atl. Ventana<\/td>\n<td width=\"43\">11<\/td>\n<\/tr>\n<tr>\n<td width=\"160\"><strong>Luc\u00eda Herb\u00f3n<\/strong><\/td>\n<td width=\"127\">Independiente<\/td>\n<td width=\"43\">11<\/td>\n<\/tr>\n<tr>\n<td width=\"160\"><strong>Bel\u00e9n Maldonado<\/strong><\/td>\n<td width=\"127\">Independiente<\/td>\n<td width=\"43\">7<\/td>\n<\/tr>\n<tr>\n<td width=\"160\"><strong>Brisa Ruckert<\/strong><\/td>\n<td width=\"127\">Atl. Ventana<\/td>\n<td width=\"43\">7<\/td>\n<\/tr>\n<\/tbody>\n<\/table>\n<p><strong>\u00a0<\/strong><br \/>\n<strong>S\u00e9ptima<\/strong><\/p>\n<table width=\"329\">\n<tbody>\n<tr>\n<td width=\"160\"><strong>JUGADORA<\/strong><\/td>\n<td width=\"127\"><strong>EQUIPO<\/strong><\/td>\n<td width=\"43\"><strong>GOLES<\/strong><\/td>\n<\/tr>\n<tr>\n<td width=\"160\"><strong>Danna Garc\u00eda<\/strong><\/td>\n<td width=\"127\">Independiente<\/td>\n<td width=\"43\">13<\/td>\n<\/tr>\n<tr>\n<td width=\"160\"><strong>Felicitas Ramos<\/strong><\/td>\n<td width=\"127\">CEF N\u00ba 83<\/td>\n<td width=\"43\">8<\/td>\n<\/tr>\n<tr>\n<td width=\"160\"><strong>Lara Balercia<\/strong><\/td>\n<td width=\"127\">Dep. Sarmiento<\/td>\n<td width=\"43\">5<\/td>\n<\/tr>\n<tr>\n<td width=\"160\"><strong>Macarena Cardoso<\/strong><\/td>\n<td width=\"127\">Alumni<\/td>\n<td width=\"43\">5<\/td>\n<\/tr>\n<tr>\n<td width=\"160\"><strong>Tiziana Tous<\/strong><\/td>\n<td width=\"127\">Independiente<\/td>\n<td width=\"43\">4<\/td>\n<\/tr>\n<\/tbody>\n<\/table>\n<p><strong><u>\u00a0<\/u><\/strong><br \/>\n<strong><u>\u00a0<\/u><\/strong><br \/>\n<strong><u>PR\u00d3XIMA FECHA (12da) 20 de julio<\/u><\/strong><br \/>\n<strong>PRIMERA<\/strong><\/p>\n<table width=\"423\">\n<tbody>\n<tr>\n<td width=\"188\"><strong>Pe\u00f1arol<\/strong><\/td>\n<td width=\"47\"><strong>vs<\/strong><\/td>\n<td width=\"188\"><strong>Dep. Sarmiento<\/strong><\/td>\n<\/tr>\n<tr>\n<td width=\"188\"><strong>Atl. Ventana<\/strong><\/td>\n<td width=\"47\"><strong>vs<\/strong><\/td>\n<td width=\"188\"><strong>Alumni<\/strong><\/td>\n<\/tr>\n<tr>\n<td width=\"188\"><strong>CEF N\u00b0 83<\/strong><\/td>\n<td width=\"47\"><strong>vs<\/strong><\/td>\n<td width=\"188\"><strong>Sarmiento (P)<\/strong><\/td>\n<\/tr>\n<tr>\n<td width=\"188\"><strong>Club de Pelota<\/strong><\/td>\n<td width=\"47\"><strong>vs<\/strong><\/td>\n<td width=\"188\"><strong>San Mart\u00edn<\/strong><\/td>\n<\/tr>\n<tr>\n<td width=\"188\"><strong>Hockey Carhu\u00e9<\/strong><\/td>\n<td width=\"47\"><strong>vs<\/strong><\/td>\n<td width=\"188\"><strong>Independiente<\/strong><\/td>\n<\/tr>\n<\/tbody>\n<\/table>\n<p><strong>\u00a0<\/strong><br \/>\n<strong>SEXTA<\/strong><\/p>\n<table width=\"423\">\n<tbody>\n<tr>\n<td width=\"188\"><strong>Pe\u00f1arol<\/strong><\/td>\n<td width=\"47\"><strong>vs<\/strong><\/td>\n<td width=\"188\"><strong>Dep. Sarmiento<\/strong><\/td>\n<\/tr>\n<tr>\n<td width=\"188\"><strong>CEF N\u00b0 83<\/strong><\/td>\n<td width=\"47\"><strong>vs<\/strong><\/td>\n<td width=\"188\"><strong>Sarmiento (P)<\/strong><\/td>\n<\/tr>\n<tr>\n<td width=\"188\"><strong>Hockey Carhu\u00e9<\/strong><\/td>\n<td width=\"47\"><strong>vs<\/strong><\/td>\n<td width=\"188\"><strong>Independiente<\/strong><\/td>\n<\/tr>\n<\/tbody>\n<\/table>\n<p><strong><u>\u00a0<\/u><\/strong><br \/>\n<strong>S\u00c9PTIMA<\/strong><\/p>\n<table width=\"423\">\n<tbody>\n<tr>\n<td width=\"188\"><strong>Atl. Ventana<\/strong><\/td>\n<td width=\"47\"><strong>vs<\/strong><\/td>\n<td width=\"188\"><strong>Alumni<\/strong><\/td>\n<\/tr>\n<tr>\n<td width=\"188\"><strong>CEF N\u00b0 83<\/strong><\/td>\n<td width=\"47\"><strong>vs<\/strong><\/td>\n<td width=\"188\"><strong>Sarmiento (P)<\/strong><\/td>\n<\/tr>\n<\/tbody>\n<\/table>\n<p><strong>\u00a0<\/strong><br \/>\n<strong>\u00a0<\/strong><\/p>\n","protected":false},"excerpt":{"rendered":"<p>Atl\u00e9tico Ventana gan\u00f3 5 a 0 a Dep. Sarmiento en Primera divisi\u00f3n. Resultados de los partidos jugados durante este fin de semana de la Federaci\u00f3n de Hockey del Sudoeste Bonaerense. TORNEO ANUAL DE DAMAS<\/p>\n","protected":false},"author":3,"featured_media":0,"comment_status":"closed","ping_status":"open","sticky":false,"template":"","format":"standard","meta":{"footnotes":""},"categories":[27],"tags":[],"class_list":["post-32888","post","type-post","status-publish","format-standard","hentry","category-deportes"],"yoast_head":"<!-- This site is optimized with the Yoast SEO plugin v25.9 - https:\/\/yoast.com\/wordpress\/plugins\/seo\/ -->\n<title>Resultados del Hockey del sudoeste - Noticias Radio Reflejos<\/title>\n<meta name=\"robots\" content=\"index, follow, max-snippet:-1, max-image-preview:large, max-video-preview:-1\" \/>\n<link rel=\"canonical\" href=\"https:\/\/www.noticiasradioreflejos.com.ar\/2021\/reusltados-del-hockey-del-sudoeste\/\" \/>\n<meta property=\"og:locale\" content=\"es_ES\" \/>\n<meta property=\"og:type\" content=\"article\" \/>\n<meta property=\"og:title\" content=\"Resultados del Hockey del sudoeste - Noticias Radio Reflejos\" \/>\n<meta property=\"og:description\" content=\"Atl\u00e9tico Ventana gan\u00f3 5 a 0 a Dep. Sarmiento en Primera divisi\u00f3n. Resultados de los partidos jugados durante este fin de semana de la Federaci\u00f3n de Hockey del Sudoeste Bonaerense. TORNEO ANUAL DE DAMAS\" \/>\n<meta property=\"og:url\" content=\"https:\/\/www.noticiasradioreflejos.com.ar\/2021\/reusltados-del-hockey-del-sudoeste\/\" \/>\n<meta property=\"og:site_name\" content=\"Noticias Radio Reflejos\" \/>\n<meta property=\"article:published_time\" content=\"2019-07-08T23:30:28+00:00\" \/>\n<meta property=\"og:image\" content=\"https:\/\/www.noticiasradioreflejos.com.ar\/2021\/wp-content\/uploads\/2021\/07\/logosol300x200.png\" \/>\n\t<meta property=\"og:image:width\" content=\"300\" \/>\n\t<meta property=\"og:image:height\" content=\"200\" \/>\n\t<meta property=\"og:image:type\" content=\"image\/png\" \/>\n<meta name=\"author\" content=\"Arnaldo Botto\" \/>\n<meta name=\"twitter:card\" content=\"summary_large_image\" \/>\n<script type=\"application\/ld+json\" class=\"yoast-schema-graph\">{\"@context\":\"https:\/\/schema.org\",\"@graph\":[{\"@type\":\"WebPage\",\"@id\":\"https:\/\/www.noticiasradioreflejos.com.ar\/2021\/reusltados-del-hockey-del-sudoeste\/\",\"url\":\"https:\/\/www.noticiasradioreflejos.com.ar\/2021\/reusltados-del-hockey-del-sudoeste\/\",\"name\":\"Resultados del Hockey del sudoeste - Noticias Radio Reflejos\",\"isPartOf\":{\"@id\":\"https:\/\/www.noticiasradioreflejos.com.ar\/2021\/#website\"},\"primaryImageOfPage\":{\"@id\":\"https:\/\/www.noticiasradioreflejos.com.ar\/2021\/reusltados-del-hockey-del-sudoeste\/#primaryimage\"},\"image\":{\"@id\":\"https:\/\/www.noticiasradioreflejos.com.ar\/2021\/reusltados-del-hockey-del-sudoeste\/#primaryimage\"},\"thumbnailUrl\":\"http:\/\/www.noticiasradioreflejos.com.ar\/noticias\/wp-content\/uploads\/2019\/07\/Tablas-hockey.png\",\"datePublished\":\"2019-07-08T23:30:28+00:00\",\"author\":{\"@id\":\"https:\/\/www.noticiasradioreflejos.com.ar\/2021\/#\/schema\/person\/ad82545263dcc5ec0996818884fd5fb1\"},\"breadcrumb\":{\"@id\":\"https:\/\/www.noticiasradioreflejos.com.ar\/2021\/reusltados-del-hockey-del-sudoeste\/#breadcrumb\"},\"inLanguage\":\"es\",\"potentialAction\":[{\"@type\":\"ReadAction\",\"target\":[\"https:\/\/www.noticiasradioreflejos.com.ar\/2021\/reusltados-del-hockey-del-sudoeste\/\"]}]},{\"@type\":\"ImageObject\",\"inLanguage\":\"es\",\"@id\":\"https:\/\/www.noticiasradioreflejos.com.ar\/2021\/reusltados-del-hockey-del-sudoeste\/#primaryimage\",\"url\":\"http:\/\/www.noticiasradioreflejos.com.ar\/noticias\/wp-content\/uploads\/2019\/07\/Tablas-hockey.png\",\"contentUrl\":\"http:\/\/www.noticiasradioreflejos.com.ar\/noticias\/wp-content\/uploads\/2019\/07\/Tablas-hockey.png\"},{\"@type\":\"BreadcrumbList\",\"@id\":\"https:\/\/www.noticiasradioreflejos.com.ar\/2021\/reusltados-del-hockey-del-sudoeste\/#breadcrumb\",\"itemListElement\":[{\"@type\":\"ListItem\",\"position\":1,\"name\":\"Portada\",\"item\":\"https:\/\/www.noticiasradioreflejos.com.ar\/2021\/\"},{\"@type\":\"ListItem\",\"position\":2,\"name\":\"Resultados del Hockey del sudoeste\"}]},{\"@type\":\"WebSite\",\"@id\":\"https:\/\/www.noticiasradioreflejos.com.ar\/2021\/#website\",\"url\":\"https:\/\/www.noticiasradioreflejos.com.ar\/2021\/\",\"name\":\"Noticias Radio Reflejos\",\"description\":\"Las noticias de mi comarca\",\"potentialAction\":[{\"@type\":\"SearchAction\",\"target\":{\"@type\":\"EntryPoint\",\"urlTemplate\":\"https:\/\/www.noticiasradioreflejos.com.ar\/2021\/?s={search_term_string}\"},\"query-input\":{\"@type\":\"PropertyValueSpecification\",\"valueRequired\":true,\"valueName\":\"search_term_string\"}}],\"inLanguage\":\"es\"},{\"@type\":\"Person\",\"@id\":\"https:\/\/www.noticiasradioreflejos.com.ar\/2021\/#\/schema\/person\/ad82545263dcc5ec0996818884fd5fb1\",\"name\":\"Arnaldo Botto\",\"image\":{\"@type\":\"ImageObject\",\"inLanguage\":\"es\",\"@id\":\"https:\/\/www.noticiasradioreflejos.com.ar\/2021\/#\/schema\/person\/image\/\",\"url\":\"https:\/\/secure.gravatar.com\/avatar\/55cb5e37c1efa326397366e6974cb338056df65cb50e7d64d1cf314e87504837?s=96&d=mm&r=g\",\"contentUrl\":\"https:\/\/secure.gravatar.com\/avatar\/55cb5e37c1efa326397366e6974cb338056df65cb50e7d64d1cf314e87504837?s=96&d=mm&r=g\",\"caption\":\"Arnaldo Botto\"},\"url\":\"https:\/\/www.noticiasradioreflejos.com.ar\/2021\/author\/arnaldo\/\"}]}<\/script>\n<!-- \/ Yoast SEO plugin. -->","yoast_head_json":{"title":"Resultados del Hockey del sudoeste - Noticias Radio Reflejos","robots":{"index":"index","follow":"follow","max-snippet":"max-snippet:-1","max-image-preview":"max-image-preview:large","max-video-preview":"max-video-preview:-1"},"canonical":"https:\/\/www.noticiasradioreflejos.com.ar\/2021\/reusltados-del-hockey-del-sudoeste\/","og_locale":"es_ES","og_type":"article","og_title":"Resultados del Hockey del sudoeste - Noticias Radio Reflejos","og_description":"Atl\u00e9tico Ventana gan\u00f3 5 a 0 a Dep. Sarmiento en Primera divisi\u00f3n. Resultados de los partidos jugados durante este fin de semana de la Federaci\u00f3n de Hockey del Sudoeste Bonaerense. TORNEO ANUAL DE DAMAS","og_url":"https:\/\/www.noticiasradioreflejos.com.ar\/2021\/reusltados-del-hockey-del-sudoeste\/","og_site_name":"Noticias Radio Reflejos","article_published_time":"2019-07-08T23:30:28+00:00","og_image":[{"width":300,"height":200,"url":"https:\/\/www.noticiasradioreflejos.com.ar\/2021\/wp-content\/uploads\/2021\/07\/logosol300x200.png","type":"image\/png"}],"author":"Arnaldo Botto","twitter_card":"summary_large_image","schema":{"@context":"https:\/\/schema.org","@graph":[{"@type":"WebPage","@id":"https:\/\/www.noticiasradioreflejos.com.ar\/2021\/reusltados-del-hockey-del-sudoeste\/","url":"https:\/\/www.noticiasradioreflejos.com.ar\/2021\/reusltados-del-hockey-del-sudoeste\/","name":"Resultados del Hockey del sudoeste - Noticias Radio Reflejos","isPartOf":{"@id":"https:\/\/www.noticiasradioreflejos.com.ar\/2021\/#website"},"primaryImageOfPage":{"@id":"https:\/\/www.noticiasradioreflejos.com.ar\/2021\/reusltados-del-hockey-del-sudoeste\/#primaryimage"},"image":{"@id":"https:\/\/www.noticiasradioreflejos.com.ar\/2021\/reusltados-del-hockey-del-sudoeste\/#primaryimage"},"thumbnailUrl":"http:\/\/www.noticiasradioreflejos.com.ar\/noticias\/wp-content\/uploads\/2019\/07\/Tablas-hockey.png","datePublished":"2019-07-08T23:30:28+00:00","author":{"@id":"https:\/\/www.noticiasradioreflejos.com.ar\/2021\/#\/schema\/person\/ad82545263dcc5ec0996818884fd5fb1"},"breadcrumb":{"@id":"https:\/\/www.noticiasradioreflejos.com.ar\/2021\/reusltados-del-hockey-del-sudoeste\/#breadcrumb"},"inLanguage":"es","potentialAction":[{"@type":"ReadAction","target":["https:\/\/www.noticiasradioreflejos.com.ar\/2021\/reusltados-del-hockey-del-sudoeste\/"]}]},{"@type":"ImageObject","inLanguage":"es","@id":"https:\/\/www.noticiasradioreflejos.com.ar\/2021\/reusltados-del-hockey-del-sudoeste\/#primaryimage","url":"http:\/\/www.noticiasradioreflejos.com.ar\/noticias\/wp-content\/uploads\/2019\/07\/Tablas-hockey.png","contentUrl":"http:\/\/www.noticiasradioreflejos.com.ar\/noticias\/wp-content\/uploads\/2019\/07\/Tablas-hockey.png"},{"@type":"BreadcrumbList","@id":"https:\/\/www.noticiasradioreflejos.com.ar\/2021\/reusltados-del-hockey-del-sudoeste\/#breadcrumb","itemListElement":[{"@type":"ListItem","position":1,"name":"Portada","item":"https:\/\/www.noticiasradioreflejos.com.ar\/2021\/"},{"@type":"ListItem","position":2,"name":"Resultados del Hockey del sudoeste"}]},{"@type":"WebSite","@id":"https:\/\/www.noticiasradioreflejos.com.ar\/2021\/#website","url":"https:\/\/www.noticiasradioreflejos.com.ar\/2021\/","name":"Noticias Radio Reflejos","description":"Las noticias de mi comarca","potentialAction":[{"@type":"SearchAction","target":{"@type":"EntryPoint","urlTemplate":"https:\/\/www.noticiasradioreflejos.com.ar\/2021\/?s={search_term_string}"},"query-input":{"@type":"PropertyValueSpecification","valueRequired":true,"valueName":"search_term_string"}}],"inLanguage":"es"},{"@type":"Person","@id":"https:\/\/www.noticiasradioreflejos.com.ar\/2021\/#\/schema\/person\/ad82545263dcc5ec0996818884fd5fb1","name":"Arnaldo Botto","image":{"@type":"ImageObject","inLanguage":"es","@id":"https:\/\/www.noticiasradioreflejos.com.ar\/2021\/#\/schema\/person\/image\/","url":"https:\/\/secure.gravatar.com\/avatar\/55cb5e37c1efa326397366e6974cb338056df65cb50e7d64d1cf314e87504837?s=96&d=mm&r=g","contentUrl":"https:\/\/secure.gravatar.com\/avatar\/55cb5e37c1efa326397366e6974cb338056df65cb50e7d64d1cf314e87504837?s=96&d=mm&r=g","caption":"Arnaldo Botto"},"url":"https:\/\/www.noticiasradioreflejos.com.ar\/2021\/author\/arnaldo\/"}]}},"_links":{"self":[{"href":"https:\/\/www.noticiasradioreflejos.com.ar\/2021\/wp-json\/wp\/v2\/posts\/32888","targetHints":{"allow":["GET"]}}],"collection":[{"href":"https:\/\/www.noticiasradioreflejos.com.ar\/2021\/wp-json\/wp\/v2\/posts"}],"about":[{"href":"https:\/\/www.noticiasradioreflejos.com.ar\/2021\/wp-json\/wp\/v2\/types\/post"}],"author":[{"embeddable":true,"href":"https:\/\/www.noticiasradioreflejos.com.ar\/2021\/wp-json\/wp\/v2\/users\/3"}],"replies":[{"embeddable":true,"href":"https:\/\/www.noticiasradioreflejos.com.ar\/2021\/wp-json\/wp\/v2\/comments?post=32888"}],"version-history":[{"count":0,"href":"https:\/\/www.noticiasradioreflejos.com.ar\/2021\/wp-json\/wp\/v2\/posts\/32888\/revisions"}],"wp:attachment":[{"href":"https:\/\/www.noticiasradioreflejos.com.ar\/2021\/wp-json\/wp\/v2\/media?parent=32888"}],"wp:term":[{"taxonomy":"category","embeddable":true,"href":"https:\/\/www.noticiasradioreflejos.com.ar\/2021\/wp-json\/wp\/v2\/categories?post=32888"},{"taxonomy":"post_tag","embeddable":true,"href":"https:\/\/www.noticiasradioreflejos.com.ar\/2021\/wp-json\/wp\/v2\/tags?post=32888"}],"curies":[{"name":"wp","href":"https:\/\/api.w.org\/{rel}","templated":true}]}}