{"id":32878,"date":"2019-07-06T20:55:00","date_gmt":"2019-07-06T23:55:00","guid":{"rendered":"http:\/\/www.noticiasradioreflejos.com.ar\/noticias\/?p=32878"},"modified":"2019-07-06T20:55:00","modified_gmt":"2019-07-06T23:55:00","slug":"comunicado-del-parque-provincial-ernesto-tornquist-por-habilitacion-del-sendero-al-hueco-de-la-ventana-y-demas-excursiones","status":"publish","type":"post","link":"https:\/\/www.noticiasradioreflejos.com.ar\/2021\/comunicado-del-parque-provincial-ernesto-tornquist-por-habilitacion-del-sendero-al-hueco-de-la-ventana-y-demas-excursiones\/","title":{"rendered":"Comunicado del parque Provincial Ernesto  Tornquist por habilitaci\u00f3n del sendero al hueco de la Ventana y dem\u00e1s excursiones."},"content":{"rendered":"<p><a href=\"http:\/\/www.noticiasradioreflejos.com.ar\/noticias\/wp-content\/uploads\/2019\/07\/20190704_113034.jpg\"><img loading=\"lazy\" decoding=\"async\" class=\"alignleft size-medium wp-image-32880\" src=\"http:\/\/www.noticiasradioreflejos.com.ar\/noticias\/wp-content\/uploads\/2019\/07\/20190704_113034-169x300.jpg\" alt=\"20190704_113034\" width=\"169\" height=\"300\" \/><\/a>El Parque Provincial Ernesto Tornquist es un \u00c1rea Natural Protegida, dentro del cual se encuentra el Cerro de la Ventana, declarado Monumento Natural por Ley N\u00ba 11.750, cosa que le otorga una categor\u00eda de m\u00e1xima conservaci\u00f3n.<br \/>\nLa habilitaci\u00f3n de los senderos autoguiados y guiados que ofrece el Parque Provincial, depender\u00e1 de las condiciones meteorol\u00f3gicas, mientras los mismos no est\u00e9n transitables, permanecer\u00e1n cerrados por cuestiones de seguridad y conservaci\u00f3n.<!--more--><br \/>\nLas bajas temperaturas que hemos tenido y que a\u00fan contin\u00faan, provocan que cerca de tres cuartas partes del sendero al Cerro de la Ventana se encuentren congeladas. Ello conlleva que resulte imposible de transitar debido al hielo que hay en la ladera que se utiliza como senda hacia el hueco.<br \/>\n\u00bfCon el sendero al Hueco no habilitado qu\u00e9 podemos hacer en el Parque Provincial?<br \/>\nEs importante saber que el Parque cuenta con 12 senderos, entre autoguiados y guiados, de los cuales en este momento, tenemos 10 habilitados. Los mismos se recorren diariamente para evaluar en qu\u00e9 condiciones se encuentran y de esa manera decidir su habilitaci\u00f3n o no. Ac\u00e9rquese a esta Reserva Natural a disfrutar de sus paseos.<br \/>\nAnte cualquier consulta o duda, comunicarse al Parque Provincial Ernesto Tornquist.<br \/>\n*Tel: 291-4910039 de 9hs a 17hs<br \/>\nVideo:\u00a0<a href=\"http:\/\/www.noticiasradioreflejos.com.ar\/noticias\/wp-content\/uploads\/2019\/07\/ventana.mov\">ventana<\/a><br \/>\n&nbsp;<\/p>\n","protected":false},"excerpt":{"rendered":"<p>El Parque Provincial Ernesto Tornquist es un \u00c1rea Natural Protegida, dentro del cual se encuentra el Cerro de la Ventana, declarado Monumento Natural por Ley N\u00ba 11.750, cosa que le otorga una categor\u00eda de m\u00e1xima conservaci\u00f3n. La habilitaci\u00f3n de los senderos autoguiados y guiados que ofrece el Parque Provincial, depender\u00e1 de las condiciones meteorol\u00f3gicas, mientras [&hellip;]<\/p>\n","protected":false},"author":3,"featured_media":0,"comment_status":"closed","ping_status":"open","sticky":false,"template":"","format":"standard","meta":{"footnotes":""},"categories":[33],"tags":[],"class_list":["post-32878","post","type-post","status-publish","format-standard","hentry","category-turismo"],"yoast_head":"<!-- This site is optimized with the Yoast SEO plugin v25.9 - https:\/\/yoast.com\/wordpress\/plugins\/seo\/ -->\n<title>Comunicado del parque Provincial Ernesto Tornquist por habilitaci\u00f3n del sendero al hueco de la Ventana y dem\u00e1s excursiones. - Noticias Radio Reflejos<\/title>\n<meta name=\"robots\" content=\"index, follow, max-snippet:-1, max-image-preview:large, max-video-preview:-1\" \/>\n<link rel=\"canonical\" href=\"https:\/\/www.noticiasradioreflejos.com.ar\/2021\/comunicado-del-parque-provincial-ernesto-tornquist-por-habilitacion-del-sendero-al-hueco-de-la-ventana-y-demas-excursiones\/\" \/>\n<meta property=\"og:locale\" content=\"es_ES\" \/>\n<meta property=\"og:type\" content=\"article\" \/>\n<meta property=\"og:title\" content=\"Comunicado del parque Provincial Ernesto Tornquist por habilitaci\u00f3n del sendero al hueco de la Ventana y dem\u00e1s excursiones. - Noticias Radio Reflejos\" \/>\n<meta property=\"og:description\" content=\"El Parque Provincial Ernesto Tornquist es un \u00c1rea Natural Protegida, dentro del cual se encuentra el Cerro de la Ventana, declarado Monumento Natural por Ley N\u00ba 11.750, cosa que le otorga una categor\u00eda de m\u00e1xima conservaci\u00f3n. La habilitaci\u00f3n de los senderos autoguiados y guiados que ofrece el Parque Provincial, depender\u00e1 de las condiciones meteorol\u00f3gicas, mientras [&hellip;]\" \/>\n<meta property=\"og:url\" content=\"https:\/\/www.noticiasradioreflejos.com.ar\/2021\/comunicado-del-parque-provincial-ernesto-tornquist-por-habilitacion-del-sendero-al-hueco-de-la-ventana-y-demas-excursiones\/\" \/>\n<meta property=\"og:site_name\" content=\"Noticias Radio Reflejos\" \/>\n<meta property=\"article:published_time\" content=\"2019-07-06T23:55:00+00:00\" \/>\n<meta property=\"og:image\" content=\"https:\/\/www.noticiasradioreflejos.com.ar\/2021\/wp-content\/uploads\/2021\/07\/logosol300x200.png\" \/>\n\t<meta property=\"og:image:width\" content=\"300\" \/>\n\t<meta property=\"og:image:height\" content=\"200\" \/>\n\t<meta property=\"og:image:type\" content=\"image\/png\" \/>\n<meta name=\"author\" content=\"Arnaldo Botto\" \/>\n<meta name=\"twitter:card\" content=\"summary_large_image\" \/>\n<script type=\"application\/ld+json\" class=\"yoast-schema-graph\">{\"@context\":\"https:\/\/schema.org\",\"@graph\":[{\"@type\":\"WebPage\",\"@id\":\"https:\/\/www.noticiasradioreflejos.com.ar\/2021\/comunicado-del-parque-provincial-ernesto-tornquist-por-habilitacion-del-sendero-al-hueco-de-la-ventana-y-demas-excursiones\/\",\"url\":\"https:\/\/www.noticiasradioreflejos.com.ar\/2021\/comunicado-del-parque-provincial-ernesto-tornquist-por-habilitacion-del-sendero-al-hueco-de-la-ventana-y-demas-excursiones\/\",\"name\":\"Comunicado del parque Provincial Ernesto Tornquist por habilitaci\u00f3n del sendero al hueco de la Ventana y dem\u00e1s excursiones. - Noticias Radio Reflejos\",\"isPartOf\":{\"@id\":\"https:\/\/www.noticiasradioreflejos.com.ar\/2021\/#website\"},\"primaryImageOfPage\":{\"@id\":\"https:\/\/www.noticiasradioreflejos.com.ar\/2021\/comunicado-del-parque-provincial-ernesto-tornquist-por-habilitacion-del-sendero-al-hueco-de-la-ventana-y-demas-excursiones\/#primaryimage\"},\"image\":{\"@id\":\"https:\/\/www.noticiasradioreflejos.com.ar\/2021\/comunicado-del-parque-provincial-ernesto-tornquist-por-habilitacion-del-sendero-al-hueco-de-la-ventana-y-demas-excursiones\/#primaryimage\"},\"thumbnailUrl\":\"http:\/\/www.noticiasradioreflejos.com.ar\/noticias\/wp-content\/uploads\/2019\/07\/20190704_113034-169x300.jpg\",\"datePublished\":\"2019-07-06T23:55:00+00:00\",\"author\":{\"@id\":\"https:\/\/www.noticiasradioreflejos.com.ar\/2021\/#\/schema\/person\/ad82545263dcc5ec0996818884fd5fb1\"},\"breadcrumb\":{\"@id\":\"https:\/\/www.noticiasradioreflejos.com.ar\/2021\/comunicado-del-parque-provincial-ernesto-tornquist-por-habilitacion-del-sendero-al-hueco-de-la-ventana-y-demas-excursiones\/#breadcrumb\"},\"inLanguage\":\"es\",\"potentialAction\":[{\"@type\":\"ReadAction\",\"target\":[\"https:\/\/www.noticiasradioreflejos.com.ar\/2021\/comunicado-del-parque-provincial-ernesto-tornquist-por-habilitacion-del-sendero-al-hueco-de-la-ventana-y-demas-excursiones\/\"]}]},{\"@type\":\"ImageObject\",\"inLanguage\":\"es\",\"@id\":\"https:\/\/www.noticiasradioreflejos.com.ar\/2021\/comunicado-del-parque-provincial-ernesto-tornquist-por-habilitacion-del-sendero-al-hueco-de-la-ventana-y-demas-excursiones\/#primaryimage\",\"url\":\"http:\/\/www.noticiasradioreflejos.com.ar\/noticias\/wp-content\/uploads\/2019\/07\/20190704_113034-169x300.jpg\",\"contentUrl\":\"http:\/\/www.noticiasradioreflejos.com.ar\/noticias\/wp-content\/uploads\/2019\/07\/20190704_113034-169x300.jpg\"},{\"@type\":\"BreadcrumbList\",\"@id\":\"https:\/\/www.noticiasradioreflejos.com.ar\/2021\/comunicado-del-parque-provincial-ernesto-tornquist-por-habilitacion-del-sendero-al-hueco-de-la-ventana-y-demas-excursiones\/#breadcrumb\",\"itemListElement\":[{\"@type\":\"ListItem\",\"position\":1,\"name\":\"Portada\",\"item\":\"https:\/\/www.noticiasradioreflejos.com.ar\/2021\/\"},{\"@type\":\"ListItem\",\"position\":2,\"name\":\"Comunicado del parque Provincial Ernesto Tornquist por habilitaci\u00f3n del sendero al hueco de la Ventana y dem\u00e1s excursiones.\"}]},{\"@type\":\"WebSite\",\"@id\":\"https:\/\/www.noticiasradioreflejos.com.ar\/2021\/#website\",\"url\":\"https:\/\/www.noticiasradioreflejos.com.ar\/2021\/\",\"name\":\"Noticias Radio Reflejos\",\"description\":\"Las noticias de mi comarca\",\"potentialAction\":[{\"@type\":\"SearchAction\",\"target\":{\"@type\":\"EntryPoint\",\"urlTemplate\":\"https:\/\/www.noticiasradioreflejos.com.ar\/2021\/?s={search_term_string}\"},\"query-input\":{\"@type\":\"PropertyValueSpecification\",\"valueRequired\":true,\"valueName\":\"search_term_string\"}}],\"inLanguage\":\"es\"},{\"@type\":\"Person\",\"@id\":\"https:\/\/www.noticiasradioreflejos.com.ar\/2021\/#\/schema\/person\/ad82545263dcc5ec0996818884fd5fb1\",\"name\":\"Arnaldo Botto\",\"image\":{\"@type\":\"ImageObject\",\"inLanguage\":\"es\",\"@id\":\"https:\/\/www.noticiasradioreflejos.com.ar\/2021\/#\/schema\/person\/image\/\",\"url\":\"https:\/\/secure.gravatar.com\/avatar\/55cb5e37c1efa326397366e6974cb338056df65cb50e7d64d1cf314e87504837?s=96&d=mm&r=g\",\"contentUrl\":\"https:\/\/secure.gravatar.com\/avatar\/55cb5e37c1efa326397366e6974cb338056df65cb50e7d64d1cf314e87504837?s=96&d=mm&r=g\",\"caption\":\"Arnaldo Botto\"},\"url\":\"https:\/\/www.noticiasradioreflejos.com.ar\/2021\/author\/arnaldo\/\"}]}<\/script>\n<!-- \/ Yoast SEO plugin. -->","yoast_head_json":{"title":"Comunicado del parque Provincial Ernesto Tornquist por habilitaci\u00f3n del sendero al hueco de la Ventana y dem\u00e1s excursiones. - Noticias Radio Reflejos","robots":{"index":"index","follow":"follow","max-snippet":"max-snippet:-1","max-image-preview":"max-image-preview:large","max-video-preview":"max-video-preview:-1"},"canonical":"https:\/\/www.noticiasradioreflejos.com.ar\/2021\/comunicado-del-parque-provincial-ernesto-tornquist-por-habilitacion-del-sendero-al-hueco-de-la-ventana-y-demas-excursiones\/","og_locale":"es_ES","og_type":"article","og_title":"Comunicado del parque Provincial Ernesto Tornquist por habilitaci\u00f3n del sendero al hueco de la Ventana y dem\u00e1s excursiones. - Noticias Radio Reflejos","og_description":"El Parque Provincial Ernesto Tornquist es un \u00c1rea Natural Protegida, dentro del cual se encuentra el Cerro de la Ventana, declarado Monumento Natural por Ley N\u00ba 11.750, cosa que le otorga una categor\u00eda de m\u00e1xima conservaci\u00f3n. La habilitaci\u00f3n de los senderos autoguiados y guiados que ofrece el Parque Provincial, depender\u00e1 de las condiciones meteorol\u00f3gicas, mientras [&hellip;]","og_url":"https:\/\/www.noticiasradioreflejos.com.ar\/2021\/comunicado-del-parque-provincial-ernesto-tornquist-por-habilitacion-del-sendero-al-hueco-de-la-ventana-y-demas-excursiones\/","og_site_name":"Noticias Radio Reflejos","article_published_time":"2019-07-06T23:55:00+00:00","og_image":[{"width":300,"height":200,"url":"https:\/\/www.noticiasradioreflejos.com.ar\/2021\/wp-content\/uploads\/2021\/07\/logosol300x200.png","type":"image\/png"}],"author":"Arnaldo Botto","twitter_card":"summary_large_image","schema":{"@context":"https:\/\/schema.org","@graph":[{"@type":"WebPage","@id":"https:\/\/www.noticiasradioreflejos.com.ar\/2021\/comunicado-del-parque-provincial-ernesto-tornquist-por-habilitacion-del-sendero-al-hueco-de-la-ventana-y-demas-excursiones\/","url":"https:\/\/www.noticiasradioreflejos.com.ar\/2021\/comunicado-del-parque-provincial-ernesto-tornquist-por-habilitacion-del-sendero-al-hueco-de-la-ventana-y-demas-excursiones\/","name":"Comunicado del parque Provincial Ernesto Tornquist por habilitaci\u00f3n del sendero al hueco de la Ventana y dem\u00e1s excursiones. - Noticias Radio Reflejos","isPartOf":{"@id":"https:\/\/www.noticiasradioreflejos.com.ar\/2021\/#website"},"primaryImageOfPage":{"@id":"https:\/\/www.noticiasradioreflejos.com.ar\/2021\/comunicado-del-parque-provincial-ernesto-tornquist-por-habilitacion-del-sendero-al-hueco-de-la-ventana-y-demas-excursiones\/#primaryimage"},"image":{"@id":"https:\/\/www.noticiasradioreflejos.com.ar\/2021\/comunicado-del-parque-provincial-ernesto-tornquist-por-habilitacion-del-sendero-al-hueco-de-la-ventana-y-demas-excursiones\/#primaryimage"},"thumbnailUrl":"http:\/\/www.noticiasradioreflejos.com.ar\/noticias\/wp-content\/uploads\/2019\/07\/20190704_113034-169x300.jpg","datePublished":"2019-07-06T23:55:00+00:00","author":{"@id":"https:\/\/www.noticiasradioreflejos.com.ar\/2021\/#\/schema\/person\/ad82545263dcc5ec0996818884fd5fb1"},"breadcrumb":{"@id":"https:\/\/www.noticiasradioreflejos.com.ar\/2021\/comunicado-del-parque-provincial-ernesto-tornquist-por-habilitacion-del-sendero-al-hueco-de-la-ventana-y-demas-excursiones\/#breadcrumb"},"inLanguage":"es","potentialAction":[{"@type":"ReadAction","target":["https:\/\/www.noticiasradioreflejos.com.ar\/2021\/comunicado-del-parque-provincial-ernesto-tornquist-por-habilitacion-del-sendero-al-hueco-de-la-ventana-y-demas-excursiones\/"]}]},{"@type":"ImageObject","inLanguage":"es","@id":"https:\/\/www.noticiasradioreflejos.com.ar\/2021\/comunicado-del-parque-provincial-ernesto-tornquist-por-habilitacion-del-sendero-al-hueco-de-la-ventana-y-demas-excursiones\/#primaryimage","url":"http:\/\/www.noticiasradioreflejos.com.ar\/noticias\/wp-content\/uploads\/2019\/07\/20190704_113034-169x300.jpg","contentUrl":"http:\/\/www.noticiasradioreflejos.com.ar\/noticias\/wp-content\/uploads\/2019\/07\/20190704_113034-169x300.jpg"},{"@type":"BreadcrumbList","@id":"https:\/\/www.noticiasradioreflejos.com.ar\/2021\/comunicado-del-parque-provincial-ernesto-tornquist-por-habilitacion-del-sendero-al-hueco-de-la-ventana-y-demas-excursiones\/#breadcrumb","itemListElement":[{"@type":"ListItem","position":1,"name":"Portada","item":"https:\/\/www.noticiasradioreflejos.com.ar\/2021\/"},{"@type":"ListItem","position":2,"name":"Comunicado del parque Provincial Ernesto Tornquist por habilitaci\u00f3n del sendero al hueco de la Ventana y dem\u00e1s excursiones."}]},{"@type":"WebSite","@id":"https:\/\/www.noticiasradioreflejos.com.ar\/2021\/#website","url":"https:\/\/www.noticiasradioreflejos.com.ar\/2021\/","name":"Noticias Radio Reflejos","description":"Las noticias de mi comarca","potentialAction":[{"@type":"SearchAction","target":{"@type":"EntryPoint","urlTemplate":"https:\/\/www.noticiasradioreflejos.com.ar\/2021\/?s={search_term_string}"},"query-input":{"@type":"PropertyValueSpecification","valueRequired":true,"valueName":"search_term_string"}}],"inLanguage":"es"},{"@type":"Person","@id":"https:\/\/www.noticiasradioreflejos.com.ar\/2021\/#\/schema\/person\/ad82545263dcc5ec0996818884fd5fb1","name":"Arnaldo Botto","image":{"@type":"ImageObject","inLanguage":"es","@id":"https:\/\/www.noticiasradioreflejos.com.ar\/2021\/#\/schema\/person\/image\/","url":"https:\/\/secure.gravatar.com\/avatar\/55cb5e37c1efa326397366e6974cb338056df65cb50e7d64d1cf314e87504837?s=96&d=mm&r=g","contentUrl":"https:\/\/secure.gravatar.com\/avatar\/55cb5e37c1efa326397366e6974cb338056df65cb50e7d64d1cf314e87504837?s=96&d=mm&r=g","caption":"Arnaldo Botto"},"url":"https:\/\/www.noticiasradioreflejos.com.ar\/2021\/author\/arnaldo\/"}]}},"_links":{"self":[{"href":"https:\/\/www.noticiasradioreflejos.com.ar\/2021\/wp-json\/wp\/v2\/posts\/32878","targetHints":{"allow":["GET"]}}],"collection":[{"href":"https:\/\/www.noticiasradioreflejos.com.ar\/2021\/wp-json\/wp\/v2\/posts"}],"about":[{"href":"https:\/\/www.noticiasradioreflejos.com.ar\/2021\/wp-json\/wp\/v2\/types\/post"}],"author":[{"embeddable":true,"href":"https:\/\/www.noticiasradioreflejos.com.ar\/2021\/wp-json\/wp\/v2\/users\/3"}],"replies":[{"embeddable":true,"href":"https:\/\/www.noticiasradioreflejos.com.ar\/2021\/wp-json\/wp\/v2\/comments?post=32878"}],"version-history":[{"count":0,"href":"https:\/\/www.noticiasradioreflejos.com.ar\/2021\/wp-json\/wp\/v2\/posts\/32878\/revisions"}],"wp:attachment":[{"href":"https:\/\/www.noticiasradioreflejos.com.ar\/2021\/wp-json\/wp\/v2\/media?parent=32878"}],"wp:term":[{"taxonomy":"category","embeddable":true,"href":"https:\/\/www.noticiasradioreflejos.com.ar\/2021\/wp-json\/wp\/v2\/categories?post=32878"},{"taxonomy":"post_tag","embeddable":true,"href":"https:\/\/www.noticiasradioreflejos.com.ar\/2021\/wp-json\/wp\/v2\/tags?post=32878"}],"curies":[{"name":"wp","href":"https:\/\/api.w.org\/{rel}","templated":true}]}}