{"id":32873,"date":"2019-07-06T10:36:18","date_gmt":"2019-07-06T13:36:18","guid":{"rendered":"http:\/\/www.noticiasradioreflejos.com.ar\/noticias\/?p=32873"},"modified":"2019-07-06T10:36:18","modified_gmt":"2019-07-06T13:36:18","slug":"el-ascenso-al-cerro-ventana-queda-cerrado-hasta-el-martes","status":"publish","type":"post","link":"https:\/\/www.noticiasradioreflejos.com.ar\/2021\/el-ascenso-al-cerro-ventana-queda-cerrado-hasta-el-martes\/","title":{"rendered":"El ascenso al cerro Ventana queda cerrado hasta el martes."},"content":{"rendered":"<p>La decisi\u00f3n se tom\u00f3 ante la presencia de hielo acumulado en los senderos.<br \/>\nEn la jornada de ayer, las autoridades del Parque Provincial Ernesto Tornquist cerraron hasta el martes pr\u00f3ximo el ascenso al cerro Ventana debido al hielo acumulado en el trayecto.<!--more--><br \/>\nSe trata de un solo sendero que va hasta el hueco, un trekking de seis horas entre ida y vuelta.<br \/>\nLas autoridades destacaron que \u00abayer (por el jueves) cay\u00f3 un poco de aguanieve y hay hielo en algunos de los cerros en las partes m\u00e1s altas\u00bb, y aclararon que \u00abhay otras opciones para que los turistas puedan realizar siempre y cuando no llueva ni haya nieve\u00bb. \u00c9stos son los senderos guiados a Garganta del Diablo, Cinco Desaf\u00edos y el mirador del Casuhati, entre otros.<br \/>\n\u00c9sto en el marco de un fin de semana que, seg\u00fan el \u00e1rea de Turismo de la Comarca, tiene ya un 80% de reservas tanto en Sierra y Villa Ventana, con alta expectativa por la posible ca\u00edda de nieve.<br \/>\n<a href=\"http:\/\/www.noticiasradioreflejos.com.ar\/noticias\/wp-content\/uploads\/2019\/07\/3cbc777so1vnjp7guswf.jpg\"><img loading=\"lazy\" decoding=\"async\" class=\"aligncenter size-full wp-image-32874\" src=\"http:\/\/www.noticiasradioreflejos.com.ar\/noticias\/wp-content\/uploads\/2019\/07\/3cbc777so1vnjp7guswf.jpg\" alt=\"3cbc777so1vnjp7guswf\" width=\"929\" height=\"523\" \/><\/a><\/p>\n","protected":false},"excerpt":{"rendered":"<p>La decisi\u00f3n se tom\u00f3 ante la presencia de hielo acumulado en los senderos. En la jornada de ayer, las autoridades del Parque Provincial Ernesto Tornquist cerraron hasta el martes pr\u00f3ximo el ascenso al cerro Ventana debido al hielo acumulado en el trayecto.<\/p>\n","protected":false},"author":3,"featured_media":0,"comment_status":"closed","ping_status":"open","sticky":false,"template":"","format":"standard","meta":{"footnotes":""},"categories":[33],"tags":[],"class_list":["post-32873","post","type-post","status-publish","format-standard","hentry","category-turismo"],"yoast_head":"<!-- This site is optimized with the Yoast SEO plugin v25.9 - https:\/\/yoast.com\/wordpress\/plugins\/seo\/ -->\n<title>El ascenso al cerro Ventana queda cerrado hasta el martes. - Noticias Radio Reflejos<\/title>\n<meta name=\"robots\" content=\"index, follow, max-snippet:-1, max-image-preview:large, max-video-preview:-1\" \/>\n<link rel=\"canonical\" href=\"https:\/\/www.noticiasradioreflejos.com.ar\/2021\/el-ascenso-al-cerro-ventana-queda-cerrado-hasta-el-martes\/\" \/>\n<meta property=\"og:locale\" content=\"es_ES\" \/>\n<meta property=\"og:type\" content=\"article\" \/>\n<meta property=\"og:title\" content=\"El ascenso al cerro Ventana queda cerrado hasta el martes. - Noticias Radio Reflejos\" \/>\n<meta property=\"og:description\" content=\"La decisi\u00f3n se tom\u00f3 ante la presencia de hielo acumulado en los senderos. En la jornada de ayer, las autoridades del Parque Provincial Ernesto Tornquist cerraron hasta el martes pr\u00f3ximo el ascenso al cerro Ventana debido al hielo acumulado en el trayecto.\" \/>\n<meta property=\"og:url\" content=\"https:\/\/www.noticiasradioreflejos.com.ar\/2021\/el-ascenso-al-cerro-ventana-queda-cerrado-hasta-el-martes\/\" \/>\n<meta property=\"og:site_name\" content=\"Noticias Radio Reflejos\" \/>\n<meta property=\"article:published_time\" content=\"2019-07-06T13:36:18+00:00\" \/>\n<meta property=\"og:image\" content=\"https:\/\/www.noticiasradioreflejos.com.ar\/2021\/wp-content\/uploads\/2021\/07\/logosol300x200.png\" \/>\n\t<meta property=\"og:image:width\" content=\"300\" \/>\n\t<meta property=\"og:image:height\" content=\"200\" \/>\n\t<meta property=\"og:image:type\" content=\"image\/png\" \/>\n<meta name=\"author\" content=\"Arnaldo Botto\" \/>\n<meta name=\"twitter:card\" content=\"summary_large_image\" \/>\n<script type=\"application\/ld+json\" class=\"yoast-schema-graph\">{\"@context\":\"https:\/\/schema.org\",\"@graph\":[{\"@type\":\"WebPage\",\"@id\":\"https:\/\/www.noticiasradioreflejos.com.ar\/2021\/el-ascenso-al-cerro-ventana-queda-cerrado-hasta-el-martes\/\",\"url\":\"https:\/\/www.noticiasradioreflejos.com.ar\/2021\/el-ascenso-al-cerro-ventana-queda-cerrado-hasta-el-martes\/\",\"name\":\"El ascenso al cerro Ventana queda cerrado hasta el martes. - Noticias Radio Reflejos\",\"isPartOf\":{\"@id\":\"https:\/\/www.noticiasradioreflejos.com.ar\/2021\/#website\"},\"primaryImageOfPage\":{\"@id\":\"https:\/\/www.noticiasradioreflejos.com.ar\/2021\/el-ascenso-al-cerro-ventana-queda-cerrado-hasta-el-martes\/#primaryimage\"},\"image\":{\"@id\":\"https:\/\/www.noticiasradioreflejos.com.ar\/2021\/el-ascenso-al-cerro-ventana-queda-cerrado-hasta-el-martes\/#primaryimage\"},\"thumbnailUrl\":\"http:\/\/www.noticiasradioreflejos.com.ar\/noticias\/wp-content\/uploads\/2019\/07\/3cbc777so1vnjp7guswf.jpg\",\"datePublished\":\"2019-07-06T13:36:18+00:00\",\"author\":{\"@id\":\"https:\/\/www.noticiasradioreflejos.com.ar\/2021\/#\/schema\/person\/ad82545263dcc5ec0996818884fd5fb1\"},\"breadcrumb\":{\"@id\":\"https:\/\/www.noticiasradioreflejos.com.ar\/2021\/el-ascenso-al-cerro-ventana-queda-cerrado-hasta-el-martes\/#breadcrumb\"},\"inLanguage\":\"es\",\"potentialAction\":[{\"@type\":\"ReadAction\",\"target\":[\"https:\/\/www.noticiasradioreflejos.com.ar\/2021\/el-ascenso-al-cerro-ventana-queda-cerrado-hasta-el-martes\/\"]}]},{\"@type\":\"ImageObject\",\"inLanguage\":\"es\",\"@id\":\"https:\/\/www.noticiasradioreflejos.com.ar\/2021\/el-ascenso-al-cerro-ventana-queda-cerrado-hasta-el-martes\/#primaryimage\",\"url\":\"http:\/\/www.noticiasradioreflejos.com.ar\/noticias\/wp-content\/uploads\/2019\/07\/3cbc777so1vnjp7guswf.jpg\",\"contentUrl\":\"http:\/\/www.noticiasradioreflejos.com.ar\/noticias\/wp-content\/uploads\/2019\/07\/3cbc777so1vnjp7guswf.jpg\"},{\"@type\":\"BreadcrumbList\",\"@id\":\"https:\/\/www.noticiasradioreflejos.com.ar\/2021\/el-ascenso-al-cerro-ventana-queda-cerrado-hasta-el-martes\/#breadcrumb\",\"itemListElement\":[{\"@type\":\"ListItem\",\"position\":1,\"name\":\"Portada\",\"item\":\"https:\/\/www.noticiasradioreflejos.com.ar\/2021\/\"},{\"@type\":\"ListItem\",\"position\":2,\"name\":\"El ascenso al cerro Ventana queda cerrado hasta el martes.\"}]},{\"@type\":\"WebSite\",\"@id\":\"https:\/\/www.noticiasradioreflejos.com.ar\/2021\/#website\",\"url\":\"https:\/\/www.noticiasradioreflejos.com.ar\/2021\/\",\"name\":\"Noticias Radio Reflejos\",\"description\":\"Las noticias de mi comarca\",\"potentialAction\":[{\"@type\":\"SearchAction\",\"target\":{\"@type\":\"EntryPoint\",\"urlTemplate\":\"https:\/\/www.noticiasradioreflejos.com.ar\/2021\/?s={search_term_string}\"},\"query-input\":{\"@type\":\"PropertyValueSpecification\",\"valueRequired\":true,\"valueName\":\"search_term_string\"}}],\"inLanguage\":\"es\"},{\"@type\":\"Person\",\"@id\":\"https:\/\/www.noticiasradioreflejos.com.ar\/2021\/#\/schema\/person\/ad82545263dcc5ec0996818884fd5fb1\",\"name\":\"Arnaldo Botto\",\"image\":{\"@type\":\"ImageObject\",\"inLanguage\":\"es\",\"@id\":\"https:\/\/www.noticiasradioreflejos.com.ar\/2021\/#\/schema\/person\/image\/\",\"url\":\"https:\/\/secure.gravatar.com\/avatar\/55cb5e37c1efa326397366e6974cb338056df65cb50e7d64d1cf314e87504837?s=96&d=mm&r=g\",\"contentUrl\":\"https:\/\/secure.gravatar.com\/avatar\/55cb5e37c1efa326397366e6974cb338056df65cb50e7d64d1cf314e87504837?s=96&d=mm&r=g\",\"caption\":\"Arnaldo Botto\"},\"url\":\"https:\/\/www.noticiasradioreflejos.com.ar\/2021\/author\/arnaldo\/\"}]}<\/script>\n<!-- \/ Yoast SEO plugin. -->","yoast_head_json":{"title":"El ascenso al cerro Ventana queda cerrado hasta el martes. - Noticias Radio Reflejos","robots":{"index":"index","follow":"follow","max-snippet":"max-snippet:-1","max-image-preview":"max-image-preview:large","max-video-preview":"max-video-preview:-1"},"canonical":"https:\/\/www.noticiasradioreflejos.com.ar\/2021\/el-ascenso-al-cerro-ventana-queda-cerrado-hasta-el-martes\/","og_locale":"es_ES","og_type":"article","og_title":"El ascenso al cerro Ventana queda cerrado hasta el martes. - Noticias Radio Reflejos","og_description":"La decisi\u00f3n se tom\u00f3 ante la presencia de hielo acumulado en los senderos. En la jornada de ayer, las autoridades del Parque Provincial Ernesto Tornquist cerraron hasta el martes pr\u00f3ximo el ascenso al cerro Ventana debido al hielo acumulado en el trayecto.","og_url":"https:\/\/www.noticiasradioreflejos.com.ar\/2021\/el-ascenso-al-cerro-ventana-queda-cerrado-hasta-el-martes\/","og_site_name":"Noticias Radio Reflejos","article_published_time":"2019-07-06T13:36:18+00:00","og_image":[{"width":300,"height":200,"url":"https:\/\/www.noticiasradioreflejos.com.ar\/2021\/wp-content\/uploads\/2021\/07\/logosol300x200.png","type":"image\/png"}],"author":"Arnaldo Botto","twitter_card":"summary_large_image","schema":{"@context":"https:\/\/schema.org","@graph":[{"@type":"WebPage","@id":"https:\/\/www.noticiasradioreflejos.com.ar\/2021\/el-ascenso-al-cerro-ventana-queda-cerrado-hasta-el-martes\/","url":"https:\/\/www.noticiasradioreflejos.com.ar\/2021\/el-ascenso-al-cerro-ventana-queda-cerrado-hasta-el-martes\/","name":"El ascenso al cerro Ventana queda cerrado hasta el martes. - Noticias Radio Reflejos","isPartOf":{"@id":"https:\/\/www.noticiasradioreflejos.com.ar\/2021\/#website"},"primaryImageOfPage":{"@id":"https:\/\/www.noticiasradioreflejos.com.ar\/2021\/el-ascenso-al-cerro-ventana-queda-cerrado-hasta-el-martes\/#primaryimage"},"image":{"@id":"https:\/\/www.noticiasradioreflejos.com.ar\/2021\/el-ascenso-al-cerro-ventana-queda-cerrado-hasta-el-martes\/#primaryimage"},"thumbnailUrl":"http:\/\/www.noticiasradioreflejos.com.ar\/noticias\/wp-content\/uploads\/2019\/07\/3cbc777so1vnjp7guswf.jpg","datePublished":"2019-07-06T13:36:18+00:00","author":{"@id":"https:\/\/www.noticiasradioreflejos.com.ar\/2021\/#\/schema\/person\/ad82545263dcc5ec0996818884fd5fb1"},"breadcrumb":{"@id":"https:\/\/www.noticiasradioreflejos.com.ar\/2021\/el-ascenso-al-cerro-ventana-queda-cerrado-hasta-el-martes\/#breadcrumb"},"inLanguage":"es","potentialAction":[{"@type":"ReadAction","target":["https:\/\/www.noticiasradioreflejos.com.ar\/2021\/el-ascenso-al-cerro-ventana-queda-cerrado-hasta-el-martes\/"]}]},{"@type":"ImageObject","inLanguage":"es","@id":"https:\/\/www.noticiasradioreflejos.com.ar\/2021\/el-ascenso-al-cerro-ventana-queda-cerrado-hasta-el-martes\/#primaryimage","url":"http:\/\/www.noticiasradioreflejos.com.ar\/noticias\/wp-content\/uploads\/2019\/07\/3cbc777so1vnjp7guswf.jpg","contentUrl":"http:\/\/www.noticiasradioreflejos.com.ar\/noticias\/wp-content\/uploads\/2019\/07\/3cbc777so1vnjp7guswf.jpg"},{"@type":"BreadcrumbList","@id":"https:\/\/www.noticiasradioreflejos.com.ar\/2021\/el-ascenso-al-cerro-ventana-queda-cerrado-hasta-el-martes\/#breadcrumb","itemListElement":[{"@type":"ListItem","position":1,"name":"Portada","item":"https:\/\/www.noticiasradioreflejos.com.ar\/2021\/"},{"@type":"ListItem","position":2,"name":"El ascenso al cerro Ventana queda cerrado hasta el martes."}]},{"@type":"WebSite","@id":"https:\/\/www.noticiasradioreflejos.com.ar\/2021\/#website","url":"https:\/\/www.noticiasradioreflejos.com.ar\/2021\/","name":"Noticias Radio Reflejos","description":"Las noticias de mi comarca","potentialAction":[{"@type":"SearchAction","target":{"@type":"EntryPoint","urlTemplate":"https:\/\/www.noticiasradioreflejos.com.ar\/2021\/?s={search_term_string}"},"query-input":{"@type":"PropertyValueSpecification","valueRequired":true,"valueName":"search_term_string"}}],"inLanguage":"es"},{"@type":"Person","@id":"https:\/\/www.noticiasradioreflejos.com.ar\/2021\/#\/schema\/person\/ad82545263dcc5ec0996818884fd5fb1","name":"Arnaldo Botto","image":{"@type":"ImageObject","inLanguage":"es","@id":"https:\/\/www.noticiasradioreflejos.com.ar\/2021\/#\/schema\/person\/image\/","url":"https:\/\/secure.gravatar.com\/avatar\/55cb5e37c1efa326397366e6974cb338056df65cb50e7d64d1cf314e87504837?s=96&d=mm&r=g","contentUrl":"https:\/\/secure.gravatar.com\/avatar\/55cb5e37c1efa326397366e6974cb338056df65cb50e7d64d1cf314e87504837?s=96&d=mm&r=g","caption":"Arnaldo Botto"},"url":"https:\/\/www.noticiasradioreflejos.com.ar\/2021\/author\/arnaldo\/"}]}},"_links":{"self":[{"href":"https:\/\/www.noticiasradioreflejos.com.ar\/2021\/wp-json\/wp\/v2\/posts\/32873","targetHints":{"allow":["GET"]}}],"collection":[{"href":"https:\/\/www.noticiasradioreflejos.com.ar\/2021\/wp-json\/wp\/v2\/posts"}],"about":[{"href":"https:\/\/www.noticiasradioreflejos.com.ar\/2021\/wp-json\/wp\/v2\/types\/post"}],"author":[{"embeddable":true,"href":"https:\/\/www.noticiasradioreflejos.com.ar\/2021\/wp-json\/wp\/v2\/users\/3"}],"replies":[{"embeddable":true,"href":"https:\/\/www.noticiasradioreflejos.com.ar\/2021\/wp-json\/wp\/v2\/comments?post=32873"}],"version-history":[{"count":0,"href":"https:\/\/www.noticiasradioreflejos.com.ar\/2021\/wp-json\/wp\/v2\/posts\/32873\/revisions"}],"wp:attachment":[{"href":"https:\/\/www.noticiasradioreflejos.com.ar\/2021\/wp-json\/wp\/v2\/media?parent=32873"}],"wp:term":[{"taxonomy":"category","embeddable":true,"href":"https:\/\/www.noticiasradioreflejos.com.ar\/2021\/wp-json\/wp\/v2\/categories?post=32873"},{"taxonomy":"post_tag","embeddable":true,"href":"https:\/\/www.noticiasradioreflejos.com.ar\/2021\/wp-json\/wp\/v2\/tags?post=32873"}],"curies":[{"name":"wp","href":"https:\/\/api.w.org\/{rel}","templated":true}]}}