{"id":32867,"date":"2019-07-05T16:33:56","date_gmt":"2019-07-05T19:33:56","guid":{"rendered":"http:\/\/www.noticiasradioreflejos.com.ar\/noticias\/?p=32867"},"modified":"2019-07-05T16:33:56","modified_gmt":"2019-07-05T19:33:56","slug":"nota-de-repudio-por-la-separacion-de-su-cargo-a-una-docente-de-mendoza","status":"publish","type":"post","link":"https:\/\/www.noticiasradioreflejos.com.ar\/2021\/nota-de-repudio-por-la-separacion-de-su-cargo-a-una-docente-de-mendoza\/","title":{"rendered":"Nota de repudio por la  separaci\u00f3n de su cargo a una docente de Mendoza"},"content":{"rendered":"<p>Desde el SUTEBA Tornquist expresamos nuestro en\u00e9rgico repudio al accionar discriminatorio y violento de un grupo de familias de la comunidad educativa de la Escuela Blanco Encalada, en la localidad de Jun\u00edn, Mendoza, que, avalado por representantes de la  Direcci\u00f3n General de Escuelas, cuestion\u00f3 de manera agresiva a la docente Carolina Guti\u00e9rrez por usar lenguaje inclusivo frente a estudiantes. <!--more--><br \/>\nEste grupo el pasado lunes 24 de junio utiliz\u00f3 la intimidaci\u00f3n hacia la docente y hacia representantes del SUTE Mendoza (Sindicato Unido de los Trabajadores de la Educaci\u00f3n) que se hicieron presentes en una reuni\u00f3n con las autoridades para tratar el tema.<br \/>\nLamentamos, a su vez, que la DGE intercediera avalando el accionar de dichas familias, instando al grupo sindical a que abandonara el establecimiento y la reuni\u00f3n, vulnerando de este modo el derecho de la docente a la defensa y acompa\u00f1amiento de parte de su gremio, y dando lugar a un pedido a todas luces ilegal e inconstitucional, como lo es prohibir el uso de cualquier variedad ling\u00fc\u00edstica a una persona. La docente fue objeto de un \u201ctraslado preventivo\u201d, justificado por la DGE para \u201cprotegerla\u201d, pero entendemos que esta medida no ofrece ninguna instancia democr\u00e1tica de resoluci\u00f3n de conflictos y fortalece el accionar del grupo agresor.<br \/>\nAdem\u00e1s, queremos Manifestar, que el uso de cualquier variedad ling\u00fc\u00edstica existente o por existir no est\u00e1 tipificado como falta en el Reglamento General de Instituciones Educativas, mientras que el abuso de poder, la intimidaci\u00f3n, la violencia verbal y el autoritarismo, no s\u00f3lo constituyen faltas en el reglamento, sino que, junto con la discriminaci\u00f3n hacia una persona sustentada en su manera de hablar, y la censura o prohibici\u00f3n del uso de una variedad ling\u00fc\u00edstica, vulneran derechos y garant\u00edas constitucionales tan b\u00e1sicos como lo son la libertad de expresi\u00f3n, la identidad y la no discriminaci\u00f3n, y atentan contra principios fundamentales de la democracia como son el respeto por la diversidad, la inclusi\u00f3n y el ejercicio de la ciudadan\u00eda, largamente expresados y desarrollados tambi\u00e9n, en los objetivos y principios de la Ley Nacional de Educaci\u00f3n y toda la documentaci\u00f3n que de ella emana.<br \/>\nSuteba Tornquist<\/p>\n","protected":false},"excerpt":{"rendered":"<p>Desde el SUTEBA Tornquist expresamos nuestro en\u00e9rgico repudio al accionar discriminatorio y violento de un grupo de familias de la comunidad educativa de la Escuela Blanco Encalada, en la localidad de Jun\u00edn, Mendoza, que, avalado por representantes de la Direcci\u00f3n General de Escuelas, cuestion\u00f3 de manera agresiva a la docente Carolina Guti\u00e9rrez por usar lenguaje [&hellip;]<\/p>\n","protected":false},"author":3,"featured_media":2623,"comment_status":"closed","ping_status":"open","sticky":false,"template":"","format":"standard","meta":{"footnotes":""},"categories":[34],"tags":[],"class_list":["post-32867","post","type-post","status-publish","format-standard","has-post-thumbnail","hentry","category-educacion"],"yoast_head":"<!-- This site is optimized with the Yoast SEO plugin v25.9 - https:\/\/yoast.com\/wordpress\/plugins\/seo\/ -->\n<title>Nota de repudio por la separaci\u00f3n de su cargo a una docente de Mendoza - Noticias Radio Reflejos<\/title>\n<meta name=\"robots\" content=\"index, follow, max-snippet:-1, max-image-preview:large, max-video-preview:-1\" \/>\n<link rel=\"canonical\" href=\"https:\/\/www.noticiasradioreflejos.com.ar\/2021\/nota-de-repudio-por-la-separacion-de-su-cargo-a-una-docente-de-mendoza\/\" \/>\n<meta property=\"og:locale\" content=\"es_ES\" \/>\n<meta property=\"og:type\" content=\"article\" \/>\n<meta property=\"og:title\" content=\"Nota de repudio por la separaci\u00f3n de su cargo a una docente de Mendoza - Noticias Radio Reflejos\" \/>\n<meta property=\"og:description\" content=\"Desde el SUTEBA Tornquist expresamos nuestro en\u00e9rgico repudio al accionar discriminatorio y violento de un grupo de familias de la comunidad educativa de la Escuela Blanco Encalada, en la localidad de Jun\u00edn, Mendoza, que, avalado por representantes de la Direcci\u00f3n General de Escuelas, cuestion\u00f3 de manera agresiva a la docente Carolina Guti\u00e9rrez por usar lenguaje [&hellip;]\" \/>\n<meta property=\"og:url\" content=\"https:\/\/www.noticiasradioreflejos.com.ar\/2021\/nota-de-repudio-por-la-separacion-de-su-cargo-a-una-docente-de-mendoza\/\" \/>\n<meta property=\"og:site_name\" content=\"Noticias Radio Reflejos\" \/>\n<meta property=\"article:published_time\" content=\"2019-07-05T19:33:56+00:00\" \/>\n<meta property=\"og:image\" content=\"https:\/\/www.noticiasradioreflejos.com.ar\/2021\/wp-content\/uploads\/2016\/10\/Suteba-logo-640x360-1.jpg\" \/>\n\t<meta property=\"og:image:width\" content=\"640\" \/>\n\t<meta property=\"og:image:height\" content=\"360\" \/>\n\t<meta property=\"og:image:type\" content=\"image\/jpeg\" \/>\n<meta name=\"author\" content=\"Arnaldo Botto\" \/>\n<meta name=\"twitter:card\" content=\"summary_large_image\" \/>\n<script type=\"application\/ld+json\" class=\"yoast-schema-graph\">{\"@context\":\"https:\/\/schema.org\",\"@graph\":[{\"@type\":\"WebPage\",\"@id\":\"https:\/\/www.noticiasradioreflejos.com.ar\/2021\/nota-de-repudio-por-la-separacion-de-su-cargo-a-una-docente-de-mendoza\/\",\"url\":\"https:\/\/www.noticiasradioreflejos.com.ar\/2021\/nota-de-repudio-por-la-separacion-de-su-cargo-a-una-docente-de-mendoza\/\",\"name\":\"Nota de repudio por la separaci\u00f3n de su cargo a una docente de Mendoza - Noticias Radio Reflejos\",\"isPartOf\":{\"@id\":\"https:\/\/www.noticiasradioreflejos.com.ar\/2021\/#website\"},\"primaryImageOfPage\":{\"@id\":\"https:\/\/www.noticiasradioreflejos.com.ar\/2021\/nota-de-repudio-por-la-separacion-de-su-cargo-a-una-docente-de-mendoza\/#primaryimage\"},\"image\":{\"@id\":\"https:\/\/www.noticiasradioreflejos.com.ar\/2021\/nota-de-repudio-por-la-separacion-de-su-cargo-a-una-docente-de-mendoza\/#primaryimage\"},\"thumbnailUrl\":\"https:\/\/www.noticiasradioreflejos.com.ar\/2021\/wp-content\/uploads\/2016\/10\/Suteba-logo-640x360-1.jpg\",\"datePublished\":\"2019-07-05T19:33:56+00:00\",\"author\":{\"@id\":\"https:\/\/www.noticiasradioreflejos.com.ar\/2021\/#\/schema\/person\/ad82545263dcc5ec0996818884fd5fb1\"},\"breadcrumb\":{\"@id\":\"https:\/\/www.noticiasradioreflejos.com.ar\/2021\/nota-de-repudio-por-la-separacion-de-su-cargo-a-una-docente-de-mendoza\/#breadcrumb\"},\"inLanguage\":\"es\",\"potentialAction\":[{\"@type\":\"ReadAction\",\"target\":[\"https:\/\/www.noticiasradioreflejos.com.ar\/2021\/nota-de-repudio-por-la-separacion-de-su-cargo-a-una-docente-de-mendoza\/\"]}]},{\"@type\":\"ImageObject\",\"inLanguage\":\"es\",\"@id\":\"https:\/\/www.noticiasradioreflejos.com.ar\/2021\/nota-de-repudio-por-la-separacion-de-su-cargo-a-una-docente-de-mendoza\/#primaryimage\",\"url\":\"https:\/\/www.noticiasradioreflejos.com.ar\/2021\/wp-content\/uploads\/2016\/10\/Suteba-logo-640x360-1.jpg\",\"contentUrl\":\"https:\/\/www.noticiasradioreflejos.com.ar\/2021\/wp-content\/uploads\/2016\/10\/Suteba-logo-640x360-1.jpg\",\"width\":640,\"height\":360},{\"@type\":\"BreadcrumbList\",\"@id\":\"https:\/\/www.noticiasradioreflejos.com.ar\/2021\/nota-de-repudio-por-la-separacion-de-su-cargo-a-una-docente-de-mendoza\/#breadcrumb\",\"itemListElement\":[{\"@type\":\"ListItem\",\"position\":1,\"name\":\"Portada\",\"item\":\"https:\/\/www.noticiasradioreflejos.com.ar\/2021\/\"},{\"@type\":\"ListItem\",\"position\":2,\"name\":\"Nota de repudio por la separaci\u00f3n de su cargo a una docente de Mendoza\"}]},{\"@type\":\"WebSite\",\"@id\":\"https:\/\/www.noticiasradioreflejos.com.ar\/2021\/#website\",\"url\":\"https:\/\/www.noticiasradioreflejos.com.ar\/2021\/\",\"name\":\"Noticias Radio Reflejos\",\"description\":\"Las noticias de mi comarca\",\"potentialAction\":[{\"@type\":\"SearchAction\",\"target\":{\"@type\":\"EntryPoint\",\"urlTemplate\":\"https:\/\/www.noticiasradioreflejos.com.ar\/2021\/?s={search_term_string}\"},\"query-input\":{\"@type\":\"PropertyValueSpecification\",\"valueRequired\":true,\"valueName\":\"search_term_string\"}}],\"inLanguage\":\"es\"},{\"@type\":\"Person\",\"@id\":\"https:\/\/www.noticiasradioreflejos.com.ar\/2021\/#\/schema\/person\/ad82545263dcc5ec0996818884fd5fb1\",\"name\":\"Arnaldo Botto\",\"image\":{\"@type\":\"ImageObject\",\"inLanguage\":\"es\",\"@id\":\"https:\/\/www.noticiasradioreflejos.com.ar\/2021\/#\/schema\/person\/image\/\",\"url\":\"https:\/\/secure.gravatar.com\/avatar\/55cb5e37c1efa326397366e6974cb338056df65cb50e7d64d1cf314e87504837?s=96&d=mm&r=g\",\"contentUrl\":\"https:\/\/secure.gravatar.com\/avatar\/55cb5e37c1efa326397366e6974cb338056df65cb50e7d64d1cf314e87504837?s=96&d=mm&r=g\",\"caption\":\"Arnaldo Botto\"},\"url\":\"https:\/\/www.noticiasradioreflejos.com.ar\/2021\/author\/arnaldo\/\"}]}<\/script>\n<!-- \/ Yoast SEO plugin. -->","yoast_head_json":{"title":"Nota de repudio por la separaci\u00f3n de su cargo a una docente de Mendoza - Noticias Radio Reflejos","robots":{"index":"index","follow":"follow","max-snippet":"max-snippet:-1","max-image-preview":"max-image-preview:large","max-video-preview":"max-video-preview:-1"},"canonical":"https:\/\/www.noticiasradioreflejos.com.ar\/2021\/nota-de-repudio-por-la-separacion-de-su-cargo-a-una-docente-de-mendoza\/","og_locale":"es_ES","og_type":"article","og_title":"Nota de repudio por la separaci\u00f3n de su cargo a una docente de Mendoza - Noticias Radio Reflejos","og_description":"Desde el SUTEBA Tornquist expresamos nuestro en\u00e9rgico repudio al accionar discriminatorio y violento de un grupo de familias de la comunidad educativa de la Escuela Blanco Encalada, en la localidad de Jun\u00edn, Mendoza, que, avalado por representantes de la Direcci\u00f3n General de Escuelas, cuestion\u00f3 de manera agresiva a la docente Carolina Guti\u00e9rrez por usar lenguaje [&hellip;]","og_url":"https:\/\/www.noticiasradioreflejos.com.ar\/2021\/nota-de-repudio-por-la-separacion-de-su-cargo-a-una-docente-de-mendoza\/","og_site_name":"Noticias Radio Reflejos","article_published_time":"2019-07-05T19:33:56+00:00","og_image":[{"width":640,"height":360,"url":"https:\/\/www.noticiasradioreflejos.com.ar\/2021\/wp-content\/uploads\/2016\/10\/Suteba-logo-640x360-1.jpg","type":"image\/jpeg"}],"author":"Arnaldo Botto","twitter_card":"summary_large_image","schema":{"@context":"https:\/\/schema.org","@graph":[{"@type":"WebPage","@id":"https:\/\/www.noticiasradioreflejos.com.ar\/2021\/nota-de-repudio-por-la-separacion-de-su-cargo-a-una-docente-de-mendoza\/","url":"https:\/\/www.noticiasradioreflejos.com.ar\/2021\/nota-de-repudio-por-la-separacion-de-su-cargo-a-una-docente-de-mendoza\/","name":"Nota de repudio por la separaci\u00f3n de su cargo a una docente de Mendoza - Noticias Radio Reflejos","isPartOf":{"@id":"https:\/\/www.noticiasradioreflejos.com.ar\/2021\/#website"},"primaryImageOfPage":{"@id":"https:\/\/www.noticiasradioreflejos.com.ar\/2021\/nota-de-repudio-por-la-separacion-de-su-cargo-a-una-docente-de-mendoza\/#primaryimage"},"image":{"@id":"https:\/\/www.noticiasradioreflejos.com.ar\/2021\/nota-de-repudio-por-la-separacion-de-su-cargo-a-una-docente-de-mendoza\/#primaryimage"},"thumbnailUrl":"https:\/\/www.noticiasradioreflejos.com.ar\/2021\/wp-content\/uploads\/2016\/10\/Suteba-logo-640x360-1.jpg","datePublished":"2019-07-05T19:33:56+00:00","author":{"@id":"https:\/\/www.noticiasradioreflejos.com.ar\/2021\/#\/schema\/person\/ad82545263dcc5ec0996818884fd5fb1"},"breadcrumb":{"@id":"https:\/\/www.noticiasradioreflejos.com.ar\/2021\/nota-de-repudio-por-la-separacion-de-su-cargo-a-una-docente-de-mendoza\/#breadcrumb"},"inLanguage":"es","potentialAction":[{"@type":"ReadAction","target":["https:\/\/www.noticiasradioreflejos.com.ar\/2021\/nota-de-repudio-por-la-separacion-de-su-cargo-a-una-docente-de-mendoza\/"]}]},{"@type":"ImageObject","inLanguage":"es","@id":"https:\/\/www.noticiasradioreflejos.com.ar\/2021\/nota-de-repudio-por-la-separacion-de-su-cargo-a-una-docente-de-mendoza\/#primaryimage","url":"https:\/\/www.noticiasradioreflejos.com.ar\/2021\/wp-content\/uploads\/2016\/10\/Suteba-logo-640x360-1.jpg","contentUrl":"https:\/\/www.noticiasradioreflejos.com.ar\/2021\/wp-content\/uploads\/2016\/10\/Suteba-logo-640x360-1.jpg","width":640,"height":360},{"@type":"BreadcrumbList","@id":"https:\/\/www.noticiasradioreflejos.com.ar\/2021\/nota-de-repudio-por-la-separacion-de-su-cargo-a-una-docente-de-mendoza\/#breadcrumb","itemListElement":[{"@type":"ListItem","position":1,"name":"Portada","item":"https:\/\/www.noticiasradioreflejos.com.ar\/2021\/"},{"@type":"ListItem","position":2,"name":"Nota de repudio por la separaci\u00f3n de su cargo a una docente de Mendoza"}]},{"@type":"WebSite","@id":"https:\/\/www.noticiasradioreflejos.com.ar\/2021\/#website","url":"https:\/\/www.noticiasradioreflejos.com.ar\/2021\/","name":"Noticias Radio Reflejos","description":"Las noticias de mi comarca","potentialAction":[{"@type":"SearchAction","target":{"@type":"EntryPoint","urlTemplate":"https:\/\/www.noticiasradioreflejos.com.ar\/2021\/?s={search_term_string}"},"query-input":{"@type":"PropertyValueSpecification","valueRequired":true,"valueName":"search_term_string"}}],"inLanguage":"es"},{"@type":"Person","@id":"https:\/\/www.noticiasradioreflejos.com.ar\/2021\/#\/schema\/person\/ad82545263dcc5ec0996818884fd5fb1","name":"Arnaldo Botto","image":{"@type":"ImageObject","inLanguage":"es","@id":"https:\/\/www.noticiasradioreflejos.com.ar\/2021\/#\/schema\/person\/image\/","url":"https:\/\/secure.gravatar.com\/avatar\/55cb5e37c1efa326397366e6974cb338056df65cb50e7d64d1cf314e87504837?s=96&d=mm&r=g","contentUrl":"https:\/\/secure.gravatar.com\/avatar\/55cb5e37c1efa326397366e6974cb338056df65cb50e7d64d1cf314e87504837?s=96&d=mm&r=g","caption":"Arnaldo Botto"},"url":"https:\/\/www.noticiasradioreflejos.com.ar\/2021\/author\/arnaldo\/"}]}},"_links":{"self":[{"href":"https:\/\/www.noticiasradioreflejos.com.ar\/2021\/wp-json\/wp\/v2\/posts\/32867","targetHints":{"allow":["GET"]}}],"collection":[{"href":"https:\/\/www.noticiasradioreflejos.com.ar\/2021\/wp-json\/wp\/v2\/posts"}],"about":[{"href":"https:\/\/www.noticiasradioreflejos.com.ar\/2021\/wp-json\/wp\/v2\/types\/post"}],"author":[{"embeddable":true,"href":"https:\/\/www.noticiasradioreflejos.com.ar\/2021\/wp-json\/wp\/v2\/users\/3"}],"replies":[{"embeddable":true,"href":"https:\/\/www.noticiasradioreflejos.com.ar\/2021\/wp-json\/wp\/v2\/comments?post=32867"}],"version-history":[{"count":0,"href":"https:\/\/www.noticiasradioreflejos.com.ar\/2021\/wp-json\/wp\/v2\/posts\/32867\/revisions"}],"wp:featuredmedia":[{"embeddable":true,"href":"https:\/\/www.noticiasradioreflejos.com.ar\/2021\/wp-json\/wp\/v2\/media\/2623"}],"wp:attachment":[{"href":"https:\/\/www.noticiasradioreflejos.com.ar\/2021\/wp-json\/wp\/v2\/media?parent=32867"}],"wp:term":[{"taxonomy":"category","embeddable":true,"href":"https:\/\/www.noticiasradioreflejos.com.ar\/2021\/wp-json\/wp\/v2\/categories?post=32867"},{"taxonomy":"post_tag","embeddable":true,"href":"https:\/\/www.noticiasradioreflejos.com.ar\/2021\/wp-json\/wp\/v2\/tags?post=32867"}],"curies":[{"name":"wp","href":"https:\/\/api.w.org\/{rel}","templated":true}]}}