{"id":32862,"date":"2019-07-05T15:27:15","date_gmt":"2019-07-05T18:27:15","guid":{"rendered":"http:\/\/www.noticiasradioreflejos.com.ar\/noticias\/?p=32862"},"modified":"2019-07-05T15:27:15","modified_gmt":"2019-07-05T18:27:15","slug":"atraera-la-nieva-a-mas-turistas-este-fin-de-semana-largo","status":"publish","type":"post","link":"https:\/\/www.noticiasradioreflejos.com.ar\/2021\/atraera-la-nieva-a-mas-turistas-este-fin-de-semana-largo\/","title":{"rendered":"Atraer\u00e1 la nieve a m\u00e1s turistas este fin de semana largo..???"},"content":{"rendered":"<p>La Secretaria de Turismo, Susana Dos Santos, afirm\u00f3 que el promedio de reservas supera el 80% en Sierra y Villa Ventana. Hay gran expectativa por la ca\u00edda de nieve.<!--more--><br \/>\nSe viene el fin de semana largo con cuatro d\u00edas no laborales por el feriado puente del 9 de julio y la expectativa es grande en la comarca serrana, sobre todo por la posible ca\u00edda de nieve en las pr\u00f3ximas horas.<br \/>\nLa Secretaria de Turismo, Susana Dos Santos, afirm\u00f3 en ese sentido que se espera una alta ocupaci\u00f3n en el distrito. \u201cVenimos muy bien para este fin de semana, con muy buena reserva: 83% en Villa Ventana y 80% en Sierra. Vamos a estar unos d\u00edas con mucha actividad\u201d, dijo.<br \/>\n\u201cFue maravillosa la postal del atardecer del con esa peque\u00f1a nevada, incre\u00edble c\u00f3mo se ve\u00edan los cerros, ese paisaje de los cerros nevados, la verdad que es maravilloso\u201d, sostuvo.<br \/>\n\u201cInsistimos en que no necesitas hacerte tantos kil\u00f3metros para disfrutar de un paisaje serrano nevado, es el lugar indicado para elegir como destino\u201d, afirm\u00f3 a nuestro medio la titular de la cartera de turismo.<br \/>\n<em><strong><a href=\"http:\/\/www.noticiastornquist.com.ar\/2019\/07\/05\/se-espera-una-alta-ocupacion-en-la-comarca-durante-el-fin-de-semana\/\" target=\"_blank\" rel=\"noopener\">Audio de la nota<\/a><\/strong><\/em><br \/>\n<a href=\"http:\/\/www.noticiasradioreflejos.com.ar\/noticias\/wp-content\/uploads\/2019\/07\/WhatsApp-Image-2019-07-05-at-14.53.28.jpeg\"><img loading=\"lazy\" decoding=\"async\" class=\"aligncenter size-full wp-image-32864\" src=\"http:\/\/www.noticiasradioreflejos.com.ar\/noticias\/wp-content\/uploads\/2019\/07\/WhatsApp-Image-2019-07-05-at-14.53.28.jpeg\" alt=\"WhatsApp Image 2019-07-05 at 14.53.28\" width=\"1280\" height=\"853\" \/><\/a><a href=\"http:\/\/www.noticiasradioreflejos.com.ar\/noticias\/wp-content\/uploads\/2019\/07\/WhatsApp-Image-2019-07-05-at-14.53.28.jpeg\"><br \/>\n<\/a><\/p>\n","protected":false},"excerpt":{"rendered":"<p>La Secretaria de Turismo, Susana Dos Santos, afirm\u00f3 que el promedio de reservas supera el 80% en Sierra y Villa Ventana. Hay gran expectativa por la ca\u00edda de nieve.<\/p>\n","protected":false},"author":3,"featured_media":0,"comment_status":"closed","ping_status":"open","sticky":false,"template":"","format":"standard","meta":{"footnotes":""},"categories":[33],"tags":[],"class_list":["post-32862","post","type-post","status-publish","format-standard","hentry","category-turismo"],"yoast_head":"<!-- This site is optimized with the Yoast SEO plugin v25.9 - https:\/\/yoast.com\/wordpress\/plugins\/seo\/ -->\n<title>Atraer\u00e1 la nieve a m\u00e1s turistas este fin de semana largo..??? - Noticias Radio Reflejos<\/title>\n<meta name=\"robots\" content=\"index, follow, max-snippet:-1, max-image-preview:large, max-video-preview:-1\" \/>\n<link rel=\"canonical\" href=\"https:\/\/www.noticiasradioreflejos.com.ar\/2021\/atraera-la-nieva-a-mas-turistas-este-fin-de-semana-largo\/\" \/>\n<meta property=\"og:locale\" content=\"es_ES\" \/>\n<meta property=\"og:type\" content=\"article\" \/>\n<meta property=\"og:title\" content=\"Atraer\u00e1 la nieve a m\u00e1s turistas este fin de semana largo..??? - Noticias Radio Reflejos\" \/>\n<meta property=\"og:description\" content=\"La Secretaria de Turismo, Susana Dos Santos, afirm\u00f3 que el promedio de reservas supera el 80% en Sierra y Villa Ventana. Hay gran expectativa por la ca\u00edda de nieve.\" \/>\n<meta property=\"og:url\" content=\"https:\/\/www.noticiasradioreflejos.com.ar\/2021\/atraera-la-nieva-a-mas-turistas-este-fin-de-semana-largo\/\" \/>\n<meta property=\"og:site_name\" content=\"Noticias Radio Reflejos\" \/>\n<meta property=\"article:published_time\" content=\"2019-07-05T18:27:15+00:00\" \/>\n<meta property=\"og:image\" content=\"https:\/\/www.noticiasradioreflejos.com.ar\/2021\/wp-content\/uploads\/2021\/07\/logosol300x200.png\" \/>\n\t<meta property=\"og:image:width\" content=\"300\" \/>\n\t<meta property=\"og:image:height\" content=\"200\" \/>\n\t<meta property=\"og:image:type\" content=\"image\/png\" \/>\n<meta name=\"author\" content=\"Arnaldo Botto\" \/>\n<meta name=\"twitter:card\" content=\"summary_large_image\" \/>\n<script type=\"application\/ld+json\" class=\"yoast-schema-graph\">{\"@context\":\"https:\/\/schema.org\",\"@graph\":[{\"@type\":\"WebPage\",\"@id\":\"https:\/\/www.noticiasradioreflejos.com.ar\/2021\/atraera-la-nieva-a-mas-turistas-este-fin-de-semana-largo\/\",\"url\":\"https:\/\/www.noticiasradioreflejos.com.ar\/2021\/atraera-la-nieva-a-mas-turistas-este-fin-de-semana-largo\/\",\"name\":\"Atraer\u00e1 la nieve a m\u00e1s turistas este fin de semana largo..??? - Noticias Radio Reflejos\",\"isPartOf\":{\"@id\":\"https:\/\/www.noticiasradioreflejos.com.ar\/2021\/#website\"},\"primaryImageOfPage\":{\"@id\":\"https:\/\/www.noticiasradioreflejos.com.ar\/2021\/atraera-la-nieva-a-mas-turistas-este-fin-de-semana-largo\/#primaryimage\"},\"image\":{\"@id\":\"https:\/\/www.noticiasradioreflejos.com.ar\/2021\/atraera-la-nieva-a-mas-turistas-este-fin-de-semana-largo\/#primaryimage\"},\"thumbnailUrl\":\"http:\/\/www.noticiasradioreflejos.com.ar\/noticias\/wp-content\/uploads\/2019\/07\/WhatsApp-Image-2019-07-05-at-14.53.28.jpeg\",\"datePublished\":\"2019-07-05T18:27:15+00:00\",\"author\":{\"@id\":\"https:\/\/www.noticiasradioreflejos.com.ar\/2021\/#\/schema\/person\/ad82545263dcc5ec0996818884fd5fb1\"},\"breadcrumb\":{\"@id\":\"https:\/\/www.noticiasradioreflejos.com.ar\/2021\/atraera-la-nieva-a-mas-turistas-este-fin-de-semana-largo\/#breadcrumb\"},\"inLanguage\":\"es\",\"potentialAction\":[{\"@type\":\"ReadAction\",\"target\":[\"https:\/\/www.noticiasradioreflejos.com.ar\/2021\/atraera-la-nieva-a-mas-turistas-este-fin-de-semana-largo\/\"]}]},{\"@type\":\"ImageObject\",\"inLanguage\":\"es\",\"@id\":\"https:\/\/www.noticiasradioreflejos.com.ar\/2021\/atraera-la-nieva-a-mas-turistas-este-fin-de-semana-largo\/#primaryimage\",\"url\":\"http:\/\/www.noticiasradioreflejos.com.ar\/noticias\/wp-content\/uploads\/2019\/07\/WhatsApp-Image-2019-07-05-at-14.53.28.jpeg\",\"contentUrl\":\"http:\/\/www.noticiasradioreflejos.com.ar\/noticias\/wp-content\/uploads\/2019\/07\/WhatsApp-Image-2019-07-05-at-14.53.28.jpeg\"},{\"@type\":\"BreadcrumbList\",\"@id\":\"https:\/\/www.noticiasradioreflejos.com.ar\/2021\/atraera-la-nieva-a-mas-turistas-este-fin-de-semana-largo\/#breadcrumb\",\"itemListElement\":[{\"@type\":\"ListItem\",\"position\":1,\"name\":\"Portada\",\"item\":\"https:\/\/www.noticiasradioreflejos.com.ar\/2021\/\"},{\"@type\":\"ListItem\",\"position\":2,\"name\":\"Atraer\u00e1 la nieve a m\u00e1s turistas este fin de semana largo..???\"}]},{\"@type\":\"WebSite\",\"@id\":\"https:\/\/www.noticiasradioreflejos.com.ar\/2021\/#website\",\"url\":\"https:\/\/www.noticiasradioreflejos.com.ar\/2021\/\",\"name\":\"Noticias Radio Reflejos\",\"description\":\"Las noticias de mi comarca\",\"potentialAction\":[{\"@type\":\"SearchAction\",\"target\":{\"@type\":\"EntryPoint\",\"urlTemplate\":\"https:\/\/www.noticiasradioreflejos.com.ar\/2021\/?s={search_term_string}\"},\"query-input\":{\"@type\":\"PropertyValueSpecification\",\"valueRequired\":true,\"valueName\":\"search_term_string\"}}],\"inLanguage\":\"es\"},{\"@type\":\"Person\",\"@id\":\"https:\/\/www.noticiasradioreflejos.com.ar\/2021\/#\/schema\/person\/ad82545263dcc5ec0996818884fd5fb1\",\"name\":\"Arnaldo Botto\",\"image\":{\"@type\":\"ImageObject\",\"inLanguage\":\"es\",\"@id\":\"https:\/\/www.noticiasradioreflejos.com.ar\/2021\/#\/schema\/person\/image\/\",\"url\":\"https:\/\/secure.gravatar.com\/avatar\/55cb5e37c1efa326397366e6974cb338056df65cb50e7d64d1cf314e87504837?s=96&d=mm&r=g\",\"contentUrl\":\"https:\/\/secure.gravatar.com\/avatar\/55cb5e37c1efa326397366e6974cb338056df65cb50e7d64d1cf314e87504837?s=96&d=mm&r=g\",\"caption\":\"Arnaldo Botto\"},\"url\":\"https:\/\/www.noticiasradioreflejos.com.ar\/2021\/author\/arnaldo\/\"}]}<\/script>\n<!-- \/ Yoast SEO plugin. -->","yoast_head_json":{"title":"Atraer\u00e1 la nieve a m\u00e1s turistas este fin de semana largo..??? - Noticias Radio Reflejos","robots":{"index":"index","follow":"follow","max-snippet":"max-snippet:-1","max-image-preview":"max-image-preview:large","max-video-preview":"max-video-preview:-1"},"canonical":"https:\/\/www.noticiasradioreflejos.com.ar\/2021\/atraera-la-nieva-a-mas-turistas-este-fin-de-semana-largo\/","og_locale":"es_ES","og_type":"article","og_title":"Atraer\u00e1 la nieve a m\u00e1s turistas este fin de semana largo..??? - Noticias Radio Reflejos","og_description":"La Secretaria de Turismo, Susana Dos Santos, afirm\u00f3 que el promedio de reservas supera el 80% en Sierra y Villa Ventana. Hay gran expectativa por la ca\u00edda de nieve.","og_url":"https:\/\/www.noticiasradioreflejos.com.ar\/2021\/atraera-la-nieva-a-mas-turistas-este-fin-de-semana-largo\/","og_site_name":"Noticias Radio Reflejos","article_published_time":"2019-07-05T18:27:15+00:00","og_image":[{"width":300,"height":200,"url":"https:\/\/www.noticiasradioreflejos.com.ar\/2021\/wp-content\/uploads\/2021\/07\/logosol300x200.png","type":"image\/png"}],"author":"Arnaldo Botto","twitter_card":"summary_large_image","schema":{"@context":"https:\/\/schema.org","@graph":[{"@type":"WebPage","@id":"https:\/\/www.noticiasradioreflejos.com.ar\/2021\/atraera-la-nieva-a-mas-turistas-este-fin-de-semana-largo\/","url":"https:\/\/www.noticiasradioreflejos.com.ar\/2021\/atraera-la-nieva-a-mas-turistas-este-fin-de-semana-largo\/","name":"Atraer\u00e1 la nieve a m\u00e1s turistas este fin de semana largo..??? - Noticias Radio Reflejos","isPartOf":{"@id":"https:\/\/www.noticiasradioreflejos.com.ar\/2021\/#website"},"primaryImageOfPage":{"@id":"https:\/\/www.noticiasradioreflejos.com.ar\/2021\/atraera-la-nieva-a-mas-turistas-este-fin-de-semana-largo\/#primaryimage"},"image":{"@id":"https:\/\/www.noticiasradioreflejos.com.ar\/2021\/atraera-la-nieva-a-mas-turistas-este-fin-de-semana-largo\/#primaryimage"},"thumbnailUrl":"http:\/\/www.noticiasradioreflejos.com.ar\/noticias\/wp-content\/uploads\/2019\/07\/WhatsApp-Image-2019-07-05-at-14.53.28.jpeg","datePublished":"2019-07-05T18:27:15+00:00","author":{"@id":"https:\/\/www.noticiasradioreflejos.com.ar\/2021\/#\/schema\/person\/ad82545263dcc5ec0996818884fd5fb1"},"breadcrumb":{"@id":"https:\/\/www.noticiasradioreflejos.com.ar\/2021\/atraera-la-nieva-a-mas-turistas-este-fin-de-semana-largo\/#breadcrumb"},"inLanguage":"es","potentialAction":[{"@type":"ReadAction","target":["https:\/\/www.noticiasradioreflejos.com.ar\/2021\/atraera-la-nieva-a-mas-turistas-este-fin-de-semana-largo\/"]}]},{"@type":"ImageObject","inLanguage":"es","@id":"https:\/\/www.noticiasradioreflejos.com.ar\/2021\/atraera-la-nieva-a-mas-turistas-este-fin-de-semana-largo\/#primaryimage","url":"http:\/\/www.noticiasradioreflejos.com.ar\/noticias\/wp-content\/uploads\/2019\/07\/WhatsApp-Image-2019-07-05-at-14.53.28.jpeg","contentUrl":"http:\/\/www.noticiasradioreflejos.com.ar\/noticias\/wp-content\/uploads\/2019\/07\/WhatsApp-Image-2019-07-05-at-14.53.28.jpeg"},{"@type":"BreadcrumbList","@id":"https:\/\/www.noticiasradioreflejos.com.ar\/2021\/atraera-la-nieva-a-mas-turistas-este-fin-de-semana-largo\/#breadcrumb","itemListElement":[{"@type":"ListItem","position":1,"name":"Portada","item":"https:\/\/www.noticiasradioreflejos.com.ar\/2021\/"},{"@type":"ListItem","position":2,"name":"Atraer\u00e1 la nieve a m\u00e1s turistas este fin de semana largo..???"}]},{"@type":"WebSite","@id":"https:\/\/www.noticiasradioreflejos.com.ar\/2021\/#website","url":"https:\/\/www.noticiasradioreflejos.com.ar\/2021\/","name":"Noticias Radio Reflejos","description":"Las noticias de mi comarca","potentialAction":[{"@type":"SearchAction","target":{"@type":"EntryPoint","urlTemplate":"https:\/\/www.noticiasradioreflejos.com.ar\/2021\/?s={search_term_string}"},"query-input":{"@type":"PropertyValueSpecification","valueRequired":true,"valueName":"search_term_string"}}],"inLanguage":"es"},{"@type":"Person","@id":"https:\/\/www.noticiasradioreflejos.com.ar\/2021\/#\/schema\/person\/ad82545263dcc5ec0996818884fd5fb1","name":"Arnaldo Botto","image":{"@type":"ImageObject","inLanguage":"es","@id":"https:\/\/www.noticiasradioreflejos.com.ar\/2021\/#\/schema\/person\/image\/","url":"https:\/\/secure.gravatar.com\/avatar\/55cb5e37c1efa326397366e6974cb338056df65cb50e7d64d1cf314e87504837?s=96&d=mm&r=g","contentUrl":"https:\/\/secure.gravatar.com\/avatar\/55cb5e37c1efa326397366e6974cb338056df65cb50e7d64d1cf314e87504837?s=96&d=mm&r=g","caption":"Arnaldo Botto"},"url":"https:\/\/www.noticiasradioreflejos.com.ar\/2021\/author\/arnaldo\/"}]}},"_links":{"self":[{"href":"https:\/\/www.noticiasradioreflejos.com.ar\/2021\/wp-json\/wp\/v2\/posts\/32862","targetHints":{"allow":["GET"]}}],"collection":[{"href":"https:\/\/www.noticiasradioreflejos.com.ar\/2021\/wp-json\/wp\/v2\/posts"}],"about":[{"href":"https:\/\/www.noticiasradioreflejos.com.ar\/2021\/wp-json\/wp\/v2\/types\/post"}],"author":[{"embeddable":true,"href":"https:\/\/www.noticiasradioreflejos.com.ar\/2021\/wp-json\/wp\/v2\/users\/3"}],"replies":[{"embeddable":true,"href":"https:\/\/www.noticiasradioreflejos.com.ar\/2021\/wp-json\/wp\/v2\/comments?post=32862"}],"version-history":[{"count":0,"href":"https:\/\/www.noticiasradioreflejos.com.ar\/2021\/wp-json\/wp\/v2\/posts\/32862\/revisions"}],"wp:attachment":[{"href":"https:\/\/www.noticiasradioreflejos.com.ar\/2021\/wp-json\/wp\/v2\/media?parent=32862"}],"wp:term":[{"taxonomy":"category","embeddable":true,"href":"https:\/\/www.noticiasradioreflejos.com.ar\/2021\/wp-json\/wp\/v2\/categories?post=32862"},{"taxonomy":"post_tag","embeddable":true,"href":"https:\/\/www.noticiasradioreflejos.com.ar\/2021\/wp-json\/wp\/v2\/tags?post=32862"}],"curies":[{"name":"wp","href":"https:\/\/api.w.org\/{rel}","templated":true}]}}