{"id":32684,"date":"2019-07-02T11:13:49","date_gmt":"2019-07-02T14:13:49","guid":{"rendered":"http:\/\/www.noticiasradioreflejos.com.ar\/noticias\/?p=32684"},"modified":"2019-07-02T11:13:49","modified_gmt":"2019-07-02T14:13:49","slug":"alumnos-de-escuela-secundaria-no-5-de-villa-ventana-visitaron-el-hcd","status":"publish","type":"post","link":"https:\/\/www.noticiasradioreflejos.com.ar\/2021\/alumnos-de-escuela-secundaria-no-5-de-villa-ventana-visitaron-el-hcd\/","title":{"rendered":"Alumnos de Escuela Secundaria N\u00ba 5 de Villa Ventana visitaron el HCD"},"content":{"rendered":"<p>El d\u00eda lunes 1 de julio el Honorable Concejo Deliberante recibi\u00f3 la visita de alumnos de 4\u00ba, 5\u00ba y 6\u00ba a\u00f1o de la Escuela Secundaria N\u00ba 5 de Villa Ventana, acompa\u00f1ados por la docente Lourdes Z\u00e1rate, y el Preceptor Fernando Caffieri. <!--more--><br \/>\nFueron atendidos por representantes de los distintos Bloques del Cuerpo Deliberativo, entre los que se encontraban el Presidente del Concejo Gustavo Moroncini, y los Concejales  Cristian Raising del  Bloque Cambiemos, y Laura Rosatelli del Bloque Frente Justicialista Cumplir. Adem\u00e1s se cont\u00f3 con la presencia del  Secretario Legislativo Germ\u00e1n de Larena.<br \/>\nLos Ediles junto con el Secretario y el personal administrativo mantuvieron una charla con los  presentes y los interiorizaron sobre el  funcionamiento del Concejo Deliberante, y la labor que debe desarrollar el  concejal como representante de los vecinos del distrito, respondiendo adem\u00e1s las inquietudes planteadas por los alumnos.<\/p>\n","protected":false},"excerpt":{"rendered":"<p>El d\u00eda lunes 1 de julio el Honorable Concejo Deliberante recibi\u00f3 la visita de alumnos de 4\u00ba, 5\u00ba y 6\u00ba a\u00f1o de la Escuela Secundaria N\u00ba 5 de Villa Ventana, acompa\u00f1ados por la docente Lourdes Z\u00e1rate, y el Preceptor Fernando Caffieri.<\/p>\n","protected":false},"author":3,"featured_media":0,"comment_status":"closed","ping_status":"open","sticky":false,"template":"","format":"standard","meta":{"footnotes":""},"categories":[34],"tags":[],"class_list":["post-32684","post","type-post","status-publish","format-standard","hentry","category-educacion"],"yoast_head":"<!-- This site is optimized with the Yoast SEO plugin v25.9 - https:\/\/yoast.com\/wordpress\/plugins\/seo\/ -->\n<title>Alumnos de Escuela Secundaria N\u00ba 5 de Villa Ventana visitaron el HCD - Noticias Radio Reflejos<\/title>\n<meta name=\"robots\" content=\"index, follow, max-snippet:-1, max-image-preview:large, max-video-preview:-1\" \/>\n<link rel=\"canonical\" href=\"https:\/\/www.noticiasradioreflejos.com.ar\/2021\/alumnos-de-escuela-secundaria-no-5-de-villa-ventana-visitaron-el-hcd\/\" \/>\n<meta property=\"og:locale\" content=\"es_ES\" \/>\n<meta property=\"og:type\" content=\"article\" \/>\n<meta property=\"og:title\" content=\"Alumnos de Escuela Secundaria N\u00ba 5 de Villa Ventana visitaron el HCD - Noticias Radio Reflejos\" \/>\n<meta property=\"og:description\" content=\"El d\u00eda lunes 1 de julio el Honorable Concejo Deliberante recibi\u00f3 la visita de alumnos de 4\u00ba, 5\u00ba y 6\u00ba a\u00f1o de la Escuela Secundaria N\u00ba 5 de Villa Ventana, acompa\u00f1ados por la docente Lourdes Z\u00e1rate, y el Preceptor Fernando Caffieri.\" \/>\n<meta property=\"og:url\" content=\"https:\/\/www.noticiasradioreflejos.com.ar\/2021\/alumnos-de-escuela-secundaria-no-5-de-villa-ventana-visitaron-el-hcd\/\" \/>\n<meta property=\"og:site_name\" content=\"Noticias Radio Reflejos\" \/>\n<meta property=\"article:published_time\" content=\"2019-07-02T14:13:49+00:00\" \/>\n<meta property=\"og:image\" content=\"https:\/\/www.noticiasradioreflejos.com.ar\/2021\/wp-content\/uploads\/2021\/07\/logosol300x200.png\" \/>\n\t<meta property=\"og:image:width\" content=\"300\" \/>\n\t<meta property=\"og:image:height\" content=\"200\" \/>\n\t<meta property=\"og:image:type\" content=\"image\/png\" \/>\n<meta name=\"author\" content=\"Arnaldo Botto\" \/>\n<meta name=\"twitter:card\" content=\"summary_large_image\" \/>\n<script type=\"application\/ld+json\" class=\"yoast-schema-graph\">{\"@context\":\"https:\/\/schema.org\",\"@graph\":[{\"@type\":\"WebPage\",\"@id\":\"https:\/\/www.noticiasradioreflejos.com.ar\/2021\/alumnos-de-escuela-secundaria-no-5-de-villa-ventana-visitaron-el-hcd\/\",\"url\":\"https:\/\/www.noticiasradioreflejos.com.ar\/2021\/alumnos-de-escuela-secundaria-no-5-de-villa-ventana-visitaron-el-hcd\/\",\"name\":\"Alumnos de Escuela Secundaria N\u00ba 5 de Villa Ventana visitaron el HCD - Noticias Radio Reflejos\",\"isPartOf\":{\"@id\":\"https:\/\/www.noticiasradioreflejos.com.ar\/2021\/#website\"},\"datePublished\":\"2019-07-02T14:13:49+00:00\",\"author\":{\"@id\":\"https:\/\/www.noticiasradioreflejos.com.ar\/2021\/#\/schema\/person\/ad82545263dcc5ec0996818884fd5fb1\"},\"breadcrumb\":{\"@id\":\"https:\/\/www.noticiasradioreflejos.com.ar\/2021\/alumnos-de-escuela-secundaria-no-5-de-villa-ventana-visitaron-el-hcd\/#breadcrumb\"},\"inLanguage\":\"es\",\"potentialAction\":[{\"@type\":\"ReadAction\",\"target\":[\"https:\/\/www.noticiasradioreflejos.com.ar\/2021\/alumnos-de-escuela-secundaria-no-5-de-villa-ventana-visitaron-el-hcd\/\"]}]},{\"@type\":\"BreadcrumbList\",\"@id\":\"https:\/\/www.noticiasradioreflejos.com.ar\/2021\/alumnos-de-escuela-secundaria-no-5-de-villa-ventana-visitaron-el-hcd\/#breadcrumb\",\"itemListElement\":[{\"@type\":\"ListItem\",\"position\":1,\"name\":\"Portada\",\"item\":\"https:\/\/www.noticiasradioreflejos.com.ar\/2021\/\"},{\"@type\":\"ListItem\",\"position\":2,\"name\":\"Alumnos de Escuela Secundaria N\u00ba 5 de Villa Ventana visitaron el HCD\"}]},{\"@type\":\"WebSite\",\"@id\":\"https:\/\/www.noticiasradioreflejos.com.ar\/2021\/#website\",\"url\":\"https:\/\/www.noticiasradioreflejos.com.ar\/2021\/\",\"name\":\"Noticias Radio Reflejos\",\"description\":\"Las noticias de mi comarca\",\"potentialAction\":[{\"@type\":\"SearchAction\",\"target\":{\"@type\":\"EntryPoint\",\"urlTemplate\":\"https:\/\/www.noticiasradioreflejos.com.ar\/2021\/?s={search_term_string}\"},\"query-input\":{\"@type\":\"PropertyValueSpecification\",\"valueRequired\":true,\"valueName\":\"search_term_string\"}}],\"inLanguage\":\"es\"},{\"@type\":\"Person\",\"@id\":\"https:\/\/www.noticiasradioreflejos.com.ar\/2021\/#\/schema\/person\/ad82545263dcc5ec0996818884fd5fb1\",\"name\":\"Arnaldo Botto\",\"image\":{\"@type\":\"ImageObject\",\"inLanguage\":\"es\",\"@id\":\"https:\/\/www.noticiasradioreflejos.com.ar\/2021\/#\/schema\/person\/image\/\",\"url\":\"https:\/\/secure.gravatar.com\/avatar\/55cb5e37c1efa326397366e6974cb338056df65cb50e7d64d1cf314e87504837?s=96&d=mm&r=g\",\"contentUrl\":\"https:\/\/secure.gravatar.com\/avatar\/55cb5e37c1efa326397366e6974cb338056df65cb50e7d64d1cf314e87504837?s=96&d=mm&r=g\",\"caption\":\"Arnaldo Botto\"},\"url\":\"https:\/\/www.noticiasradioreflejos.com.ar\/2021\/author\/arnaldo\/\"}]}<\/script>\n<!-- \/ Yoast SEO plugin. -->","yoast_head_json":{"title":"Alumnos de Escuela Secundaria N\u00ba 5 de Villa Ventana visitaron el HCD - Noticias Radio Reflejos","robots":{"index":"index","follow":"follow","max-snippet":"max-snippet:-1","max-image-preview":"max-image-preview:large","max-video-preview":"max-video-preview:-1"},"canonical":"https:\/\/www.noticiasradioreflejos.com.ar\/2021\/alumnos-de-escuela-secundaria-no-5-de-villa-ventana-visitaron-el-hcd\/","og_locale":"es_ES","og_type":"article","og_title":"Alumnos de Escuela Secundaria N\u00ba 5 de Villa Ventana visitaron el HCD - Noticias Radio Reflejos","og_description":"El d\u00eda lunes 1 de julio el Honorable Concejo Deliberante recibi\u00f3 la visita de alumnos de 4\u00ba, 5\u00ba y 6\u00ba a\u00f1o de la Escuela Secundaria N\u00ba 5 de Villa Ventana, acompa\u00f1ados por la docente Lourdes Z\u00e1rate, y el Preceptor Fernando Caffieri.","og_url":"https:\/\/www.noticiasradioreflejos.com.ar\/2021\/alumnos-de-escuela-secundaria-no-5-de-villa-ventana-visitaron-el-hcd\/","og_site_name":"Noticias Radio Reflejos","article_published_time":"2019-07-02T14:13:49+00:00","og_image":[{"width":300,"height":200,"url":"https:\/\/www.noticiasradioreflejos.com.ar\/2021\/wp-content\/uploads\/2021\/07\/logosol300x200.png","type":"image\/png"}],"author":"Arnaldo Botto","twitter_card":"summary_large_image","schema":{"@context":"https:\/\/schema.org","@graph":[{"@type":"WebPage","@id":"https:\/\/www.noticiasradioreflejos.com.ar\/2021\/alumnos-de-escuela-secundaria-no-5-de-villa-ventana-visitaron-el-hcd\/","url":"https:\/\/www.noticiasradioreflejos.com.ar\/2021\/alumnos-de-escuela-secundaria-no-5-de-villa-ventana-visitaron-el-hcd\/","name":"Alumnos de Escuela Secundaria N\u00ba 5 de Villa Ventana visitaron el HCD - Noticias Radio Reflejos","isPartOf":{"@id":"https:\/\/www.noticiasradioreflejos.com.ar\/2021\/#website"},"datePublished":"2019-07-02T14:13:49+00:00","author":{"@id":"https:\/\/www.noticiasradioreflejos.com.ar\/2021\/#\/schema\/person\/ad82545263dcc5ec0996818884fd5fb1"},"breadcrumb":{"@id":"https:\/\/www.noticiasradioreflejos.com.ar\/2021\/alumnos-de-escuela-secundaria-no-5-de-villa-ventana-visitaron-el-hcd\/#breadcrumb"},"inLanguage":"es","potentialAction":[{"@type":"ReadAction","target":["https:\/\/www.noticiasradioreflejos.com.ar\/2021\/alumnos-de-escuela-secundaria-no-5-de-villa-ventana-visitaron-el-hcd\/"]}]},{"@type":"BreadcrumbList","@id":"https:\/\/www.noticiasradioreflejos.com.ar\/2021\/alumnos-de-escuela-secundaria-no-5-de-villa-ventana-visitaron-el-hcd\/#breadcrumb","itemListElement":[{"@type":"ListItem","position":1,"name":"Portada","item":"https:\/\/www.noticiasradioreflejos.com.ar\/2021\/"},{"@type":"ListItem","position":2,"name":"Alumnos de Escuela Secundaria N\u00ba 5 de Villa Ventana visitaron el HCD"}]},{"@type":"WebSite","@id":"https:\/\/www.noticiasradioreflejos.com.ar\/2021\/#website","url":"https:\/\/www.noticiasradioreflejos.com.ar\/2021\/","name":"Noticias Radio Reflejos","description":"Las noticias de mi comarca","potentialAction":[{"@type":"SearchAction","target":{"@type":"EntryPoint","urlTemplate":"https:\/\/www.noticiasradioreflejos.com.ar\/2021\/?s={search_term_string}"},"query-input":{"@type":"PropertyValueSpecification","valueRequired":true,"valueName":"search_term_string"}}],"inLanguage":"es"},{"@type":"Person","@id":"https:\/\/www.noticiasradioreflejos.com.ar\/2021\/#\/schema\/person\/ad82545263dcc5ec0996818884fd5fb1","name":"Arnaldo Botto","image":{"@type":"ImageObject","inLanguage":"es","@id":"https:\/\/www.noticiasradioreflejos.com.ar\/2021\/#\/schema\/person\/image\/","url":"https:\/\/secure.gravatar.com\/avatar\/55cb5e37c1efa326397366e6974cb338056df65cb50e7d64d1cf314e87504837?s=96&d=mm&r=g","contentUrl":"https:\/\/secure.gravatar.com\/avatar\/55cb5e37c1efa326397366e6974cb338056df65cb50e7d64d1cf314e87504837?s=96&d=mm&r=g","caption":"Arnaldo Botto"},"url":"https:\/\/www.noticiasradioreflejos.com.ar\/2021\/author\/arnaldo\/"}]}},"_links":{"self":[{"href":"https:\/\/www.noticiasradioreflejos.com.ar\/2021\/wp-json\/wp\/v2\/posts\/32684","targetHints":{"allow":["GET"]}}],"collection":[{"href":"https:\/\/www.noticiasradioreflejos.com.ar\/2021\/wp-json\/wp\/v2\/posts"}],"about":[{"href":"https:\/\/www.noticiasradioreflejos.com.ar\/2021\/wp-json\/wp\/v2\/types\/post"}],"author":[{"embeddable":true,"href":"https:\/\/www.noticiasradioreflejos.com.ar\/2021\/wp-json\/wp\/v2\/users\/3"}],"replies":[{"embeddable":true,"href":"https:\/\/www.noticiasradioreflejos.com.ar\/2021\/wp-json\/wp\/v2\/comments?post=32684"}],"version-history":[{"count":0,"href":"https:\/\/www.noticiasradioreflejos.com.ar\/2021\/wp-json\/wp\/v2\/posts\/32684\/revisions"}],"wp:attachment":[{"href":"https:\/\/www.noticiasradioreflejos.com.ar\/2021\/wp-json\/wp\/v2\/media?parent=32684"}],"wp:term":[{"taxonomy":"category","embeddable":true,"href":"https:\/\/www.noticiasradioreflejos.com.ar\/2021\/wp-json\/wp\/v2\/categories?post=32684"},{"taxonomy":"post_tag","embeddable":true,"href":"https:\/\/www.noticiasradioreflejos.com.ar\/2021\/wp-json\/wp\/v2\/tags?post=32684"}],"curies":[{"name":"wp","href":"https:\/\/api.w.org\/{rel}","templated":true}]}}