{"id":32680,"date":"2019-07-02T10:06:16","date_gmt":"2019-07-02T13:06:16","guid":{"rendered":"http:\/\/www.noticiasradioreflejos.com.ar\/noticias\/?p=32680"},"modified":"2019-07-02T10:06:16","modified_gmt":"2019-07-02T13:06:16","slug":"sesiona-hoy-el-concejo-deliberante-de-tornquist-12","status":"publish","type":"post","link":"https:\/\/www.noticiasradioreflejos.com.ar\/2021\/sesiona-hoy-el-concejo-deliberante-de-tornquist-12\/","title":{"rendered":"Sesiona hoy el Concejo Deliberante de Tornquist"},"content":{"rendered":"<p>A partir de las 20 hs en el recinto del palacio municipal, tratar\u00e1n el siguiente Orden del D\u00eda<!--more--><br \/>\n1.- Aprobaci\u00f3n de las Actas N\u00ba 1094\/19 y 1095\/19.<br \/>\n2.- Comunicaciones Oficiales: &#8211;<br \/>\n#Expte. N\u00ba 117\/19: &#8211; D.E. \u2013 Condonaci\u00f3n de intereses en la cuota 1 y 2 de la Tasa por Inspecci\u00f3n Seguridad e Higiene por el presente ejercicio.-<br \/>\n#Expte. N\u00ba 120\/19: &#8211; D.E. \u2013 Convalida la firma del Convenio para el Desarrollo de Centros Comerciales a cielo abierto en la ciudad de Sierra de la Ventana celebrado e\/CAME, Federaci\u00f3n Econ\u00f3mica de la Pcia. de Bs. As., la C\u00e1mara de Comercio, Turismo e Industria de Sierra de la Ventana, Villa Arcadia, Saldungaray y el Municipio de Tornquist.<br \/>\n#Expte. N\u00ba 7123\/19: &#8211; Bloques F.P.V. y F.J.C. &#8211; Proyecto de Ordenanza: Designa con el nombre de \u201cPuente San Eduardo\u201d al puente que une Sierra de la Ventana con Villa La Arcadia.<br \/>\n3.-Dict\u00e1menes de las Comisiones:<br \/>\n#Expte. N\u00ba 05854-303634 7\/2019 000: &#8211; Direcci\u00f3n General de Cultura y Educaci\u00f3n: Solicitud de inmueble para Huerta Comunitaria.<br \/>\n#Expte. N\u00ba 183\/18: &#8211; A.L. &#8211; \u201cResch, Mar\u00eda Luisa c\/Villanueva; H\u00e9ctor s\/Acci\u00f3n Confesoria \u201cExpte. N\u00ba 5<br \/>\n#Expte. N\u00ba 7054\/18: &#8211; N.P. \u2013 Cooperativa Permacol\u00f3gica de Villa Ventana: Ref. Cooperativa de Trabajo en Villa Ventana para desarrollo de Huerta Comunitaria.&#8212;<br \/>\n#Expte. N\u00ba 7107\/19: &#8211; N.P. \u2013 Asoc. Para el Desarrollo Tur\u00edstico de la Comarca de Sierra de la Ventana, Prestadores Tur\u00edsticos de servicios de alojamiento y comerciantes habilitados: Ref. incrementos en la Tasa de Seguridad e Higiene.&#8212;&#8211;<br \/>\n#Expte. N\u00ba 7119\/19: &#8211; N.P. \u2013 Ricardo Dorasio, Establecimiento Rural Sierras Grandes: Solicita eximici\u00f3n 70% Tasa Conservaci\u00f3n, Reparaci\u00f3n y Mejorado de la Red Vial (Per\u00edodo 2019).<br \/>\n#Expte. N\u00ba 7128\/19: &#8211; Bloques F.P.V. y F.J.C. &#8211; Proyecto de Resoluci\u00f3n: Presenta proyecto de acompa\u00f1ante terap\u00e9utico para acompa\u00f1ar el trabajo que realizan las personas que trabajan con adultos mayores en geri\u00e1tricos municipales.<br \/>\n4.- Proyectos Presentados.&#8212;&#8212;&#8212;&#8212;&#8212;&#8212;&#8212;&#8212;&#8212;&#8212;&#8212;&#8212;&#8212;&#8212;&#8212;&#8212;&#8212;&#8212;&#8212;&#8212;&#8212;&#8212;&#8212;&#8212;<br \/>\n5.- Asuntos Particulares. &#8212;&#8212;&#8212;&#8212;&#8212;&#8212;&#8212;&#8212;&#8212;&#8212;&#8212;&#8212;&#8212;&#8212;&#8212;&#8212;&#8212;&#8212;&#8212;&#8212;&#8212;&#8212;&#8212;&#8212;&#8211;<br \/>\nDIA DE LA SESION: 02 de Julio de 2019.-<br \/>\nHORA DE COMIENZO: 19:00 Hs.-<br \/>\n        Germ\u00e1n de Larena                                                Gustavo Moroncini<br \/>\n              Secretario                                                                Presidente<br \/>\n                  H.C.D.                                                                       H.C.D.<\/p>\n","protected":false},"excerpt":{"rendered":"<p>A partir de las 20 hs en el recinto del palacio municipal, tratar\u00e1n el siguiente Orden del D\u00eda<\/p>\n","protected":false},"author":3,"featured_media":0,"comment_status":"closed","ping_status":"open","sticky":false,"template":"","format":"standard","meta":{"footnotes":""},"categories":[28],"tags":[],"class_list":["post-32680","post","type-post","status-publish","format-standard","hentry","category-municipales"],"yoast_head":"<!-- This site is optimized with the Yoast SEO plugin v25.9 - https:\/\/yoast.com\/wordpress\/plugins\/seo\/ -->\n<title>Sesiona hoy el Concejo Deliberante de Tornquist - Noticias Radio Reflejos<\/title>\n<meta name=\"robots\" content=\"index, follow, max-snippet:-1, max-image-preview:large, max-video-preview:-1\" \/>\n<link rel=\"canonical\" href=\"https:\/\/www.noticiasradioreflejos.com.ar\/2021\/sesiona-hoy-el-concejo-deliberante-de-tornquist-12\/\" \/>\n<meta property=\"og:locale\" content=\"es_ES\" \/>\n<meta property=\"og:type\" content=\"article\" \/>\n<meta property=\"og:title\" content=\"Sesiona hoy el Concejo Deliberante de Tornquist - Noticias Radio Reflejos\" \/>\n<meta property=\"og:description\" content=\"A partir de las 20 hs en el recinto del palacio municipal, tratar\u00e1n el siguiente Orden del D\u00eda\" \/>\n<meta property=\"og:url\" content=\"https:\/\/www.noticiasradioreflejos.com.ar\/2021\/sesiona-hoy-el-concejo-deliberante-de-tornquist-12\/\" \/>\n<meta property=\"og:site_name\" content=\"Noticias Radio Reflejos\" \/>\n<meta property=\"article:published_time\" content=\"2019-07-02T13:06:16+00:00\" \/>\n<meta property=\"og:image\" content=\"https:\/\/www.noticiasradioreflejos.com.ar\/2021\/wp-content\/uploads\/2021\/07\/logosol300x200.png\" \/>\n\t<meta property=\"og:image:width\" content=\"300\" \/>\n\t<meta property=\"og:image:height\" content=\"200\" \/>\n\t<meta property=\"og:image:type\" content=\"image\/png\" \/>\n<meta name=\"author\" content=\"Arnaldo Botto\" \/>\n<meta name=\"twitter:card\" content=\"summary_large_image\" \/>\n<script type=\"application\/ld+json\" class=\"yoast-schema-graph\">{\"@context\":\"https:\/\/schema.org\",\"@graph\":[{\"@type\":\"WebPage\",\"@id\":\"https:\/\/www.noticiasradioreflejos.com.ar\/2021\/sesiona-hoy-el-concejo-deliberante-de-tornquist-12\/\",\"url\":\"https:\/\/www.noticiasradioreflejos.com.ar\/2021\/sesiona-hoy-el-concejo-deliberante-de-tornquist-12\/\",\"name\":\"Sesiona hoy el Concejo Deliberante de Tornquist - Noticias Radio Reflejos\",\"isPartOf\":{\"@id\":\"https:\/\/www.noticiasradioreflejos.com.ar\/2021\/#website\"},\"datePublished\":\"2019-07-02T13:06:16+00:00\",\"author\":{\"@id\":\"https:\/\/www.noticiasradioreflejos.com.ar\/2021\/#\/schema\/person\/ad82545263dcc5ec0996818884fd5fb1\"},\"breadcrumb\":{\"@id\":\"https:\/\/www.noticiasradioreflejos.com.ar\/2021\/sesiona-hoy-el-concejo-deliberante-de-tornquist-12\/#breadcrumb\"},\"inLanguage\":\"es\",\"potentialAction\":[{\"@type\":\"ReadAction\",\"target\":[\"https:\/\/www.noticiasradioreflejos.com.ar\/2021\/sesiona-hoy-el-concejo-deliberante-de-tornquist-12\/\"]}]},{\"@type\":\"BreadcrumbList\",\"@id\":\"https:\/\/www.noticiasradioreflejos.com.ar\/2021\/sesiona-hoy-el-concejo-deliberante-de-tornquist-12\/#breadcrumb\",\"itemListElement\":[{\"@type\":\"ListItem\",\"position\":1,\"name\":\"Portada\",\"item\":\"https:\/\/www.noticiasradioreflejos.com.ar\/2021\/\"},{\"@type\":\"ListItem\",\"position\":2,\"name\":\"Sesiona hoy el Concejo Deliberante de Tornquist\"}]},{\"@type\":\"WebSite\",\"@id\":\"https:\/\/www.noticiasradioreflejos.com.ar\/2021\/#website\",\"url\":\"https:\/\/www.noticiasradioreflejos.com.ar\/2021\/\",\"name\":\"Noticias Radio Reflejos\",\"description\":\"Las noticias de mi comarca\",\"potentialAction\":[{\"@type\":\"SearchAction\",\"target\":{\"@type\":\"EntryPoint\",\"urlTemplate\":\"https:\/\/www.noticiasradioreflejos.com.ar\/2021\/?s={search_term_string}\"},\"query-input\":{\"@type\":\"PropertyValueSpecification\",\"valueRequired\":true,\"valueName\":\"search_term_string\"}}],\"inLanguage\":\"es\"},{\"@type\":\"Person\",\"@id\":\"https:\/\/www.noticiasradioreflejos.com.ar\/2021\/#\/schema\/person\/ad82545263dcc5ec0996818884fd5fb1\",\"name\":\"Arnaldo Botto\",\"image\":{\"@type\":\"ImageObject\",\"inLanguage\":\"es\",\"@id\":\"https:\/\/www.noticiasradioreflejos.com.ar\/2021\/#\/schema\/person\/image\/\",\"url\":\"https:\/\/secure.gravatar.com\/avatar\/55cb5e37c1efa326397366e6974cb338056df65cb50e7d64d1cf314e87504837?s=96&d=mm&r=g\",\"contentUrl\":\"https:\/\/secure.gravatar.com\/avatar\/55cb5e37c1efa326397366e6974cb338056df65cb50e7d64d1cf314e87504837?s=96&d=mm&r=g\",\"caption\":\"Arnaldo Botto\"},\"url\":\"https:\/\/www.noticiasradioreflejos.com.ar\/2021\/author\/arnaldo\/\"}]}<\/script>\n<!-- \/ Yoast SEO plugin. -->","yoast_head_json":{"title":"Sesiona hoy el Concejo Deliberante de Tornquist - Noticias Radio Reflejos","robots":{"index":"index","follow":"follow","max-snippet":"max-snippet:-1","max-image-preview":"max-image-preview:large","max-video-preview":"max-video-preview:-1"},"canonical":"https:\/\/www.noticiasradioreflejos.com.ar\/2021\/sesiona-hoy-el-concejo-deliberante-de-tornquist-12\/","og_locale":"es_ES","og_type":"article","og_title":"Sesiona hoy el Concejo Deliberante de Tornquist - Noticias Radio Reflejos","og_description":"A partir de las 20 hs en el recinto del palacio municipal, tratar\u00e1n el siguiente Orden del D\u00eda","og_url":"https:\/\/www.noticiasradioreflejos.com.ar\/2021\/sesiona-hoy-el-concejo-deliberante-de-tornquist-12\/","og_site_name":"Noticias Radio Reflejos","article_published_time":"2019-07-02T13:06:16+00:00","og_image":[{"width":300,"height":200,"url":"https:\/\/www.noticiasradioreflejos.com.ar\/2021\/wp-content\/uploads\/2021\/07\/logosol300x200.png","type":"image\/png"}],"author":"Arnaldo Botto","twitter_card":"summary_large_image","schema":{"@context":"https:\/\/schema.org","@graph":[{"@type":"WebPage","@id":"https:\/\/www.noticiasradioreflejos.com.ar\/2021\/sesiona-hoy-el-concejo-deliberante-de-tornquist-12\/","url":"https:\/\/www.noticiasradioreflejos.com.ar\/2021\/sesiona-hoy-el-concejo-deliberante-de-tornquist-12\/","name":"Sesiona hoy el Concejo Deliberante de Tornquist - Noticias Radio Reflejos","isPartOf":{"@id":"https:\/\/www.noticiasradioreflejos.com.ar\/2021\/#website"},"datePublished":"2019-07-02T13:06:16+00:00","author":{"@id":"https:\/\/www.noticiasradioreflejos.com.ar\/2021\/#\/schema\/person\/ad82545263dcc5ec0996818884fd5fb1"},"breadcrumb":{"@id":"https:\/\/www.noticiasradioreflejos.com.ar\/2021\/sesiona-hoy-el-concejo-deliberante-de-tornquist-12\/#breadcrumb"},"inLanguage":"es","potentialAction":[{"@type":"ReadAction","target":["https:\/\/www.noticiasradioreflejos.com.ar\/2021\/sesiona-hoy-el-concejo-deliberante-de-tornquist-12\/"]}]},{"@type":"BreadcrumbList","@id":"https:\/\/www.noticiasradioreflejos.com.ar\/2021\/sesiona-hoy-el-concejo-deliberante-de-tornquist-12\/#breadcrumb","itemListElement":[{"@type":"ListItem","position":1,"name":"Portada","item":"https:\/\/www.noticiasradioreflejos.com.ar\/2021\/"},{"@type":"ListItem","position":2,"name":"Sesiona hoy el Concejo Deliberante de Tornquist"}]},{"@type":"WebSite","@id":"https:\/\/www.noticiasradioreflejos.com.ar\/2021\/#website","url":"https:\/\/www.noticiasradioreflejos.com.ar\/2021\/","name":"Noticias Radio Reflejos","description":"Las noticias de mi comarca","potentialAction":[{"@type":"SearchAction","target":{"@type":"EntryPoint","urlTemplate":"https:\/\/www.noticiasradioreflejos.com.ar\/2021\/?s={search_term_string}"},"query-input":{"@type":"PropertyValueSpecification","valueRequired":true,"valueName":"search_term_string"}}],"inLanguage":"es"},{"@type":"Person","@id":"https:\/\/www.noticiasradioreflejos.com.ar\/2021\/#\/schema\/person\/ad82545263dcc5ec0996818884fd5fb1","name":"Arnaldo Botto","image":{"@type":"ImageObject","inLanguage":"es","@id":"https:\/\/www.noticiasradioreflejos.com.ar\/2021\/#\/schema\/person\/image\/","url":"https:\/\/secure.gravatar.com\/avatar\/55cb5e37c1efa326397366e6974cb338056df65cb50e7d64d1cf314e87504837?s=96&d=mm&r=g","contentUrl":"https:\/\/secure.gravatar.com\/avatar\/55cb5e37c1efa326397366e6974cb338056df65cb50e7d64d1cf314e87504837?s=96&d=mm&r=g","caption":"Arnaldo Botto"},"url":"https:\/\/www.noticiasradioreflejos.com.ar\/2021\/author\/arnaldo\/"}]}},"_links":{"self":[{"href":"https:\/\/www.noticiasradioreflejos.com.ar\/2021\/wp-json\/wp\/v2\/posts\/32680","targetHints":{"allow":["GET"]}}],"collection":[{"href":"https:\/\/www.noticiasradioreflejos.com.ar\/2021\/wp-json\/wp\/v2\/posts"}],"about":[{"href":"https:\/\/www.noticiasradioreflejos.com.ar\/2021\/wp-json\/wp\/v2\/types\/post"}],"author":[{"embeddable":true,"href":"https:\/\/www.noticiasradioreflejos.com.ar\/2021\/wp-json\/wp\/v2\/users\/3"}],"replies":[{"embeddable":true,"href":"https:\/\/www.noticiasradioreflejos.com.ar\/2021\/wp-json\/wp\/v2\/comments?post=32680"}],"version-history":[{"count":0,"href":"https:\/\/www.noticiasradioreflejos.com.ar\/2021\/wp-json\/wp\/v2\/posts\/32680\/revisions"}],"wp:attachment":[{"href":"https:\/\/www.noticiasradioreflejos.com.ar\/2021\/wp-json\/wp\/v2\/media?parent=32680"}],"wp:term":[{"taxonomy":"category","embeddable":true,"href":"https:\/\/www.noticiasradioreflejos.com.ar\/2021\/wp-json\/wp\/v2\/categories?post=32680"},{"taxonomy":"post_tag","embeddable":true,"href":"https:\/\/www.noticiasradioreflejos.com.ar\/2021\/wp-json\/wp\/v2\/tags?post=32680"}],"curies":[{"name":"wp","href":"https:\/\/api.w.org\/{rel}","templated":true}]}}