{"id":32672,"date":"2019-07-02T07:39:29","date_gmt":"2019-07-02T10:39:29","guid":{"rendered":"http:\/\/www.noticiasradioreflejos.com.ar\/noticias\/?p=32672"},"modified":"2019-07-02T07:39:29","modified_gmt":"2019-07-02T10:39:29","slug":"comunicado-sobre-ruta-prov-76","status":"publish","type":"post","link":"https:\/\/www.noticiasradioreflejos.com.ar\/2021\/comunicado-sobre-ruta-prov-76\/","title":{"rendered":"Comunicado sobre ruta prov. 76"},"content":{"rendered":"<p><strong>\u00abSomos buenos pero la reparaci\u00f3n de la ruta 76 no aparece\u00bb<\/strong><br \/>\nLarga ha sido la historia que hemos tenido que recorrer para lograr la reparaci\u00f3n de la ruta 76, por lo que pedimos disculpas por la extensi\u00f3n del comunicado.<br \/>\nCuando comenz\u00f3 el gobierno de Cambiemos la reparaci\u00f3n de la ruta se puso en el presupuesto aunque no se ejecut\u00f3, luego la ruta era una prioridad para el 2018 aunque tampoco se hizo. En diciembre de 2018 el ministro de gobierno de la provincia, Joaqu\u00edn De La Torre, y el intendente de Tornquist Sergio Bordoni dijeron que: \u201cla gobernadora ten\u00eda el tema en sus manos y que para el aniversario de Sierra de la Ventana Vidal iba a traer buenas noticias. 20-12-2018\u201d. La gobernadora en su visita, no trajo nada y dijo que iba a pedir el expediente, \u201cVidal asegur\u00f3 que se pondr\u00eda en contacto con Vialidad para la urgente reparaci\u00f3n de la Ruta 76\u201d, nos preguntamos \u00bfno ten\u00eda el expediente en sus manos desde el 20 de diciembre?; tambi\u00e9n agreg\u00f3 que \u201csi bien no habr\u00e1 repavimentaci\u00f3n por falta de fondos, encomendar\u00e1 a Vialidad que garantice una transitabilidad segura.18-01-2019\u201d.<!--more--><br \/>\nLuego la provincia recibe m\u00e1s de 20.000.000.000 millones de pesos para obras por la actualizaci\u00f3n del mal llamado fondo del conurbano. Nosotros al constatar que se puede hacer una obra de reasfaltado de toda la ruta 76 -obra ya planificada por Vialidad- hasta su intersecci\u00f3n con la ruta nacional 33, pedimos a los intendentes de Tornquist Sergio Bordoni y de Coronel Suarez Roberto Palacios, que intensifiquen las acciones ante Vidal para que se ampl\u00ede el monto y se realice la obra definitiva. A fines de Enero, y aunque hay dinero para hacer la repavimentaci\u00f3n total de la ruta se anuncia el llamado a licitaci\u00f3n para la realizaci\u00f3n de un bacheo profundo, con un presupuesto de 20.000.000 de pesos. El intendente Bordoni expres\u00f3 \u201cjunto al intendente de Coronel Suarez estaremos en la ruta para supervisar el trabajo. 27-01-2019.<br \/>\nEl 7 de marzo de 2019 se licit\u00f3 la obra de bacheo profundo con un presupuesto de 20.025.386,56 pesos y se anunci\u00f3 que en abril o mayo dar\u00edan comienzo a las obras y que en seis meses -para fin de a\u00f1o- se terminar\u00eda la obra licitada.<br \/>\nDurante todo este proceso quienes escribimos este comunicado de prensa hemos sido presa de injurias y adjetivos descalificantes, por lo que resolvimos esperar y dejar que la realidad muestre la verdad de los hechos y la mentira de las palabras.<br \/>\nHoy a pocos d\u00edas de un fin de semana largo y a unos d\u00edas del comienzo de la temporada invernal todav\u00eda no se firmo el convenio con la empresa COICENT -que gan\u00f3 la licitaci\u00f3n- para que esta pueda realizar la obra.<br \/>\nDesde ya que con esta p\u00e9rdida de tiempo por inacci\u00f3n de las actuales autoridades el problema ahora no es solo la firma de un papel, lo m\u00e1s preocupante es que la licitaci\u00f3n solo permite una adecuaci\u00f3n presupuestaria del 10 % sobre lo pautado en Enero de 2019.<br \/>\nPensemos juntos: el presupuesto se elabor\u00f3 en Enero de 2019 y seg\u00fan el INDEC la inflaci\u00f3n de los primeros seis meses ha sido del 20 %, con suerte, la obra comenzar\u00e1 en Agosto o Septiembre donde a este ritmo tendremos una inflaci\u00f3n prevista por el banco central de 27 %, adem\u00e1s. la UOCRA pauto una recomposici\u00f3n salarial del 15 % m\u00e1s una cl\u00e1usula de actualizaci\u00f3n por inflaci\u00f3n. A todo esto y como se puede observar, ya existe una diferencia de m\u00e1s del doble sobre lo permitido en el presupuesto inicial que como dijimos es del 10%.<br \/>\nNo somos nosotros quienes inventamos los problemas sino la incapacidad de gesti\u00f3n de las actuales autoridades provinciales y municipales.<br \/>\nAnte todo lo expuesto nos vemos en la lamentable obligaci\u00f3n de recurrir nuevamente a la opini\u00f3n p\u00fablica para que instemos a nuestra autoridades a que firmen un papel -el convenio- que permite el comienzo de las obras por parte de la empresa COICENT. Tambi\u00e9n solicitamos a la empresa que comience r\u00e1pidamente las obras para evitar que el verano pr\u00f3ximo nos encuentre con obra en la ruta y con muchas dificultades para mejorar el acceso m\u00e1s importante desde el norte de nuestra provincia, con el correspondiente impacto negativo sobre el turismo y sobre una v\u00eda de comunicaci\u00f3n esencial para los habitantes de la comarca.<br \/>\nMientras tanto se firme el convenio y se comience la obra, urgimos a las autoridades a reparar la ruta porque nuevamente su estado es muy peligroso para el tr\u00e1nsito vehicular. Esta situaci\u00f3n ha sido constatada por nosotros en el recorrido que realizamos el lunes 1 de julio, donde contabilizamos 36 pozos entre el cruce de San Eloy y la intersecci\u00f3n de la ruta 72 y 22 pozos entre esa intersecci\u00f3n -rotonda de acceso a Sierra de la Ventana- y la ruta 33. Adjuntamos algunas de las 70 im\u00e1genes.<br \/>\n<a href=\"http:\/\/www.noticiasradioreflejos.com.ar\/noticias\/wp-content\/uploads\/2019\/07\/imagen-22-de-la-calzada-a-3-km-de-la-intersecci\u00f3n-de-la-ruta-76-con-72-sentido-Sierra-de-la-Ventana-a-villa-ventana-reparacion-mal-hecha.jpg\"><img loading=\"lazy\" decoding=\"async\" class=\"aligncenter size-large wp-image-32674\" src=\"http:\/\/www.noticiasradioreflejos.com.ar\/noticias\/wp-content\/uploads\/2019\/07\/imagen-22-de-la-calzada-a-3-km-de-la-intersecci\u00f3n-de-la-ruta-76-con-72-sentido-Sierra-de-la-Ventana-a-villa-ventana-reparacion-mal-hecha-768x1024.jpg\" alt=\"imagen 22 de la calzada a 3 km de la intersecci\u00f3n de la ruta 76 con 72 sentido Sierra de la Ventana a villa ventana, reparacion mal hecha\" width=\"768\" height=\"1024\" \/><\/a><br \/>\n<a href=\"http:\/\/www.noticiasradioreflejos.com.ar\/noticias\/wp-content\/uploads\/2019\/07\/imagen-7-de-la-calzada-a-2-kilometros-de-la-intersecci\u00f3n-de-la-ruta-76-con-la-ruta-72-sentido-San-Eloy-a-Sierra-de-la-Ventana.jpg\"><img loading=\"lazy\" decoding=\"async\" class=\"aligncenter size-large wp-image-32675\" src=\"http:\/\/www.noticiasradioreflejos.com.ar\/noticias\/wp-content\/uploads\/2019\/07\/imagen-7-de-la-calzada-a-2-kilometros-de-la-intersecci\u00f3n-de-la-ruta-76-con-la-ruta-72-sentido-San-Eloy-a-Sierra-de-la-Ventana-1024x768.jpg\" alt=\"imagen 7 de la calzada a 2 kilometros de la intersecci\u00f3n de la ruta 76 con la ruta 72 sentido San Eloy a Sierra de la Ventana\" width=\"1024\" height=\"768\" \/><\/a><br \/>\nLOS CIUDADANOS SEGUIMOS ESPERANDO LA REPARACI\u00d3N DEFINITIVA DE LA RUTA 76.<br \/>\nClaudio Masson. 291-6490788. Sierra de la Ventana. Tornquist.<br \/>\nSilvia Zaballa. 291-6430402. Villa Arcadia. Coronel Suarez.<br \/>\nDar\u00edo G\u00f3mez. 2926-461810. Coronel Su\u00e1rez.<\/p>\n","protected":false},"excerpt":{"rendered":"<p>\u00abSomos buenos pero la reparaci\u00f3n de la ruta 76 no aparece\u00bb Larga ha sido la historia que hemos tenido que recorrer para lograr la reparaci\u00f3n de la ruta 76, por lo que pedimos disculpas por la extensi\u00f3n del comunicado. Cuando comenz\u00f3 el gobierno de Cambiemos la reparaci\u00f3n de la ruta se puso en el presupuesto [&hellip;]<\/p>\n","protected":false},"author":3,"featured_media":0,"comment_status":"closed","ping_status":"open","sticky":false,"template":"","format":"standard","meta":{"footnotes":""},"categories":[24],"tags":[],"class_list":["post-32672","post","type-post","status-publish","format-standard","hentry","category-politica"],"yoast_head":"<!-- This site is optimized with the Yoast SEO plugin v25.9 - https:\/\/yoast.com\/wordpress\/plugins\/seo\/ -->\n<title>Comunicado sobre ruta prov. 76 - Noticias Radio Reflejos<\/title>\n<meta name=\"robots\" content=\"index, follow, max-snippet:-1, max-image-preview:large, max-video-preview:-1\" \/>\n<link rel=\"canonical\" href=\"https:\/\/www.noticiasradioreflejos.com.ar\/2021\/comunicado-sobre-ruta-prov-76\/\" \/>\n<meta property=\"og:locale\" content=\"es_ES\" \/>\n<meta property=\"og:type\" content=\"article\" \/>\n<meta property=\"og:title\" content=\"Comunicado sobre ruta prov. 76 - Noticias Radio Reflejos\" \/>\n<meta property=\"og:description\" content=\"\u00abSomos buenos pero la reparaci\u00f3n de la ruta 76 no aparece\u00bb Larga ha sido la historia que hemos tenido que recorrer para lograr la reparaci\u00f3n de la ruta 76, por lo que pedimos disculpas por la extensi\u00f3n del comunicado. Cuando comenz\u00f3 el gobierno de Cambiemos la reparaci\u00f3n de la ruta se puso en el presupuesto [&hellip;]\" \/>\n<meta property=\"og:url\" content=\"https:\/\/www.noticiasradioreflejos.com.ar\/2021\/comunicado-sobre-ruta-prov-76\/\" \/>\n<meta property=\"og:site_name\" content=\"Noticias Radio Reflejos\" \/>\n<meta property=\"article:published_time\" content=\"2019-07-02T10:39:29+00:00\" \/>\n<meta property=\"og:image\" content=\"https:\/\/www.noticiasradioreflejos.com.ar\/2021\/wp-content\/uploads\/2021\/07\/logosol300x200.png\" \/>\n\t<meta property=\"og:image:width\" content=\"300\" \/>\n\t<meta property=\"og:image:height\" content=\"200\" \/>\n\t<meta property=\"og:image:type\" content=\"image\/png\" \/>\n<meta name=\"author\" content=\"Arnaldo Botto\" \/>\n<meta name=\"twitter:card\" content=\"summary_large_image\" \/>\n<script type=\"application\/ld+json\" class=\"yoast-schema-graph\">{\"@context\":\"https:\/\/schema.org\",\"@graph\":[{\"@type\":\"WebPage\",\"@id\":\"https:\/\/www.noticiasradioreflejos.com.ar\/2021\/comunicado-sobre-ruta-prov-76\/\",\"url\":\"https:\/\/www.noticiasradioreflejos.com.ar\/2021\/comunicado-sobre-ruta-prov-76\/\",\"name\":\"Comunicado sobre ruta prov. 76 - Noticias Radio Reflejos\",\"isPartOf\":{\"@id\":\"https:\/\/www.noticiasradioreflejos.com.ar\/2021\/#website\"},\"datePublished\":\"2019-07-02T10:39:29+00:00\",\"author\":{\"@id\":\"https:\/\/www.noticiasradioreflejos.com.ar\/2021\/#\/schema\/person\/ad82545263dcc5ec0996818884fd5fb1\"},\"breadcrumb\":{\"@id\":\"https:\/\/www.noticiasradioreflejos.com.ar\/2021\/comunicado-sobre-ruta-prov-76\/#breadcrumb\"},\"inLanguage\":\"es\",\"potentialAction\":[{\"@type\":\"ReadAction\",\"target\":[\"https:\/\/www.noticiasradioreflejos.com.ar\/2021\/comunicado-sobre-ruta-prov-76\/\"]}]},{\"@type\":\"BreadcrumbList\",\"@id\":\"https:\/\/www.noticiasradioreflejos.com.ar\/2021\/comunicado-sobre-ruta-prov-76\/#breadcrumb\",\"itemListElement\":[{\"@type\":\"ListItem\",\"position\":1,\"name\":\"Portada\",\"item\":\"https:\/\/www.noticiasradioreflejos.com.ar\/2021\/\"},{\"@type\":\"ListItem\",\"position\":2,\"name\":\"Comunicado sobre ruta prov. 76\"}]},{\"@type\":\"WebSite\",\"@id\":\"https:\/\/www.noticiasradioreflejos.com.ar\/2021\/#website\",\"url\":\"https:\/\/www.noticiasradioreflejos.com.ar\/2021\/\",\"name\":\"Noticias Radio Reflejos\",\"description\":\"Las noticias de mi comarca\",\"potentialAction\":[{\"@type\":\"SearchAction\",\"target\":{\"@type\":\"EntryPoint\",\"urlTemplate\":\"https:\/\/www.noticiasradioreflejos.com.ar\/2021\/?s={search_term_string}\"},\"query-input\":{\"@type\":\"PropertyValueSpecification\",\"valueRequired\":true,\"valueName\":\"search_term_string\"}}],\"inLanguage\":\"es\"},{\"@type\":\"Person\",\"@id\":\"https:\/\/www.noticiasradioreflejos.com.ar\/2021\/#\/schema\/person\/ad82545263dcc5ec0996818884fd5fb1\",\"name\":\"Arnaldo Botto\",\"image\":{\"@type\":\"ImageObject\",\"inLanguage\":\"es\",\"@id\":\"https:\/\/www.noticiasradioreflejos.com.ar\/2021\/#\/schema\/person\/image\/\",\"url\":\"https:\/\/secure.gravatar.com\/avatar\/55cb5e37c1efa326397366e6974cb338056df65cb50e7d64d1cf314e87504837?s=96&d=mm&r=g\",\"contentUrl\":\"https:\/\/secure.gravatar.com\/avatar\/55cb5e37c1efa326397366e6974cb338056df65cb50e7d64d1cf314e87504837?s=96&d=mm&r=g\",\"caption\":\"Arnaldo Botto\"},\"url\":\"https:\/\/www.noticiasradioreflejos.com.ar\/2021\/author\/arnaldo\/\"}]}<\/script>\n<!-- \/ Yoast SEO plugin. -->","yoast_head_json":{"title":"Comunicado sobre ruta prov. 76 - Noticias Radio Reflejos","robots":{"index":"index","follow":"follow","max-snippet":"max-snippet:-1","max-image-preview":"max-image-preview:large","max-video-preview":"max-video-preview:-1"},"canonical":"https:\/\/www.noticiasradioreflejos.com.ar\/2021\/comunicado-sobre-ruta-prov-76\/","og_locale":"es_ES","og_type":"article","og_title":"Comunicado sobre ruta prov. 76 - Noticias Radio Reflejos","og_description":"\u00abSomos buenos pero la reparaci\u00f3n de la ruta 76 no aparece\u00bb Larga ha sido la historia que hemos tenido que recorrer para lograr la reparaci\u00f3n de la ruta 76, por lo que pedimos disculpas por la extensi\u00f3n del comunicado. Cuando comenz\u00f3 el gobierno de Cambiemos la reparaci\u00f3n de la ruta se puso en el presupuesto [&hellip;]","og_url":"https:\/\/www.noticiasradioreflejos.com.ar\/2021\/comunicado-sobre-ruta-prov-76\/","og_site_name":"Noticias Radio Reflejos","article_published_time":"2019-07-02T10:39:29+00:00","og_image":[{"width":300,"height":200,"url":"https:\/\/www.noticiasradioreflejos.com.ar\/2021\/wp-content\/uploads\/2021\/07\/logosol300x200.png","type":"image\/png"}],"author":"Arnaldo Botto","twitter_card":"summary_large_image","schema":{"@context":"https:\/\/schema.org","@graph":[{"@type":"WebPage","@id":"https:\/\/www.noticiasradioreflejos.com.ar\/2021\/comunicado-sobre-ruta-prov-76\/","url":"https:\/\/www.noticiasradioreflejos.com.ar\/2021\/comunicado-sobre-ruta-prov-76\/","name":"Comunicado sobre ruta prov. 76 - Noticias Radio Reflejos","isPartOf":{"@id":"https:\/\/www.noticiasradioreflejos.com.ar\/2021\/#website"},"datePublished":"2019-07-02T10:39:29+00:00","author":{"@id":"https:\/\/www.noticiasradioreflejos.com.ar\/2021\/#\/schema\/person\/ad82545263dcc5ec0996818884fd5fb1"},"breadcrumb":{"@id":"https:\/\/www.noticiasradioreflejos.com.ar\/2021\/comunicado-sobre-ruta-prov-76\/#breadcrumb"},"inLanguage":"es","potentialAction":[{"@type":"ReadAction","target":["https:\/\/www.noticiasradioreflejos.com.ar\/2021\/comunicado-sobre-ruta-prov-76\/"]}]},{"@type":"BreadcrumbList","@id":"https:\/\/www.noticiasradioreflejos.com.ar\/2021\/comunicado-sobre-ruta-prov-76\/#breadcrumb","itemListElement":[{"@type":"ListItem","position":1,"name":"Portada","item":"https:\/\/www.noticiasradioreflejos.com.ar\/2021\/"},{"@type":"ListItem","position":2,"name":"Comunicado sobre ruta prov. 76"}]},{"@type":"WebSite","@id":"https:\/\/www.noticiasradioreflejos.com.ar\/2021\/#website","url":"https:\/\/www.noticiasradioreflejos.com.ar\/2021\/","name":"Noticias Radio Reflejos","description":"Las noticias de mi comarca","potentialAction":[{"@type":"SearchAction","target":{"@type":"EntryPoint","urlTemplate":"https:\/\/www.noticiasradioreflejos.com.ar\/2021\/?s={search_term_string}"},"query-input":{"@type":"PropertyValueSpecification","valueRequired":true,"valueName":"search_term_string"}}],"inLanguage":"es"},{"@type":"Person","@id":"https:\/\/www.noticiasradioreflejos.com.ar\/2021\/#\/schema\/person\/ad82545263dcc5ec0996818884fd5fb1","name":"Arnaldo Botto","image":{"@type":"ImageObject","inLanguage":"es","@id":"https:\/\/www.noticiasradioreflejos.com.ar\/2021\/#\/schema\/person\/image\/","url":"https:\/\/secure.gravatar.com\/avatar\/55cb5e37c1efa326397366e6974cb338056df65cb50e7d64d1cf314e87504837?s=96&d=mm&r=g","contentUrl":"https:\/\/secure.gravatar.com\/avatar\/55cb5e37c1efa326397366e6974cb338056df65cb50e7d64d1cf314e87504837?s=96&d=mm&r=g","caption":"Arnaldo Botto"},"url":"https:\/\/www.noticiasradioreflejos.com.ar\/2021\/author\/arnaldo\/"}]}},"_links":{"self":[{"href":"https:\/\/www.noticiasradioreflejos.com.ar\/2021\/wp-json\/wp\/v2\/posts\/32672","targetHints":{"allow":["GET"]}}],"collection":[{"href":"https:\/\/www.noticiasradioreflejos.com.ar\/2021\/wp-json\/wp\/v2\/posts"}],"about":[{"href":"https:\/\/www.noticiasradioreflejos.com.ar\/2021\/wp-json\/wp\/v2\/types\/post"}],"author":[{"embeddable":true,"href":"https:\/\/www.noticiasradioreflejos.com.ar\/2021\/wp-json\/wp\/v2\/users\/3"}],"replies":[{"embeddable":true,"href":"https:\/\/www.noticiasradioreflejos.com.ar\/2021\/wp-json\/wp\/v2\/comments?post=32672"}],"version-history":[{"count":0,"href":"https:\/\/www.noticiasradioreflejos.com.ar\/2021\/wp-json\/wp\/v2\/posts\/32672\/revisions"}],"wp:attachment":[{"href":"https:\/\/www.noticiasradioreflejos.com.ar\/2021\/wp-json\/wp\/v2\/media?parent=32672"}],"wp:term":[{"taxonomy":"category","embeddable":true,"href":"https:\/\/www.noticiasradioreflejos.com.ar\/2021\/wp-json\/wp\/v2\/categories?post=32672"},{"taxonomy":"post_tag","embeddable":true,"href":"https:\/\/www.noticiasradioreflejos.com.ar\/2021\/wp-json\/wp\/v2\/tags?post=32672"}],"curies":[{"name":"wp","href":"https:\/\/api.w.org\/{rel}","templated":true}]}}