{"id":32659,"date":"2019-07-01T16:59:47","date_gmt":"2019-07-01T19:59:47","guid":{"rendered":"http:\/\/www.noticiasradioreflejos.com.ar\/noticias\/?p=32659"},"modified":"2019-07-01T16:59:47","modified_gmt":"2019-07-01T19:59:47","slug":"encuentro-coral-para-celebrar-los-30-anos-del-coral-de-las-sierras","status":"publish","type":"post","link":"https:\/\/www.noticiasradioreflejos.com.ar\/2021\/encuentro-coral-para-celebrar-los-30-anos-del-coral-de-las-sierras\/","title":{"rendered":"Encuentro coral para celebrar los 30 a\u00f1os del Coral de las Sierras"},"content":{"rendered":"<p><a href=\"http:\/\/www.noticiasradioreflejos.com.ar\/noticias\/wp-content\/uploads\/2019\/07\/IMG-20190701-WA0031.jpg\"><img loading=\"lazy\" decoding=\"async\" class=\"alignleft size-medium wp-image-32661\" src=\"http:\/\/www.noticiasradioreflejos.com.ar\/noticias\/wp-content\/uploads\/2019\/07\/IMG-20190701-WA0031-300x169.jpg\" alt=\"IMG-20190701-WA0031\" width=\"300\" height=\"169\" \/><\/a>En el marco de los 30 a\u00f1os del Coral de las Sierras, este s\u00e1bado 29, tuvo lugar en el Centro Cultural de Sierra de la Ventana, un encuentro del que participaron otros coros de la regi\u00f3n.<br \/>\nEl importante marco de p\u00fablico pudo disfrutar de la m\u00fasica y las voces del Coral de las Sierras, de Voces de Cambio y M\u00fasica Innova.<br \/>\nAsistieron al evento, acompa\u00f1ando al coral en su aniversario, la Directora de Cultura, Noeli Kloster y el Delegado municipal de la localidad, Hugo Polvara.<\/p>\n","protected":false},"excerpt":{"rendered":"<p>En el marco de los 30 a\u00f1os del Coral de las Sierras, este s\u00e1bado 29, tuvo lugar en el Centro Cultural de Sierra de la Ventana, un encuentro del que participaron otros coros de la regi\u00f3n. El importante marco de p\u00fablico pudo disfrutar de la m\u00fasica y las voces del Coral de las Sierras, de [&hellip;]<\/p>\n","protected":false},"author":3,"featured_media":0,"comment_status":"closed","ping_status":"open","sticky":false,"template":"","format":"standard","meta":{"footnotes":""},"categories":[35],"tags":[],"class_list":["post-32659","post","type-post","status-publish","format-standard","hentry","category-cultura"],"yoast_head":"<!-- This site is optimized with the Yoast SEO plugin v25.9 - https:\/\/yoast.com\/wordpress\/plugins\/seo\/ -->\n<title>Encuentro coral para celebrar los 30 a\u00f1os del Coral de las Sierras - Noticias Radio Reflejos<\/title>\n<meta name=\"robots\" content=\"index, follow, max-snippet:-1, max-image-preview:large, max-video-preview:-1\" \/>\n<link rel=\"canonical\" href=\"https:\/\/www.noticiasradioreflejos.com.ar\/2021\/encuentro-coral-para-celebrar-los-30-anos-del-coral-de-las-sierras\/\" \/>\n<meta property=\"og:locale\" content=\"es_ES\" \/>\n<meta property=\"og:type\" content=\"article\" \/>\n<meta property=\"og:title\" content=\"Encuentro coral para celebrar los 30 a\u00f1os del Coral de las Sierras - Noticias Radio Reflejos\" \/>\n<meta property=\"og:description\" content=\"En el marco de los 30 a\u00f1os del Coral de las Sierras, este s\u00e1bado 29, tuvo lugar en el Centro Cultural de Sierra de la Ventana, un encuentro del que participaron otros coros de la regi\u00f3n. El importante marco de p\u00fablico pudo disfrutar de la m\u00fasica y las voces del Coral de las Sierras, de [&hellip;]\" \/>\n<meta property=\"og:url\" content=\"https:\/\/www.noticiasradioreflejos.com.ar\/2021\/encuentro-coral-para-celebrar-los-30-anos-del-coral-de-las-sierras\/\" \/>\n<meta property=\"og:site_name\" content=\"Noticias Radio Reflejos\" \/>\n<meta property=\"article:published_time\" content=\"2019-07-01T19:59:47+00:00\" \/>\n<meta property=\"og:image\" content=\"https:\/\/www.noticiasradioreflejos.com.ar\/2021\/wp-content\/uploads\/2021\/07\/logosol300x200.png\" \/>\n\t<meta property=\"og:image:width\" content=\"300\" \/>\n\t<meta property=\"og:image:height\" content=\"200\" \/>\n\t<meta property=\"og:image:type\" content=\"image\/png\" \/>\n<meta name=\"author\" content=\"Arnaldo Botto\" \/>\n<meta name=\"twitter:card\" content=\"summary_large_image\" \/>\n<script type=\"application\/ld+json\" class=\"yoast-schema-graph\">{\"@context\":\"https:\/\/schema.org\",\"@graph\":[{\"@type\":\"WebPage\",\"@id\":\"https:\/\/www.noticiasradioreflejos.com.ar\/2021\/encuentro-coral-para-celebrar-los-30-anos-del-coral-de-las-sierras\/\",\"url\":\"https:\/\/www.noticiasradioreflejos.com.ar\/2021\/encuentro-coral-para-celebrar-los-30-anos-del-coral-de-las-sierras\/\",\"name\":\"Encuentro coral para celebrar los 30 a\u00f1os del Coral de las Sierras - Noticias Radio Reflejos\",\"isPartOf\":{\"@id\":\"https:\/\/www.noticiasradioreflejos.com.ar\/2021\/#website\"},\"primaryImageOfPage\":{\"@id\":\"https:\/\/www.noticiasradioreflejos.com.ar\/2021\/encuentro-coral-para-celebrar-los-30-anos-del-coral-de-las-sierras\/#primaryimage\"},\"image\":{\"@id\":\"https:\/\/www.noticiasradioreflejos.com.ar\/2021\/encuentro-coral-para-celebrar-los-30-anos-del-coral-de-las-sierras\/#primaryimage\"},\"thumbnailUrl\":\"http:\/\/www.noticiasradioreflejos.com.ar\/noticias\/wp-content\/uploads\/2019\/07\/IMG-20190701-WA0031-300x169.jpg\",\"datePublished\":\"2019-07-01T19:59:47+00:00\",\"author\":{\"@id\":\"https:\/\/www.noticiasradioreflejos.com.ar\/2021\/#\/schema\/person\/ad82545263dcc5ec0996818884fd5fb1\"},\"breadcrumb\":{\"@id\":\"https:\/\/www.noticiasradioreflejos.com.ar\/2021\/encuentro-coral-para-celebrar-los-30-anos-del-coral-de-las-sierras\/#breadcrumb\"},\"inLanguage\":\"es\",\"potentialAction\":[{\"@type\":\"ReadAction\",\"target\":[\"https:\/\/www.noticiasradioreflejos.com.ar\/2021\/encuentro-coral-para-celebrar-los-30-anos-del-coral-de-las-sierras\/\"]}]},{\"@type\":\"ImageObject\",\"inLanguage\":\"es\",\"@id\":\"https:\/\/www.noticiasradioreflejos.com.ar\/2021\/encuentro-coral-para-celebrar-los-30-anos-del-coral-de-las-sierras\/#primaryimage\",\"url\":\"http:\/\/www.noticiasradioreflejos.com.ar\/noticias\/wp-content\/uploads\/2019\/07\/IMG-20190701-WA0031-300x169.jpg\",\"contentUrl\":\"http:\/\/www.noticiasradioreflejos.com.ar\/noticias\/wp-content\/uploads\/2019\/07\/IMG-20190701-WA0031-300x169.jpg\"},{\"@type\":\"BreadcrumbList\",\"@id\":\"https:\/\/www.noticiasradioreflejos.com.ar\/2021\/encuentro-coral-para-celebrar-los-30-anos-del-coral-de-las-sierras\/#breadcrumb\",\"itemListElement\":[{\"@type\":\"ListItem\",\"position\":1,\"name\":\"Portada\",\"item\":\"https:\/\/www.noticiasradioreflejos.com.ar\/2021\/\"},{\"@type\":\"ListItem\",\"position\":2,\"name\":\"Encuentro coral para celebrar los 30 a\u00f1os del Coral de las Sierras\"}]},{\"@type\":\"WebSite\",\"@id\":\"https:\/\/www.noticiasradioreflejos.com.ar\/2021\/#website\",\"url\":\"https:\/\/www.noticiasradioreflejos.com.ar\/2021\/\",\"name\":\"Noticias Radio Reflejos\",\"description\":\"Las noticias de mi comarca\",\"potentialAction\":[{\"@type\":\"SearchAction\",\"target\":{\"@type\":\"EntryPoint\",\"urlTemplate\":\"https:\/\/www.noticiasradioreflejos.com.ar\/2021\/?s={search_term_string}\"},\"query-input\":{\"@type\":\"PropertyValueSpecification\",\"valueRequired\":true,\"valueName\":\"search_term_string\"}}],\"inLanguage\":\"es\"},{\"@type\":\"Person\",\"@id\":\"https:\/\/www.noticiasradioreflejos.com.ar\/2021\/#\/schema\/person\/ad82545263dcc5ec0996818884fd5fb1\",\"name\":\"Arnaldo Botto\",\"image\":{\"@type\":\"ImageObject\",\"inLanguage\":\"es\",\"@id\":\"https:\/\/www.noticiasradioreflejos.com.ar\/2021\/#\/schema\/person\/image\/\",\"url\":\"https:\/\/secure.gravatar.com\/avatar\/55cb5e37c1efa326397366e6974cb338056df65cb50e7d64d1cf314e87504837?s=96&d=mm&r=g\",\"contentUrl\":\"https:\/\/secure.gravatar.com\/avatar\/55cb5e37c1efa326397366e6974cb338056df65cb50e7d64d1cf314e87504837?s=96&d=mm&r=g\",\"caption\":\"Arnaldo Botto\"},\"url\":\"https:\/\/www.noticiasradioreflejos.com.ar\/2021\/author\/arnaldo\/\"}]}<\/script>\n<!-- \/ Yoast SEO plugin. -->","yoast_head_json":{"title":"Encuentro coral para celebrar los 30 a\u00f1os del Coral de las Sierras - Noticias Radio Reflejos","robots":{"index":"index","follow":"follow","max-snippet":"max-snippet:-1","max-image-preview":"max-image-preview:large","max-video-preview":"max-video-preview:-1"},"canonical":"https:\/\/www.noticiasradioreflejos.com.ar\/2021\/encuentro-coral-para-celebrar-los-30-anos-del-coral-de-las-sierras\/","og_locale":"es_ES","og_type":"article","og_title":"Encuentro coral para celebrar los 30 a\u00f1os del Coral de las Sierras - Noticias Radio Reflejos","og_description":"En el marco de los 30 a\u00f1os del Coral de las Sierras, este s\u00e1bado 29, tuvo lugar en el Centro Cultural de Sierra de la Ventana, un encuentro del que participaron otros coros de la regi\u00f3n. El importante marco de p\u00fablico pudo disfrutar de la m\u00fasica y las voces del Coral de las Sierras, de [&hellip;]","og_url":"https:\/\/www.noticiasradioreflejos.com.ar\/2021\/encuentro-coral-para-celebrar-los-30-anos-del-coral-de-las-sierras\/","og_site_name":"Noticias Radio Reflejos","article_published_time":"2019-07-01T19:59:47+00:00","og_image":[{"width":300,"height":200,"url":"https:\/\/www.noticiasradioreflejos.com.ar\/2021\/wp-content\/uploads\/2021\/07\/logosol300x200.png","type":"image\/png"}],"author":"Arnaldo Botto","twitter_card":"summary_large_image","schema":{"@context":"https:\/\/schema.org","@graph":[{"@type":"WebPage","@id":"https:\/\/www.noticiasradioreflejos.com.ar\/2021\/encuentro-coral-para-celebrar-los-30-anos-del-coral-de-las-sierras\/","url":"https:\/\/www.noticiasradioreflejos.com.ar\/2021\/encuentro-coral-para-celebrar-los-30-anos-del-coral-de-las-sierras\/","name":"Encuentro coral para celebrar los 30 a\u00f1os del Coral de las Sierras - Noticias Radio Reflejos","isPartOf":{"@id":"https:\/\/www.noticiasradioreflejos.com.ar\/2021\/#website"},"primaryImageOfPage":{"@id":"https:\/\/www.noticiasradioreflejos.com.ar\/2021\/encuentro-coral-para-celebrar-los-30-anos-del-coral-de-las-sierras\/#primaryimage"},"image":{"@id":"https:\/\/www.noticiasradioreflejos.com.ar\/2021\/encuentro-coral-para-celebrar-los-30-anos-del-coral-de-las-sierras\/#primaryimage"},"thumbnailUrl":"http:\/\/www.noticiasradioreflejos.com.ar\/noticias\/wp-content\/uploads\/2019\/07\/IMG-20190701-WA0031-300x169.jpg","datePublished":"2019-07-01T19:59:47+00:00","author":{"@id":"https:\/\/www.noticiasradioreflejos.com.ar\/2021\/#\/schema\/person\/ad82545263dcc5ec0996818884fd5fb1"},"breadcrumb":{"@id":"https:\/\/www.noticiasradioreflejos.com.ar\/2021\/encuentro-coral-para-celebrar-los-30-anos-del-coral-de-las-sierras\/#breadcrumb"},"inLanguage":"es","potentialAction":[{"@type":"ReadAction","target":["https:\/\/www.noticiasradioreflejos.com.ar\/2021\/encuentro-coral-para-celebrar-los-30-anos-del-coral-de-las-sierras\/"]}]},{"@type":"ImageObject","inLanguage":"es","@id":"https:\/\/www.noticiasradioreflejos.com.ar\/2021\/encuentro-coral-para-celebrar-los-30-anos-del-coral-de-las-sierras\/#primaryimage","url":"http:\/\/www.noticiasradioreflejos.com.ar\/noticias\/wp-content\/uploads\/2019\/07\/IMG-20190701-WA0031-300x169.jpg","contentUrl":"http:\/\/www.noticiasradioreflejos.com.ar\/noticias\/wp-content\/uploads\/2019\/07\/IMG-20190701-WA0031-300x169.jpg"},{"@type":"BreadcrumbList","@id":"https:\/\/www.noticiasradioreflejos.com.ar\/2021\/encuentro-coral-para-celebrar-los-30-anos-del-coral-de-las-sierras\/#breadcrumb","itemListElement":[{"@type":"ListItem","position":1,"name":"Portada","item":"https:\/\/www.noticiasradioreflejos.com.ar\/2021\/"},{"@type":"ListItem","position":2,"name":"Encuentro coral para celebrar los 30 a\u00f1os del Coral de las Sierras"}]},{"@type":"WebSite","@id":"https:\/\/www.noticiasradioreflejos.com.ar\/2021\/#website","url":"https:\/\/www.noticiasradioreflejos.com.ar\/2021\/","name":"Noticias Radio Reflejos","description":"Las noticias de mi comarca","potentialAction":[{"@type":"SearchAction","target":{"@type":"EntryPoint","urlTemplate":"https:\/\/www.noticiasradioreflejos.com.ar\/2021\/?s={search_term_string}"},"query-input":{"@type":"PropertyValueSpecification","valueRequired":true,"valueName":"search_term_string"}}],"inLanguage":"es"},{"@type":"Person","@id":"https:\/\/www.noticiasradioreflejos.com.ar\/2021\/#\/schema\/person\/ad82545263dcc5ec0996818884fd5fb1","name":"Arnaldo Botto","image":{"@type":"ImageObject","inLanguage":"es","@id":"https:\/\/www.noticiasradioreflejos.com.ar\/2021\/#\/schema\/person\/image\/","url":"https:\/\/secure.gravatar.com\/avatar\/55cb5e37c1efa326397366e6974cb338056df65cb50e7d64d1cf314e87504837?s=96&d=mm&r=g","contentUrl":"https:\/\/secure.gravatar.com\/avatar\/55cb5e37c1efa326397366e6974cb338056df65cb50e7d64d1cf314e87504837?s=96&d=mm&r=g","caption":"Arnaldo Botto"},"url":"https:\/\/www.noticiasradioreflejos.com.ar\/2021\/author\/arnaldo\/"}]}},"_links":{"self":[{"href":"https:\/\/www.noticiasradioreflejos.com.ar\/2021\/wp-json\/wp\/v2\/posts\/32659","targetHints":{"allow":["GET"]}}],"collection":[{"href":"https:\/\/www.noticiasradioreflejos.com.ar\/2021\/wp-json\/wp\/v2\/posts"}],"about":[{"href":"https:\/\/www.noticiasradioreflejos.com.ar\/2021\/wp-json\/wp\/v2\/types\/post"}],"author":[{"embeddable":true,"href":"https:\/\/www.noticiasradioreflejos.com.ar\/2021\/wp-json\/wp\/v2\/users\/3"}],"replies":[{"embeddable":true,"href":"https:\/\/www.noticiasradioreflejos.com.ar\/2021\/wp-json\/wp\/v2\/comments?post=32659"}],"version-history":[{"count":0,"href":"https:\/\/www.noticiasradioreflejos.com.ar\/2021\/wp-json\/wp\/v2\/posts\/32659\/revisions"}],"wp:attachment":[{"href":"https:\/\/www.noticiasradioreflejos.com.ar\/2021\/wp-json\/wp\/v2\/media?parent=32659"}],"wp:term":[{"taxonomy":"category","embeddable":true,"href":"https:\/\/www.noticiasradioreflejos.com.ar\/2021\/wp-json\/wp\/v2\/categories?post=32659"},{"taxonomy":"post_tag","embeddable":true,"href":"https:\/\/www.noticiasradioreflejos.com.ar\/2021\/wp-json\/wp\/v2\/tags?post=32659"}],"curies":[{"name":"wp","href":"https:\/\/api.w.org\/{rel}","templated":true}]}}