{"id":32655,"date":"2019-07-01T16:53:24","date_gmt":"2019-07-01T19:53:24","guid":{"rendered":"http:\/\/www.noticiasradioreflejos.com.ar\/noticias\/?p=32655"},"modified":"2019-07-01T16:53:24","modified_gmt":"2019-07-01T19:53:24","slug":"monotributo-arranca-hoy-la-recategorizacion-obligatoria","status":"publish","type":"post","link":"https:\/\/www.noticiasradioreflejos.com.ar\/2021\/monotributo-arranca-hoy-la-recategorizacion-obligatoria\/","title":{"rendered":"Monotributo: Arranca hoy la recategorizaci\u00f3n obligatoria."},"content":{"rendered":"<p>La Administraci\u00f3n Federal de Ingresos P\u00fablicos (AFIP) informa que desde hoy y hasta el 22 de este mes, los contribuyentes adheridos al R\u00e9gimen de Monotributo deber\u00e1n recategorizarse en forma obligatoria. La nueva categor\u00eda se pagar\u00e1 en agosto.<!--more--><br \/>\nEst\u00e1n alcanzados los contribuyentes cuyos par\u00e1metros sean superiores o inferiores a la categor\u00eda declarada. Qui\u00e9nes deban permanecer en la misma categor\u00eda no tendr\u00e1n que realizar ninguna gesti\u00f3n.<br \/>\nPara realizar la recategorizaci\u00f3n se deber\u00e1:<br \/>\n1) Ingresar al portal web de Monotributo o descargar la APP Monotributo.<br \/>\n2) Indicar CUIT, clave fiscal y presionar \u00abAceptar\u00bb.<br \/>\n3) Seleccionar la opci\u00f3n \u00abRecategorizarme\u00bb (all\u00ed tambi\u00e9n se podr\u00e1 observar en car\u00e1cter informativo los datos que posee este organismo de la situaci\u00f3n tributaria)<br \/>\n4) Seleccionar la opci\u00f3n \u00abContinuar recategorizaci\u00f3n\u00bb.<br \/>\n5) Indicar la opci\u00f3n \u00abImprimir credencial\u00bb.<br \/>\n6) Completar el formulario de Declaraci\u00f3n Jurada 184 informando los nuevos par\u00e1metros.<br \/>\n7) Luego, el sistema emitir\u00e1 el F.184 como comprobante del tr\u00e1mite realizado y la nueva credencial de pago.<br \/>\n\u00bfCu\u00e1ndo se debe ingresar el importe de la nueva categor\u00eda?<br \/>\nEl importe correspondiente se deber\u00e1 ingresar a partir del mes siguiente al de la recategorizaci\u00f3n.<br \/>\n\u00bfC\u00f3mo hago la recategorizaci\u00f3n si no cumplo con los 12 meses de actividad?<br \/>\nDe haber transcurrido seis meses completos o m\u00e1s desde el inicio de actividades al momento de la recategorizaci\u00f3n, se deber\u00e1 proceder a anualizar los par\u00e1metros a fin de determinar la recategorizaci\u00f3n.<br \/>\nEn caso de no completar seis meses completos de actividad, se mantendr\u00e1 la categorizaci\u00f3n inicial hasta el momento que corresponda la primera recategorizaci\u00f3n.<br \/>\n\u00bfQu\u00e9 par\u00e1metros se deben tener en cuenta?<br \/>\nSe deber\u00e1n tener en cuenta los ingresos brutos acumulados, la energ\u00eda el\u00e9ctrica consumida, los alquileres devengados en los 12 meses inmediatos anteriores y\/o la superficie afectada a la actividad en ese momento.<br \/>\n\u00bfQu\u00e9 ocurre si un contribuyente que deb\u00eda recategorizarse no lo hace?<br \/>\nEs importante aclarar que en caso de no optar por recategorizarse, la AFIP entender\u00e1 que ha confirmado la categor\u00eda actual. Pero si detecta que el contribuyente que deb\u00eda recategorizarse no lo hizo hasta el 20 de este mes, har\u00e1 el cambio de oficio y lo obligar\u00e1 a abonar los nuevos montos. Adem\u00e1s, ser\u00e1n sancionados con una multa del 50% del impuesto integrado y el componente previsional que les hubiera correspondido pagar.<br \/>\nwww.afip.gob.ar<\/p>\n","protected":false},"excerpt":{"rendered":"<p>La Administraci\u00f3n Federal de Ingresos P\u00fablicos (AFIP) informa que desde hoy y hasta el 22 de este mes, los contribuyentes adheridos al R\u00e9gimen de Monotributo deber\u00e1n recategorizarse en forma obligatoria. La nueva categor\u00eda se pagar\u00e1 en agosto.<\/p>\n","protected":false},"author":3,"featured_media":0,"comment_status":"closed","ping_status":"open","sticky":false,"template":"","format":"standard","meta":{"footnotes":""},"categories":[36],"tags":[],"class_list":["post-32655","post","type-post","status-publish","format-standard","hentry","category-economia"],"yoast_head":"<!-- This site is optimized with the Yoast SEO plugin v25.9 - https:\/\/yoast.com\/wordpress\/plugins\/seo\/ -->\n<title>Monotributo: Arranca hoy la recategorizaci\u00f3n obligatoria. - Noticias Radio Reflejos<\/title>\n<meta name=\"robots\" content=\"index, follow, max-snippet:-1, max-image-preview:large, max-video-preview:-1\" \/>\n<link rel=\"canonical\" href=\"https:\/\/www.noticiasradioreflejos.com.ar\/2021\/monotributo-arranca-hoy-la-recategorizacion-obligatoria\/\" \/>\n<meta property=\"og:locale\" content=\"es_ES\" \/>\n<meta property=\"og:type\" content=\"article\" \/>\n<meta property=\"og:title\" content=\"Monotributo: Arranca hoy la recategorizaci\u00f3n obligatoria. - Noticias Radio Reflejos\" \/>\n<meta property=\"og:description\" content=\"La Administraci\u00f3n Federal de Ingresos P\u00fablicos (AFIP) informa que desde hoy y hasta el 22 de este mes, los contribuyentes adheridos al R\u00e9gimen de Monotributo deber\u00e1n recategorizarse en forma obligatoria. La nueva categor\u00eda se pagar\u00e1 en agosto.\" \/>\n<meta property=\"og:url\" content=\"https:\/\/www.noticiasradioreflejos.com.ar\/2021\/monotributo-arranca-hoy-la-recategorizacion-obligatoria\/\" \/>\n<meta property=\"og:site_name\" content=\"Noticias Radio Reflejos\" \/>\n<meta property=\"article:published_time\" content=\"2019-07-01T19:53:24+00:00\" \/>\n<meta property=\"og:image\" content=\"https:\/\/www.noticiasradioreflejos.com.ar\/2021\/wp-content\/uploads\/2021\/07\/logosol300x200.png\" \/>\n\t<meta property=\"og:image:width\" content=\"300\" \/>\n\t<meta property=\"og:image:height\" content=\"200\" \/>\n\t<meta property=\"og:image:type\" content=\"image\/png\" \/>\n<meta name=\"author\" content=\"Arnaldo Botto\" \/>\n<meta name=\"twitter:card\" content=\"summary_large_image\" \/>\n<script type=\"application\/ld+json\" class=\"yoast-schema-graph\">{\"@context\":\"https:\/\/schema.org\",\"@graph\":[{\"@type\":\"WebPage\",\"@id\":\"https:\/\/www.noticiasradioreflejos.com.ar\/2021\/monotributo-arranca-hoy-la-recategorizacion-obligatoria\/\",\"url\":\"https:\/\/www.noticiasradioreflejos.com.ar\/2021\/monotributo-arranca-hoy-la-recategorizacion-obligatoria\/\",\"name\":\"Monotributo: Arranca hoy la recategorizaci\u00f3n obligatoria. - Noticias Radio Reflejos\",\"isPartOf\":{\"@id\":\"https:\/\/www.noticiasradioreflejos.com.ar\/2021\/#website\"},\"datePublished\":\"2019-07-01T19:53:24+00:00\",\"author\":{\"@id\":\"https:\/\/www.noticiasradioreflejos.com.ar\/2021\/#\/schema\/person\/ad82545263dcc5ec0996818884fd5fb1\"},\"breadcrumb\":{\"@id\":\"https:\/\/www.noticiasradioreflejos.com.ar\/2021\/monotributo-arranca-hoy-la-recategorizacion-obligatoria\/#breadcrumb\"},\"inLanguage\":\"es\",\"potentialAction\":[{\"@type\":\"ReadAction\",\"target\":[\"https:\/\/www.noticiasradioreflejos.com.ar\/2021\/monotributo-arranca-hoy-la-recategorizacion-obligatoria\/\"]}]},{\"@type\":\"BreadcrumbList\",\"@id\":\"https:\/\/www.noticiasradioreflejos.com.ar\/2021\/monotributo-arranca-hoy-la-recategorizacion-obligatoria\/#breadcrumb\",\"itemListElement\":[{\"@type\":\"ListItem\",\"position\":1,\"name\":\"Portada\",\"item\":\"https:\/\/www.noticiasradioreflejos.com.ar\/2021\/\"},{\"@type\":\"ListItem\",\"position\":2,\"name\":\"Monotributo: Arranca hoy la recategorizaci\u00f3n obligatoria.\"}]},{\"@type\":\"WebSite\",\"@id\":\"https:\/\/www.noticiasradioreflejos.com.ar\/2021\/#website\",\"url\":\"https:\/\/www.noticiasradioreflejos.com.ar\/2021\/\",\"name\":\"Noticias Radio Reflejos\",\"description\":\"Las noticias de mi comarca\",\"potentialAction\":[{\"@type\":\"SearchAction\",\"target\":{\"@type\":\"EntryPoint\",\"urlTemplate\":\"https:\/\/www.noticiasradioreflejos.com.ar\/2021\/?s={search_term_string}\"},\"query-input\":{\"@type\":\"PropertyValueSpecification\",\"valueRequired\":true,\"valueName\":\"search_term_string\"}}],\"inLanguage\":\"es\"},{\"@type\":\"Person\",\"@id\":\"https:\/\/www.noticiasradioreflejos.com.ar\/2021\/#\/schema\/person\/ad82545263dcc5ec0996818884fd5fb1\",\"name\":\"Arnaldo Botto\",\"image\":{\"@type\":\"ImageObject\",\"inLanguage\":\"es\",\"@id\":\"https:\/\/www.noticiasradioreflejos.com.ar\/2021\/#\/schema\/person\/image\/\",\"url\":\"https:\/\/secure.gravatar.com\/avatar\/55cb5e37c1efa326397366e6974cb338056df65cb50e7d64d1cf314e87504837?s=96&d=mm&r=g\",\"contentUrl\":\"https:\/\/secure.gravatar.com\/avatar\/55cb5e37c1efa326397366e6974cb338056df65cb50e7d64d1cf314e87504837?s=96&d=mm&r=g\",\"caption\":\"Arnaldo Botto\"},\"url\":\"https:\/\/www.noticiasradioreflejos.com.ar\/2021\/author\/arnaldo\/\"}]}<\/script>\n<!-- \/ Yoast SEO plugin. -->","yoast_head_json":{"title":"Monotributo: Arranca hoy la recategorizaci\u00f3n obligatoria. - Noticias Radio Reflejos","robots":{"index":"index","follow":"follow","max-snippet":"max-snippet:-1","max-image-preview":"max-image-preview:large","max-video-preview":"max-video-preview:-1"},"canonical":"https:\/\/www.noticiasradioreflejos.com.ar\/2021\/monotributo-arranca-hoy-la-recategorizacion-obligatoria\/","og_locale":"es_ES","og_type":"article","og_title":"Monotributo: Arranca hoy la recategorizaci\u00f3n obligatoria. - Noticias Radio Reflejos","og_description":"La Administraci\u00f3n Federal de Ingresos P\u00fablicos (AFIP) informa que desde hoy y hasta el 22 de este mes, los contribuyentes adheridos al R\u00e9gimen de Monotributo deber\u00e1n recategorizarse en forma obligatoria. La nueva categor\u00eda se pagar\u00e1 en agosto.","og_url":"https:\/\/www.noticiasradioreflejos.com.ar\/2021\/monotributo-arranca-hoy-la-recategorizacion-obligatoria\/","og_site_name":"Noticias Radio Reflejos","article_published_time":"2019-07-01T19:53:24+00:00","og_image":[{"width":300,"height":200,"url":"https:\/\/www.noticiasradioreflejos.com.ar\/2021\/wp-content\/uploads\/2021\/07\/logosol300x200.png","type":"image\/png"}],"author":"Arnaldo Botto","twitter_card":"summary_large_image","schema":{"@context":"https:\/\/schema.org","@graph":[{"@type":"WebPage","@id":"https:\/\/www.noticiasradioreflejos.com.ar\/2021\/monotributo-arranca-hoy-la-recategorizacion-obligatoria\/","url":"https:\/\/www.noticiasradioreflejos.com.ar\/2021\/monotributo-arranca-hoy-la-recategorizacion-obligatoria\/","name":"Monotributo: Arranca hoy la recategorizaci\u00f3n obligatoria. - Noticias Radio Reflejos","isPartOf":{"@id":"https:\/\/www.noticiasradioreflejos.com.ar\/2021\/#website"},"datePublished":"2019-07-01T19:53:24+00:00","author":{"@id":"https:\/\/www.noticiasradioreflejos.com.ar\/2021\/#\/schema\/person\/ad82545263dcc5ec0996818884fd5fb1"},"breadcrumb":{"@id":"https:\/\/www.noticiasradioreflejos.com.ar\/2021\/monotributo-arranca-hoy-la-recategorizacion-obligatoria\/#breadcrumb"},"inLanguage":"es","potentialAction":[{"@type":"ReadAction","target":["https:\/\/www.noticiasradioreflejos.com.ar\/2021\/monotributo-arranca-hoy-la-recategorizacion-obligatoria\/"]}]},{"@type":"BreadcrumbList","@id":"https:\/\/www.noticiasradioreflejos.com.ar\/2021\/monotributo-arranca-hoy-la-recategorizacion-obligatoria\/#breadcrumb","itemListElement":[{"@type":"ListItem","position":1,"name":"Portada","item":"https:\/\/www.noticiasradioreflejos.com.ar\/2021\/"},{"@type":"ListItem","position":2,"name":"Monotributo: Arranca hoy la recategorizaci\u00f3n obligatoria."}]},{"@type":"WebSite","@id":"https:\/\/www.noticiasradioreflejos.com.ar\/2021\/#website","url":"https:\/\/www.noticiasradioreflejos.com.ar\/2021\/","name":"Noticias Radio Reflejos","description":"Las noticias de mi comarca","potentialAction":[{"@type":"SearchAction","target":{"@type":"EntryPoint","urlTemplate":"https:\/\/www.noticiasradioreflejos.com.ar\/2021\/?s={search_term_string}"},"query-input":{"@type":"PropertyValueSpecification","valueRequired":true,"valueName":"search_term_string"}}],"inLanguage":"es"},{"@type":"Person","@id":"https:\/\/www.noticiasradioreflejos.com.ar\/2021\/#\/schema\/person\/ad82545263dcc5ec0996818884fd5fb1","name":"Arnaldo Botto","image":{"@type":"ImageObject","inLanguage":"es","@id":"https:\/\/www.noticiasradioreflejos.com.ar\/2021\/#\/schema\/person\/image\/","url":"https:\/\/secure.gravatar.com\/avatar\/55cb5e37c1efa326397366e6974cb338056df65cb50e7d64d1cf314e87504837?s=96&d=mm&r=g","contentUrl":"https:\/\/secure.gravatar.com\/avatar\/55cb5e37c1efa326397366e6974cb338056df65cb50e7d64d1cf314e87504837?s=96&d=mm&r=g","caption":"Arnaldo Botto"},"url":"https:\/\/www.noticiasradioreflejos.com.ar\/2021\/author\/arnaldo\/"}]}},"_links":{"self":[{"href":"https:\/\/www.noticiasradioreflejos.com.ar\/2021\/wp-json\/wp\/v2\/posts\/32655","targetHints":{"allow":["GET"]}}],"collection":[{"href":"https:\/\/www.noticiasradioreflejos.com.ar\/2021\/wp-json\/wp\/v2\/posts"}],"about":[{"href":"https:\/\/www.noticiasradioreflejos.com.ar\/2021\/wp-json\/wp\/v2\/types\/post"}],"author":[{"embeddable":true,"href":"https:\/\/www.noticiasradioreflejos.com.ar\/2021\/wp-json\/wp\/v2\/users\/3"}],"replies":[{"embeddable":true,"href":"https:\/\/www.noticiasradioreflejos.com.ar\/2021\/wp-json\/wp\/v2\/comments?post=32655"}],"version-history":[{"count":0,"href":"https:\/\/www.noticiasradioreflejos.com.ar\/2021\/wp-json\/wp\/v2\/posts\/32655\/revisions"}],"wp:attachment":[{"href":"https:\/\/www.noticiasradioreflejos.com.ar\/2021\/wp-json\/wp\/v2\/media?parent=32655"}],"wp:term":[{"taxonomy":"category","embeddable":true,"href":"https:\/\/www.noticiasradioreflejos.com.ar\/2021\/wp-json\/wp\/v2\/categories?post=32655"},{"taxonomy":"post_tag","embeddable":true,"href":"https:\/\/www.noticiasradioreflejos.com.ar\/2021\/wp-json\/wp\/v2\/tags?post=32655"}],"curies":[{"name":"wp","href":"https:\/\/api.w.org\/{rel}","templated":true}]}}