{"id":32626,"date":"2019-07-01T08:21:00","date_gmt":"2019-07-01T11:21:00","guid":{"rendered":"http:\/\/www.noticiasradioreflejos.com.ar\/noticias\/?p=32626"},"modified":"2019-07-01T08:21:00","modified_gmt":"2019-07-01T11:21:00","slug":"elecciones-de-consejeras-del-consejo-municipal-de-las-mujeres","status":"publish","type":"post","link":"https:\/\/www.noticiasradioreflejos.com.ar\/2021\/elecciones-de-consejeras-del-consejo-municipal-de-las-mujeres\/","title":{"rendered":"Elecciones de Consejeras del  Consejo Municipal de las Mujeres."},"content":{"rendered":"<p><a href=\"http:\/\/www.noticiasradioreflejos.com.ar\/noticias\/wp-content\/uploads\/2019\/07\/image.png\"><img loading=\"lazy\" decoding=\"async\" class=\"alignleft size-medium wp-image-32627\" src=\"http:\/\/www.noticiasradioreflejos.com.ar\/noticias\/wp-content\/uploads\/2019\/07\/image-214x300.png\" alt=\"image\" width=\"214\" height=\"300\" \/><\/a>Se realizara\u00a0el 2 de julio desde las 17 hs en el Centro Cultural de Sierra\u00a0de la Ventana:<br \/>\n<strong>Comunicado del Consejo Municipal de las Mujeres:<\/strong> Celebramos que se cumple un a\u00f1o de la creaci\u00f3n del Consejo Municipal de las Mujeres y, en ese marco, elegiremos por primera vez nuestras 12 Consejeras titulares las que, a su vez, elegir\u00e1n Presidenta y Secretaria del cuerpo.<!--more--><br \/>\nEl Consejo Municipal de las Mujeres est\u00e1 integrado por todas las mujeres que, a lo largo del primer a\u00f1o, se han sentido convocadas por este espacio de reflexi\u00f3n y debate permanentes; que reclama y asesora; que propone pol\u00edticas y programas, que escucha las demandas de las mujeres; que propicia encuentros mediante actividades culturales; impulsa y estimula la revalorizaci\u00f3n del papel de la mujer en la sociedad y su participaci\u00f3n en la vida comunitaria.<br \/>\nDesde el 3 de julio de 2018 en que el voto un\u00e1nime de lo\/as concejales aprob\u00f3 la ordenanza, el Consejo Municipal de las Mujeres se ha constituido en una instituci\u00f3n de la comunidad, realizando numerosas actividades tendientes a visibilizar la problem\u00e1tica de la mujer, para que se conozca y se garantice la vigencia de medidas destinadas a transformar sus necesidades en lo socio-econ\u00f3mico-pol\u00edtico-cultural.<br \/>\nSeguiremos trabajando en el mismo sentido, para hacer de Tornquist un distrito m\u00e1s equitativo e igualitario.<\/p>\n","protected":false},"excerpt":{"rendered":"<p>Se realizara\u00a0el 2 de julio desde las 17 hs en el Centro Cultural de Sierra\u00a0de la Ventana: Comunicado del Consejo Municipal de las Mujeres: Celebramos que se cumple un a\u00f1o de la creaci\u00f3n del Consejo Municipal de las Mujeres y, en ese marco, elegiremos por primera vez nuestras 12 Consejeras titulares las que, a su [&hellip;]<\/p>\n","protected":false},"author":3,"featured_media":0,"comment_status":"closed","ping_status":"open","sticky":false,"template":"","format":"standard","meta":{"footnotes":""},"categories":[24],"tags":[],"class_list":["post-32626","post","type-post","status-publish","format-standard","hentry","category-politica"],"yoast_head":"<!-- This site is optimized with the Yoast SEO plugin v25.9 - https:\/\/yoast.com\/wordpress\/plugins\/seo\/ -->\n<title>Elecciones de Consejeras del Consejo Municipal de las Mujeres. - Noticias Radio Reflejos<\/title>\n<meta name=\"robots\" content=\"index, follow, max-snippet:-1, max-image-preview:large, max-video-preview:-1\" \/>\n<link rel=\"canonical\" href=\"https:\/\/www.noticiasradioreflejos.com.ar\/2021\/elecciones-de-consejeras-del-consejo-municipal-de-las-mujeres\/\" \/>\n<meta property=\"og:locale\" content=\"es_ES\" \/>\n<meta property=\"og:type\" content=\"article\" \/>\n<meta property=\"og:title\" content=\"Elecciones de Consejeras del Consejo Municipal de las Mujeres. - Noticias Radio Reflejos\" \/>\n<meta property=\"og:description\" content=\"Se realizara\u00a0el 2 de julio desde las 17 hs en el Centro Cultural de Sierra\u00a0de la Ventana: Comunicado del Consejo Municipal de las Mujeres: Celebramos que se cumple un a\u00f1o de la creaci\u00f3n del Consejo Municipal de las Mujeres y, en ese marco, elegiremos por primera vez nuestras 12 Consejeras titulares las que, a su [&hellip;]\" \/>\n<meta property=\"og:url\" content=\"https:\/\/www.noticiasradioreflejos.com.ar\/2021\/elecciones-de-consejeras-del-consejo-municipal-de-las-mujeres\/\" \/>\n<meta property=\"og:site_name\" content=\"Noticias Radio Reflejos\" \/>\n<meta property=\"article:published_time\" content=\"2019-07-01T11:21:00+00:00\" \/>\n<meta property=\"og:image\" content=\"https:\/\/www.noticiasradioreflejos.com.ar\/2021\/wp-content\/uploads\/2021\/07\/logosol300x200.png\" \/>\n\t<meta property=\"og:image:width\" content=\"300\" \/>\n\t<meta property=\"og:image:height\" content=\"200\" \/>\n\t<meta property=\"og:image:type\" content=\"image\/png\" \/>\n<meta name=\"author\" content=\"Arnaldo Botto\" \/>\n<meta name=\"twitter:card\" content=\"summary_large_image\" \/>\n<script type=\"application\/ld+json\" class=\"yoast-schema-graph\">{\"@context\":\"https:\/\/schema.org\",\"@graph\":[{\"@type\":\"WebPage\",\"@id\":\"https:\/\/www.noticiasradioreflejos.com.ar\/2021\/elecciones-de-consejeras-del-consejo-municipal-de-las-mujeres\/\",\"url\":\"https:\/\/www.noticiasradioreflejos.com.ar\/2021\/elecciones-de-consejeras-del-consejo-municipal-de-las-mujeres\/\",\"name\":\"Elecciones de Consejeras del Consejo Municipal de las Mujeres. - Noticias Radio Reflejos\",\"isPartOf\":{\"@id\":\"https:\/\/www.noticiasradioreflejos.com.ar\/2021\/#website\"},\"primaryImageOfPage\":{\"@id\":\"https:\/\/www.noticiasradioreflejos.com.ar\/2021\/elecciones-de-consejeras-del-consejo-municipal-de-las-mujeres\/#primaryimage\"},\"image\":{\"@id\":\"https:\/\/www.noticiasradioreflejos.com.ar\/2021\/elecciones-de-consejeras-del-consejo-municipal-de-las-mujeres\/#primaryimage\"},\"thumbnailUrl\":\"http:\/\/www.noticiasradioreflejos.com.ar\/noticias\/wp-content\/uploads\/2019\/07\/image-214x300.png\",\"datePublished\":\"2019-07-01T11:21:00+00:00\",\"author\":{\"@id\":\"https:\/\/www.noticiasradioreflejos.com.ar\/2021\/#\/schema\/person\/ad82545263dcc5ec0996818884fd5fb1\"},\"breadcrumb\":{\"@id\":\"https:\/\/www.noticiasradioreflejos.com.ar\/2021\/elecciones-de-consejeras-del-consejo-municipal-de-las-mujeres\/#breadcrumb\"},\"inLanguage\":\"es\",\"potentialAction\":[{\"@type\":\"ReadAction\",\"target\":[\"https:\/\/www.noticiasradioreflejos.com.ar\/2021\/elecciones-de-consejeras-del-consejo-municipal-de-las-mujeres\/\"]}]},{\"@type\":\"ImageObject\",\"inLanguage\":\"es\",\"@id\":\"https:\/\/www.noticiasradioreflejos.com.ar\/2021\/elecciones-de-consejeras-del-consejo-municipal-de-las-mujeres\/#primaryimage\",\"url\":\"http:\/\/www.noticiasradioreflejos.com.ar\/noticias\/wp-content\/uploads\/2019\/07\/image-214x300.png\",\"contentUrl\":\"http:\/\/www.noticiasradioreflejos.com.ar\/noticias\/wp-content\/uploads\/2019\/07\/image-214x300.png\"},{\"@type\":\"BreadcrumbList\",\"@id\":\"https:\/\/www.noticiasradioreflejos.com.ar\/2021\/elecciones-de-consejeras-del-consejo-municipal-de-las-mujeres\/#breadcrumb\",\"itemListElement\":[{\"@type\":\"ListItem\",\"position\":1,\"name\":\"Portada\",\"item\":\"https:\/\/www.noticiasradioreflejos.com.ar\/2021\/\"},{\"@type\":\"ListItem\",\"position\":2,\"name\":\"Elecciones de Consejeras del Consejo Municipal de las Mujeres.\"}]},{\"@type\":\"WebSite\",\"@id\":\"https:\/\/www.noticiasradioreflejos.com.ar\/2021\/#website\",\"url\":\"https:\/\/www.noticiasradioreflejos.com.ar\/2021\/\",\"name\":\"Noticias Radio Reflejos\",\"description\":\"Las noticias de mi comarca\",\"potentialAction\":[{\"@type\":\"SearchAction\",\"target\":{\"@type\":\"EntryPoint\",\"urlTemplate\":\"https:\/\/www.noticiasradioreflejos.com.ar\/2021\/?s={search_term_string}\"},\"query-input\":{\"@type\":\"PropertyValueSpecification\",\"valueRequired\":true,\"valueName\":\"search_term_string\"}}],\"inLanguage\":\"es\"},{\"@type\":\"Person\",\"@id\":\"https:\/\/www.noticiasradioreflejos.com.ar\/2021\/#\/schema\/person\/ad82545263dcc5ec0996818884fd5fb1\",\"name\":\"Arnaldo Botto\",\"image\":{\"@type\":\"ImageObject\",\"inLanguage\":\"es\",\"@id\":\"https:\/\/www.noticiasradioreflejos.com.ar\/2021\/#\/schema\/person\/image\/\",\"url\":\"https:\/\/secure.gravatar.com\/avatar\/55cb5e37c1efa326397366e6974cb338056df65cb50e7d64d1cf314e87504837?s=96&d=mm&r=g\",\"contentUrl\":\"https:\/\/secure.gravatar.com\/avatar\/55cb5e37c1efa326397366e6974cb338056df65cb50e7d64d1cf314e87504837?s=96&d=mm&r=g\",\"caption\":\"Arnaldo Botto\"},\"url\":\"https:\/\/www.noticiasradioreflejos.com.ar\/2021\/author\/arnaldo\/\"}]}<\/script>\n<!-- \/ Yoast SEO plugin. -->","yoast_head_json":{"title":"Elecciones de Consejeras del Consejo Municipal de las Mujeres. - Noticias Radio Reflejos","robots":{"index":"index","follow":"follow","max-snippet":"max-snippet:-1","max-image-preview":"max-image-preview:large","max-video-preview":"max-video-preview:-1"},"canonical":"https:\/\/www.noticiasradioreflejos.com.ar\/2021\/elecciones-de-consejeras-del-consejo-municipal-de-las-mujeres\/","og_locale":"es_ES","og_type":"article","og_title":"Elecciones de Consejeras del Consejo Municipal de las Mujeres. - Noticias Radio Reflejos","og_description":"Se realizara\u00a0el 2 de julio desde las 17 hs en el Centro Cultural de Sierra\u00a0de la Ventana: Comunicado del Consejo Municipal de las Mujeres: Celebramos que se cumple un a\u00f1o de la creaci\u00f3n del Consejo Municipal de las Mujeres y, en ese marco, elegiremos por primera vez nuestras 12 Consejeras titulares las que, a su [&hellip;]","og_url":"https:\/\/www.noticiasradioreflejos.com.ar\/2021\/elecciones-de-consejeras-del-consejo-municipal-de-las-mujeres\/","og_site_name":"Noticias Radio Reflejos","article_published_time":"2019-07-01T11:21:00+00:00","og_image":[{"width":300,"height":200,"url":"https:\/\/www.noticiasradioreflejos.com.ar\/2021\/wp-content\/uploads\/2021\/07\/logosol300x200.png","type":"image\/png"}],"author":"Arnaldo Botto","twitter_card":"summary_large_image","schema":{"@context":"https:\/\/schema.org","@graph":[{"@type":"WebPage","@id":"https:\/\/www.noticiasradioreflejos.com.ar\/2021\/elecciones-de-consejeras-del-consejo-municipal-de-las-mujeres\/","url":"https:\/\/www.noticiasradioreflejos.com.ar\/2021\/elecciones-de-consejeras-del-consejo-municipal-de-las-mujeres\/","name":"Elecciones de Consejeras del Consejo Municipal de las Mujeres. - Noticias Radio Reflejos","isPartOf":{"@id":"https:\/\/www.noticiasradioreflejos.com.ar\/2021\/#website"},"primaryImageOfPage":{"@id":"https:\/\/www.noticiasradioreflejos.com.ar\/2021\/elecciones-de-consejeras-del-consejo-municipal-de-las-mujeres\/#primaryimage"},"image":{"@id":"https:\/\/www.noticiasradioreflejos.com.ar\/2021\/elecciones-de-consejeras-del-consejo-municipal-de-las-mujeres\/#primaryimage"},"thumbnailUrl":"http:\/\/www.noticiasradioreflejos.com.ar\/noticias\/wp-content\/uploads\/2019\/07\/image-214x300.png","datePublished":"2019-07-01T11:21:00+00:00","author":{"@id":"https:\/\/www.noticiasradioreflejos.com.ar\/2021\/#\/schema\/person\/ad82545263dcc5ec0996818884fd5fb1"},"breadcrumb":{"@id":"https:\/\/www.noticiasradioreflejos.com.ar\/2021\/elecciones-de-consejeras-del-consejo-municipal-de-las-mujeres\/#breadcrumb"},"inLanguage":"es","potentialAction":[{"@type":"ReadAction","target":["https:\/\/www.noticiasradioreflejos.com.ar\/2021\/elecciones-de-consejeras-del-consejo-municipal-de-las-mujeres\/"]}]},{"@type":"ImageObject","inLanguage":"es","@id":"https:\/\/www.noticiasradioreflejos.com.ar\/2021\/elecciones-de-consejeras-del-consejo-municipal-de-las-mujeres\/#primaryimage","url":"http:\/\/www.noticiasradioreflejos.com.ar\/noticias\/wp-content\/uploads\/2019\/07\/image-214x300.png","contentUrl":"http:\/\/www.noticiasradioreflejos.com.ar\/noticias\/wp-content\/uploads\/2019\/07\/image-214x300.png"},{"@type":"BreadcrumbList","@id":"https:\/\/www.noticiasradioreflejos.com.ar\/2021\/elecciones-de-consejeras-del-consejo-municipal-de-las-mujeres\/#breadcrumb","itemListElement":[{"@type":"ListItem","position":1,"name":"Portada","item":"https:\/\/www.noticiasradioreflejos.com.ar\/2021\/"},{"@type":"ListItem","position":2,"name":"Elecciones de Consejeras del Consejo Municipal de las Mujeres."}]},{"@type":"WebSite","@id":"https:\/\/www.noticiasradioreflejos.com.ar\/2021\/#website","url":"https:\/\/www.noticiasradioreflejos.com.ar\/2021\/","name":"Noticias Radio Reflejos","description":"Las noticias de mi comarca","potentialAction":[{"@type":"SearchAction","target":{"@type":"EntryPoint","urlTemplate":"https:\/\/www.noticiasradioreflejos.com.ar\/2021\/?s={search_term_string}"},"query-input":{"@type":"PropertyValueSpecification","valueRequired":true,"valueName":"search_term_string"}}],"inLanguage":"es"},{"@type":"Person","@id":"https:\/\/www.noticiasradioreflejos.com.ar\/2021\/#\/schema\/person\/ad82545263dcc5ec0996818884fd5fb1","name":"Arnaldo Botto","image":{"@type":"ImageObject","inLanguage":"es","@id":"https:\/\/www.noticiasradioreflejos.com.ar\/2021\/#\/schema\/person\/image\/","url":"https:\/\/secure.gravatar.com\/avatar\/55cb5e37c1efa326397366e6974cb338056df65cb50e7d64d1cf314e87504837?s=96&d=mm&r=g","contentUrl":"https:\/\/secure.gravatar.com\/avatar\/55cb5e37c1efa326397366e6974cb338056df65cb50e7d64d1cf314e87504837?s=96&d=mm&r=g","caption":"Arnaldo Botto"},"url":"https:\/\/www.noticiasradioreflejos.com.ar\/2021\/author\/arnaldo\/"}]}},"_links":{"self":[{"href":"https:\/\/www.noticiasradioreflejos.com.ar\/2021\/wp-json\/wp\/v2\/posts\/32626","targetHints":{"allow":["GET"]}}],"collection":[{"href":"https:\/\/www.noticiasradioreflejos.com.ar\/2021\/wp-json\/wp\/v2\/posts"}],"about":[{"href":"https:\/\/www.noticiasradioreflejos.com.ar\/2021\/wp-json\/wp\/v2\/types\/post"}],"author":[{"embeddable":true,"href":"https:\/\/www.noticiasradioreflejos.com.ar\/2021\/wp-json\/wp\/v2\/users\/3"}],"replies":[{"embeddable":true,"href":"https:\/\/www.noticiasradioreflejos.com.ar\/2021\/wp-json\/wp\/v2\/comments?post=32626"}],"version-history":[{"count":0,"href":"https:\/\/www.noticiasradioreflejos.com.ar\/2021\/wp-json\/wp\/v2\/posts\/32626\/revisions"}],"wp:attachment":[{"href":"https:\/\/www.noticiasradioreflejos.com.ar\/2021\/wp-json\/wp\/v2\/media?parent=32626"}],"wp:term":[{"taxonomy":"category","embeddable":true,"href":"https:\/\/www.noticiasradioreflejos.com.ar\/2021\/wp-json\/wp\/v2\/categories?post=32626"},{"taxonomy":"post_tag","embeddable":true,"href":"https:\/\/www.noticiasradioreflejos.com.ar\/2021\/wp-json\/wp\/v2\/tags?post=32626"}],"curies":[{"name":"wp","href":"https:\/\/api.w.org\/{rel}","templated":true}]}}