{"id":32623,"date":"2019-07-01T08:14:55","date_gmt":"2019-07-01T11:14:55","guid":{"rendered":"http:\/\/www.noticiasradioreflejos.com.ar\/noticias\/?p=32623"},"modified":"2019-07-01T08:14:55","modified_gmt":"2019-07-01T11:14:55","slug":"cuenta-regresiva-para-el-vi-encuentro-internacional-de-clarinetes","status":"publish","type":"post","link":"https:\/\/www.noticiasradioreflejos.com.ar\/2021\/cuenta-regresiva-para-el-vi-encuentro-internacional-de-clarinetes\/","title":{"rendered":"Cuenta regresiva para el VI ENCUENTRO INTERNACIONAL DE CLARINETES"},"content":{"rendered":"<p>Entre el s\u00e1bado 6 y el lunes 8 de julio se desarrollar\u00e1 el VI Encuentro Internacional de Clarinetes Bah\u00eda Blanca 2019 organizado por la Asociaci\u00f3n Filarm\u00f3nica de Bah\u00eda Blanca, el Coro de Clarinetes Carmelo Azzolina y el Conservatorio Provincial de M\u00fasica de Bah\u00eda Blanca.<!--more--><br \/>\nEn distintas modalidades y niveles, los alumnos participantes tendr\u00e1n la posibilidad de tomar clases individuales y ser parte de los talleres de improvisaci\u00f3n y muestras de instrumentos y accesorios con profesores de prestigio y trayectoria internacional.<br \/>\nEn este VI Encuentro visitar\u00e1n nuestra ciudad los profesores Mariano Rey (solista de clarinete de la Orquesta Filarm\u00f3nica de Buenos Aires, distinguido con el premio Carlos Gardel 2015 y el premio Konex 2009\/2019); Rosa Barros (profesora en el Instituto Federal de Goi\u00e1s (IFG\/Brasil), fundadora del Proyecto \u00abDiversiones para Clarinete\u00bb, especialista en ense\u00f1anza de clarinete para ni\u00f1os) y Osvaldo Lichtenzveig (egresado del Instituto Superior de Arte de La Habana, Cuba; profesor en la Escuela de M\u00fasica de Neuqu\u00e9n y Universidad Patag\u00f3nica de las Artes; primer clarinete de la Orquesta Sinf\u00f3nica de R\u00edo Negro)<br \/>\nAl finalizar cada jornada tendr\u00e1n lugar los Conciertos del Encuentro:<br \/>\nS\u00e1bado 6 de julio, 20hs., Centro Hist\u00f3rico Cultural UNS, Rondeau 29<br \/>\nConcierto de Apertura &#8211; Entrada libre y gratuita<br \/>\nBastian y Bastiana, cuento cantado de W.A. Mozart<br \/>\nParticipan Cantantes del Taller de Opera del Conservatorio de M\u00fasica y el Coro de Clarinetes Carmelo Azzolina. Direccion Gustavo Kamerbeek. Puesta: Felipe Hirschfeldt<br \/>\nDomingo 7 de julio, 20hs., Biblioteca B. Rivadavia, Av. Col\u00f3n 31<br \/>\nConcierto de Profesores y m\u00fasicos invitados<br \/>\nParticipan Mariano Rey, Rosa Barros y Osvaldo Lichtenzveig, con la participaci\u00f3n de Ignacio Ares, Ra\u00fal Soto, Francisco Di Meo, Gustavo Kamerbeek y Supernova Jazz Trio.<br \/>\nLunes 8 de julio, 20hs., Escuela de Danza, Brown 128 (2do piso)<br \/>\nConcierto de Clausura &#8211; Entrada Libre y gratuita (capacidad 120 personas)<br \/>\nMuestra de lo desarrollado en los Talleres con alumnos nivel inicial y medio, Taller de Improvisaci\u00f3n libre y Concierto final del Coro de Clarinetes del VI Encuentro, con la participaci\u00f3n de alumnos asistentes y profesores.<br \/>\nMas info: <a href=\"https:\/\/www.facebook.com\/VI-Encuentro-de-Clarinetes-de-Bah\u00eda-Blanca-293859187942467\/?epa=SEARCH_BOX\"><strong>AQUI<\/strong><\/a><br \/>\n&nbsp;<\/p>\n","protected":false},"excerpt":{"rendered":"<p>Entre el s\u00e1bado 6 y el lunes 8 de julio se desarrollar\u00e1 el VI Encuentro Internacional de Clarinetes Bah\u00eda Blanca 2019 organizado por la Asociaci\u00f3n Filarm\u00f3nica de Bah\u00eda Blanca, el Coro de Clarinetes Carmelo Azzolina y el Conservatorio Provincial de M\u00fasica de Bah\u00eda Blanca.<\/p>\n","protected":false},"author":3,"featured_media":0,"comment_status":"closed","ping_status":"open","sticky":false,"template":"","format":"standard","meta":{"footnotes":""},"categories":[35],"tags":[],"class_list":["post-32623","post","type-post","status-publish","format-standard","hentry","category-cultura"],"yoast_head":"<!-- This site is optimized with the Yoast SEO plugin v25.9 - https:\/\/yoast.com\/wordpress\/plugins\/seo\/ -->\n<title>Cuenta regresiva para el VI ENCUENTRO INTERNACIONAL DE CLARINETES - Noticias Radio Reflejos<\/title>\n<meta name=\"robots\" content=\"index, follow, max-snippet:-1, max-image-preview:large, max-video-preview:-1\" \/>\n<link rel=\"canonical\" href=\"https:\/\/www.noticiasradioreflejos.com.ar\/2021\/cuenta-regresiva-para-el-vi-encuentro-internacional-de-clarinetes\/\" \/>\n<meta property=\"og:locale\" content=\"es_ES\" \/>\n<meta property=\"og:type\" content=\"article\" \/>\n<meta property=\"og:title\" content=\"Cuenta regresiva para el VI ENCUENTRO INTERNACIONAL DE CLARINETES - Noticias Radio Reflejos\" \/>\n<meta property=\"og:description\" content=\"Entre el s\u00e1bado 6 y el lunes 8 de julio se desarrollar\u00e1 el VI Encuentro Internacional de Clarinetes Bah\u00eda Blanca 2019 organizado por la Asociaci\u00f3n Filarm\u00f3nica de Bah\u00eda Blanca, el Coro de Clarinetes Carmelo Azzolina y el Conservatorio Provincial de M\u00fasica de Bah\u00eda Blanca.\" \/>\n<meta property=\"og:url\" content=\"https:\/\/www.noticiasradioreflejos.com.ar\/2021\/cuenta-regresiva-para-el-vi-encuentro-internacional-de-clarinetes\/\" \/>\n<meta property=\"og:site_name\" content=\"Noticias Radio Reflejos\" \/>\n<meta property=\"article:published_time\" content=\"2019-07-01T11:14:55+00:00\" \/>\n<meta property=\"og:image\" content=\"https:\/\/www.noticiasradioreflejos.com.ar\/2021\/wp-content\/uploads\/2021\/07\/logosol300x200.png\" \/>\n\t<meta property=\"og:image:width\" content=\"300\" \/>\n\t<meta property=\"og:image:height\" content=\"200\" \/>\n\t<meta property=\"og:image:type\" content=\"image\/png\" \/>\n<meta name=\"author\" content=\"Arnaldo Botto\" \/>\n<meta name=\"twitter:card\" content=\"summary_large_image\" \/>\n<script type=\"application\/ld+json\" class=\"yoast-schema-graph\">{\"@context\":\"https:\/\/schema.org\",\"@graph\":[{\"@type\":\"WebPage\",\"@id\":\"https:\/\/www.noticiasradioreflejos.com.ar\/2021\/cuenta-regresiva-para-el-vi-encuentro-internacional-de-clarinetes\/\",\"url\":\"https:\/\/www.noticiasradioreflejos.com.ar\/2021\/cuenta-regresiva-para-el-vi-encuentro-internacional-de-clarinetes\/\",\"name\":\"Cuenta regresiva para el VI ENCUENTRO INTERNACIONAL DE CLARINETES - Noticias Radio Reflejos\",\"isPartOf\":{\"@id\":\"https:\/\/www.noticiasradioreflejos.com.ar\/2021\/#website\"},\"datePublished\":\"2019-07-01T11:14:55+00:00\",\"author\":{\"@id\":\"https:\/\/www.noticiasradioreflejos.com.ar\/2021\/#\/schema\/person\/ad82545263dcc5ec0996818884fd5fb1\"},\"breadcrumb\":{\"@id\":\"https:\/\/www.noticiasradioreflejos.com.ar\/2021\/cuenta-regresiva-para-el-vi-encuentro-internacional-de-clarinetes\/#breadcrumb\"},\"inLanguage\":\"es\",\"potentialAction\":[{\"@type\":\"ReadAction\",\"target\":[\"https:\/\/www.noticiasradioreflejos.com.ar\/2021\/cuenta-regresiva-para-el-vi-encuentro-internacional-de-clarinetes\/\"]}]},{\"@type\":\"BreadcrumbList\",\"@id\":\"https:\/\/www.noticiasradioreflejos.com.ar\/2021\/cuenta-regresiva-para-el-vi-encuentro-internacional-de-clarinetes\/#breadcrumb\",\"itemListElement\":[{\"@type\":\"ListItem\",\"position\":1,\"name\":\"Portada\",\"item\":\"https:\/\/www.noticiasradioreflejos.com.ar\/2021\/\"},{\"@type\":\"ListItem\",\"position\":2,\"name\":\"Cuenta regresiva para el VI ENCUENTRO INTERNACIONAL DE CLARINETES\"}]},{\"@type\":\"WebSite\",\"@id\":\"https:\/\/www.noticiasradioreflejos.com.ar\/2021\/#website\",\"url\":\"https:\/\/www.noticiasradioreflejos.com.ar\/2021\/\",\"name\":\"Noticias Radio Reflejos\",\"description\":\"Las noticias de mi comarca\",\"potentialAction\":[{\"@type\":\"SearchAction\",\"target\":{\"@type\":\"EntryPoint\",\"urlTemplate\":\"https:\/\/www.noticiasradioreflejos.com.ar\/2021\/?s={search_term_string}\"},\"query-input\":{\"@type\":\"PropertyValueSpecification\",\"valueRequired\":true,\"valueName\":\"search_term_string\"}}],\"inLanguage\":\"es\"},{\"@type\":\"Person\",\"@id\":\"https:\/\/www.noticiasradioreflejos.com.ar\/2021\/#\/schema\/person\/ad82545263dcc5ec0996818884fd5fb1\",\"name\":\"Arnaldo Botto\",\"image\":{\"@type\":\"ImageObject\",\"inLanguage\":\"es\",\"@id\":\"https:\/\/www.noticiasradioreflejos.com.ar\/2021\/#\/schema\/person\/image\/\",\"url\":\"https:\/\/secure.gravatar.com\/avatar\/55cb5e37c1efa326397366e6974cb338056df65cb50e7d64d1cf314e87504837?s=96&d=mm&r=g\",\"contentUrl\":\"https:\/\/secure.gravatar.com\/avatar\/55cb5e37c1efa326397366e6974cb338056df65cb50e7d64d1cf314e87504837?s=96&d=mm&r=g\",\"caption\":\"Arnaldo Botto\"},\"url\":\"https:\/\/www.noticiasradioreflejos.com.ar\/2021\/author\/arnaldo\/\"}]}<\/script>\n<!-- \/ Yoast SEO plugin. -->","yoast_head_json":{"title":"Cuenta regresiva para el VI ENCUENTRO INTERNACIONAL DE CLARINETES - Noticias Radio Reflejos","robots":{"index":"index","follow":"follow","max-snippet":"max-snippet:-1","max-image-preview":"max-image-preview:large","max-video-preview":"max-video-preview:-1"},"canonical":"https:\/\/www.noticiasradioreflejos.com.ar\/2021\/cuenta-regresiva-para-el-vi-encuentro-internacional-de-clarinetes\/","og_locale":"es_ES","og_type":"article","og_title":"Cuenta regresiva para el VI ENCUENTRO INTERNACIONAL DE CLARINETES - Noticias Radio Reflejos","og_description":"Entre el s\u00e1bado 6 y el lunes 8 de julio se desarrollar\u00e1 el VI Encuentro Internacional de Clarinetes Bah\u00eda Blanca 2019 organizado por la Asociaci\u00f3n Filarm\u00f3nica de Bah\u00eda Blanca, el Coro de Clarinetes Carmelo Azzolina y el Conservatorio Provincial de M\u00fasica de Bah\u00eda Blanca.","og_url":"https:\/\/www.noticiasradioreflejos.com.ar\/2021\/cuenta-regresiva-para-el-vi-encuentro-internacional-de-clarinetes\/","og_site_name":"Noticias Radio Reflejos","article_published_time":"2019-07-01T11:14:55+00:00","og_image":[{"width":300,"height":200,"url":"https:\/\/www.noticiasradioreflejos.com.ar\/2021\/wp-content\/uploads\/2021\/07\/logosol300x200.png","type":"image\/png"}],"author":"Arnaldo Botto","twitter_card":"summary_large_image","schema":{"@context":"https:\/\/schema.org","@graph":[{"@type":"WebPage","@id":"https:\/\/www.noticiasradioreflejos.com.ar\/2021\/cuenta-regresiva-para-el-vi-encuentro-internacional-de-clarinetes\/","url":"https:\/\/www.noticiasradioreflejos.com.ar\/2021\/cuenta-regresiva-para-el-vi-encuentro-internacional-de-clarinetes\/","name":"Cuenta regresiva para el VI ENCUENTRO INTERNACIONAL DE CLARINETES - Noticias Radio Reflejos","isPartOf":{"@id":"https:\/\/www.noticiasradioreflejos.com.ar\/2021\/#website"},"datePublished":"2019-07-01T11:14:55+00:00","author":{"@id":"https:\/\/www.noticiasradioreflejos.com.ar\/2021\/#\/schema\/person\/ad82545263dcc5ec0996818884fd5fb1"},"breadcrumb":{"@id":"https:\/\/www.noticiasradioreflejos.com.ar\/2021\/cuenta-regresiva-para-el-vi-encuentro-internacional-de-clarinetes\/#breadcrumb"},"inLanguage":"es","potentialAction":[{"@type":"ReadAction","target":["https:\/\/www.noticiasradioreflejos.com.ar\/2021\/cuenta-regresiva-para-el-vi-encuentro-internacional-de-clarinetes\/"]}]},{"@type":"BreadcrumbList","@id":"https:\/\/www.noticiasradioreflejos.com.ar\/2021\/cuenta-regresiva-para-el-vi-encuentro-internacional-de-clarinetes\/#breadcrumb","itemListElement":[{"@type":"ListItem","position":1,"name":"Portada","item":"https:\/\/www.noticiasradioreflejos.com.ar\/2021\/"},{"@type":"ListItem","position":2,"name":"Cuenta regresiva para el VI ENCUENTRO INTERNACIONAL DE CLARINETES"}]},{"@type":"WebSite","@id":"https:\/\/www.noticiasradioreflejos.com.ar\/2021\/#website","url":"https:\/\/www.noticiasradioreflejos.com.ar\/2021\/","name":"Noticias Radio Reflejos","description":"Las noticias de mi comarca","potentialAction":[{"@type":"SearchAction","target":{"@type":"EntryPoint","urlTemplate":"https:\/\/www.noticiasradioreflejos.com.ar\/2021\/?s={search_term_string}"},"query-input":{"@type":"PropertyValueSpecification","valueRequired":true,"valueName":"search_term_string"}}],"inLanguage":"es"},{"@type":"Person","@id":"https:\/\/www.noticiasradioreflejos.com.ar\/2021\/#\/schema\/person\/ad82545263dcc5ec0996818884fd5fb1","name":"Arnaldo Botto","image":{"@type":"ImageObject","inLanguage":"es","@id":"https:\/\/www.noticiasradioreflejos.com.ar\/2021\/#\/schema\/person\/image\/","url":"https:\/\/secure.gravatar.com\/avatar\/55cb5e37c1efa326397366e6974cb338056df65cb50e7d64d1cf314e87504837?s=96&d=mm&r=g","contentUrl":"https:\/\/secure.gravatar.com\/avatar\/55cb5e37c1efa326397366e6974cb338056df65cb50e7d64d1cf314e87504837?s=96&d=mm&r=g","caption":"Arnaldo Botto"},"url":"https:\/\/www.noticiasradioreflejos.com.ar\/2021\/author\/arnaldo\/"}]}},"_links":{"self":[{"href":"https:\/\/www.noticiasradioreflejos.com.ar\/2021\/wp-json\/wp\/v2\/posts\/32623","targetHints":{"allow":["GET"]}}],"collection":[{"href":"https:\/\/www.noticiasradioreflejos.com.ar\/2021\/wp-json\/wp\/v2\/posts"}],"about":[{"href":"https:\/\/www.noticiasradioreflejos.com.ar\/2021\/wp-json\/wp\/v2\/types\/post"}],"author":[{"embeddable":true,"href":"https:\/\/www.noticiasradioreflejos.com.ar\/2021\/wp-json\/wp\/v2\/users\/3"}],"replies":[{"embeddable":true,"href":"https:\/\/www.noticiasradioreflejos.com.ar\/2021\/wp-json\/wp\/v2\/comments?post=32623"}],"version-history":[{"count":0,"href":"https:\/\/www.noticiasradioreflejos.com.ar\/2021\/wp-json\/wp\/v2\/posts\/32623\/revisions"}],"wp:attachment":[{"href":"https:\/\/www.noticiasradioreflejos.com.ar\/2021\/wp-json\/wp\/v2\/media?parent=32623"}],"wp:term":[{"taxonomy":"category","embeddable":true,"href":"https:\/\/www.noticiasradioreflejos.com.ar\/2021\/wp-json\/wp\/v2\/categories?post=32623"},{"taxonomy":"post_tag","embeddable":true,"href":"https:\/\/www.noticiasradioreflejos.com.ar\/2021\/wp-json\/wp\/v2\/tags?post=32623"}],"curies":[{"name":"wp","href":"https:\/\/api.w.org\/{rel}","templated":true}]}}