{"id":32612,"date":"2019-06-28T19:37:04","date_gmt":"2019-06-28T22:37:04","guid":{"rendered":"http:\/\/www.noticiasradioreflejos.com.ar\/noticias\/?p=32612"},"modified":"2019-06-28T19:37:04","modified_gmt":"2019-06-28T22:37:04","slug":"se-realizo-la-reunion-informativa-acerca-del-proyecto-centro-comercial-abierto-para-sierra-de-la-ventana","status":"publish","type":"post","link":"https:\/\/www.noticiasradioreflejos.com.ar\/2021\/se-realizo-la-reunion-informativa-acerca-del-proyecto-centro-comercial-abierto-para-sierra-de-la-ventana\/","title":{"rendered":"Se realiz\u00f3 la reuni\u00f3n informativa acerca del proyecto &quot;Centro Comercial Abierto&quot; para Sierra de la Ventana."},"content":{"rendered":"<p>La C\u00e1mara de comercio CAMCOTISAS, realiz\u00f3 esta tarde la 2da reuni\u00f3n informativa acerca del proyecto \u00abCentro Comercial Abierto\u00bb para Sierra de la Ventana. La misma se llev\u00f3 a cabo pasadas las 15,30 hs en Centro Cultural.<br \/>\nEstuvo presente el Dr. Fernando Vertula, Director de Promoci\u00f3n y Fiscalizaci\u00f3n de Comercio del Ministerio de Producci\u00f3n de Buenos Aires, para avalar la iniciativa de Camcotisas y asegurar el acompa\u00f1amiento del gobierno provincial, autoridades de FEBA,\u00a0 CAME\u00a0 y la c\u00e1mara local.<!--more--><br \/>\n<a href=\"http:\/\/www.noticiasradioreflejos.com.ar\/noticias\/wp-content\/uploads\/2019\/06\/12140006.jpg\"><img loading=\"lazy\" decoding=\"async\" class=\"alignleft size-large wp-image-32613\" src=\"http:\/\/www.noticiasradioreflejos.com.ar\/noticias\/wp-content\/uploads\/2019\/06\/12140006-1024x576.jpg\" alt=\"12140006\" width=\"1024\" height=\"576\" \/><\/a>Participaron de la reuni\u00f3n, dando las palabras de inicio, el Director de Turismo de Tornquist, Mart\u00edn Olhaberry, la Presidenta de Camcotisas Micaela Costas, integrantes de la comisi\u00f3n directiva de la c\u00e1mara, comerciante y p\u00fablico, entre los que se encontr\u00f3 al ex intendente y precandidato por el Frente de Todos Gustavo Trankels, Carmen Soverchia y Claudio iribarren candidatos a concejales.<br \/>\nFernando Vertula asegur\u00f3 que desde el ministerio brindan herramientas para aumentar la actividad comercial y brindarle a los consumidores ofertas de mayor calidad en cuanto a productos, infraestructura y servicios\u00bb. El Funcionario encontr\u00f3 en Sierra de la Ventana un gran potencial de desarrollo y elogi\u00f3 la belleza paisaj\u00edstica del lugar.<br \/>\nEn tanto Micaela Costas, durante la entrevista que realizamos, describe c\u00f3mo est\u00e1 constituido el apoyo del municipio a trav\u00e9s del convenio firmado por el intendente Sergio Bordoni, explicando que el proyecto llevar\u00e1 mas de un a\u00f1o y medio en confeccionarse por parte de t\u00e9cnicos especialistas, antes de comenzar a trabajar en la infraestructura necesaria que involucrar\u00eda al sector comercial que se definir\u00e1.<br \/>\n<strong>Ver Fotos: <a href=\"https:\/\/www.facebook.com\/pg\/NoticiasRadioReflejos\/photos\/?tab=album&amp;album_id=857342157967027\">Aqu\u00ed<\/a><\/strong><br \/>\n<strong>Notas realizadas:<\/strong><br \/>\n<iframe loading=\"lazy\" src=\"https:\/\/w.soundcloud.com\/player\/?url=https%3A\/\/api.soundcloud.com\/tracks\/643598010&amp;color=%23ff5500&amp;auto_play=false&amp;hide_related=false&amp;show_comments=true&amp;show_user=true&amp;show_reposts=false&amp;show_teaser=true\" width=\"100%\" height=\"166\" frameborder=\"no\" scrolling=\"no\"><\/iframe><br \/>\n<iframe loading=\"lazy\" src=\"https:\/\/w.soundcloud.com\/player\/?url=https%3A\/\/api.soundcloud.com\/tracks\/643598565&amp;color=%23ff5500&amp;auto_play=false&amp;hide_related=false&amp;show_comments=true&amp;show_user=true&amp;show_reposts=false&amp;show_teaser=true\" width=\"100%\" height=\"166\" frameborder=\"no\" scrolling=\"no\"><\/iframe><br \/>\n<a href=\"http:\/\/www.noticiasradioreflejos.com.ar\/noticias\/wp-content\/uploads\/2019\/06\/12140013.jpg\"><img loading=\"lazy\" decoding=\"async\" class=\"alignleft size-large wp-image-32614\" src=\"http:\/\/www.noticiasradioreflejos.com.ar\/noticias\/wp-content\/uploads\/2019\/06\/12140013-1024x576.jpg\" alt=\"12140013\" width=\"1024\" height=\"576\" \/><\/a><\/p>\n","protected":false},"excerpt":{"rendered":"<p>La C\u00e1mara de comercio CAMCOTISAS, realiz\u00f3 esta tarde la 2da reuni\u00f3n informativa acerca del proyecto \u00abCentro Comercial Abierto\u00bb para Sierra de la Ventana. La misma se llev\u00f3 a cabo pasadas las 15,30 hs en Centro Cultural. Estuvo presente el Dr. Fernando Vertula, Director de Promoci\u00f3n y Fiscalizaci\u00f3n de Comercio del Ministerio de Producci\u00f3n de Buenos [&hellip;]<\/p>\n","protected":false},"author":3,"featured_media":0,"comment_status":"closed","ping_status":"open","sticky":false,"template":"","format":"standard","meta":{"footnotes":""},"categories":[26],"tags":[],"class_list":["post-32612","post","type-post","status-publish","format-standard","hentry","category-sociedad"],"yoast_head":"<!-- This site is optimized with the Yoast SEO plugin v25.9 - https:\/\/yoast.com\/wordpress\/plugins\/seo\/ -->\n<title>Se realiz\u00f3 la reuni\u00f3n informativa acerca del proyecto &quot;Centro Comercial Abierto&quot; para Sierra de la Ventana. - Noticias Radio Reflejos<\/title>\n<meta name=\"robots\" content=\"index, follow, max-snippet:-1, max-image-preview:large, max-video-preview:-1\" \/>\n<link rel=\"canonical\" href=\"https:\/\/www.noticiasradioreflejos.com.ar\/2021\/se-realizo-la-reunion-informativa-acerca-del-proyecto-centro-comercial-abierto-para-sierra-de-la-ventana\/\" \/>\n<meta property=\"og:locale\" content=\"es_ES\" \/>\n<meta property=\"og:type\" content=\"article\" \/>\n<meta property=\"og:title\" content=\"Se realiz\u00f3 la reuni\u00f3n informativa acerca del proyecto &quot;Centro Comercial Abierto&quot; para Sierra de la Ventana. - Noticias Radio Reflejos\" \/>\n<meta property=\"og:description\" content=\"La C\u00e1mara de comercio CAMCOTISAS, realiz\u00f3 esta tarde la 2da reuni\u00f3n informativa acerca del proyecto \u00abCentro Comercial Abierto\u00bb para Sierra de la Ventana. La misma se llev\u00f3 a cabo pasadas las 15,30 hs en Centro Cultural. Estuvo presente el Dr. Fernando Vertula, Director de Promoci\u00f3n y Fiscalizaci\u00f3n de Comercio del Ministerio de Producci\u00f3n de Buenos [&hellip;]\" \/>\n<meta property=\"og:url\" content=\"https:\/\/www.noticiasradioreflejos.com.ar\/2021\/se-realizo-la-reunion-informativa-acerca-del-proyecto-centro-comercial-abierto-para-sierra-de-la-ventana\/\" \/>\n<meta property=\"og:site_name\" content=\"Noticias Radio Reflejos\" \/>\n<meta property=\"article:published_time\" content=\"2019-06-28T22:37:04+00:00\" \/>\n<meta property=\"og:image\" content=\"https:\/\/www.noticiasradioreflejos.com.ar\/2021\/wp-content\/uploads\/2021\/07\/logosol300x200.png\" \/>\n\t<meta property=\"og:image:width\" content=\"300\" \/>\n\t<meta property=\"og:image:height\" content=\"200\" \/>\n\t<meta property=\"og:image:type\" content=\"image\/png\" \/>\n<meta name=\"author\" content=\"Arnaldo Botto\" \/>\n<meta name=\"twitter:card\" content=\"summary_large_image\" \/>\n<script type=\"application\/ld+json\" class=\"yoast-schema-graph\">{\"@context\":\"https:\/\/schema.org\",\"@graph\":[{\"@type\":\"WebPage\",\"@id\":\"https:\/\/www.noticiasradioreflejos.com.ar\/2021\/se-realizo-la-reunion-informativa-acerca-del-proyecto-centro-comercial-abierto-para-sierra-de-la-ventana\/\",\"url\":\"https:\/\/www.noticiasradioreflejos.com.ar\/2021\/se-realizo-la-reunion-informativa-acerca-del-proyecto-centro-comercial-abierto-para-sierra-de-la-ventana\/\",\"name\":\"Se realiz\u00f3 la reuni\u00f3n informativa acerca del proyecto &quot;Centro Comercial Abierto&quot; para Sierra de la Ventana. - Noticias Radio Reflejos\",\"isPartOf\":{\"@id\":\"https:\/\/www.noticiasradioreflejos.com.ar\/2021\/#website\"},\"primaryImageOfPage\":{\"@id\":\"https:\/\/www.noticiasradioreflejos.com.ar\/2021\/se-realizo-la-reunion-informativa-acerca-del-proyecto-centro-comercial-abierto-para-sierra-de-la-ventana\/#primaryimage\"},\"image\":{\"@id\":\"https:\/\/www.noticiasradioreflejos.com.ar\/2021\/se-realizo-la-reunion-informativa-acerca-del-proyecto-centro-comercial-abierto-para-sierra-de-la-ventana\/#primaryimage\"},\"thumbnailUrl\":\"http:\/\/www.noticiasradioreflejos.com.ar\/noticias\/wp-content\/uploads\/2019\/06\/12140006-1024x576.jpg\",\"datePublished\":\"2019-06-28T22:37:04+00:00\",\"author\":{\"@id\":\"https:\/\/www.noticiasradioreflejos.com.ar\/2021\/#\/schema\/person\/ad82545263dcc5ec0996818884fd5fb1\"},\"breadcrumb\":{\"@id\":\"https:\/\/www.noticiasradioreflejos.com.ar\/2021\/se-realizo-la-reunion-informativa-acerca-del-proyecto-centro-comercial-abierto-para-sierra-de-la-ventana\/#breadcrumb\"},\"inLanguage\":\"es\",\"potentialAction\":[{\"@type\":\"ReadAction\",\"target\":[\"https:\/\/www.noticiasradioreflejos.com.ar\/2021\/se-realizo-la-reunion-informativa-acerca-del-proyecto-centro-comercial-abierto-para-sierra-de-la-ventana\/\"]}]},{\"@type\":\"ImageObject\",\"inLanguage\":\"es\",\"@id\":\"https:\/\/www.noticiasradioreflejos.com.ar\/2021\/se-realizo-la-reunion-informativa-acerca-del-proyecto-centro-comercial-abierto-para-sierra-de-la-ventana\/#primaryimage\",\"url\":\"http:\/\/www.noticiasradioreflejos.com.ar\/noticias\/wp-content\/uploads\/2019\/06\/12140006-1024x576.jpg\",\"contentUrl\":\"http:\/\/www.noticiasradioreflejos.com.ar\/noticias\/wp-content\/uploads\/2019\/06\/12140006-1024x576.jpg\"},{\"@type\":\"BreadcrumbList\",\"@id\":\"https:\/\/www.noticiasradioreflejos.com.ar\/2021\/se-realizo-la-reunion-informativa-acerca-del-proyecto-centro-comercial-abierto-para-sierra-de-la-ventana\/#breadcrumb\",\"itemListElement\":[{\"@type\":\"ListItem\",\"position\":1,\"name\":\"Portada\",\"item\":\"https:\/\/www.noticiasradioreflejos.com.ar\/2021\/\"},{\"@type\":\"ListItem\",\"position\":2,\"name\":\"Se realiz\u00f3 la reuni\u00f3n informativa acerca del proyecto &quot;Centro Comercial Abierto&quot; para Sierra de la Ventana.\"}]},{\"@type\":\"WebSite\",\"@id\":\"https:\/\/www.noticiasradioreflejos.com.ar\/2021\/#website\",\"url\":\"https:\/\/www.noticiasradioreflejos.com.ar\/2021\/\",\"name\":\"Noticias Radio Reflejos\",\"description\":\"Las noticias de mi comarca\",\"potentialAction\":[{\"@type\":\"SearchAction\",\"target\":{\"@type\":\"EntryPoint\",\"urlTemplate\":\"https:\/\/www.noticiasradioreflejos.com.ar\/2021\/?s={search_term_string}\"},\"query-input\":{\"@type\":\"PropertyValueSpecification\",\"valueRequired\":true,\"valueName\":\"search_term_string\"}}],\"inLanguage\":\"es\"},{\"@type\":\"Person\",\"@id\":\"https:\/\/www.noticiasradioreflejos.com.ar\/2021\/#\/schema\/person\/ad82545263dcc5ec0996818884fd5fb1\",\"name\":\"Arnaldo Botto\",\"image\":{\"@type\":\"ImageObject\",\"inLanguage\":\"es\",\"@id\":\"https:\/\/www.noticiasradioreflejos.com.ar\/2021\/#\/schema\/person\/image\/\",\"url\":\"https:\/\/secure.gravatar.com\/avatar\/55cb5e37c1efa326397366e6974cb338056df65cb50e7d64d1cf314e87504837?s=96&d=mm&r=g\",\"contentUrl\":\"https:\/\/secure.gravatar.com\/avatar\/55cb5e37c1efa326397366e6974cb338056df65cb50e7d64d1cf314e87504837?s=96&d=mm&r=g\",\"caption\":\"Arnaldo Botto\"},\"url\":\"https:\/\/www.noticiasradioreflejos.com.ar\/2021\/author\/arnaldo\/\"}]}<\/script>\n<!-- \/ Yoast SEO plugin. -->","yoast_head_json":{"title":"Se realiz\u00f3 la reuni\u00f3n informativa acerca del proyecto &quot;Centro Comercial Abierto&quot; para Sierra de la Ventana. - Noticias Radio Reflejos","robots":{"index":"index","follow":"follow","max-snippet":"max-snippet:-1","max-image-preview":"max-image-preview:large","max-video-preview":"max-video-preview:-1"},"canonical":"https:\/\/www.noticiasradioreflejos.com.ar\/2021\/se-realizo-la-reunion-informativa-acerca-del-proyecto-centro-comercial-abierto-para-sierra-de-la-ventana\/","og_locale":"es_ES","og_type":"article","og_title":"Se realiz\u00f3 la reuni\u00f3n informativa acerca del proyecto &quot;Centro Comercial Abierto&quot; para Sierra de la Ventana. - Noticias Radio Reflejos","og_description":"La C\u00e1mara de comercio CAMCOTISAS, realiz\u00f3 esta tarde la 2da reuni\u00f3n informativa acerca del proyecto \u00abCentro Comercial Abierto\u00bb para Sierra de la Ventana. La misma se llev\u00f3 a cabo pasadas las 15,30 hs en Centro Cultural. Estuvo presente el Dr. Fernando Vertula, Director de Promoci\u00f3n y Fiscalizaci\u00f3n de Comercio del Ministerio de Producci\u00f3n de Buenos [&hellip;]","og_url":"https:\/\/www.noticiasradioreflejos.com.ar\/2021\/se-realizo-la-reunion-informativa-acerca-del-proyecto-centro-comercial-abierto-para-sierra-de-la-ventana\/","og_site_name":"Noticias Radio Reflejos","article_published_time":"2019-06-28T22:37:04+00:00","og_image":[{"width":300,"height":200,"url":"https:\/\/www.noticiasradioreflejos.com.ar\/2021\/wp-content\/uploads\/2021\/07\/logosol300x200.png","type":"image\/png"}],"author":"Arnaldo Botto","twitter_card":"summary_large_image","schema":{"@context":"https:\/\/schema.org","@graph":[{"@type":"WebPage","@id":"https:\/\/www.noticiasradioreflejos.com.ar\/2021\/se-realizo-la-reunion-informativa-acerca-del-proyecto-centro-comercial-abierto-para-sierra-de-la-ventana\/","url":"https:\/\/www.noticiasradioreflejos.com.ar\/2021\/se-realizo-la-reunion-informativa-acerca-del-proyecto-centro-comercial-abierto-para-sierra-de-la-ventana\/","name":"Se realiz\u00f3 la reuni\u00f3n informativa acerca del proyecto &quot;Centro Comercial Abierto&quot; para Sierra de la Ventana. - Noticias Radio Reflejos","isPartOf":{"@id":"https:\/\/www.noticiasradioreflejos.com.ar\/2021\/#website"},"primaryImageOfPage":{"@id":"https:\/\/www.noticiasradioreflejos.com.ar\/2021\/se-realizo-la-reunion-informativa-acerca-del-proyecto-centro-comercial-abierto-para-sierra-de-la-ventana\/#primaryimage"},"image":{"@id":"https:\/\/www.noticiasradioreflejos.com.ar\/2021\/se-realizo-la-reunion-informativa-acerca-del-proyecto-centro-comercial-abierto-para-sierra-de-la-ventana\/#primaryimage"},"thumbnailUrl":"http:\/\/www.noticiasradioreflejos.com.ar\/noticias\/wp-content\/uploads\/2019\/06\/12140006-1024x576.jpg","datePublished":"2019-06-28T22:37:04+00:00","author":{"@id":"https:\/\/www.noticiasradioreflejos.com.ar\/2021\/#\/schema\/person\/ad82545263dcc5ec0996818884fd5fb1"},"breadcrumb":{"@id":"https:\/\/www.noticiasradioreflejos.com.ar\/2021\/se-realizo-la-reunion-informativa-acerca-del-proyecto-centro-comercial-abierto-para-sierra-de-la-ventana\/#breadcrumb"},"inLanguage":"es","potentialAction":[{"@type":"ReadAction","target":["https:\/\/www.noticiasradioreflejos.com.ar\/2021\/se-realizo-la-reunion-informativa-acerca-del-proyecto-centro-comercial-abierto-para-sierra-de-la-ventana\/"]}]},{"@type":"ImageObject","inLanguage":"es","@id":"https:\/\/www.noticiasradioreflejos.com.ar\/2021\/se-realizo-la-reunion-informativa-acerca-del-proyecto-centro-comercial-abierto-para-sierra-de-la-ventana\/#primaryimage","url":"http:\/\/www.noticiasradioreflejos.com.ar\/noticias\/wp-content\/uploads\/2019\/06\/12140006-1024x576.jpg","contentUrl":"http:\/\/www.noticiasradioreflejos.com.ar\/noticias\/wp-content\/uploads\/2019\/06\/12140006-1024x576.jpg"},{"@type":"BreadcrumbList","@id":"https:\/\/www.noticiasradioreflejos.com.ar\/2021\/se-realizo-la-reunion-informativa-acerca-del-proyecto-centro-comercial-abierto-para-sierra-de-la-ventana\/#breadcrumb","itemListElement":[{"@type":"ListItem","position":1,"name":"Portada","item":"https:\/\/www.noticiasradioreflejos.com.ar\/2021\/"},{"@type":"ListItem","position":2,"name":"Se realiz\u00f3 la reuni\u00f3n informativa acerca del proyecto &quot;Centro Comercial Abierto&quot; para Sierra de la Ventana."}]},{"@type":"WebSite","@id":"https:\/\/www.noticiasradioreflejos.com.ar\/2021\/#website","url":"https:\/\/www.noticiasradioreflejos.com.ar\/2021\/","name":"Noticias Radio Reflejos","description":"Las noticias de mi comarca","potentialAction":[{"@type":"SearchAction","target":{"@type":"EntryPoint","urlTemplate":"https:\/\/www.noticiasradioreflejos.com.ar\/2021\/?s={search_term_string}"},"query-input":{"@type":"PropertyValueSpecification","valueRequired":true,"valueName":"search_term_string"}}],"inLanguage":"es"},{"@type":"Person","@id":"https:\/\/www.noticiasradioreflejos.com.ar\/2021\/#\/schema\/person\/ad82545263dcc5ec0996818884fd5fb1","name":"Arnaldo Botto","image":{"@type":"ImageObject","inLanguage":"es","@id":"https:\/\/www.noticiasradioreflejos.com.ar\/2021\/#\/schema\/person\/image\/","url":"https:\/\/secure.gravatar.com\/avatar\/55cb5e37c1efa326397366e6974cb338056df65cb50e7d64d1cf314e87504837?s=96&d=mm&r=g","contentUrl":"https:\/\/secure.gravatar.com\/avatar\/55cb5e37c1efa326397366e6974cb338056df65cb50e7d64d1cf314e87504837?s=96&d=mm&r=g","caption":"Arnaldo Botto"},"url":"https:\/\/www.noticiasradioreflejos.com.ar\/2021\/author\/arnaldo\/"}]}},"_links":{"self":[{"href":"https:\/\/www.noticiasradioreflejos.com.ar\/2021\/wp-json\/wp\/v2\/posts\/32612","targetHints":{"allow":["GET"]}}],"collection":[{"href":"https:\/\/www.noticiasradioreflejos.com.ar\/2021\/wp-json\/wp\/v2\/posts"}],"about":[{"href":"https:\/\/www.noticiasradioreflejos.com.ar\/2021\/wp-json\/wp\/v2\/types\/post"}],"author":[{"embeddable":true,"href":"https:\/\/www.noticiasradioreflejos.com.ar\/2021\/wp-json\/wp\/v2\/users\/3"}],"replies":[{"embeddable":true,"href":"https:\/\/www.noticiasradioreflejos.com.ar\/2021\/wp-json\/wp\/v2\/comments?post=32612"}],"version-history":[{"count":0,"href":"https:\/\/www.noticiasradioreflejos.com.ar\/2021\/wp-json\/wp\/v2\/posts\/32612\/revisions"}],"wp:attachment":[{"href":"https:\/\/www.noticiasradioreflejos.com.ar\/2021\/wp-json\/wp\/v2\/media?parent=32612"}],"wp:term":[{"taxonomy":"category","embeddable":true,"href":"https:\/\/www.noticiasradioreflejos.com.ar\/2021\/wp-json\/wp\/v2\/categories?post=32612"},{"taxonomy":"post_tag","embeddable":true,"href":"https:\/\/www.noticiasradioreflejos.com.ar\/2021\/wp-json\/wp\/v2\/tags?post=32612"}],"curies":[{"name":"wp","href":"https:\/\/api.w.org\/{rel}","templated":true}]}}