{"id":32603,"date":"2019-06-28T18:42:49","date_gmt":"2019-06-28T21:42:49","guid":{"rendered":"http:\/\/www.noticiasradioreflejos.com.ar\/noticias\/?p=32603"},"modified":"2019-06-28T18:42:49","modified_gmt":"2019-06-28T21:42:49","slug":"queremos-replicar-esta-movida-solidaria-en-la-region","status":"publish","type":"post","link":"https:\/\/www.noticiasradioreflejos.com.ar\/2021\/queremos-replicar-esta-movida-solidaria-en-la-region\/","title":{"rendered":"&quot;Queremos replicar esta movida solidaria en la regi\u00f3n&quot;"},"content":{"rendered":"<p><a href=\"http:\/\/www.noticiasradioreflejos.com.ar\/noticias\/wp-content\/uploads\/2019\/06\/WhatsApp-Image-2019-06-28-at-18.36.35.jpeg\"><img loading=\"lazy\" decoding=\"async\" class=\"alignleft size-medium wp-image-32605\" src=\"http:\/\/www.noticiasradioreflejos.com.ar\/noticias\/wp-content\/uploads\/2019\/06\/WhatsApp-Image-2019-06-28-at-18.36.35-255x300.jpeg\" alt=\"WhatsApp Image 2019-06-28 at 18.36.35\" width=\"255\" height=\"300\" \/><\/a>As\u00ed lo asegur\u00f3 Fabio Su\u00e1rez, que con tan solo 20 a\u00f1os lleva adelante<strong> Solidaridad Pringlense<\/strong>, ONG radicada en Coronel Pringles que el lunes lanz\u00f3 la Campa\u00f1a de Abrigo 2019.<!--more--><br \/>\n<strong>FM Reflejos<\/strong> dialog\u00f3 con el responsable para que diera m\u00e1s detalles de la cruzada solidaria: \u00abQueremos replicar esta movida solidaria en la regi\u00f3n y de esta manera para a personas que no tienen cubiertas las necesidades b\u00e1sicas. Es por ello que el pasado lunes lanzamos la Campa\u00f1a de Abrigo, la misma consiste en que la comunidad done ropa de abrigo, frazadas, alimentos no perecederos, y calzado\u00bb, asegur\u00f3 Fabio Su\u00e1rez<br \/>\nDe la mano de Fabio Su\u00e1rez, Fundador y actual responsable de la entidad, junto a un gran equipo, la entidad ha sido reconocida por las actividades y proyectos llevados a cabo, como por ejemplo rifas, eventos para recaudar fondos, la Campa\u00f1a de Reyes y del D\u00eda del Ni\u00f1o.<br \/>\nSolidaridad Pringlense naci\u00f3 en el a\u00f1o 2016, a trav\u00e9s de las redes sociales, poco a poco se fue expandiendo y se fue reconociendo no solo a nivel local, sino tambi\u00e9n regional.<br \/>\nPara comunicarse con la entidad para conocer la iniciativa o donaciones puede hacerlo al <strong>2923411506<\/strong> o trav\u00e9s de las redes sociales como <a href=\"https:\/\/www.facebook.com\/profile.php?id=100011065982474\"><strong>Solidaridad Pringlense<\/strong><\/a><br \/>\nDesde ya se agradece las diferentes colaboraciones y donaciones que realiza la comunidad a esta ONG<br \/>\n<a href=\"http:\/\/www.noticiasradioreflejos.com.ar\/noticias\/wp-content\/uploads\/2019\/06\/WhatsApp-Image-2019-06-28-at-18.36.36.jpeg\"><img loading=\"lazy\" decoding=\"async\" src=\"http:\/\/www.noticiasradioreflejos.com.ar\/noticias\/wp-content\/uploads\/2019\/06\/WhatsApp-Image-2019-06-28-at-18.36.36-768x1024.jpeg\" alt=\"WhatsApp Image 2019-06-28 at 18.36.36\" width=\"768\" height=\"1024\" class=\"aligncenter size-large wp-image-32604\" \/><\/a><\/p>\n","protected":false},"excerpt":{"rendered":"<p>As\u00ed lo asegur\u00f3 Fabio Su\u00e1rez, que con tan solo 20 a\u00f1os lleva adelante Solidaridad Pringlense, ONG radicada en Coronel Pringles que el lunes lanz\u00f3 la Campa\u00f1a de Abrigo 2019.<\/p>\n","protected":false},"author":3,"featured_media":0,"comment_status":"closed","ping_status":"open","sticky":false,"template":"","format":"standard","meta":{"footnotes":""},"categories":[26],"tags":[],"class_list":["post-32603","post","type-post","status-publish","format-standard","hentry","category-sociedad"],"yoast_head":"<!-- This site is optimized with the Yoast SEO plugin v25.9 - https:\/\/yoast.com\/wordpress\/plugins\/seo\/ -->\n<title>&quot;Queremos replicar esta movida solidaria en la regi\u00f3n&quot; - Noticias Radio Reflejos<\/title>\n<meta name=\"robots\" content=\"index, follow, max-snippet:-1, max-image-preview:large, max-video-preview:-1\" \/>\n<link rel=\"canonical\" href=\"https:\/\/www.noticiasradioreflejos.com.ar\/2021\/queremos-replicar-esta-movida-solidaria-en-la-region\/\" \/>\n<meta property=\"og:locale\" content=\"es_ES\" \/>\n<meta property=\"og:type\" content=\"article\" \/>\n<meta property=\"og:title\" content=\"&quot;Queremos replicar esta movida solidaria en la regi\u00f3n&quot; - Noticias Radio Reflejos\" \/>\n<meta property=\"og:description\" content=\"As\u00ed lo asegur\u00f3 Fabio Su\u00e1rez, que con tan solo 20 a\u00f1os lleva adelante Solidaridad Pringlense, ONG radicada en Coronel Pringles que el lunes lanz\u00f3 la Campa\u00f1a de Abrigo 2019.\" \/>\n<meta property=\"og:url\" content=\"https:\/\/www.noticiasradioreflejos.com.ar\/2021\/queremos-replicar-esta-movida-solidaria-en-la-region\/\" \/>\n<meta property=\"og:site_name\" content=\"Noticias Radio Reflejos\" \/>\n<meta property=\"article:published_time\" content=\"2019-06-28T21:42:49+00:00\" \/>\n<meta property=\"og:image\" content=\"https:\/\/www.noticiasradioreflejos.com.ar\/2021\/wp-content\/uploads\/2021\/07\/logosol300x200.png\" \/>\n\t<meta property=\"og:image:width\" content=\"300\" \/>\n\t<meta property=\"og:image:height\" content=\"200\" \/>\n\t<meta property=\"og:image:type\" content=\"image\/png\" \/>\n<meta name=\"author\" content=\"Arnaldo Botto\" \/>\n<meta name=\"twitter:card\" content=\"summary_large_image\" \/>\n<script type=\"application\/ld+json\" class=\"yoast-schema-graph\">{\"@context\":\"https:\/\/schema.org\",\"@graph\":[{\"@type\":\"WebPage\",\"@id\":\"https:\/\/www.noticiasradioreflejos.com.ar\/2021\/queremos-replicar-esta-movida-solidaria-en-la-region\/\",\"url\":\"https:\/\/www.noticiasradioreflejos.com.ar\/2021\/queremos-replicar-esta-movida-solidaria-en-la-region\/\",\"name\":\"&quot;Queremos replicar esta movida solidaria en la regi\u00f3n&quot; - Noticias Radio Reflejos\",\"isPartOf\":{\"@id\":\"https:\/\/www.noticiasradioreflejos.com.ar\/2021\/#website\"},\"primaryImageOfPage\":{\"@id\":\"https:\/\/www.noticiasradioreflejos.com.ar\/2021\/queremos-replicar-esta-movida-solidaria-en-la-region\/#primaryimage\"},\"image\":{\"@id\":\"https:\/\/www.noticiasradioreflejos.com.ar\/2021\/queremos-replicar-esta-movida-solidaria-en-la-region\/#primaryimage\"},\"thumbnailUrl\":\"http:\/\/www.noticiasradioreflejos.com.ar\/noticias\/wp-content\/uploads\/2019\/06\/WhatsApp-Image-2019-06-28-at-18.36.35-255x300.jpeg\",\"datePublished\":\"2019-06-28T21:42:49+00:00\",\"author\":{\"@id\":\"https:\/\/www.noticiasradioreflejos.com.ar\/2021\/#\/schema\/person\/ad82545263dcc5ec0996818884fd5fb1\"},\"breadcrumb\":{\"@id\":\"https:\/\/www.noticiasradioreflejos.com.ar\/2021\/queremos-replicar-esta-movida-solidaria-en-la-region\/#breadcrumb\"},\"inLanguage\":\"es\",\"potentialAction\":[{\"@type\":\"ReadAction\",\"target\":[\"https:\/\/www.noticiasradioreflejos.com.ar\/2021\/queremos-replicar-esta-movida-solidaria-en-la-region\/\"]}]},{\"@type\":\"ImageObject\",\"inLanguage\":\"es\",\"@id\":\"https:\/\/www.noticiasradioreflejos.com.ar\/2021\/queremos-replicar-esta-movida-solidaria-en-la-region\/#primaryimage\",\"url\":\"http:\/\/www.noticiasradioreflejos.com.ar\/noticias\/wp-content\/uploads\/2019\/06\/WhatsApp-Image-2019-06-28-at-18.36.35-255x300.jpeg\",\"contentUrl\":\"http:\/\/www.noticiasradioreflejos.com.ar\/noticias\/wp-content\/uploads\/2019\/06\/WhatsApp-Image-2019-06-28-at-18.36.35-255x300.jpeg\"},{\"@type\":\"BreadcrumbList\",\"@id\":\"https:\/\/www.noticiasradioreflejos.com.ar\/2021\/queremos-replicar-esta-movida-solidaria-en-la-region\/#breadcrumb\",\"itemListElement\":[{\"@type\":\"ListItem\",\"position\":1,\"name\":\"Portada\",\"item\":\"https:\/\/www.noticiasradioreflejos.com.ar\/2021\/\"},{\"@type\":\"ListItem\",\"position\":2,\"name\":\"&quot;Queremos replicar esta movida solidaria en la regi\u00f3n&quot;\"}]},{\"@type\":\"WebSite\",\"@id\":\"https:\/\/www.noticiasradioreflejos.com.ar\/2021\/#website\",\"url\":\"https:\/\/www.noticiasradioreflejos.com.ar\/2021\/\",\"name\":\"Noticias Radio Reflejos\",\"description\":\"Las noticias de mi comarca\",\"potentialAction\":[{\"@type\":\"SearchAction\",\"target\":{\"@type\":\"EntryPoint\",\"urlTemplate\":\"https:\/\/www.noticiasradioreflejos.com.ar\/2021\/?s={search_term_string}\"},\"query-input\":{\"@type\":\"PropertyValueSpecification\",\"valueRequired\":true,\"valueName\":\"search_term_string\"}}],\"inLanguage\":\"es\"},{\"@type\":\"Person\",\"@id\":\"https:\/\/www.noticiasradioreflejos.com.ar\/2021\/#\/schema\/person\/ad82545263dcc5ec0996818884fd5fb1\",\"name\":\"Arnaldo Botto\",\"image\":{\"@type\":\"ImageObject\",\"inLanguage\":\"es\",\"@id\":\"https:\/\/www.noticiasradioreflejos.com.ar\/2021\/#\/schema\/person\/image\/\",\"url\":\"https:\/\/secure.gravatar.com\/avatar\/55cb5e37c1efa326397366e6974cb338056df65cb50e7d64d1cf314e87504837?s=96&d=mm&r=g\",\"contentUrl\":\"https:\/\/secure.gravatar.com\/avatar\/55cb5e37c1efa326397366e6974cb338056df65cb50e7d64d1cf314e87504837?s=96&d=mm&r=g\",\"caption\":\"Arnaldo Botto\"},\"url\":\"https:\/\/www.noticiasradioreflejos.com.ar\/2021\/author\/arnaldo\/\"}]}<\/script>\n<!-- \/ Yoast SEO plugin. -->","yoast_head_json":{"title":"&quot;Queremos replicar esta movida solidaria en la regi\u00f3n&quot; - Noticias Radio Reflejos","robots":{"index":"index","follow":"follow","max-snippet":"max-snippet:-1","max-image-preview":"max-image-preview:large","max-video-preview":"max-video-preview:-1"},"canonical":"https:\/\/www.noticiasradioreflejos.com.ar\/2021\/queremos-replicar-esta-movida-solidaria-en-la-region\/","og_locale":"es_ES","og_type":"article","og_title":"&quot;Queremos replicar esta movida solidaria en la regi\u00f3n&quot; - Noticias Radio Reflejos","og_description":"As\u00ed lo asegur\u00f3 Fabio Su\u00e1rez, que con tan solo 20 a\u00f1os lleva adelante Solidaridad Pringlense, ONG radicada en Coronel Pringles que el lunes lanz\u00f3 la Campa\u00f1a de Abrigo 2019.","og_url":"https:\/\/www.noticiasradioreflejos.com.ar\/2021\/queremos-replicar-esta-movida-solidaria-en-la-region\/","og_site_name":"Noticias Radio Reflejos","article_published_time":"2019-06-28T21:42:49+00:00","og_image":[{"width":300,"height":200,"url":"https:\/\/www.noticiasradioreflejos.com.ar\/2021\/wp-content\/uploads\/2021\/07\/logosol300x200.png","type":"image\/png"}],"author":"Arnaldo Botto","twitter_card":"summary_large_image","schema":{"@context":"https:\/\/schema.org","@graph":[{"@type":"WebPage","@id":"https:\/\/www.noticiasradioreflejos.com.ar\/2021\/queremos-replicar-esta-movida-solidaria-en-la-region\/","url":"https:\/\/www.noticiasradioreflejos.com.ar\/2021\/queremos-replicar-esta-movida-solidaria-en-la-region\/","name":"&quot;Queremos replicar esta movida solidaria en la regi\u00f3n&quot; - Noticias Radio Reflejos","isPartOf":{"@id":"https:\/\/www.noticiasradioreflejos.com.ar\/2021\/#website"},"primaryImageOfPage":{"@id":"https:\/\/www.noticiasradioreflejos.com.ar\/2021\/queremos-replicar-esta-movida-solidaria-en-la-region\/#primaryimage"},"image":{"@id":"https:\/\/www.noticiasradioreflejos.com.ar\/2021\/queremos-replicar-esta-movida-solidaria-en-la-region\/#primaryimage"},"thumbnailUrl":"http:\/\/www.noticiasradioreflejos.com.ar\/noticias\/wp-content\/uploads\/2019\/06\/WhatsApp-Image-2019-06-28-at-18.36.35-255x300.jpeg","datePublished":"2019-06-28T21:42:49+00:00","author":{"@id":"https:\/\/www.noticiasradioreflejos.com.ar\/2021\/#\/schema\/person\/ad82545263dcc5ec0996818884fd5fb1"},"breadcrumb":{"@id":"https:\/\/www.noticiasradioreflejos.com.ar\/2021\/queremos-replicar-esta-movida-solidaria-en-la-region\/#breadcrumb"},"inLanguage":"es","potentialAction":[{"@type":"ReadAction","target":["https:\/\/www.noticiasradioreflejos.com.ar\/2021\/queremos-replicar-esta-movida-solidaria-en-la-region\/"]}]},{"@type":"ImageObject","inLanguage":"es","@id":"https:\/\/www.noticiasradioreflejos.com.ar\/2021\/queremos-replicar-esta-movida-solidaria-en-la-region\/#primaryimage","url":"http:\/\/www.noticiasradioreflejos.com.ar\/noticias\/wp-content\/uploads\/2019\/06\/WhatsApp-Image-2019-06-28-at-18.36.35-255x300.jpeg","contentUrl":"http:\/\/www.noticiasradioreflejos.com.ar\/noticias\/wp-content\/uploads\/2019\/06\/WhatsApp-Image-2019-06-28-at-18.36.35-255x300.jpeg"},{"@type":"BreadcrumbList","@id":"https:\/\/www.noticiasradioreflejos.com.ar\/2021\/queremos-replicar-esta-movida-solidaria-en-la-region\/#breadcrumb","itemListElement":[{"@type":"ListItem","position":1,"name":"Portada","item":"https:\/\/www.noticiasradioreflejos.com.ar\/2021\/"},{"@type":"ListItem","position":2,"name":"&quot;Queremos replicar esta movida solidaria en la regi\u00f3n&quot;"}]},{"@type":"WebSite","@id":"https:\/\/www.noticiasradioreflejos.com.ar\/2021\/#website","url":"https:\/\/www.noticiasradioreflejos.com.ar\/2021\/","name":"Noticias Radio Reflejos","description":"Las noticias de mi comarca","potentialAction":[{"@type":"SearchAction","target":{"@type":"EntryPoint","urlTemplate":"https:\/\/www.noticiasradioreflejos.com.ar\/2021\/?s={search_term_string}"},"query-input":{"@type":"PropertyValueSpecification","valueRequired":true,"valueName":"search_term_string"}}],"inLanguage":"es"},{"@type":"Person","@id":"https:\/\/www.noticiasradioreflejos.com.ar\/2021\/#\/schema\/person\/ad82545263dcc5ec0996818884fd5fb1","name":"Arnaldo Botto","image":{"@type":"ImageObject","inLanguage":"es","@id":"https:\/\/www.noticiasradioreflejos.com.ar\/2021\/#\/schema\/person\/image\/","url":"https:\/\/secure.gravatar.com\/avatar\/55cb5e37c1efa326397366e6974cb338056df65cb50e7d64d1cf314e87504837?s=96&d=mm&r=g","contentUrl":"https:\/\/secure.gravatar.com\/avatar\/55cb5e37c1efa326397366e6974cb338056df65cb50e7d64d1cf314e87504837?s=96&d=mm&r=g","caption":"Arnaldo Botto"},"url":"https:\/\/www.noticiasradioreflejos.com.ar\/2021\/author\/arnaldo\/"}]}},"_links":{"self":[{"href":"https:\/\/www.noticiasradioreflejos.com.ar\/2021\/wp-json\/wp\/v2\/posts\/32603","targetHints":{"allow":["GET"]}}],"collection":[{"href":"https:\/\/www.noticiasradioreflejos.com.ar\/2021\/wp-json\/wp\/v2\/posts"}],"about":[{"href":"https:\/\/www.noticiasradioreflejos.com.ar\/2021\/wp-json\/wp\/v2\/types\/post"}],"author":[{"embeddable":true,"href":"https:\/\/www.noticiasradioreflejos.com.ar\/2021\/wp-json\/wp\/v2\/users\/3"}],"replies":[{"embeddable":true,"href":"https:\/\/www.noticiasradioreflejos.com.ar\/2021\/wp-json\/wp\/v2\/comments?post=32603"}],"version-history":[{"count":0,"href":"https:\/\/www.noticiasradioreflejos.com.ar\/2021\/wp-json\/wp\/v2\/posts\/32603\/revisions"}],"wp:attachment":[{"href":"https:\/\/www.noticiasradioreflejos.com.ar\/2021\/wp-json\/wp\/v2\/media?parent=32603"}],"wp:term":[{"taxonomy":"category","embeddable":true,"href":"https:\/\/www.noticiasradioreflejos.com.ar\/2021\/wp-json\/wp\/v2\/categories?post=32603"},{"taxonomy":"post_tag","embeddable":true,"href":"https:\/\/www.noticiasradioreflejos.com.ar\/2021\/wp-json\/wp\/v2\/tags?post=32603"}],"curies":[{"name":"wp","href":"https:\/\/api.w.org\/{rel}","templated":true}]}}