{"id":32599,"date":"2019-06-28T18:37:20","date_gmt":"2019-06-28T21:37:20","guid":{"rendered":"http:\/\/www.noticiasradioreflejos.com.ar\/noticias\/?p=32599"},"modified":"2019-06-28T18:37:20","modified_gmt":"2019-06-28T21:37:20","slug":"bordoni-firmo-convenio-para-el-desarrollo-de-centros-comerciales-abiertos-en-sierra-de-la-ventana","status":"publish","type":"post","link":"https:\/\/www.noticiasradioreflejos.com.ar\/2021\/bordoni-firmo-convenio-para-el-desarrollo-de-centros-comerciales-abiertos-en-sierra-de-la-ventana\/","title":{"rendered":"Bordoni firm\u00f3 convenio para el desarrollo de centros comerciales abiertos en Sierra de la Ventana"},"content":{"rendered":"<p>Hoy por la tarde, en la sala de situaciones de Municipio, el intendente municipal Sergio Bordoni, firm\u00f3 un convenio que tiene como objetivo principal contribuir al fortalecimiento competitivo de las empresas dedicadas al comercio minorista y a la prestaci\u00f3n de servicios.<!--more--><\/p>\n<p style=\"font-weight: 400;\">Durante la jornada de este viernes, en la sala de situaciones del municipio, se firm\u00f3 un importante convenio para el desarrollo de centros comerciales abiertos en Sierra de la Ventana. Suscribieron el mismo, por la CAME su Vicepresidente Fabi\u00e1n Tarr\u00edo; la Federaci\u00f3n Econ\u00f3mica de la Provincia de Buenos Aires que estuvo representada por el Vicepresidente 2\u00b0, Carlos Cappelletti; y la C\u00e1mara de Comercio, Turismo e Industria de Sierra de la Ventana, Villa Arcadia y Saldungaray, con su Presidenta, Micaela Costas.<\/p>\n<p style=\"font-weight: 400;\">El convenio formaliza el acuerdo entre el municipio, la CAME (Confederaci\u00f3n Argentina de la Mediana Empresa), la Federaci\u00f3n Econ\u00f3mica de la Provincia de Buenos Aires y la C\u00e1mara de Comercio, Turismo e Industria de Sierra de la Ventana, Villa Arcadia y Saldungaray; de desarrollar y promocionar los principales ejes comerciales de la ciudad de Sierra de la Ventana, a trav\u00e9s de la formaci\u00f3n de CENTROS COMERCIALES ABIERTOS, cuyas acciones potencien las peque\u00f1as y medianas empresas comerciales y de servicios, en particular las vinculadas al turismo, fomentando la actividad tur\u00edstica en la ciudad, generando a la vez mayor riqueza y empleo a nivel local.<\/p>\n<p style=\"font-weight: 400;\">Inici\u00f3 Micaela Costas, \u201cPara m\u00ed como presidenta de la c\u00e1mara de comercio, turismo e industria de Sierra de la Ventana, Villa Arcadia y Saldungaray, realmente es un gran d\u00eda, agradezco al intendente Sergio Bordoni, que me ha venido escuchando con este proyecto hace un tiempo atr\u00e1s que lo venimos conversando y cont\u00e1ndole un poco de que se trata por haber sido escuchados, a FEBA y a CAME, por el apoyo, para poder llevar adelante el inicio que vamos a dar hoy con la firma de este convenio del proyecto de el centro comercial abierto, en la localidad de Sierra de la Ventana. Muchas gracias a todos por estar presentes, y agradecer tambi\u00e9n la presencia de la secretaria de turismo de Tornquist Susana Dos Santos, a representantes del Ministerio de Producci\u00f3n de la Provincia de Buenos Aires, al Licenciado Oscar Antonione que es el director del programa de centros comerciales abiertos de FEBA, a la c\u00e1mara de comercio de Tornquist, a Genaro Garcia otro de los vicepresidentes de FEBA, a mi equipo, y a Jorge Simons mi gran apoyo\u201d. Concluy\u00f3.<\/p>\n<p style=\"font-weight: 400;\">\u201cPara nosotros realmente es muy importante el trabajo que se ha hecho se\u00f1or intendente en la ciudad de Sierra de la Ventana, el acompa\u00f1amiento a la c\u00e1mara local, hoy estuvimos reunidos tambi\u00e9n con las autoridades de la c\u00e1mara de Tornquist, para tratar de replicar este proyecto y, las gracias no solo a la c\u00e1mara local sino tambi\u00e9n a todo el comerciante, porque a partir de hoy esto que vamos a hacer con la firma del convenio, es la formalidad, el paso inicial, pero se pone en marcha un trabajo importante que va a desarrollar la c\u00e1mara de comercio de Sierra de la Ventana, tratando de juntar a los comerciantes, tratando de hablar de asociativismo, esto que a los comerciantes nos cuesta mucho juntarnos para hacer algo, y de pensar que este es un proyecto a largo plazo\u201d. Contin\u00fao Carlos Mario Cappelletti.<\/p>\n<p style=\"font-weight: 400;\">En tanto Fab\u00edan Carlos Tarr\u00edo expres\u00f3\u00a0 \u201cComo bonaerense me gusta cuando vengo a ciudades de la provincia porque nac\u00ed mas cerca, en el conurbano bonaerense , pero esto lo digo porque hemos hecho muchas intervenciones, en muchas ciudades de todo el pa\u00eds, nos propusimos a hacer algo distinto frente a la embestida importante que ten\u00edamos de las grandes superficies en la d\u00e9cada del 90, pero nos dimos cuenta que no era solo oponerse a nuevos formatos comerciales que le brindaban al consumidor algo distinto, entonces dijimos tenemos que hacer algo, y creamos la federaci\u00f3n de centro comerciales a cielo abierto en la Rep\u00fablica Argentina, que tengo el honor de presidir, cuando empezamos con este formato dijimos, hay que darle algo distinto a la gente en los lugares que tienen identidad, tenemos que aportar algo para que la gente no se vaya a los centros cerrados, tenemos que darle una comodidad distinta, un f\u00e1cil caminar\u201d destac\u00f3.<\/p>\n<p style=\"font-weight: 400;\">Por \u00faltimo el Intendente Municipal Sergio Bordoni manifest\u00f3, \u00a0\u201cLa verdad que agradecido de tenerlos aqu\u00ed en mi casa, cuando con Micaela empezamos con esta idea del centro comercial a cielo abierto, autom\u00e1ticamente se pusieron a trabajar, y yo quise que mi municipio intervenga tambi\u00e9n porque de hecho es importante el crecimiento comercial de cualquier distrito y si nosotros hablamos de crecimiento, tenemos un distrito netamente tur\u00edstico, y que permite esto, que cualquier turista que venga , tiene que ser bien atendido, tiene que estar con localidades que le brinden servicios, y de a poco desde la secretar\u00eda de turismo, juntamente con las distintas c\u00e1maras de comercio y turismo , se ha ido trabajando en eso, y eso es lo que a uno lo hace fuerte\u201d Finaliz\u00f3 el\u00a0Jefe Comunal.<\/p>\n<p><iframe loading=\"lazy\" src=\"https:\/\/w.soundcloud.com\/player\/?url=https%3A\/\/api.soundcloud.com\/tracks\/643585887&amp;color=%23ff5500&amp;auto_play=false&amp;hide_related=false&amp;show_comments=true&amp;show_user=true&amp;show_reposts=false&amp;show_teaser=true\" width=\"100%\" height=\"166\" frameborder=\"no\" scrolling=\"no\"><\/iframe><br \/>\n<iframe loading=\"lazy\" src=\"https:\/\/w.soundcloud.com\/player\/?url=https%3A\/\/api.soundcloud.com\/tracks\/643585869&amp;color=%23ff5500&amp;auto_play=false&amp;hide_related=false&amp;show_comments=true&amp;show_user=true&amp;show_reposts=false&amp;show_teaser=true\" width=\"100%\" height=\"166\" frameborder=\"no\" scrolling=\"no\"><\/iframe><br \/>\n<a href=\"http:\/\/www.noticiasradioreflejos.com.ar\/noticias\/wp-content\/uploads\/2019\/06\/Captura-de-pantalla-2019-06-28-a-las-4.12.36-p.m.-1024x571.png\"><img loading=\"lazy\" decoding=\"async\" class=\"aligncenter size-large wp-image-32601\" src=\"http:\/\/www.noticiasradioreflejos.com.ar\/noticias\/wp-content\/uploads\/2019\/06\/Captura-de-pantalla-2019-06-28-a-las-4.12.36-p.m.-1024x571-1024x571.png\" alt=\"Captura-de-pantalla-2019-06-28-a-las-4.12.36-p.m.-1024x571\" width=\"1024\" height=\"571\" \/><\/a><\/p>\n","protected":false},"excerpt":{"rendered":"<p>Hoy por la tarde, en la sala de situaciones de Municipio, el intendente municipal Sergio Bordoni, firm\u00f3 un convenio que tiene como objetivo principal contribuir al fortalecimiento competitivo de las empresas dedicadas al comercio minorista y a la prestaci\u00f3n de servicios.<\/p>\n","protected":false},"author":3,"featured_media":0,"comment_status":"closed","ping_status":"open","sticky":false,"template":"","format":"standard","meta":{"footnotes":""},"categories":[28],"tags":[],"class_list":["post-32599","post","type-post","status-publish","format-standard","hentry","category-municipales"],"yoast_head":"<!-- This site is optimized with the Yoast SEO plugin v25.9 - https:\/\/yoast.com\/wordpress\/plugins\/seo\/ -->\n<title>Bordoni firm\u00f3 convenio para el desarrollo de centros comerciales abiertos en Sierra de la Ventana - Noticias Radio Reflejos<\/title>\n<meta name=\"robots\" content=\"index, follow, max-snippet:-1, max-image-preview:large, max-video-preview:-1\" \/>\n<link rel=\"canonical\" href=\"https:\/\/www.noticiasradioreflejos.com.ar\/2021\/bordoni-firmo-convenio-para-el-desarrollo-de-centros-comerciales-abiertos-en-sierra-de-la-ventana\/\" \/>\n<meta property=\"og:locale\" content=\"es_ES\" \/>\n<meta property=\"og:type\" content=\"article\" \/>\n<meta property=\"og:title\" content=\"Bordoni firm\u00f3 convenio para el desarrollo de centros comerciales abiertos en Sierra de la Ventana - Noticias Radio Reflejos\" \/>\n<meta property=\"og:description\" content=\"Hoy por la tarde, en la sala de situaciones de Municipio, el intendente municipal Sergio Bordoni, firm\u00f3 un convenio que tiene como objetivo principal contribuir al fortalecimiento competitivo de las empresas dedicadas al comercio minorista y a la prestaci\u00f3n de servicios.\" \/>\n<meta property=\"og:url\" content=\"https:\/\/www.noticiasradioreflejos.com.ar\/2021\/bordoni-firmo-convenio-para-el-desarrollo-de-centros-comerciales-abiertos-en-sierra-de-la-ventana\/\" \/>\n<meta property=\"og:site_name\" content=\"Noticias Radio Reflejos\" \/>\n<meta property=\"article:published_time\" content=\"2019-06-28T21:37:20+00:00\" \/>\n<meta property=\"og:image\" content=\"https:\/\/www.noticiasradioreflejos.com.ar\/2021\/wp-content\/uploads\/2021\/07\/logosol300x200.png\" \/>\n\t<meta property=\"og:image:width\" content=\"300\" \/>\n\t<meta property=\"og:image:height\" content=\"200\" \/>\n\t<meta property=\"og:image:type\" content=\"image\/png\" \/>\n<meta name=\"author\" content=\"Arnaldo Botto\" \/>\n<meta name=\"twitter:card\" content=\"summary_large_image\" \/>\n<script type=\"application\/ld+json\" class=\"yoast-schema-graph\">{\"@context\":\"https:\/\/schema.org\",\"@graph\":[{\"@type\":\"WebPage\",\"@id\":\"https:\/\/www.noticiasradioreflejos.com.ar\/2021\/bordoni-firmo-convenio-para-el-desarrollo-de-centros-comerciales-abiertos-en-sierra-de-la-ventana\/\",\"url\":\"https:\/\/www.noticiasradioreflejos.com.ar\/2021\/bordoni-firmo-convenio-para-el-desarrollo-de-centros-comerciales-abiertos-en-sierra-de-la-ventana\/\",\"name\":\"Bordoni firm\u00f3 convenio para el desarrollo de centros comerciales abiertos en Sierra de la Ventana - Noticias Radio Reflejos\",\"isPartOf\":{\"@id\":\"https:\/\/www.noticiasradioreflejos.com.ar\/2021\/#website\"},\"primaryImageOfPage\":{\"@id\":\"https:\/\/www.noticiasradioreflejos.com.ar\/2021\/bordoni-firmo-convenio-para-el-desarrollo-de-centros-comerciales-abiertos-en-sierra-de-la-ventana\/#primaryimage\"},\"image\":{\"@id\":\"https:\/\/www.noticiasradioreflejos.com.ar\/2021\/bordoni-firmo-convenio-para-el-desarrollo-de-centros-comerciales-abiertos-en-sierra-de-la-ventana\/#primaryimage\"},\"thumbnailUrl\":\"http:\/\/www.noticiasradioreflejos.com.ar\/noticias\/wp-content\/uploads\/2019\/06\/Captura-de-pantalla-2019-06-28-a-las-4.12.36-p.m.-1024x571-1024x571.png\",\"datePublished\":\"2019-06-28T21:37:20+00:00\",\"author\":{\"@id\":\"https:\/\/www.noticiasradioreflejos.com.ar\/2021\/#\/schema\/person\/ad82545263dcc5ec0996818884fd5fb1\"},\"breadcrumb\":{\"@id\":\"https:\/\/www.noticiasradioreflejos.com.ar\/2021\/bordoni-firmo-convenio-para-el-desarrollo-de-centros-comerciales-abiertos-en-sierra-de-la-ventana\/#breadcrumb\"},\"inLanguage\":\"es\",\"potentialAction\":[{\"@type\":\"ReadAction\",\"target\":[\"https:\/\/www.noticiasradioreflejos.com.ar\/2021\/bordoni-firmo-convenio-para-el-desarrollo-de-centros-comerciales-abiertos-en-sierra-de-la-ventana\/\"]}]},{\"@type\":\"ImageObject\",\"inLanguage\":\"es\",\"@id\":\"https:\/\/www.noticiasradioreflejos.com.ar\/2021\/bordoni-firmo-convenio-para-el-desarrollo-de-centros-comerciales-abiertos-en-sierra-de-la-ventana\/#primaryimage\",\"url\":\"http:\/\/www.noticiasradioreflejos.com.ar\/noticias\/wp-content\/uploads\/2019\/06\/Captura-de-pantalla-2019-06-28-a-las-4.12.36-p.m.-1024x571-1024x571.png\",\"contentUrl\":\"http:\/\/www.noticiasradioreflejos.com.ar\/noticias\/wp-content\/uploads\/2019\/06\/Captura-de-pantalla-2019-06-28-a-las-4.12.36-p.m.-1024x571-1024x571.png\"},{\"@type\":\"BreadcrumbList\",\"@id\":\"https:\/\/www.noticiasradioreflejos.com.ar\/2021\/bordoni-firmo-convenio-para-el-desarrollo-de-centros-comerciales-abiertos-en-sierra-de-la-ventana\/#breadcrumb\",\"itemListElement\":[{\"@type\":\"ListItem\",\"position\":1,\"name\":\"Portada\",\"item\":\"https:\/\/www.noticiasradioreflejos.com.ar\/2021\/\"},{\"@type\":\"ListItem\",\"position\":2,\"name\":\"Bordoni firm\u00f3 convenio para el desarrollo de centros comerciales abiertos en Sierra de la Ventana\"}]},{\"@type\":\"WebSite\",\"@id\":\"https:\/\/www.noticiasradioreflejos.com.ar\/2021\/#website\",\"url\":\"https:\/\/www.noticiasradioreflejos.com.ar\/2021\/\",\"name\":\"Noticias Radio Reflejos\",\"description\":\"Las noticias de mi comarca\",\"potentialAction\":[{\"@type\":\"SearchAction\",\"target\":{\"@type\":\"EntryPoint\",\"urlTemplate\":\"https:\/\/www.noticiasradioreflejos.com.ar\/2021\/?s={search_term_string}\"},\"query-input\":{\"@type\":\"PropertyValueSpecification\",\"valueRequired\":true,\"valueName\":\"search_term_string\"}}],\"inLanguage\":\"es\"},{\"@type\":\"Person\",\"@id\":\"https:\/\/www.noticiasradioreflejos.com.ar\/2021\/#\/schema\/person\/ad82545263dcc5ec0996818884fd5fb1\",\"name\":\"Arnaldo Botto\",\"image\":{\"@type\":\"ImageObject\",\"inLanguage\":\"es\",\"@id\":\"https:\/\/www.noticiasradioreflejos.com.ar\/2021\/#\/schema\/person\/image\/\",\"url\":\"https:\/\/secure.gravatar.com\/avatar\/55cb5e37c1efa326397366e6974cb338056df65cb50e7d64d1cf314e87504837?s=96&d=mm&r=g\",\"contentUrl\":\"https:\/\/secure.gravatar.com\/avatar\/55cb5e37c1efa326397366e6974cb338056df65cb50e7d64d1cf314e87504837?s=96&d=mm&r=g\",\"caption\":\"Arnaldo Botto\"},\"url\":\"https:\/\/www.noticiasradioreflejos.com.ar\/2021\/author\/arnaldo\/\"}]}<\/script>\n<!-- \/ Yoast SEO plugin. -->","yoast_head_json":{"title":"Bordoni firm\u00f3 convenio para el desarrollo de centros comerciales abiertos en Sierra de la Ventana - Noticias Radio Reflejos","robots":{"index":"index","follow":"follow","max-snippet":"max-snippet:-1","max-image-preview":"max-image-preview:large","max-video-preview":"max-video-preview:-1"},"canonical":"https:\/\/www.noticiasradioreflejos.com.ar\/2021\/bordoni-firmo-convenio-para-el-desarrollo-de-centros-comerciales-abiertos-en-sierra-de-la-ventana\/","og_locale":"es_ES","og_type":"article","og_title":"Bordoni firm\u00f3 convenio para el desarrollo de centros comerciales abiertos en Sierra de la Ventana - Noticias Radio Reflejos","og_description":"Hoy por la tarde, en la sala de situaciones de Municipio, el intendente municipal Sergio Bordoni, firm\u00f3 un convenio que tiene como objetivo principal contribuir al fortalecimiento competitivo de las empresas dedicadas al comercio minorista y a la prestaci\u00f3n de servicios.","og_url":"https:\/\/www.noticiasradioreflejos.com.ar\/2021\/bordoni-firmo-convenio-para-el-desarrollo-de-centros-comerciales-abiertos-en-sierra-de-la-ventana\/","og_site_name":"Noticias Radio Reflejos","article_published_time":"2019-06-28T21:37:20+00:00","og_image":[{"width":300,"height":200,"url":"https:\/\/www.noticiasradioreflejos.com.ar\/2021\/wp-content\/uploads\/2021\/07\/logosol300x200.png","type":"image\/png"}],"author":"Arnaldo Botto","twitter_card":"summary_large_image","schema":{"@context":"https:\/\/schema.org","@graph":[{"@type":"WebPage","@id":"https:\/\/www.noticiasradioreflejos.com.ar\/2021\/bordoni-firmo-convenio-para-el-desarrollo-de-centros-comerciales-abiertos-en-sierra-de-la-ventana\/","url":"https:\/\/www.noticiasradioreflejos.com.ar\/2021\/bordoni-firmo-convenio-para-el-desarrollo-de-centros-comerciales-abiertos-en-sierra-de-la-ventana\/","name":"Bordoni firm\u00f3 convenio para el desarrollo de centros comerciales abiertos en Sierra de la Ventana - Noticias Radio Reflejos","isPartOf":{"@id":"https:\/\/www.noticiasradioreflejos.com.ar\/2021\/#website"},"primaryImageOfPage":{"@id":"https:\/\/www.noticiasradioreflejos.com.ar\/2021\/bordoni-firmo-convenio-para-el-desarrollo-de-centros-comerciales-abiertos-en-sierra-de-la-ventana\/#primaryimage"},"image":{"@id":"https:\/\/www.noticiasradioreflejos.com.ar\/2021\/bordoni-firmo-convenio-para-el-desarrollo-de-centros-comerciales-abiertos-en-sierra-de-la-ventana\/#primaryimage"},"thumbnailUrl":"http:\/\/www.noticiasradioreflejos.com.ar\/noticias\/wp-content\/uploads\/2019\/06\/Captura-de-pantalla-2019-06-28-a-las-4.12.36-p.m.-1024x571-1024x571.png","datePublished":"2019-06-28T21:37:20+00:00","author":{"@id":"https:\/\/www.noticiasradioreflejos.com.ar\/2021\/#\/schema\/person\/ad82545263dcc5ec0996818884fd5fb1"},"breadcrumb":{"@id":"https:\/\/www.noticiasradioreflejos.com.ar\/2021\/bordoni-firmo-convenio-para-el-desarrollo-de-centros-comerciales-abiertos-en-sierra-de-la-ventana\/#breadcrumb"},"inLanguage":"es","potentialAction":[{"@type":"ReadAction","target":["https:\/\/www.noticiasradioreflejos.com.ar\/2021\/bordoni-firmo-convenio-para-el-desarrollo-de-centros-comerciales-abiertos-en-sierra-de-la-ventana\/"]}]},{"@type":"ImageObject","inLanguage":"es","@id":"https:\/\/www.noticiasradioreflejos.com.ar\/2021\/bordoni-firmo-convenio-para-el-desarrollo-de-centros-comerciales-abiertos-en-sierra-de-la-ventana\/#primaryimage","url":"http:\/\/www.noticiasradioreflejos.com.ar\/noticias\/wp-content\/uploads\/2019\/06\/Captura-de-pantalla-2019-06-28-a-las-4.12.36-p.m.-1024x571-1024x571.png","contentUrl":"http:\/\/www.noticiasradioreflejos.com.ar\/noticias\/wp-content\/uploads\/2019\/06\/Captura-de-pantalla-2019-06-28-a-las-4.12.36-p.m.-1024x571-1024x571.png"},{"@type":"BreadcrumbList","@id":"https:\/\/www.noticiasradioreflejos.com.ar\/2021\/bordoni-firmo-convenio-para-el-desarrollo-de-centros-comerciales-abiertos-en-sierra-de-la-ventana\/#breadcrumb","itemListElement":[{"@type":"ListItem","position":1,"name":"Portada","item":"https:\/\/www.noticiasradioreflejos.com.ar\/2021\/"},{"@type":"ListItem","position":2,"name":"Bordoni firm\u00f3 convenio para el desarrollo de centros comerciales abiertos en Sierra de la Ventana"}]},{"@type":"WebSite","@id":"https:\/\/www.noticiasradioreflejos.com.ar\/2021\/#website","url":"https:\/\/www.noticiasradioreflejos.com.ar\/2021\/","name":"Noticias Radio Reflejos","description":"Las noticias de mi comarca","potentialAction":[{"@type":"SearchAction","target":{"@type":"EntryPoint","urlTemplate":"https:\/\/www.noticiasradioreflejos.com.ar\/2021\/?s={search_term_string}"},"query-input":{"@type":"PropertyValueSpecification","valueRequired":true,"valueName":"search_term_string"}}],"inLanguage":"es"},{"@type":"Person","@id":"https:\/\/www.noticiasradioreflejos.com.ar\/2021\/#\/schema\/person\/ad82545263dcc5ec0996818884fd5fb1","name":"Arnaldo Botto","image":{"@type":"ImageObject","inLanguage":"es","@id":"https:\/\/www.noticiasradioreflejos.com.ar\/2021\/#\/schema\/person\/image\/","url":"https:\/\/secure.gravatar.com\/avatar\/55cb5e37c1efa326397366e6974cb338056df65cb50e7d64d1cf314e87504837?s=96&d=mm&r=g","contentUrl":"https:\/\/secure.gravatar.com\/avatar\/55cb5e37c1efa326397366e6974cb338056df65cb50e7d64d1cf314e87504837?s=96&d=mm&r=g","caption":"Arnaldo Botto"},"url":"https:\/\/www.noticiasradioreflejos.com.ar\/2021\/author\/arnaldo\/"}]}},"_links":{"self":[{"href":"https:\/\/www.noticiasradioreflejos.com.ar\/2021\/wp-json\/wp\/v2\/posts\/32599","targetHints":{"allow":["GET"]}}],"collection":[{"href":"https:\/\/www.noticiasradioreflejos.com.ar\/2021\/wp-json\/wp\/v2\/posts"}],"about":[{"href":"https:\/\/www.noticiasradioreflejos.com.ar\/2021\/wp-json\/wp\/v2\/types\/post"}],"author":[{"embeddable":true,"href":"https:\/\/www.noticiasradioreflejos.com.ar\/2021\/wp-json\/wp\/v2\/users\/3"}],"replies":[{"embeddable":true,"href":"https:\/\/www.noticiasradioreflejos.com.ar\/2021\/wp-json\/wp\/v2\/comments?post=32599"}],"version-history":[{"count":0,"href":"https:\/\/www.noticiasradioreflejos.com.ar\/2021\/wp-json\/wp\/v2\/posts\/32599\/revisions"}],"wp:attachment":[{"href":"https:\/\/www.noticiasradioreflejos.com.ar\/2021\/wp-json\/wp\/v2\/media?parent=32599"}],"wp:term":[{"taxonomy":"category","embeddable":true,"href":"https:\/\/www.noticiasradioreflejos.com.ar\/2021\/wp-json\/wp\/v2\/categories?post=32599"},{"taxonomy":"post_tag","embeddable":true,"href":"https:\/\/www.noticiasradioreflejos.com.ar\/2021\/wp-json\/wp\/v2\/tags?post=32599"}],"curies":[{"name":"wp","href":"https:\/\/api.w.org\/{rel}","templated":true}]}}