{"id":32594,"date":"2019-06-28T12:40:05","date_gmt":"2019-06-28T15:40:05","guid":{"rendered":"http:\/\/www.noticiasradioreflejos.com.ar\/noticias\/?p=32594"},"modified":"2019-06-28T12:40:05","modified_gmt":"2019-06-28T15:40:05","slug":"32594","status":"publish","type":"post","link":"https:\/\/www.noticiasradioreflejos.com.ar\/2021\/32594\/","title":{"rendered":"El sism\u00f3grafo de Sierra de la Ventana detect\u00f3 la explosi\u00f3n en Dow"},"content":{"rendered":"<p>La coordinadora t\u00e9cnica del Instituto Nacional de Prevenci\u00f3n S\u00edsmica INPRESS, Silvana Bustos, cont\u00f3 en LA BR\u00daJULA 24 que la explosi\u00f3n registrada anoche en la planta de Dow fue detectada por el sism\u00f3frafo de Sierra de la Ventana.<!--more--><br \/>\nEn tal sentido, la especialista coment\u00f3 en el programa \u00abTal cual es\u00bb que se trata de un registro que \u00abse tiene que tomar de forma manual porque, claramente, la escala es tan peque\u00f1a en t\u00e9rminos de comparaci\u00f3n con lo que genera un sismo propiamente dicho\u00bb.<br \/>\n\u00abCuando tuve el dato del evento, le ped\u00ed a los especialistas que hicieran una b\u00fasqueda manual de ese dato en particular y se encontr\u00f3\u00bb, sintetiz\u00f3 Bustos.<br \/>\nY respecto del equipamiento, indic\u00f3 que \u00abestamos hablando de instrumentos muy sensibles que est\u00e1n hechos justamente para ello, por eso adem\u00e1s se ubican en lugares con un entorno muy tranquilo\u00bb.<\/p>\n","protected":false},"excerpt":{"rendered":"<p>La coordinadora t\u00e9cnica del Instituto Nacional de Prevenci\u00f3n S\u00edsmica INPRESS, Silvana Bustos, cont\u00f3 en LA BR\u00daJULA 24 que la explosi\u00f3n registrada anoche en la planta de Dow fue detectada por el sism\u00f3frafo de Sierra de la Ventana.<\/p>\n","protected":false},"author":3,"featured_media":0,"comment_status":"closed","ping_status":"open","sticky":false,"template":"","format":"standard","meta":{"footnotes":""},"categories":[26,25],"tags":[],"class_list":["post-32594","post","type-post","status-publish","format-standard","hentry","category-sociedad","category-uncategorized"],"yoast_head":"<!-- This site is optimized with the Yoast SEO plugin v25.9 - https:\/\/yoast.com\/wordpress\/plugins\/seo\/ -->\n<title>El sism\u00f3grafo de Sierra de la Ventana detect\u00f3 la explosi\u00f3n en Dow - Noticias Radio Reflejos<\/title>\n<meta name=\"robots\" content=\"index, follow, max-snippet:-1, max-image-preview:large, max-video-preview:-1\" \/>\n<link rel=\"canonical\" href=\"https:\/\/www.noticiasradioreflejos.com.ar\/2021\/32594\/\" \/>\n<meta property=\"og:locale\" content=\"es_ES\" \/>\n<meta property=\"og:type\" content=\"article\" \/>\n<meta property=\"og:title\" content=\"El sism\u00f3grafo de Sierra de la Ventana detect\u00f3 la explosi\u00f3n en Dow - Noticias Radio Reflejos\" \/>\n<meta property=\"og:description\" content=\"La coordinadora t\u00e9cnica del Instituto Nacional de Prevenci\u00f3n S\u00edsmica INPRESS, Silvana Bustos, cont\u00f3 en LA BR\u00daJULA 24 que la explosi\u00f3n registrada anoche en la planta de Dow fue detectada por el sism\u00f3frafo de Sierra de la Ventana.\" \/>\n<meta property=\"og:url\" content=\"https:\/\/www.noticiasradioreflejos.com.ar\/2021\/32594\/\" \/>\n<meta property=\"og:site_name\" content=\"Noticias Radio Reflejos\" \/>\n<meta property=\"article:published_time\" content=\"2019-06-28T15:40:05+00:00\" \/>\n<meta property=\"og:image\" content=\"https:\/\/www.noticiasradioreflejos.com.ar\/2021\/wp-content\/uploads\/2021\/07\/logosol300x200.png\" \/>\n\t<meta property=\"og:image:width\" content=\"300\" \/>\n\t<meta property=\"og:image:height\" content=\"200\" \/>\n\t<meta property=\"og:image:type\" content=\"image\/png\" \/>\n<meta name=\"author\" content=\"Arnaldo Botto\" \/>\n<meta name=\"twitter:card\" content=\"summary_large_image\" \/>\n<script type=\"application\/ld+json\" class=\"yoast-schema-graph\">{\"@context\":\"https:\/\/schema.org\",\"@graph\":[{\"@type\":\"WebPage\",\"@id\":\"https:\/\/www.noticiasradioreflejos.com.ar\/2021\/32594\/\",\"url\":\"https:\/\/www.noticiasradioreflejos.com.ar\/2021\/32594\/\",\"name\":\"El sism\u00f3grafo de Sierra de la Ventana detect\u00f3 la explosi\u00f3n en Dow - Noticias Radio Reflejos\",\"isPartOf\":{\"@id\":\"https:\/\/www.noticiasradioreflejos.com.ar\/2021\/#website\"},\"datePublished\":\"2019-06-28T15:40:05+00:00\",\"author\":{\"@id\":\"https:\/\/www.noticiasradioreflejos.com.ar\/2021\/#\/schema\/person\/ad82545263dcc5ec0996818884fd5fb1\"},\"breadcrumb\":{\"@id\":\"https:\/\/www.noticiasradioreflejos.com.ar\/2021\/32594\/#breadcrumb\"},\"inLanguage\":\"es\",\"potentialAction\":[{\"@type\":\"ReadAction\",\"target\":[\"https:\/\/www.noticiasradioreflejos.com.ar\/2021\/32594\/\"]}]},{\"@type\":\"BreadcrumbList\",\"@id\":\"https:\/\/www.noticiasradioreflejos.com.ar\/2021\/32594\/#breadcrumb\",\"itemListElement\":[{\"@type\":\"ListItem\",\"position\":1,\"name\":\"Portada\",\"item\":\"https:\/\/www.noticiasradioreflejos.com.ar\/2021\/\"},{\"@type\":\"ListItem\",\"position\":2,\"name\":\"El sism\u00f3grafo de Sierra de la Ventana detect\u00f3 la explosi\u00f3n en Dow\"}]},{\"@type\":\"WebSite\",\"@id\":\"https:\/\/www.noticiasradioreflejos.com.ar\/2021\/#website\",\"url\":\"https:\/\/www.noticiasradioreflejos.com.ar\/2021\/\",\"name\":\"Noticias Radio Reflejos\",\"description\":\"Las noticias de mi comarca\",\"potentialAction\":[{\"@type\":\"SearchAction\",\"target\":{\"@type\":\"EntryPoint\",\"urlTemplate\":\"https:\/\/www.noticiasradioreflejos.com.ar\/2021\/?s={search_term_string}\"},\"query-input\":{\"@type\":\"PropertyValueSpecification\",\"valueRequired\":true,\"valueName\":\"search_term_string\"}}],\"inLanguage\":\"es\"},{\"@type\":\"Person\",\"@id\":\"https:\/\/www.noticiasradioreflejos.com.ar\/2021\/#\/schema\/person\/ad82545263dcc5ec0996818884fd5fb1\",\"name\":\"Arnaldo Botto\",\"image\":{\"@type\":\"ImageObject\",\"inLanguage\":\"es\",\"@id\":\"https:\/\/www.noticiasradioreflejos.com.ar\/2021\/#\/schema\/person\/image\/\",\"url\":\"https:\/\/secure.gravatar.com\/avatar\/55cb5e37c1efa326397366e6974cb338056df65cb50e7d64d1cf314e87504837?s=96&d=mm&r=g\",\"contentUrl\":\"https:\/\/secure.gravatar.com\/avatar\/55cb5e37c1efa326397366e6974cb338056df65cb50e7d64d1cf314e87504837?s=96&d=mm&r=g\",\"caption\":\"Arnaldo Botto\"},\"url\":\"https:\/\/www.noticiasradioreflejos.com.ar\/2021\/author\/arnaldo\/\"}]}<\/script>\n<!-- \/ Yoast SEO plugin. -->","yoast_head_json":{"title":"El sism\u00f3grafo de Sierra de la Ventana detect\u00f3 la explosi\u00f3n en Dow - Noticias Radio Reflejos","robots":{"index":"index","follow":"follow","max-snippet":"max-snippet:-1","max-image-preview":"max-image-preview:large","max-video-preview":"max-video-preview:-1"},"canonical":"https:\/\/www.noticiasradioreflejos.com.ar\/2021\/32594\/","og_locale":"es_ES","og_type":"article","og_title":"El sism\u00f3grafo de Sierra de la Ventana detect\u00f3 la explosi\u00f3n en Dow - Noticias Radio Reflejos","og_description":"La coordinadora t\u00e9cnica del Instituto Nacional de Prevenci\u00f3n S\u00edsmica INPRESS, Silvana Bustos, cont\u00f3 en LA BR\u00daJULA 24 que la explosi\u00f3n registrada anoche en la planta de Dow fue detectada por el sism\u00f3frafo de Sierra de la Ventana.","og_url":"https:\/\/www.noticiasradioreflejos.com.ar\/2021\/32594\/","og_site_name":"Noticias Radio Reflejos","article_published_time":"2019-06-28T15:40:05+00:00","og_image":[{"width":300,"height":200,"url":"https:\/\/www.noticiasradioreflejos.com.ar\/2021\/wp-content\/uploads\/2021\/07\/logosol300x200.png","type":"image\/png"}],"author":"Arnaldo Botto","twitter_card":"summary_large_image","schema":{"@context":"https:\/\/schema.org","@graph":[{"@type":"WebPage","@id":"https:\/\/www.noticiasradioreflejos.com.ar\/2021\/32594\/","url":"https:\/\/www.noticiasradioreflejos.com.ar\/2021\/32594\/","name":"El sism\u00f3grafo de Sierra de la Ventana detect\u00f3 la explosi\u00f3n en Dow - Noticias Radio Reflejos","isPartOf":{"@id":"https:\/\/www.noticiasradioreflejos.com.ar\/2021\/#website"},"datePublished":"2019-06-28T15:40:05+00:00","author":{"@id":"https:\/\/www.noticiasradioreflejos.com.ar\/2021\/#\/schema\/person\/ad82545263dcc5ec0996818884fd5fb1"},"breadcrumb":{"@id":"https:\/\/www.noticiasradioreflejos.com.ar\/2021\/32594\/#breadcrumb"},"inLanguage":"es","potentialAction":[{"@type":"ReadAction","target":["https:\/\/www.noticiasradioreflejos.com.ar\/2021\/32594\/"]}]},{"@type":"BreadcrumbList","@id":"https:\/\/www.noticiasradioreflejos.com.ar\/2021\/32594\/#breadcrumb","itemListElement":[{"@type":"ListItem","position":1,"name":"Portada","item":"https:\/\/www.noticiasradioreflejos.com.ar\/2021\/"},{"@type":"ListItem","position":2,"name":"El sism\u00f3grafo de Sierra de la Ventana detect\u00f3 la explosi\u00f3n en Dow"}]},{"@type":"WebSite","@id":"https:\/\/www.noticiasradioreflejos.com.ar\/2021\/#website","url":"https:\/\/www.noticiasradioreflejos.com.ar\/2021\/","name":"Noticias Radio Reflejos","description":"Las noticias de mi comarca","potentialAction":[{"@type":"SearchAction","target":{"@type":"EntryPoint","urlTemplate":"https:\/\/www.noticiasradioreflejos.com.ar\/2021\/?s={search_term_string}"},"query-input":{"@type":"PropertyValueSpecification","valueRequired":true,"valueName":"search_term_string"}}],"inLanguage":"es"},{"@type":"Person","@id":"https:\/\/www.noticiasradioreflejos.com.ar\/2021\/#\/schema\/person\/ad82545263dcc5ec0996818884fd5fb1","name":"Arnaldo Botto","image":{"@type":"ImageObject","inLanguage":"es","@id":"https:\/\/www.noticiasradioreflejos.com.ar\/2021\/#\/schema\/person\/image\/","url":"https:\/\/secure.gravatar.com\/avatar\/55cb5e37c1efa326397366e6974cb338056df65cb50e7d64d1cf314e87504837?s=96&d=mm&r=g","contentUrl":"https:\/\/secure.gravatar.com\/avatar\/55cb5e37c1efa326397366e6974cb338056df65cb50e7d64d1cf314e87504837?s=96&d=mm&r=g","caption":"Arnaldo Botto"},"url":"https:\/\/www.noticiasradioreflejos.com.ar\/2021\/author\/arnaldo\/"}]}},"_links":{"self":[{"href":"https:\/\/www.noticiasradioreflejos.com.ar\/2021\/wp-json\/wp\/v2\/posts\/32594","targetHints":{"allow":["GET"]}}],"collection":[{"href":"https:\/\/www.noticiasradioreflejos.com.ar\/2021\/wp-json\/wp\/v2\/posts"}],"about":[{"href":"https:\/\/www.noticiasradioreflejos.com.ar\/2021\/wp-json\/wp\/v2\/types\/post"}],"author":[{"embeddable":true,"href":"https:\/\/www.noticiasradioreflejos.com.ar\/2021\/wp-json\/wp\/v2\/users\/3"}],"replies":[{"embeddable":true,"href":"https:\/\/www.noticiasradioreflejos.com.ar\/2021\/wp-json\/wp\/v2\/comments?post=32594"}],"version-history":[{"count":0,"href":"https:\/\/www.noticiasradioreflejos.com.ar\/2021\/wp-json\/wp\/v2\/posts\/32594\/revisions"}],"wp:attachment":[{"href":"https:\/\/www.noticiasradioreflejos.com.ar\/2021\/wp-json\/wp\/v2\/media?parent=32594"}],"wp:term":[{"taxonomy":"category","embeddable":true,"href":"https:\/\/www.noticiasradioreflejos.com.ar\/2021\/wp-json\/wp\/v2\/categories?post=32594"},{"taxonomy":"post_tag","embeddable":true,"href":"https:\/\/www.noticiasradioreflejos.com.ar\/2021\/wp-json\/wp\/v2\/tags?post=32594"}],"curies":[{"name":"wp","href":"https:\/\/api.w.org\/{rel}","templated":true}]}}