{"id":32573,"date":"2019-06-28T07:44:34","date_gmt":"2019-06-28T10:44:34","guid":{"rendered":"http:\/\/www.noticiasradioreflejos.com.ar\/noticias\/?p=32573"},"modified":"2019-06-28T07:44:34","modified_gmt":"2019-06-28T10:44:34","slug":"el-consejo-municipal-de-las-mujeres-solicita-audiencia-al-intendente","status":"publish","type":"post","link":"https:\/\/www.noticiasradioreflejos.com.ar\/2021\/el-consejo-municipal-de-las-mujeres-solicita-audiencia-al-intendente\/","title":{"rendered":"El Consejo Municipal de las Mujeres solicita audiencia al intendente."},"content":{"rendered":"<p><strong>Comunicado de prensa: <\/strong>En el d\u00eda de la fecha tomamos nota de que el Jefe Comunal, se\u00f1or Sergio Bordoni, recibi\u00f3 al Presidente de Trenes Argentinos se\u00f1or Marcelo Orfila para conversar sobre las mejoras que se est\u00e1n realizando en la estaci\u00f3n.<!--more--><br \/>\nDesde el Consejo Municipal de las Mujeres solicitamos, en julio de 2018 y en febrero de 2019, una entrevista con el se\u00f1or Intendente, pedido que reiteramos el 3 y el 21 junio del cte., con el prop\u00f3sito de exponerle las importantes problem\u00e1ticas de g\u00e9nero que requieren la toma de urgentes decisiones pol\u00edticas para a su resoluci\u00f3n.<br \/>\nUna de las cuestiones que enumeramos en la nota-petitorio es \u201cla firma del convenio con Trenes Argentinos para traer a Tornquist las campa\u00f1as de prevenci\u00f3n en el \u00e1rea de g\u00e9nero\u201d.<br \/>\nDe acuerdo con lo publicado, ambos funcionarios hablaron sobre infraestructura, reformas, mantenimiento, etc., por lo que debemos deducir que, al no ser recibidas oportunamente por el se\u00f1or Intendente, se ha frustrado la firma del convenio arriba mencionado.<br \/>\nEstamos absolutamente convencidas de que es imprescindible la interacci\u00f3n entre el gobierno municipal, otros organismos del estado y las instituciones impulsoras de proyectos educativos, culturales, de g\u00e9nero, proteccionistas, de fomento, de medio ambiente, etc., pero tambi\u00e9n decimos que si bien todos los temas requieren atenci\u00f3n, es un hecho que la problem\u00e1tica de la mujer no puede esperar; que el tratamiento de las cuestiones que afectan lo cotidiano debe ser \u00f3ptimo y equitativo y que las respuestas deben darse en tiempo y forma para que la comunidad crezca, se desarrolle y construya nuevas y mejores formas de relacionarnos como sociedad.<br \/>\nUna vez m\u00e1s, reclamamos que el se\u00f1or Intendente nos conceda la audiencia ya solicitada.<\/p>\n","protected":false},"excerpt":{"rendered":"<p>Comunicado de prensa: En el d\u00eda de la fecha tomamos nota de que el Jefe Comunal, se\u00f1or Sergio Bordoni, recibi\u00f3 al Presidente de Trenes Argentinos se\u00f1or Marcelo Orfila para conversar sobre las mejoras que se est\u00e1n realizando en la estaci\u00f3n.<\/p>\n","protected":false},"author":3,"featured_media":0,"comment_status":"closed","ping_status":"open","sticky":false,"template":"","format":"standard","meta":{"footnotes":""},"categories":[24],"tags":[],"class_list":["post-32573","post","type-post","status-publish","format-standard","hentry","category-politica"],"yoast_head":"<!-- This site is optimized with the Yoast SEO plugin v25.9 - https:\/\/yoast.com\/wordpress\/plugins\/seo\/ -->\n<title>El Consejo Municipal de las Mujeres solicita audiencia al intendente. - Noticias Radio Reflejos<\/title>\n<meta name=\"robots\" content=\"index, follow, max-snippet:-1, max-image-preview:large, max-video-preview:-1\" \/>\n<link rel=\"canonical\" href=\"https:\/\/www.noticiasradioreflejos.com.ar\/2021\/el-consejo-municipal-de-las-mujeres-solicita-audiencia-al-intendente\/\" \/>\n<meta property=\"og:locale\" content=\"es_ES\" \/>\n<meta property=\"og:type\" content=\"article\" \/>\n<meta property=\"og:title\" content=\"El Consejo Municipal de las Mujeres solicita audiencia al intendente. - Noticias Radio Reflejos\" \/>\n<meta property=\"og:description\" content=\"Comunicado de prensa: En el d\u00eda de la fecha tomamos nota de que el Jefe Comunal, se\u00f1or Sergio Bordoni, recibi\u00f3 al Presidente de Trenes Argentinos se\u00f1or Marcelo Orfila para conversar sobre las mejoras que se est\u00e1n realizando en la estaci\u00f3n.\" \/>\n<meta property=\"og:url\" content=\"https:\/\/www.noticiasradioreflejos.com.ar\/2021\/el-consejo-municipal-de-las-mujeres-solicita-audiencia-al-intendente\/\" \/>\n<meta property=\"og:site_name\" content=\"Noticias Radio Reflejos\" \/>\n<meta property=\"article:published_time\" content=\"2019-06-28T10:44:34+00:00\" \/>\n<meta property=\"og:image\" content=\"https:\/\/www.noticiasradioreflejos.com.ar\/2021\/wp-content\/uploads\/2021\/07\/logosol300x200.png\" \/>\n\t<meta property=\"og:image:width\" content=\"300\" \/>\n\t<meta property=\"og:image:height\" content=\"200\" \/>\n\t<meta property=\"og:image:type\" content=\"image\/png\" \/>\n<meta name=\"author\" content=\"Arnaldo Botto\" \/>\n<meta name=\"twitter:card\" content=\"summary_large_image\" \/>\n<script type=\"application\/ld+json\" class=\"yoast-schema-graph\">{\"@context\":\"https:\/\/schema.org\",\"@graph\":[{\"@type\":\"WebPage\",\"@id\":\"https:\/\/www.noticiasradioreflejos.com.ar\/2021\/el-consejo-municipal-de-las-mujeres-solicita-audiencia-al-intendente\/\",\"url\":\"https:\/\/www.noticiasradioreflejos.com.ar\/2021\/el-consejo-municipal-de-las-mujeres-solicita-audiencia-al-intendente\/\",\"name\":\"El Consejo Municipal de las Mujeres solicita audiencia al intendente. - Noticias Radio Reflejos\",\"isPartOf\":{\"@id\":\"https:\/\/www.noticiasradioreflejos.com.ar\/2021\/#website\"},\"datePublished\":\"2019-06-28T10:44:34+00:00\",\"author\":{\"@id\":\"https:\/\/www.noticiasradioreflejos.com.ar\/2021\/#\/schema\/person\/ad82545263dcc5ec0996818884fd5fb1\"},\"breadcrumb\":{\"@id\":\"https:\/\/www.noticiasradioreflejos.com.ar\/2021\/el-consejo-municipal-de-las-mujeres-solicita-audiencia-al-intendente\/#breadcrumb\"},\"inLanguage\":\"es\",\"potentialAction\":[{\"@type\":\"ReadAction\",\"target\":[\"https:\/\/www.noticiasradioreflejos.com.ar\/2021\/el-consejo-municipal-de-las-mujeres-solicita-audiencia-al-intendente\/\"]}]},{\"@type\":\"BreadcrumbList\",\"@id\":\"https:\/\/www.noticiasradioreflejos.com.ar\/2021\/el-consejo-municipal-de-las-mujeres-solicita-audiencia-al-intendente\/#breadcrumb\",\"itemListElement\":[{\"@type\":\"ListItem\",\"position\":1,\"name\":\"Portada\",\"item\":\"https:\/\/www.noticiasradioreflejos.com.ar\/2021\/\"},{\"@type\":\"ListItem\",\"position\":2,\"name\":\"El Consejo Municipal de las Mujeres solicita audiencia al intendente.\"}]},{\"@type\":\"WebSite\",\"@id\":\"https:\/\/www.noticiasradioreflejos.com.ar\/2021\/#website\",\"url\":\"https:\/\/www.noticiasradioreflejos.com.ar\/2021\/\",\"name\":\"Noticias Radio Reflejos\",\"description\":\"Las noticias de mi comarca\",\"potentialAction\":[{\"@type\":\"SearchAction\",\"target\":{\"@type\":\"EntryPoint\",\"urlTemplate\":\"https:\/\/www.noticiasradioreflejos.com.ar\/2021\/?s={search_term_string}\"},\"query-input\":{\"@type\":\"PropertyValueSpecification\",\"valueRequired\":true,\"valueName\":\"search_term_string\"}}],\"inLanguage\":\"es\"},{\"@type\":\"Person\",\"@id\":\"https:\/\/www.noticiasradioreflejos.com.ar\/2021\/#\/schema\/person\/ad82545263dcc5ec0996818884fd5fb1\",\"name\":\"Arnaldo Botto\",\"image\":{\"@type\":\"ImageObject\",\"inLanguage\":\"es\",\"@id\":\"https:\/\/www.noticiasradioreflejos.com.ar\/2021\/#\/schema\/person\/image\/\",\"url\":\"https:\/\/secure.gravatar.com\/avatar\/55cb5e37c1efa326397366e6974cb338056df65cb50e7d64d1cf314e87504837?s=96&d=mm&r=g\",\"contentUrl\":\"https:\/\/secure.gravatar.com\/avatar\/55cb5e37c1efa326397366e6974cb338056df65cb50e7d64d1cf314e87504837?s=96&d=mm&r=g\",\"caption\":\"Arnaldo Botto\"},\"url\":\"https:\/\/www.noticiasradioreflejos.com.ar\/2021\/author\/arnaldo\/\"}]}<\/script>\n<!-- \/ Yoast SEO plugin. -->","yoast_head_json":{"title":"El Consejo Municipal de las Mujeres solicita audiencia al intendente. - Noticias Radio Reflejos","robots":{"index":"index","follow":"follow","max-snippet":"max-snippet:-1","max-image-preview":"max-image-preview:large","max-video-preview":"max-video-preview:-1"},"canonical":"https:\/\/www.noticiasradioreflejos.com.ar\/2021\/el-consejo-municipal-de-las-mujeres-solicita-audiencia-al-intendente\/","og_locale":"es_ES","og_type":"article","og_title":"El Consejo Municipal de las Mujeres solicita audiencia al intendente. - Noticias Radio Reflejos","og_description":"Comunicado de prensa: En el d\u00eda de la fecha tomamos nota de que el Jefe Comunal, se\u00f1or Sergio Bordoni, recibi\u00f3 al Presidente de Trenes Argentinos se\u00f1or Marcelo Orfila para conversar sobre las mejoras que se est\u00e1n realizando en la estaci\u00f3n.","og_url":"https:\/\/www.noticiasradioreflejos.com.ar\/2021\/el-consejo-municipal-de-las-mujeres-solicita-audiencia-al-intendente\/","og_site_name":"Noticias Radio Reflejos","article_published_time":"2019-06-28T10:44:34+00:00","og_image":[{"width":300,"height":200,"url":"https:\/\/www.noticiasradioreflejos.com.ar\/2021\/wp-content\/uploads\/2021\/07\/logosol300x200.png","type":"image\/png"}],"author":"Arnaldo Botto","twitter_card":"summary_large_image","schema":{"@context":"https:\/\/schema.org","@graph":[{"@type":"WebPage","@id":"https:\/\/www.noticiasradioreflejos.com.ar\/2021\/el-consejo-municipal-de-las-mujeres-solicita-audiencia-al-intendente\/","url":"https:\/\/www.noticiasradioreflejos.com.ar\/2021\/el-consejo-municipal-de-las-mujeres-solicita-audiencia-al-intendente\/","name":"El Consejo Municipal de las Mujeres solicita audiencia al intendente. - Noticias Radio Reflejos","isPartOf":{"@id":"https:\/\/www.noticiasradioreflejos.com.ar\/2021\/#website"},"datePublished":"2019-06-28T10:44:34+00:00","author":{"@id":"https:\/\/www.noticiasradioreflejos.com.ar\/2021\/#\/schema\/person\/ad82545263dcc5ec0996818884fd5fb1"},"breadcrumb":{"@id":"https:\/\/www.noticiasradioreflejos.com.ar\/2021\/el-consejo-municipal-de-las-mujeres-solicita-audiencia-al-intendente\/#breadcrumb"},"inLanguage":"es","potentialAction":[{"@type":"ReadAction","target":["https:\/\/www.noticiasradioreflejos.com.ar\/2021\/el-consejo-municipal-de-las-mujeres-solicita-audiencia-al-intendente\/"]}]},{"@type":"BreadcrumbList","@id":"https:\/\/www.noticiasradioreflejos.com.ar\/2021\/el-consejo-municipal-de-las-mujeres-solicita-audiencia-al-intendente\/#breadcrumb","itemListElement":[{"@type":"ListItem","position":1,"name":"Portada","item":"https:\/\/www.noticiasradioreflejos.com.ar\/2021\/"},{"@type":"ListItem","position":2,"name":"El Consejo Municipal de las Mujeres solicita audiencia al intendente."}]},{"@type":"WebSite","@id":"https:\/\/www.noticiasradioreflejos.com.ar\/2021\/#website","url":"https:\/\/www.noticiasradioreflejos.com.ar\/2021\/","name":"Noticias Radio Reflejos","description":"Las noticias de mi comarca","potentialAction":[{"@type":"SearchAction","target":{"@type":"EntryPoint","urlTemplate":"https:\/\/www.noticiasradioreflejos.com.ar\/2021\/?s={search_term_string}"},"query-input":{"@type":"PropertyValueSpecification","valueRequired":true,"valueName":"search_term_string"}}],"inLanguage":"es"},{"@type":"Person","@id":"https:\/\/www.noticiasradioreflejos.com.ar\/2021\/#\/schema\/person\/ad82545263dcc5ec0996818884fd5fb1","name":"Arnaldo Botto","image":{"@type":"ImageObject","inLanguage":"es","@id":"https:\/\/www.noticiasradioreflejos.com.ar\/2021\/#\/schema\/person\/image\/","url":"https:\/\/secure.gravatar.com\/avatar\/55cb5e37c1efa326397366e6974cb338056df65cb50e7d64d1cf314e87504837?s=96&d=mm&r=g","contentUrl":"https:\/\/secure.gravatar.com\/avatar\/55cb5e37c1efa326397366e6974cb338056df65cb50e7d64d1cf314e87504837?s=96&d=mm&r=g","caption":"Arnaldo Botto"},"url":"https:\/\/www.noticiasradioreflejos.com.ar\/2021\/author\/arnaldo\/"}]}},"_links":{"self":[{"href":"https:\/\/www.noticiasradioreflejos.com.ar\/2021\/wp-json\/wp\/v2\/posts\/32573","targetHints":{"allow":["GET"]}}],"collection":[{"href":"https:\/\/www.noticiasradioreflejos.com.ar\/2021\/wp-json\/wp\/v2\/posts"}],"about":[{"href":"https:\/\/www.noticiasradioreflejos.com.ar\/2021\/wp-json\/wp\/v2\/types\/post"}],"author":[{"embeddable":true,"href":"https:\/\/www.noticiasradioreflejos.com.ar\/2021\/wp-json\/wp\/v2\/users\/3"}],"replies":[{"embeddable":true,"href":"https:\/\/www.noticiasradioreflejos.com.ar\/2021\/wp-json\/wp\/v2\/comments?post=32573"}],"version-history":[{"count":0,"href":"https:\/\/www.noticiasradioreflejos.com.ar\/2021\/wp-json\/wp\/v2\/posts\/32573\/revisions"}],"wp:attachment":[{"href":"https:\/\/www.noticiasradioreflejos.com.ar\/2021\/wp-json\/wp\/v2\/media?parent=32573"}],"wp:term":[{"taxonomy":"category","embeddable":true,"href":"https:\/\/www.noticiasradioreflejos.com.ar\/2021\/wp-json\/wp\/v2\/categories?post=32573"},{"taxonomy":"post_tag","embeddable":true,"href":"https:\/\/www.noticiasradioreflejos.com.ar\/2021\/wp-json\/wp\/v2\/tags?post=32573"}],"curies":[{"name":"wp","href":"https:\/\/api.w.org\/{rel}","templated":true}]}}