{"id":32551,"date":"2019-06-27T12:33:20","date_gmt":"2019-06-27T15:33:20","guid":{"rendered":"http:\/\/www.noticiasradioreflejos.com.ar\/noticias\/?p=32551"},"modified":"2019-06-27T12:33:20","modified_gmt":"2019-06-27T15:33:20","slug":"la-municipalidad-se-tiene-que-hacer-cargo-pagamos-las-tasas-y-los-servicios-llegan-a-medias","status":"publish","type":"post","link":"https:\/\/www.noticiasradioreflejos.com.ar\/2021\/la-municipalidad-se-tiene-que-hacer-cargo-pagamos-las-tasas-y-los-servicios-llegan-a-medias\/","title":{"rendered":"&quot;La municipalidad se tiene que hacer cargo, pagamos las tasas y los servicios llegan a medias&quot; &#8211; Jorge Simonetta."},"content":{"rendered":"<p>Vecinos del Barrio Cerro Ceferino reclaman por servicios y definiciones al municipio de Coronel Suarez.<br \/>\n<strong>Daniel Simonetta y Hector \u00abChiche\u00bb Cabral <\/strong>, presidente y Vicepresidente de la Asoc. de Fomento del Barrio Cerro Ceferino, exhibieron en los estudios de la radio, las preocupaciones de los habitantes del barrio por la carencia de servicios fundamentales y mostraron la complicada situaci\u00f3n en la que se encuentran, donde quedan en medio de la Ley de Fideicomiso, el gobierno provincial y el el municipal.<!--more--><br \/>\nLa Asociaci\u00f3n de Fomento cuenta con 100 socios y en su comisi\u00f3n directiva trabajan 10 integrantes.<br \/>\n\u00abNos sentimos en el medio del fideicomiso y del municipio, pagamos los impuestos y no tenemos los servicios b\u00e1sicos\u00bb manifest\u00f3 Daniel en el comienzo de la charla, para introducir a los oyentes en la compleja problem\u00e1tica que sufren los vecinos del lugar. Aunque se manifestaron y reconocieron que desde hace poco tiempo. \u00abel servicio que m\u00e1s se ve, es el de recolecci\u00f3n de residuos\u00bb, explicando que antes se realizaba s\u00f3lo en unos pocos canastos y ahora se hace en varios domicilios.<br \/>\nSin Embargo, tanto Cabral como Simonetta, describieron que otros elementales servicios,\u00a0 como el de mantenimiento de calles, riego y control de malezas y yuyales en terrenos no se realizan.<br \/>\nOtro de los logros recientes, fu\u00e9 el de nominaci\u00f3n de las calles, para el cual, adoptaron utilizar nombres de plantas y flores.<br \/>\nAhora se encuentran abocados a lograr el apoyo del municipio a la extensi\u00f3n de la red de gas natural, para lo cual la empresa Camuzzi Gas Pampeana dej\u00f3 una boca que permitir\u00eda conectarlos a la nueva red que se realiz\u00f3 en el Barrio de Valle Hermoso y La Cumbre de Sierra de la Ventana.<br \/>\nSimonetta informa a su vez, que el 27 de julio se realizar\u00e1 una reuni\u00f3n informativa con los vecinos para informar sobre todos los avances en las gestiones que lleva adelante la instituci\u00f3n y los siguientes pasos a seguir.<br \/>\n<strong>Nota Completa:<\/strong><br \/>\n<iframe loading=\"lazy\" src=\"https:\/\/w.soundcloud.com\/player\/?url=https%3A\/\/api.soundcloud.com\/tracks\/642851181&amp;color=%23ff5500&amp;auto_play=false&amp;hide_related=false&amp;show_comments=true&amp;show_user=true&amp;show_reposts=false&amp;show_teaser=true\" width=\"100%\" height=\"166\" frameborder=\"no\" scrolling=\"no\"><\/iframe><\/p>\n","protected":false},"excerpt":{"rendered":"<p>Vecinos del Barrio Cerro Ceferino reclaman por servicios y definiciones al municipio de Coronel Suarez. Daniel Simonetta y Hector \u00abChiche\u00bb Cabral , presidente y Vicepresidente de la Asoc. de Fomento del Barrio Cerro Ceferino, exhibieron en los estudios de la radio, las preocupaciones de los habitantes del barrio por la carencia de servicios fundamentales y [&hellip;]<\/p>\n","protected":false},"author":3,"featured_media":0,"comment_status":"closed","ping_status":"open","sticky":false,"template":"","format":"standard","meta":{"footnotes":""},"categories":[26],"tags":[],"class_list":["post-32551","post","type-post","status-publish","format-standard","hentry","category-sociedad"],"yoast_head":"<!-- This site is optimized with the Yoast SEO plugin v25.9 - https:\/\/yoast.com\/wordpress\/plugins\/seo\/ -->\n<title>&quot;La municipalidad se tiene que hacer cargo, pagamos las tasas y los servicios llegan a medias&quot; - Jorge Simonetta. - Noticias Radio Reflejos<\/title>\n<meta name=\"robots\" content=\"index, follow, max-snippet:-1, max-image-preview:large, max-video-preview:-1\" \/>\n<link rel=\"canonical\" href=\"https:\/\/www.noticiasradioreflejos.com.ar\/2021\/la-municipalidad-se-tiene-que-hacer-cargo-pagamos-las-tasas-y-los-servicios-llegan-a-medias\/\" \/>\n<meta property=\"og:locale\" content=\"es_ES\" \/>\n<meta property=\"og:type\" content=\"article\" \/>\n<meta property=\"og:title\" content=\"&quot;La municipalidad se tiene que hacer cargo, pagamos las tasas y los servicios llegan a medias&quot; - Jorge Simonetta. - Noticias Radio Reflejos\" \/>\n<meta property=\"og:description\" content=\"Vecinos del Barrio Cerro Ceferino reclaman por servicios y definiciones al municipio de Coronel Suarez. Daniel Simonetta y Hector \u00abChiche\u00bb Cabral , presidente y Vicepresidente de la Asoc. de Fomento del Barrio Cerro Ceferino, exhibieron en los estudios de la radio, las preocupaciones de los habitantes del barrio por la carencia de servicios fundamentales y [&hellip;]\" \/>\n<meta property=\"og:url\" content=\"https:\/\/www.noticiasradioreflejos.com.ar\/2021\/la-municipalidad-se-tiene-que-hacer-cargo-pagamos-las-tasas-y-los-servicios-llegan-a-medias\/\" \/>\n<meta property=\"og:site_name\" content=\"Noticias Radio Reflejos\" \/>\n<meta property=\"article:published_time\" content=\"2019-06-27T15:33:20+00:00\" \/>\n<meta property=\"og:image\" content=\"https:\/\/www.noticiasradioreflejos.com.ar\/2021\/wp-content\/uploads\/2021\/07\/logosol300x200.png\" \/>\n\t<meta property=\"og:image:width\" content=\"300\" \/>\n\t<meta property=\"og:image:height\" content=\"200\" \/>\n\t<meta property=\"og:image:type\" content=\"image\/png\" \/>\n<meta name=\"author\" content=\"Arnaldo Botto\" \/>\n<meta name=\"twitter:card\" content=\"summary_large_image\" \/>\n<script type=\"application\/ld+json\" class=\"yoast-schema-graph\">{\"@context\":\"https:\/\/schema.org\",\"@graph\":[{\"@type\":\"WebPage\",\"@id\":\"https:\/\/www.noticiasradioreflejos.com.ar\/2021\/la-municipalidad-se-tiene-que-hacer-cargo-pagamos-las-tasas-y-los-servicios-llegan-a-medias\/\",\"url\":\"https:\/\/www.noticiasradioreflejos.com.ar\/2021\/la-municipalidad-se-tiene-que-hacer-cargo-pagamos-las-tasas-y-los-servicios-llegan-a-medias\/\",\"name\":\"&quot;La municipalidad se tiene que hacer cargo, pagamos las tasas y los servicios llegan a medias&quot; - Jorge Simonetta. - Noticias Radio Reflejos\",\"isPartOf\":{\"@id\":\"https:\/\/www.noticiasradioreflejos.com.ar\/2021\/#website\"},\"datePublished\":\"2019-06-27T15:33:20+00:00\",\"author\":{\"@id\":\"https:\/\/www.noticiasradioreflejos.com.ar\/2021\/#\/schema\/person\/ad82545263dcc5ec0996818884fd5fb1\"},\"breadcrumb\":{\"@id\":\"https:\/\/www.noticiasradioreflejos.com.ar\/2021\/la-municipalidad-se-tiene-que-hacer-cargo-pagamos-las-tasas-y-los-servicios-llegan-a-medias\/#breadcrumb\"},\"inLanguage\":\"es\",\"potentialAction\":[{\"@type\":\"ReadAction\",\"target\":[\"https:\/\/www.noticiasradioreflejos.com.ar\/2021\/la-municipalidad-se-tiene-que-hacer-cargo-pagamos-las-tasas-y-los-servicios-llegan-a-medias\/\"]}]},{\"@type\":\"BreadcrumbList\",\"@id\":\"https:\/\/www.noticiasradioreflejos.com.ar\/2021\/la-municipalidad-se-tiene-que-hacer-cargo-pagamos-las-tasas-y-los-servicios-llegan-a-medias\/#breadcrumb\",\"itemListElement\":[{\"@type\":\"ListItem\",\"position\":1,\"name\":\"Portada\",\"item\":\"https:\/\/www.noticiasradioreflejos.com.ar\/2021\/\"},{\"@type\":\"ListItem\",\"position\":2,\"name\":\"&quot;La municipalidad se tiene que hacer cargo, pagamos las tasas y los servicios llegan a medias&quot; &#8211; Jorge Simonetta.\"}]},{\"@type\":\"WebSite\",\"@id\":\"https:\/\/www.noticiasradioreflejos.com.ar\/2021\/#website\",\"url\":\"https:\/\/www.noticiasradioreflejos.com.ar\/2021\/\",\"name\":\"Noticias Radio Reflejos\",\"description\":\"Las noticias de mi comarca\",\"potentialAction\":[{\"@type\":\"SearchAction\",\"target\":{\"@type\":\"EntryPoint\",\"urlTemplate\":\"https:\/\/www.noticiasradioreflejos.com.ar\/2021\/?s={search_term_string}\"},\"query-input\":{\"@type\":\"PropertyValueSpecification\",\"valueRequired\":true,\"valueName\":\"search_term_string\"}}],\"inLanguage\":\"es\"},{\"@type\":\"Person\",\"@id\":\"https:\/\/www.noticiasradioreflejos.com.ar\/2021\/#\/schema\/person\/ad82545263dcc5ec0996818884fd5fb1\",\"name\":\"Arnaldo Botto\",\"image\":{\"@type\":\"ImageObject\",\"inLanguage\":\"es\",\"@id\":\"https:\/\/www.noticiasradioreflejos.com.ar\/2021\/#\/schema\/person\/image\/\",\"url\":\"https:\/\/secure.gravatar.com\/avatar\/55cb5e37c1efa326397366e6974cb338056df65cb50e7d64d1cf314e87504837?s=96&d=mm&r=g\",\"contentUrl\":\"https:\/\/secure.gravatar.com\/avatar\/55cb5e37c1efa326397366e6974cb338056df65cb50e7d64d1cf314e87504837?s=96&d=mm&r=g\",\"caption\":\"Arnaldo Botto\"},\"url\":\"https:\/\/www.noticiasradioreflejos.com.ar\/2021\/author\/arnaldo\/\"}]}<\/script>\n<!-- \/ Yoast SEO plugin. -->","yoast_head_json":{"title":"&quot;La municipalidad se tiene que hacer cargo, pagamos las tasas y los servicios llegan a medias&quot; - Jorge Simonetta. - Noticias Radio Reflejos","robots":{"index":"index","follow":"follow","max-snippet":"max-snippet:-1","max-image-preview":"max-image-preview:large","max-video-preview":"max-video-preview:-1"},"canonical":"https:\/\/www.noticiasradioreflejos.com.ar\/2021\/la-municipalidad-se-tiene-que-hacer-cargo-pagamos-las-tasas-y-los-servicios-llegan-a-medias\/","og_locale":"es_ES","og_type":"article","og_title":"&quot;La municipalidad se tiene que hacer cargo, pagamos las tasas y los servicios llegan a medias&quot; - Jorge Simonetta. - Noticias Radio Reflejos","og_description":"Vecinos del Barrio Cerro Ceferino reclaman por servicios y definiciones al municipio de Coronel Suarez. Daniel Simonetta y Hector \u00abChiche\u00bb Cabral , presidente y Vicepresidente de la Asoc. de Fomento del Barrio Cerro Ceferino, exhibieron en los estudios de la radio, las preocupaciones de los habitantes del barrio por la carencia de servicios fundamentales y [&hellip;]","og_url":"https:\/\/www.noticiasradioreflejos.com.ar\/2021\/la-municipalidad-se-tiene-que-hacer-cargo-pagamos-las-tasas-y-los-servicios-llegan-a-medias\/","og_site_name":"Noticias Radio Reflejos","article_published_time":"2019-06-27T15:33:20+00:00","og_image":[{"width":300,"height":200,"url":"https:\/\/www.noticiasradioreflejos.com.ar\/2021\/wp-content\/uploads\/2021\/07\/logosol300x200.png","type":"image\/png"}],"author":"Arnaldo Botto","twitter_card":"summary_large_image","schema":{"@context":"https:\/\/schema.org","@graph":[{"@type":"WebPage","@id":"https:\/\/www.noticiasradioreflejos.com.ar\/2021\/la-municipalidad-se-tiene-que-hacer-cargo-pagamos-las-tasas-y-los-servicios-llegan-a-medias\/","url":"https:\/\/www.noticiasradioreflejos.com.ar\/2021\/la-municipalidad-se-tiene-que-hacer-cargo-pagamos-las-tasas-y-los-servicios-llegan-a-medias\/","name":"&quot;La municipalidad se tiene que hacer cargo, pagamos las tasas y los servicios llegan a medias&quot; - Jorge Simonetta. - Noticias Radio Reflejos","isPartOf":{"@id":"https:\/\/www.noticiasradioreflejos.com.ar\/2021\/#website"},"datePublished":"2019-06-27T15:33:20+00:00","author":{"@id":"https:\/\/www.noticiasradioreflejos.com.ar\/2021\/#\/schema\/person\/ad82545263dcc5ec0996818884fd5fb1"},"breadcrumb":{"@id":"https:\/\/www.noticiasradioreflejos.com.ar\/2021\/la-municipalidad-se-tiene-que-hacer-cargo-pagamos-las-tasas-y-los-servicios-llegan-a-medias\/#breadcrumb"},"inLanguage":"es","potentialAction":[{"@type":"ReadAction","target":["https:\/\/www.noticiasradioreflejos.com.ar\/2021\/la-municipalidad-se-tiene-que-hacer-cargo-pagamos-las-tasas-y-los-servicios-llegan-a-medias\/"]}]},{"@type":"BreadcrumbList","@id":"https:\/\/www.noticiasradioreflejos.com.ar\/2021\/la-municipalidad-se-tiene-que-hacer-cargo-pagamos-las-tasas-y-los-servicios-llegan-a-medias\/#breadcrumb","itemListElement":[{"@type":"ListItem","position":1,"name":"Portada","item":"https:\/\/www.noticiasradioreflejos.com.ar\/2021\/"},{"@type":"ListItem","position":2,"name":"&quot;La municipalidad se tiene que hacer cargo, pagamos las tasas y los servicios llegan a medias&quot; &#8211; Jorge Simonetta."}]},{"@type":"WebSite","@id":"https:\/\/www.noticiasradioreflejos.com.ar\/2021\/#website","url":"https:\/\/www.noticiasradioreflejos.com.ar\/2021\/","name":"Noticias Radio Reflejos","description":"Las noticias de mi comarca","potentialAction":[{"@type":"SearchAction","target":{"@type":"EntryPoint","urlTemplate":"https:\/\/www.noticiasradioreflejos.com.ar\/2021\/?s={search_term_string}"},"query-input":{"@type":"PropertyValueSpecification","valueRequired":true,"valueName":"search_term_string"}}],"inLanguage":"es"},{"@type":"Person","@id":"https:\/\/www.noticiasradioreflejos.com.ar\/2021\/#\/schema\/person\/ad82545263dcc5ec0996818884fd5fb1","name":"Arnaldo Botto","image":{"@type":"ImageObject","inLanguage":"es","@id":"https:\/\/www.noticiasradioreflejos.com.ar\/2021\/#\/schema\/person\/image\/","url":"https:\/\/secure.gravatar.com\/avatar\/55cb5e37c1efa326397366e6974cb338056df65cb50e7d64d1cf314e87504837?s=96&d=mm&r=g","contentUrl":"https:\/\/secure.gravatar.com\/avatar\/55cb5e37c1efa326397366e6974cb338056df65cb50e7d64d1cf314e87504837?s=96&d=mm&r=g","caption":"Arnaldo Botto"},"url":"https:\/\/www.noticiasradioreflejos.com.ar\/2021\/author\/arnaldo\/"}]}},"_links":{"self":[{"href":"https:\/\/www.noticiasradioreflejos.com.ar\/2021\/wp-json\/wp\/v2\/posts\/32551","targetHints":{"allow":["GET"]}}],"collection":[{"href":"https:\/\/www.noticiasradioreflejos.com.ar\/2021\/wp-json\/wp\/v2\/posts"}],"about":[{"href":"https:\/\/www.noticiasradioreflejos.com.ar\/2021\/wp-json\/wp\/v2\/types\/post"}],"author":[{"embeddable":true,"href":"https:\/\/www.noticiasradioreflejos.com.ar\/2021\/wp-json\/wp\/v2\/users\/3"}],"replies":[{"embeddable":true,"href":"https:\/\/www.noticiasradioreflejos.com.ar\/2021\/wp-json\/wp\/v2\/comments?post=32551"}],"version-history":[{"count":0,"href":"https:\/\/www.noticiasradioreflejos.com.ar\/2021\/wp-json\/wp\/v2\/posts\/32551\/revisions"}],"wp:attachment":[{"href":"https:\/\/www.noticiasradioreflejos.com.ar\/2021\/wp-json\/wp\/v2\/media?parent=32551"}],"wp:term":[{"taxonomy":"category","embeddable":true,"href":"https:\/\/www.noticiasradioreflejos.com.ar\/2021\/wp-json\/wp\/v2\/categories?post=32551"},{"taxonomy":"post_tag","embeddable":true,"href":"https:\/\/www.noticiasradioreflejos.com.ar\/2021\/wp-json\/wp\/v2\/tags?post=32551"}],"curies":[{"name":"wp","href":"https:\/\/api.w.org\/{rel}","templated":true}]}}