{"id":32544,"date":"2019-06-27T09:44:13","date_gmt":"2019-06-27T12:44:13","guid":{"rendered":"http:\/\/www.noticiasradioreflejos.com.ar\/noticias\/?p=32544"},"modified":"2019-06-27T09:44:13","modified_gmt":"2019-06-27T12:44:13","slug":"nueva-escala-slarial-pra-el-personal-domestico","status":"publish","type":"post","link":"https:\/\/www.noticiasradioreflejos.com.ar\/2021\/nueva-escala-slarial-pra-el-personal-domestico\/","title":{"rendered":"Nueva escala salarial para el personal dom\u00e9stico."},"content":{"rendered":"<p>La Comisi\u00f3n Nacional de Trabajo en Casas Particulares acord\u00f3 un incremento del 30 por ciento para el a\u00f1o 2019, seg\u00fan inform\u00f3 oficialmente el Ministerio de Producci\u00f3n. El ajuste del 30% de aumento se ejecutar\u00e1 en tres tramos: 10% en junio, 10% en agosto y 10% en noviembre. Asimismo, se acord\u00f3 una cl\u00e1usula de revisi\u00f3n del acuerdo para el mes de febrero del pr\u00f3ximo a\u00f1o.<!--more--><br \/>\nLos valores por hora y mensual quedan as\u00ed:<br \/>\n* Supervisor\/a con retiro: Hora, $ 136,95 \/ Mensual, $ 17.142,95 &#8211; Sin retiro: Hora, $149,60 \/ Mensual, $19.095,45.<br \/>\n* Personal para tareas espec\u00edficas con retiro: Hora, $ 129,25 \/ Mensual, $15.926,35 &#8211; Sin retiro: Hora, $ 141,90 \/ Mensual, $17.728,70.<br \/>\n* Caseros con retiro: Hora, $ 121,55 \/ Mensual, $ 15.538,60<br \/>\n*Asistencia y cuidado de persona con retiro: Hora, $ 121,55\/ Mensual, $ 15.538,60 &#8211; Sin retiro: Hora, $ 136,95 \/ Mensual, $ 17.316,75.<br \/>\n*Personal para tareas generales con retiro: Hora, $ 113,30 \/ Mensual, $ 13.973,85 &#8211; Sin retiro: Hora, $ 121,55 \/ Mensual, $ 15.538,60.<br \/>\nGentileza: Carlos Dana<\/p>\n","protected":false},"excerpt":{"rendered":"<p>La Comisi\u00f3n Nacional de Trabajo en Casas Particulares acord\u00f3 un incremento del 30 por ciento para el a\u00f1o 2019, seg\u00fan inform\u00f3 oficialmente el Ministerio de Producci\u00f3n. El ajuste del 30% de aumento se ejecutar\u00e1 en tres tramos: 10% en junio, 10% en agosto y 10% en noviembre. Asimismo, se acord\u00f3 una cl\u00e1usula de revisi\u00f3n del [&hellip;]<\/p>\n","protected":false},"author":3,"featured_media":0,"comment_status":"closed","ping_status":"open","sticky":false,"template":"","format":"standard","meta":{"footnotes":""},"categories":[26],"tags":[],"class_list":["post-32544","post","type-post","status-publish","format-standard","hentry","category-sociedad"],"yoast_head":"<!-- This site is optimized with the Yoast SEO plugin v25.9 - https:\/\/yoast.com\/wordpress\/plugins\/seo\/ -->\n<title>Nueva escala salarial para el personal dom\u00e9stico. - Noticias Radio Reflejos<\/title>\n<meta name=\"robots\" content=\"index, follow, max-snippet:-1, max-image-preview:large, max-video-preview:-1\" \/>\n<link rel=\"canonical\" href=\"https:\/\/www.noticiasradioreflejos.com.ar\/2021\/nueva-escala-slarial-pra-el-personal-domestico\/\" \/>\n<meta property=\"og:locale\" content=\"es_ES\" \/>\n<meta property=\"og:type\" content=\"article\" \/>\n<meta property=\"og:title\" content=\"Nueva escala salarial para el personal dom\u00e9stico. - Noticias Radio Reflejos\" \/>\n<meta property=\"og:description\" content=\"La Comisi\u00f3n Nacional de Trabajo en Casas Particulares acord\u00f3 un incremento del 30 por ciento para el a\u00f1o 2019, seg\u00fan inform\u00f3 oficialmente el Ministerio de Producci\u00f3n. El ajuste del 30% de aumento se ejecutar\u00e1 en tres tramos: 10% en junio, 10% en agosto y 10% en noviembre. Asimismo, se acord\u00f3 una cl\u00e1usula de revisi\u00f3n del [&hellip;]\" \/>\n<meta property=\"og:url\" content=\"https:\/\/www.noticiasradioreflejos.com.ar\/2021\/nueva-escala-slarial-pra-el-personal-domestico\/\" \/>\n<meta property=\"og:site_name\" content=\"Noticias Radio Reflejos\" \/>\n<meta property=\"article:published_time\" content=\"2019-06-27T12:44:13+00:00\" \/>\n<meta property=\"og:image\" content=\"https:\/\/www.noticiasradioreflejos.com.ar\/2021\/wp-content\/uploads\/2021\/07\/logosol300x200.png\" \/>\n\t<meta property=\"og:image:width\" content=\"300\" \/>\n\t<meta property=\"og:image:height\" content=\"200\" \/>\n\t<meta property=\"og:image:type\" content=\"image\/png\" \/>\n<meta name=\"author\" content=\"Arnaldo Botto\" \/>\n<meta name=\"twitter:card\" content=\"summary_large_image\" \/>\n<script type=\"application\/ld+json\" class=\"yoast-schema-graph\">{\"@context\":\"https:\/\/schema.org\",\"@graph\":[{\"@type\":\"WebPage\",\"@id\":\"https:\/\/www.noticiasradioreflejos.com.ar\/2021\/nueva-escala-slarial-pra-el-personal-domestico\/\",\"url\":\"https:\/\/www.noticiasradioreflejos.com.ar\/2021\/nueva-escala-slarial-pra-el-personal-domestico\/\",\"name\":\"Nueva escala salarial para el personal dom\u00e9stico. - Noticias Radio Reflejos\",\"isPartOf\":{\"@id\":\"https:\/\/www.noticiasradioreflejos.com.ar\/2021\/#website\"},\"datePublished\":\"2019-06-27T12:44:13+00:00\",\"author\":{\"@id\":\"https:\/\/www.noticiasradioreflejos.com.ar\/2021\/#\/schema\/person\/ad82545263dcc5ec0996818884fd5fb1\"},\"breadcrumb\":{\"@id\":\"https:\/\/www.noticiasradioreflejos.com.ar\/2021\/nueva-escala-slarial-pra-el-personal-domestico\/#breadcrumb\"},\"inLanguage\":\"es\",\"potentialAction\":[{\"@type\":\"ReadAction\",\"target\":[\"https:\/\/www.noticiasradioreflejos.com.ar\/2021\/nueva-escala-slarial-pra-el-personal-domestico\/\"]}]},{\"@type\":\"BreadcrumbList\",\"@id\":\"https:\/\/www.noticiasradioreflejos.com.ar\/2021\/nueva-escala-slarial-pra-el-personal-domestico\/#breadcrumb\",\"itemListElement\":[{\"@type\":\"ListItem\",\"position\":1,\"name\":\"Portada\",\"item\":\"https:\/\/www.noticiasradioreflejos.com.ar\/2021\/\"},{\"@type\":\"ListItem\",\"position\":2,\"name\":\"Nueva escala salarial para el personal dom\u00e9stico.\"}]},{\"@type\":\"WebSite\",\"@id\":\"https:\/\/www.noticiasradioreflejos.com.ar\/2021\/#website\",\"url\":\"https:\/\/www.noticiasradioreflejos.com.ar\/2021\/\",\"name\":\"Noticias Radio Reflejos\",\"description\":\"Las noticias de mi comarca\",\"potentialAction\":[{\"@type\":\"SearchAction\",\"target\":{\"@type\":\"EntryPoint\",\"urlTemplate\":\"https:\/\/www.noticiasradioreflejos.com.ar\/2021\/?s={search_term_string}\"},\"query-input\":{\"@type\":\"PropertyValueSpecification\",\"valueRequired\":true,\"valueName\":\"search_term_string\"}}],\"inLanguage\":\"es\"},{\"@type\":\"Person\",\"@id\":\"https:\/\/www.noticiasradioreflejos.com.ar\/2021\/#\/schema\/person\/ad82545263dcc5ec0996818884fd5fb1\",\"name\":\"Arnaldo Botto\",\"image\":{\"@type\":\"ImageObject\",\"inLanguage\":\"es\",\"@id\":\"https:\/\/www.noticiasradioreflejos.com.ar\/2021\/#\/schema\/person\/image\/\",\"url\":\"https:\/\/secure.gravatar.com\/avatar\/55cb5e37c1efa326397366e6974cb338056df65cb50e7d64d1cf314e87504837?s=96&d=mm&r=g\",\"contentUrl\":\"https:\/\/secure.gravatar.com\/avatar\/55cb5e37c1efa326397366e6974cb338056df65cb50e7d64d1cf314e87504837?s=96&d=mm&r=g\",\"caption\":\"Arnaldo Botto\"},\"url\":\"https:\/\/www.noticiasradioreflejos.com.ar\/2021\/author\/arnaldo\/\"}]}<\/script>\n<!-- \/ Yoast SEO plugin. -->","yoast_head_json":{"title":"Nueva escala salarial para el personal dom\u00e9stico. - Noticias Radio Reflejos","robots":{"index":"index","follow":"follow","max-snippet":"max-snippet:-1","max-image-preview":"max-image-preview:large","max-video-preview":"max-video-preview:-1"},"canonical":"https:\/\/www.noticiasradioreflejos.com.ar\/2021\/nueva-escala-slarial-pra-el-personal-domestico\/","og_locale":"es_ES","og_type":"article","og_title":"Nueva escala salarial para el personal dom\u00e9stico. - Noticias Radio Reflejos","og_description":"La Comisi\u00f3n Nacional de Trabajo en Casas Particulares acord\u00f3 un incremento del 30 por ciento para el a\u00f1o 2019, seg\u00fan inform\u00f3 oficialmente el Ministerio de Producci\u00f3n. El ajuste del 30% de aumento se ejecutar\u00e1 en tres tramos: 10% en junio, 10% en agosto y 10% en noviembre. Asimismo, se acord\u00f3 una cl\u00e1usula de revisi\u00f3n del [&hellip;]","og_url":"https:\/\/www.noticiasradioreflejos.com.ar\/2021\/nueva-escala-slarial-pra-el-personal-domestico\/","og_site_name":"Noticias Radio Reflejos","article_published_time":"2019-06-27T12:44:13+00:00","og_image":[{"width":300,"height":200,"url":"https:\/\/www.noticiasradioreflejos.com.ar\/2021\/wp-content\/uploads\/2021\/07\/logosol300x200.png","type":"image\/png"}],"author":"Arnaldo Botto","twitter_card":"summary_large_image","schema":{"@context":"https:\/\/schema.org","@graph":[{"@type":"WebPage","@id":"https:\/\/www.noticiasradioreflejos.com.ar\/2021\/nueva-escala-slarial-pra-el-personal-domestico\/","url":"https:\/\/www.noticiasradioreflejos.com.ar\/2021\/nueva-escala-slarial-pra-el-personal-domestico\/","name":"Nueva escala salarial para el personal dom\u00e9stico. - Noticias Radio Reflejos","isPartOf":{"@id":"https:\/\/www.noticiasradioreflejos.com.ar\/2021\/#website"},"datePublished":"2019-06-27T12:44:13+00:00","author":{"@id":"https:\/\/www.noticiasradioreflejos.com.ar\/2021\/#\/schema\/person\/ad82545263dcc5ec0996818884fd5fb1"},"breadcrumb":{"@id":"https:\/\/www.noticiasradioreflejos.com.ar\/2021\/nueva-escala-slarial-pra-el-personal-domestico\/#breadcrumb"},"inLanguage":"es","potentialAction":[{"@type":"ReadAction","target":["https:\/\/www.noticiasradioreflejos.com.ar\/2021\/nueva-escala-slarial-pra-el-personal-domestico\/"]}]},{"@type":"BreadcrumbList","@id":"https:\/\/www.noticiasradioreflejos.com.ar\/2021\/nueva-escala-slarial-pra-el-personal-domestico\/#breadcrumb","itemListElement":[{"@type":"ListItem","position":1,"name":"Portada","item":"https:\/\/www.noticiasradioreflejos.com.ar\/2021\/"},{"@type":"ListItem","position":2,"name":"Nueva escala salarial para el personal dom\u00e9stico."}]},{"@type":"WebSite","@id":"https:\/\/www.noticiasradioreflejos.com.ar\/2021\/#website","url":"https:\/\/www.noticiasradioreflejos.com.ar\/2021\/","name":"Noticias Radio Reflejos","description":"Las noticias de mi comarca","potentialAction":[{"@type":"SearchAction","target":{"@type":"EntryPoint","urlTemplate":"https:\/\/www.noticiasradioreflejos.com.ar\/2021\/?s={search_term_string}"},"query-input":{"@type":"PropertyValueSpecification","valueRequired":true,"valueName":"search_term_string"}}],"inLanguage":"es"},{"@type":"Person","@id":"https:\/\/www.noticiasradioreflejos.com.ar\/2021\/#\/schema\/person\/ad82545263dcc5ec0996818884fd5fb1","name":"Arnaldo Botto","image":{"@type":"ImageObject","inLanguage":"es","@id":"https:\/\/www.noticiasradioreflejos.com.ar\/2021\/#\/schema\/person\/image\/","url":"https:\/\/secure.gravatar.com\/avatar\/55cb5e37c1efa326397366e6974cb338056df65cb50e7d64d1cf314e87504837?s=96&d=mm&r=g","contentUrl":"https:\/\/secure.gravatar.com\/avatar\/55cb5e37c1efa326397366e6974cb338056df65cb50e7d64d1cf314e87504837?s=96&d=mm&r=g","caption":"Arnaldo Botto"},"url":"https:\/\/www.noticiasradioreflejos.com.ar\/2021\/author\/arnaldo\/"}]}},"_links":{"self":[{"href":"https:\/\/www.noticiasradioreflejos.com.ar\/2021\/wp-json\/wp\/v2\/posts\/32544","targetHints":{"allow":["GET"]}}],"collection":[{"href":"https:\/\/www.noticiasradioreflejos.com.ar\/2021\/wp-json\/wp\/v2\/posts"}],"about":[{"href":"https:\/\/www.noticiasradioreflejos.com.ar\/2021\/wp-json\/wp\/v2\/types\/post"}],"author":[{"embeddable":true,"href":"https:\/\/www.noticiasradioreflejos.com.ar\/2021\/wp-json\/wp\/v2\/users\/3"}],"replies":[{"embeddable":true,"href":"https:\/\/www.noticiasradioreflejos.com.ar\/2021\/wp-json\/wp\/v2\/comments?post=32544"}],"version-history":[{"count":0,"href":"https:\/\/www.noticiasradioreflejos.com.ar\/2021\/wp-json\/wp\/v2\/posts\/32544\/revisions"}],"wp:attachment":[{"href":"https:\/\/www.noticiasradioreflejos.com.ar\/2021\/wp-json\/wp\/v2\/media?parent=32544"}],"wp:term":[{"taxonomy":"category","embeddable":true,"href":"https:\/\/www.noticiasradioreflejos.com.ar\/2021\/wp-json\/wp\/v2\/categories?post=32544"},{"taxonomy":"post_tag","embeddable":true,"href":"https:\/\/www.noticiasradioreflejos.com.ar\/2021\/wp-json\/wp\/v2\/tags?post=32544"}],"curies":[{"name":"wp","href":"https:\/\/api.w.org\/{rel}","templated":true}]}}