{"id":32512,"date":"2019-06-26T07:45:06","date_gmt":"2019-06-26T10:45:06","guid":{"rendered":"http:\/\/www.noticiasradioreflejos.com.ar\/noticias\/?p=32512"},"modified":"2019-06-26T07:45:06","modified_gmt":"2019-06-26T10:45:06","slug":"instancia-distrital-del-programa-parlamento-juvenil-del-mercosur-2","status":"publish","type":"post","link":"https:\/\/www.noticiasradioreflejos.com.ar\/2021\/instancia-distrital-del-programa-parlamento-juvenil-del-mercosur-2\/","title":{"rendered":"Instancia Distrital del Programa Parlamento Juvenil del Mercosur."},"content":{"rendered":"<p>El pasado 24 de junio, en el Recinto del Honorable Concejo Deliberante de Tornquist, se llev\u00f3 a cabo una nueva edici\u00f3n de la Instancia Distrital del Programa Parlamento Juvenil del Mercosur. De la misma participaron alumnos de las siguientes instituciones educativas: Escuela Secundaria N\u00ba 1, N\u00ba 2, N\u00ba 3, N\u00ba 5, N\u00ba 6, Escuela Secundaria T\u00e9cina N\u00ba 1, Escuela Secundaria Agraria N\u00ba 1, CEPT N\u00ba 12 y Colegio Ntra Sra de Luj\u00e1n. <!--more--><br \/>\nSe debatieron tem\u00e0ticas significativas tales como: J\u00f3venes y Trabajo, Inclus\u00f3n Educativa, G\u00e9nero, Participaci\u00f3n Ciudadana de los J\u00f3venes, Derechos Humanos e Integraci\u00f3n Regional.<br \/>\nEstuvieron presentes en el evento, el Inspector Jefe Regional de Educaci\u00f3n Prof. Fabi\u00e1n Palma, la Inspectora Jefe Distrital, Prof. Maria Rosa Gonzalez, Director del Area de Juventud Municipal. Dr. Gerardo Bucchi, concejales y autoridades escolares,<br \/>\nAgradecemos la inestimable colaboraci\u00f3n del personal y autoridades del Honorable Concejo Deliberante por facilitar el espacio y el refrigerio como asi tambi\u00e9n, la predisposici\u00f3n de los funcionarios municipales, por brindar el traslado de los alumnos de las localidades del distrito.<br \/>\nParticipar\u00e1n en la Instancia Provincial del Parlamento Juvenil del Mercosur, por voto democr\u00e1tico de sus propios pares: Daniel Gasparoni por EESA N\u00ba 1, Emilio Torrecilla por EES N\u00ba 1, Martina Savisky por EES N\u00ba 2, Agustina Godoy por EES N\u00ba 3, Caetano Bravo por EES N\u00ba 5, Gianela Haberkhom por EES N\u00ba 6, Abigail Figueroa por EEST N\u00ba 1, Rodrigo Rouco por Colegio Ntra Sra de Lujan y Mora Alvarez por CEPT N\u00ba 12. .<br \/>\n<a href=\"https:\/\/www.facebook.com\/pg\/NoticiasRadioReflejos\/photos\/?tab=album&amp;album_id=855659004802009\"><strong>ver fotos<\/strong><\/a><br \/>\nDirecci\u00f3n Provincial de Pol\u00edtica Socioeducativa<br \/>\nRegi\u00f3n 23<br \/>\nDistrito Tornquist<\/p>\n","protected":false},"excerpt":{"rendered":"<p>El pasado 24 de junio, en el Recinto del Honorable Concejo Deliberante de Tornquist, se llev\u00f3 a cabo una nueva edici\u00f3n de la Instancia Distrital del Programa Parlamento Juvenil del Mercosur. De la misma participaron alumnos de las siguientes instituciones educativas: Escuela Secundaria N\u00ba 1, N\u00ba 2, N\u00ba 3, N\u00ba 5, N\u00ba 6, Escuela Secundaria [&hellip;]<\/p>\n","protected":false},"author":3,"featured_media":0,"comment_status":"closed","ping_status":"open","sticky":false,"template":"","format":"standard","meta":{"footnotes":""},"categories":[34],"tags":[],"class_list":["post-32512","post","type-post","status-publish","format-standard","hentry","category-educacion"],"yoast_head":"<!-- This site is optimized with the Yoast SEO plugin v25.9 - https:\/\/yoast.com\/wordpress\/plugins\/seo\/ -->\n<title>Instancia Distrital del Programa Parlamento Juvenil del Mercosur. - Noticias Radio Reflejos<\/title>\n<meta name=\"robots\" content=\"index, follow, max-snippet:-1, max-image-preview:large, max-video-preview:-1\" \/>\n<link rel=\"canonical\" href=\"https:\/\/www.noticiasradioreflejos.com.ar\/2021\/instancia-distrital-del-programa-parlamento-juvenil-del-mercosur-2\/\" \/>\n<meta property=\"og:locale\" content=\"es_ES\" \/>\n<meta property=\"og:type\" content=\"article\" \/>\n<meta property=\"og:title\" content=\"Instancia Distrital del Programa Parlamento Juvenil del Mercosur. - Noticias Radio Reflejos\" \/>\n<meta property=\"og:description\" content=\"El pasado 24 de junio, en el Recinto del Honorable Concejo Deliberante de Tornquist, se llev\u00f3 a cabo una nueva edici\u00f3n de la Instancia Distrital del Programa Parlamento Juvenil del Mercosur. De la misma participaron alumnos de las siguientes instituciones educativas: Escuela Secundaria N\u00ba 1, N\u00ba 2, N\u00ba 3, N\u00ba 5, N\u00ba 6, Escuela Secundaria [&hellip;]\" \/>\n<meta property=\"og:url\" content=\"https:\/\/www.noticiasradioreflejos.com.ar\/2021\/instancia-distrital-del-programa-parlamento-juvenil-del-mercosur-2\/\" \/>\n<meta property=\"og:site_name\" content=\"Noticias Radio Reflejos\" \/>\n<meta property=\"article:published_time\" content=\"2019-06-26T10:45:06+00:00\" \/>\n<meta property=\"og:image\" content=\"https:\/\/www.noticiasradioreflejos.com.ar\/2021\/wp-content\/uploads\/2021\/07\/logosol300x200.png\" \/>\n\t<meta property=\"og:image:width\" content=\"300\" \/>\n\t<meta property=\"og:image:height\" content=\"200\" \/>\n\t<meta property=\"og:image:type\" content=\"image\/png\" \/>\n<meta name=\"author\" content=\"Arnaldo Botto\" \/>\n<meta name=\"twitter:card\" content=\"summary_large_image\" \/>\n<script type=\"application\/ld+json\" class=\"yoast-schema-graph\">{\"@context\":\"https:\/\/schema.org\",\"@graph\":[{\"@type\":\"WebPage\",\"@id\":\"https:\/\/www.noticiasradioreflejos.com.ar\/2021\/instancia-distrital-del-programa-parlamento-juvenil-del-mercosur-2\/\",\"url\":\"https:\/\/www.noticiasradioreflejos.com.ar\/2021\/instancia-distrital-del-programa-parlamento-juvenil-del-mercosur-2\/\",\"name\":\"Instancia Distrital del Programa Parlamento Juvenil del Mercosur. - Noticias Radio Reflejos\",\"isPartOf\":{\"@id\":\"https:\/\/www.noticiasradioreflejos.com.ar\/2021\/#website\"},\"datePublished\":\"2019-06-26T10:45:06+00:00\",\"author\":{\"@id\":\"https:\/\/www.noticiasradioreflejos.com.ar\/2021\/#\/schema\/person\/ad82545263dcc5ec0996818884fd5fb1\"},\"breadcrumb\":{\"@id\":\"https:\/\/www.noticiasradioreflejos.com.ar\/2021\/instancia-distrital-del-programa-parlamento-juvenil-del-mercosur-2\/#breadcrumb\"},\"inLanguage\":\"es\",\"potentialAction\":[{\"@type\":\"ReadAction\",\"target\":[\"https:\/\/www.noticiasradioreflejos.com.ar\/2021\/instancia-distrital-del-programa-parlamento-juvenil-del-mercosur-2\/\"]}]},{\"@type\":\"BreadcrumbList\",\"@id\":\"https:\/\/www.noticiasradioreflejos.com.ar\/2021\/instancia-distrital-del-programa-parlamento-juvenil-del-mercosur-2\/#breadcrumb\",\"itemListElement\":[{\"@type\":\"ListItem\",\"position\":1,\"name\":\"Portada\",\"item\":\"https:\/\/www.noticiasradioreflejos.com.ar\/2021\/\"},{\"@type\":\"ListItem\",\"position\":2,\"name\":\"Instancia Distrital del Programa Parlamento Juvenil del Mercosur.\"}]},{\"@type\":\"WebSite\",\"@id\":\"https:\/\/www.noticiasradioreflejos.com.ar\/2021\/#website\",\"url\":\"https:\/\/www.noticiasradioreflejos.com.ar\/2021\/\",\"name\":\"Noticias Radio Reflejos\",\"description\":\"Las noticias de mi comarca\",\"potentialAction\":[{\"@type\":\"SearchAction\",\"target\":{\"@type\":\"EntryPoint\",\"urlTemplate\":\"https:\/\/www.noticiasradioreflejos.com.ar\/2021\/?s={search_term_string}\"},\"query-input\":{\"@type\":\"PropertyValueSpecification\",\"valueRequired\":true,\"valueName\":\"search_term_string\"}}],\"inLanguage\":\"es\"},{\"@type\":\"Person\",\"@id\":\"https:\/\/www.noticiasradioreflejos.com.ar\/2021\/#\/schema\/person\/ad82545263dcc5ec0996818884fd5fb1\",\"name\":\"Arnaldo Botto\",\"image\":{\"@type\":\"ImageObject\",\"inLanguage\":\"es\",\"@id\":\"https:\/\/www.noticiasradioreflejos.com.ar\/2021\/#\/schema\/person\/image\/\",\"url\":\"https:\/\/secure.gravatar.com\/avatar\/55cb5e37c1efa326397366e6974cb338056df65cb50e7d64d1cf314e87504837?s=96&d=mm&r=g\",\"contentUrl\":\"https:\/\/secure.gravatar.com\/avatar\/55cb5e37c1efa326397366e6974cb338056df65cb50e7d64d1cf314e87504837?s=96&d=mm&r=g\",\"caption\":\"Arnaldo Botto\"},\"url\":\"https:\/\/www.noticiasradioreflejos.com.ar\/2021\/author\/arnaldo\/\"}]}<\/script>\n<!-- \/ Yoast SEO plugin. -->","yoast_head_json":{"title":"Instancia Distrital del Programa Parlamento Juvenil del Mercosur. - Noticias Radio Reflejos","robots":{"index":"index","follow":"follow","max-snippet":"max-snippet:-1","max-image-preview":"max-image-preview:large","max-video-preview":"max-video-preview:-1"},"canonical":"https:\/\/www.noticiasradioreflejos.com.ar\/2021\/instancia-distrital-del-programa-parlamento-juvenil-del-mercosur-2\/","og_locale":"es_ES","og_type":"article","og_title":"Instancia Distrital del Programa Parlamento Juvenil del Mercosur. - Noticias Radio Reflejos","og_description":"El pasado 24 de junio, en el Recinto del Honorable Concejo Deliberante de Tornquist, se llev\u00f3 a cabo una nueva edici\u00f3n de la Instancia Distrital del Programa Parlamento Juvenil del Mercosur. De la misma participaron alumnos de las siguientes instituciones educativas: Escuela Secundaria N\u00ba 1, N\u00ba 2, N\u00ba 3, N\u00ba 5, N\u00ba 6, Escuela Secundaria [&hellip;]","og_url":"https:\/\/www.noticiasradioreflejos.com.ar\/2021\/instancia-distrital-del-programa-parlamento-juvenil-del-mercosur-2\/","og_site_name":"Noticias Radio Reflejos","article_published_time":"2019-06-26T10:45:06+00:00","og_image":[{"width":300,"height":200,"url":"https:\/\/www.noticiasradioreflejos.com.ar\/2021\/wp-content\/uploads\/2021\/07\/logosol300x200.png","type":"image\/png"}],"author":"Arnaldo Botto","twitter_card":"summary_large_image","schema":{"@context":"https:\/\/schema.org","@graph":[{"@type":"WebPage","@id":"https:\/\/www.noticiasradioreflejos.com.ar\/2021\/instancia-distrital-del-programa-parlamento-juvenil-del-mercosur-2\/","url":"https:\/\/www.noticiasradioreflejos.com.ar\/2021\/instancia-distrital-del-programa-parlamento-juvenil-del-mercosur-2\/","name":"Instancia Distrital del Programa Parlamento Juvenil del Mercosur. - Noticias Radio Reflejos","isPartOf":{"@id":"https:\/\/www.noticiasradioreflejos.com.ar\/2021\/#website"},"datePublished":"2019-06-26T10:45:06+00:00","author":{"@id":"https:\/\/www.noticiasradioreflejos.com.ar\/2021\/#\/schema\/person\/ad82545263dcc5ec0996818884fd5fb1"},"breadcrumb":{"@id":"https:\/\/www.noticiasradioreflejos.com.ar\/2021\/instancia-distrital-del-programa-parlamento-juvenil-del-mercosur-2\/#breadcrumb"},"inLanguage":"es","potentialAction":[{"@type":"ReadAction","target":["https:\/\/www.noticiasradioreflejos.com.ar\/2021\/instancia-distrital-del-programa-parlamento-juvenil-del-mercosur-2\/"]}]},{"@type":"BreadcrumbList","@id":"https:\/\/www.noticiasradioreflejos.com.ar\/2021\/instancia-distrital-del-programa-parlamento-juvenil-del-mercosur-2\/#breadcrumb","itemListElement":[{"@type":"ListItem","position":1,"name":"Portada","item":"https:\/\/www.noticiasradioreflejos.com.ar\/2021\/"},{"@type":"ListItem","position":2,"name":"Instancia Distrital del Programa Parlamento Juvenil del Mercosur."}]},{"@type":"WebSite","@id":"https:\/\/www.noticiasradioreflejos.com.ar\/2021\/#website","url":"https:\/\/www.noticiasradioreflejos.com.ar\/2021\/","name":"Noticias Radio Reflejos","description":"Las noticias de mi comarca","potentialAction":[{"@type":"SearchAction","target":{"@type":"EntryPoint","urlTemplate":"https:\/\/www.noticiasradioreflejos.com.ar\/2021\/?s={search_term_string}"},"query-input":{"@type":"PropertyValueSpecification","valueRequired":true,"valueName":"search_term_string"}}],"inLanguage":"es"},{"@type":"Person","@id":"https:\/\/www.noticiasradioreflejos.com.ar\/2021\/#\/schema\/person\/ad82545263dcc5ec0996818884fd5fb1","name":"Arnaldo Botto","image":{"@type":"ImageObject","inLanguage":"es","@id":"https:\/\/www.noticiasradioreflejos.com.ar\/2021\/#\/schema\/person\/image\/","url":"https:\/\/secure.gravatar.com\/avatar\/55cb5e37c1efa326397366e6974cb338056df65cb50e7d64d1cf314e87504837?s=96&d=mm&r=g","contentUrl":"https:\/\/secure.gravatar.com\/avatar\/55cb5e37c1efa326397366e6974cb338056df65cb50e7d64d1cf314e87504837?s=96&d=mm&r=g","caption":"Arnaldo Botto"},"url":"https:\/\/www.noticiasradioreflejos.com.ar\/2021\/author\/arnaldo\/"}]}},"_links":{"self":[{"href":"https:\/\/www.noticiasradioreflejos.com.ar\/2021\/wp-json\/wp\/v2\/posts\/32512","targetHints":{"allow":["GET"]}}],"collection":[{"href":"https:\/\/www.noticiasradioreflejos.com.ar\/2021\/wp-json\/wp\/v2\/posts"}],"about":[{"href":"https:\/\/www.noticiasradioreflejos.com.ar\/2021\/wp-json\/wp\/v2\/types\/post"}],"author":[{"embeddable":true,"href":"https:\/\/www.noticiasradioreflejos.com.ar\/2021\/wp-json\/wp\/v2\/users\/3"}],"replies":[{"embeddable":true,"href":"https:\/\/www.noticiasradioreflejos.com.ar\/2021\/wp-json\/wp\/v2\/comments?post=32512"}],"version-history":[{"count":0,"href":"https:\/\/www.noticiasradioreflejos.com.ar\/2021\/wp-json\/wp\/v2\/posts\/32512\/revisions"}],"wp:attachment":[{"href":"https:\/\/www.noticiasradioreflejos.com.ar\/2021\/wp-json\/wp\/v2\/media?parent=32512"}],"wp:term":[{"taxonomy":"category","embeddable":true,"href":"https:\/\/www.noticiasradioreflejos.com.ar\/2021\/wp-json\/wp\/v2\/categories?post=32512"},{"taxonomy":"post_tag","embeddable":true,"href":"https:\/\/www.noticiasradioreflejos.com.ar\/2021\/wp-json\/wp\/v2\/tags?post=32512"}],"curies":[{"name":"wp","href":"https:\/\/api.w.org\/{rel}","templated":true}]}}