{"id":32504,"date":"2019-06-25T18:23:55","date_gmt":"2019-06-25T21:23:55","guid":{"rendered":"http:\/\/www.noticiasradioreflejos.com.ar\/noticias\/?p=32504"},"modified":"2019-06-25T18:23:55","modified_gmt":"2019-06-25T21:23:55","slug":"el-frente-de-todos-tornquist-presento-a-militantes-y-vecinos-su-lista-de-precandidatos","status":"publish","type":"post","link":"https:\/\/www.noticiasradioreflejos.com.ar\/2021\/el-frente-de-todos-tornquist-presento-a-militantes-y-vecinos-su-lista-de-precandidatos\/","title":{"rendered":"El Frente de Todos Tornquist present\u00f3 a militantes y vecinos su lista de precandidatos ."},"content":{"rendered":"<p>En una Unidad B\u00e1sica repleta de militantes y vecinos de las distintas localidades de distrito, el prencadidato a intendente de Tornquist por el Frente de Todos, licenciado Gustavo Trankels, present\u00f3 a quienes lo acompa\u00f1ar\u00e1n como precandidatos a concejales y consejeros escolares en las PASO del pr\u00f3ximo 11 de agosto y, posteriormente, en las elecciones generales del 27 de octubre.<!--more-->Despu\u00e9s de una breve introducci\u00f3n del ex jefe comunal y de escuchar dos canciones escritas especialmente para la ocasi\u00f3n, en el colmado recinto se escucharon las voces de cada uno de los postulantes.<br \/>\nLa n\u00f3mina para concejales est\u00e1 compuesta por Carmen Soverchia (Tornquist), Claudio Iribarren (Sierra de la Ventana), Roc\u00edo V\u00e1zquez (Saldungaray), Santiago Musso (Tornquist), M\u00f3nica Sagredo (Saldungaray) y Leonardo Strazzulla (Villa Ventana) como titulares; y Mar\u00eda Romero (Sierra de la Ventana), Daniel Venanzi (Chasic\u00f3), Marcela G\u00f3mez (Sierra de la Ventana) y N\u00e9stor De Prado (Tres Picos) como suplentes.<br \/>\nEn cuanto a los consejeros escolares, la lista es encabezada por Marcela Gim\u00e9nez (Tornquist), quien estar\u00e1 acompa\u00f1ada por Alberto Aldecoa (Tornquist), Laura Pedrero (Tornquist) y Dante Peralta (Saldungaray).<br \/>\n\u201cVenimos a hacer realidad ese cambio que se prometi\u00f3 y no se cumpli\u00f3\u201d, se\u00f1al\u00f3 Trankels, quien resalt\u00f3 la unidad conseguida por distintas facciones del justicialismo.<br \/>\n\u201cQuiero destacar a la dirigencia del campo popular, que dej\u00f3 de lado cuestiones personales para pensar con nosotros en la manera de armar un gran equipo para devolverle la esperanza al distrito\u201d, afirm\u00f3.<br \/>\nEn este sentido, agradeci\u00f3 al Frente Renovador, a Unidad Ciudadana y a los diferentes gremios que apoyan su candidatura.<br \/>\n\u201cLes pedimos a los que faltan que se sumen. Las puertas del partido est\u00e1n abiertas para todos. Nuestro proyecto es el proyecto del pueblo\u201d, se\u00f1al\u00f3 y destac\u00f3 la gran participaci\u00f3n de j\u00f3venes de diferentes localidades.<br \/>\nDurante la presentaci\u00f3n hubo cantos de la mano de la JP, muchos aplausos y algunas l\u00e1grimas de emoci\u00f3n. Una vez concluidos los discursos, much\u00edsimos militantes aprovecharon la ocasi\u00f3n para tomarse fotograf\u00edas con Gustavo y los dem\u00e1s participantes de la lista.<br \/>\nEn los pr\u00f3ximos d\u00edas, se har\u00e1 el lanzamiento oficial para los medios de comunicaci\u00f3n de la lista de precandidatos del Frente de Todos.<br \/>\n<a title=\"Todos Tornquist 24-6 (4)\" href=\"http:\/\/live.staticflickr.com\/65535\/48128542541_93a7c1750d_s.jpg\" rel=\"\"><img loading=\"lazy\" decoding=\"async\" class=\"aligncenter\" title=\"Todos Tornquist 24-6 (4)\" src=\"http:\/\/live.staticflickr.com\/65535\/48128542541_93a7c1750d_z.jpg\" alt=\"Todos Tornquist 24-6 (4)\" width=\"640\" height=\"427\" \/><\/a><a title=\"Todos Tornquist 24-6 (5)\" href=\"http:\/\/live.staticflickr.com\/65535\/48128576348_a76c3f2a07_s.jpg\" rel=\"\"><img loading=\"lazy\" decoding=\"async\" class=\"aligncenter\" title=\"Todos Tornquist 24-6 (5)\" src=\"http:\/\/live.staticflickr.com\/65535\/48128576348_a76c3f2a07_z.jpg\" alt=\"Todos Tornquist 24-6 (5)\" width=\"640\" height=\"458\" \/><\/a><a title=\"Todos Tornquist 24-6 (9)\" href=\"http:\/\/live.staticflickr.com\/65535\/48128632497_b94c116d0a_s.jpg\" rel=\"\"><img loading=\"lazy\" decoding=\"async\" class=\"aligncenter\" title=\"Todos Tornquist 24-6 (9)\" src=\"http:\/\/live.staticflickr.com\/65535\/48128632497_b94c116d0a_z.jpg\" alt=\"Todos Tornquist 24-6 (9)\" width=\"640\" height=\"485\" \/><\/a><br \/>\n<a href=\"http:\/\/www.noticiasradioreflejos.com.ar\/noticias\/wp-content\/uploads\/2019\/06\/Todos-Tornquist-24-6-7.jpg\"><img loading=\"lazy\" decoding=\"async\" src=\"http:\/\/www.noticiasradioreflejos.com.ar\/noticias\/wp-content\/uploads\/2019\/06\/Todos-Tornquist-24-6-7-1024x683.jpg\" alt=\"Todos Tornquist 24-6 (7)\" width=\"1024\" height=\"683\" class=\"aligncenter size-large wp-image-32508\" \/><\/a><br \/>\n<a href=\"http:\/\/www.noticiasradioreflejos.com.ar\/noticias\/wp-content\/uploads\/2019\/06\/Todos-Tornquist-24-6-6.jpg\"><img loading=\"lazy\" decoding=\"async\" src=\"http:\/\/www.noticiasradioreflejos.com.ar\/noticias\/wp-content\/uploads\/2019\/06\/Todos-Tornquist-24-6-6-1024x683.jpg\" alt=\"Todos Tornquist 24-6 (6)\" width=\"1024\" height=\"683\" class=\"aligncenter size-large wp-image-32509\" \/><\/a><\/p>\n","protected":false},"excerpt":{"rendered":"<p>En una Unidad B\u00e1sica repleta de militantes y vecinos de las distintas localidades de distrito, el prencadidato a intendente de Tornquist por el Frente de Todos, licenciado Gustavo Trankels, present\u00f3 a quienes lo acompa\u00f1ar\u00e1n como precandidatos a concejales y consejeros escolares en las PASO del pr\u00f3ximo 11 de agosto y, posteriormente, en las elecciones generales [&hellip;]<\/p>\n","protected":false},"author":3,"featured_media":0,"comment_status":"closed","ping_status":"open","sticky":false,"template":"","format":"standard","meta":{"footnotes":""},"categories":[24],"tags":[],"class_list":["post-32504","post","type-post","status-publish","format-standard","hentry","category-politica"],"yoast_head":"<!-- This site is optimized with the Yoast SEO plugin v25.9 - https:\/\/yoast.com\/wordpress\/plugins\/seo\/ -->\n<title>El Frente de Todos Tornquist present\u00f3 a militantes y vecinos su lista de precandidatos . - Noticias Radio Reflejos<\/title>\n<meta name=\"robots\" content=\"index, follow, max-snippet:-1, max-image-preview:large, max-video-preview:-1\" \/>\n<link rel=\"canonical\" href=\"https:\/\/www.noticiasradioreflejos.com.ar\/2021\/el-frente-de-todos-tornquist-presento-a-militantes-y-vecinos-su-lista-de-precandidatos\/\" \/>\n<meta property=\"og:locale\" content=\"es_ES\" \/>\n<meta property=\"og:type\" content=\"article\" \/>\n<meta property=\"og:title\" content=\"El Frente de Todos Tornquist present\u00f3 a militantes y vecinos su lista de precandidatos . - Noticias Radio Reflejos\" \/>\n<meta property=\"og:description\" content=\"En una Unidad B\u00e1sica repleta de militantes y vecinos de las distintas localidades de distrito, el prencadidato a intendente de Tornquist por el Frente de Todos, licenciado Gustavo Trankels, present\u00f3 a quienes lo acompa\u00f1ar\u00e1n como precandidatos a concejales y consejeros escolares en las PASO del pr\u00f3ximo 11 de agosto y, posteriormente, en las elecciones generales [&hellip;]\" \/>\n<meta property=\"og:url\" content=\"https:\/\/www.noticiasradioreflejos.com.ar\/2021\/el-frente-de-todos-tornquist-presento-a-militantes-y-vecinos-su-lista-de-precandidatos\/\" \/>\n<meta property=\"og:site_name\" content=\"Noticias Radio Reflejos\" \/>\n<meta property=\"article:published_time\" content=\"2019-06-25T21:23:55+00:00\" \/>\n<meta property=\"og:image\" content=\"http:\/\/live.staticflickr.com\/65535\/48128542541_93a7c1750d_z.jpg\" \/>\n<meta name=\"author\" content=\"Arnaldo Botto\" \/>\n<meta name=\"twitter:card\" content=\"summary_large_image\" \/>\n<script type=\"application\/ld+json\" class=\"yoast-schema-graph\">{\"@context\":\"https:\/\/schema.org\",\"@graph\":[{\"@type\":\"WebPage\",\"@id\":\"https:\/\/www.noticiasradioreflejos.com.ar\/2021\/el-frente-de-todos-tornquist-presento-a-militantes-y-vecinos-su-lista-de-precandidatos\/\",\"url\":\"https:\/\/www.noticiasradioreflejos.com.ar\/2021\/el-frente-de-todos-tornquist-presento-a-militantes-y-vecinos-su-lista-de-precandidatos\/\",\"name\":\"El Frente de Todos Tornquist present\u00f3 a militantes y vecinos su lista de precandidatos . - Noticias Radio Reflejos\",\"isPartOf\":{\"@id\":\"https:\/\/www.noticiasradioreflejos.com.ar\/2021\/#website\"},\"primaryImageOfPage\":{\"@id\":\"https:\/\/www.noticiasradioreflejos.com.ar\/2021\/el-frente-de-todos-tornquist-presento-a-militantes-y-vecinos-su-lista-de-precandidatos\/#primaryimage\"},\"image\":{\"@id\":\"https:\/\/www.noticiasradioreflejos.com.ar\/2021\/el-frente-de-todos-tornquist-presento-a-militantes-y-vecinos-su-lista-de-precandidatos\/#primaryimage\"},\"thumbnailUrl\":\"http:\/\/live.staticflickr.com\/65535\/48128542541_93a7c1750d_z.jpg\",\"datePublished\":\"2019-06-25T21:23:55+00:00\",\"author\":{\"@id\":\"https:\/\/www.noticiasradioreflejos.com.ar\/2021\/#\/schema\/person\/ad82545263dcc5ec0996818884fd5fb1\"},\"breadcrumb\":{\"@id\":\"https:\/\/www.noticiasradioreflejos.com.ar\/2021\/el-frente-de-todos-tornquist-presento-a-militantes-y-vecinos-su-lista-de-precandidatos\/#breadcrumb\"},\"inLanguage\":\"es\",\"potentialAction\":[{\"@type\":\"ReadAction\",\"target\":[\"https:\/\/www.noticiasradioreflejos.com.ar\/2021\/el-frente-de-todos-tornquist-presento-a-militantes-y-vecinos-su-lista-de-precandidatos\/\"]}]},{\"@type\":\"ImageObject\",\"inLanguage\":\"es\",\"@id\":\"https:\/\/www.noticiasradioreflejos.com.ar\/2021\/el-frente-de-todos-tornquist-presento-a-militantes-y-vecinos-su-lista-de-precandidatos\/#primaryimage\",\"url\":\"http:\/\/live.staticflickr.com\/65535\/48128542541_93a7c1750d_z.jpg\",\"contentUrl\":\"http:\/\/live.staticflickr.com\/65535\/48128542541_93a7c1750d_z.jpg\"},{\"@type\":\"BreadcrumbList\",\"@id\":\"https:\/\/www.noticiasradioreflejos.com.ar\/2021\/el-frente-de-todos-tornquist-presento-a-militantes-y-vecinos-su-lista-de-precandidatos\/#breadcrumb\",\"itemListElement\":[{\"@type\":\"ListItem\",\"position\":1,\"name\":\"Portada\",\"item\":\"https:\/\/www.noticiasradioreflejos.com.ar\/2021\/\"},{\"@type\":\"ListItem\",\"position\":2,\"name\":\"El Frente de Todos Tornquist present\u00f3 a militantes y vecinos su lista de precandidatos .\"}]},{\"@type\":\"WebSite\",\"@id\":\"https:\/\/www.noticiasradioreflejos.com.ar\/2021\/#website\",\"url\":\"https:\/\/www.noticiasradioreflejos.com.ar\/2021\/\",\"name\":\"Noticias Radio Reflejos\",\"description\":\"Las noticias de mi comarca\",\"potentialAction\":[{\"@type\":\"SearchAction\",\"target\":{\"@type\":\"EntryPoint\",\"urlTemplate\":\"https:\/\/www.noticiasradioreflejos.com.ar\/2021\/?s={search_term_string}\"},\"query-input\":{\"@type\":\"PropertyValueSpecification\",\"valueRequired\":true,\"valueName\":\"search_term_string\"}}],\"inLanguage\":\"es\"},{\"@type\":\"Person\",\"@id\":\"https:\/\/www.noticiasradioreflejos.com.ar\/2021\/#\/schema\/person\/ad82545263dcc5ec0996818884fd5fb1\",\"name\":\"Arnaldo Botto\",\"image\":{\"@type\":\"ImageObject\",\"inLanguage\":\"es\",\"@id\":\"https:\/\/www.noticiasradioreflejos.com.ar\/2021\/#\/schema\/person\/image\/\",\"url\":\"https:\/\/secure.gravatar.com\/avatar\/55cb5e37c1efa326397366e6974cb338056df65cb50e7d64d1cf314e87504837?s=96&d=mm&r=g\",\"contentUrl\":\"https:\/\/secure.gravatar.com\/avatar\/55cb5e37c1efa326397366e6974cb338056df65cb50e7d64d1cf314e87504837?s=96&d=mm&r=g\",\"caption\":\"Arnaldo Botto\"},\"url\":\"https:\/\/www.noticiasradioreflejos.com.ar\/2021\/author\/arnaldo\/\"}]}<\/script>\n<!-- \/ Yoast SEO plugin. -->","yoast_head_json":{"title":"El Frente de Todos Tornquist present\u00f3 a militantes y vecinos su lista de precandidatos . - Noticias Radio Reflejos","robots":{"index":"index","follow":"follow","max-snippet":"max-snippet:-1","max-image-preview":"max-image-preview:large","max-video-preview":"max-video-preview:-1"},"canonical":"https:\/\/www.noticiasradioreflejos.com.ar\/2021\/el-frente-de-todos-tornquist-presento-a-militantes-y-vecinos-su-lista-de-precandidatos\/","og_locale":"es_ES","og_type":"article","og_title":"El Frente de Todos Tornquist present\u00f3 a militantes y vecinos su lista de precandidatos . - Noticias Radio Reflejos","og_description":"En una Unidad B\u00e1sica repleta de militantes y vecinos de las distintas localidades de distrito, el prencadidato a intendente de Tornquist por el Frente de Todos, licenciado Gustavo Trankels, present\u00f3 a quienes lo acompa\u00f1ar\u00e1n como precandidatos a concejales y consejeros escolares en las PASO del pr\u00f3ximo 11 de agosto y, posteriormente, en las elecciones generales [&hellip;]","og_url":"https:\/\/www.noticiasradioreflejos.com.ar\/2021\/el-frente-de-todos-tornquist-presento-a-militantes-y-vecinos-su-lista-de-precandidatos\/","og_site_name":"Noticias Radio Reflejos","article_published_time":"2019-06-25T21:23:55+00:00","og_image":[{"url":"http:\/\/live.staticflickr.com\/65535\/48128542541_93a7c1750d_z.jpg","type":"","width":"","height":""}],"author":"Arnaldo Botto","twitter_card":"summary_large_image","schema":{"@context":"https:\/\/schema.org","@graph":[{"@type":"WebPage","@id":"https:\/\/www.noticiasradioreflejos.com.ar\/2021\/el-frente-de-todos-tornquist-presento-a-militantes-y-vecinos-su-lista-de-precandidatos\/","url":"https:\/\/www.noticiasradioreflejos.com.ar\/2021\/el-frente-de-todos-tornquist-presento-a-militantes-y-vecinos-su-lista-de-precandidatos\/","name":"El Frente de Todos Tornquist present\u00f3 a militantes y vecinos su lista de precandidatos . - Noticias Radio Reflejos","isPartOf":{"@id":"https:\/\/www.noticiasradioreflejos.com.ar\/2021\/#website"},"primaryImageOfPage":{"@id":"https:\/\/www.noticiasradioreflejos.com.ar\/2021\/el-frente-de-todos-tornquist-presento-a-militantes-y-vecinos-su-lista-de-precandidatos\/#primaryimage"},"image":{"@id":"https:\/\/www.noticiasradioreflejos.com.ar\/2021\/el-frente-de-todos-tornquist-presento-a-militantes-y-vecinos-su-lista-de-precandidatos\/#primaryimage"},"thumbnailUrl":"http:\/\/live.staticflickr.com\/65535\/48128542541_93a7c1750d_z.jpg","datePublished":"2019-06-25T21:23:55+00:00","author":{"@id":"https:\/\/www.noticiasradioreflejos.com.ar\/2021\/#\/schema\/person\/ad82545263dcc5ec0996818884fd5fb1"},"breadcrumb":{"@id":"https:\/\/www.noticiasradioreflejos.com.ar\/2021\/el-frente-de-todos-tornquist-presento-a-militantes-y-vecinos-su-lista-de-precandidatos\/#breadcrumb"},"inLanguage":"es","potentialAction":[{"@type":"ReadAction","target":["https:\/\/www.noticiasradioreflejos.com.ar\/2021\/el-frente-de-todos-tornquist-presento-a-militantes-y-vecinos-su-lista-de-precandidatos\/"]}]},{"@type":"ImageObject","inLanguage":"es","@id":"https:\/\/www.noticiasradioreflejos.com.ar\/2021\/el-frente-de-todos-tornquist-presento-a-militantes-y-vecinos-su-lista-de-precandidatos\/#primaryimage","url":"http:\/\/live.staticflickr.com\/65535\/48128542541_93a7c1750d_z.jpg","contentUrl":"http:\/\/live.staticflickr.com\/65535\/48128542541_93a7c1750d_z.jpg"},{"@type":"BreadcrumbList","@id":"https:\/\/www.noticiasradioreflejos.com.ar\/2021\/el-frente-de-todos-tornquist-presento-a-militantes-y-vecinos-su-lista-de-precandidatos\/#breadcrumb","itemListElement":[{"@type":"ListItem","position":1,"name":"Portada","item":"https:\/\/www.noticiasradioreflejos.com.ar\/2021\/"},{"@type":"ListItem","position":2,"name":"El Frente de Todos Tornquist present\u00f3 a militantes y vecinos su lista de precandidatos ."}]},{"@type":"WebSite","@id":"https:\/\/www.noticiasradioreflejos.com.ar\/2021\/#website","url":"https:\/\/www.noticiasradioreflejos.com.ar\/2021\/","name":"Noticias Radio Reflejos","description":"Las noticias de mi comarca","potentialAction":[{"@type":"SearchAction","target":{"@type":"EntryPoint","urlTemplate":"https:\/\/www.noticiasradioreflejos.com.ar\/2021\/?s={search_term_string}"},"query-input":{"@type":"PropertyValueSpecification","valueRequired":true,"valueName":"search_term_string"}}],"inLanguage":"es"},{"@type":"Person","@id":"https:\/\/www.noticiasradioreflejos.com.ar\/2021\/#\/schema\/person\/ad82545263dcc5ec0996818884fd5fb1","name":"Arnaldo Botto","image":{"@type":"ImageObject","inLanguage":"es","@id":"https:\/\/www.noticiasradioreflejos.com.ar\/2021\/#\/schema\/person\/image\/","url":"https:\/\/secure.gravatar.com\/avatar\/55cb5e37c1efa326397366e6974cb338056df65cb50e7d64d1cf314e87504837?s=96&d=mm&r=g","contentUrl":"https:\/\/secure.gravatar.com\/avatar\/55cb5e37c1efa326397366e6974cb338056df65cb50e7d64d1cf314e87504837?s=96&d=mm&r=g","caption":"Arnaldo Botto"},"url":"https:\/\/www.noticiasradioreflejos.com.ar\/2021\/author\/arnaldo\/"}]}},"_links":{"self":[{"href":"https:\/\/www.noticiasradioreflejos.com.ar\/2021\/wp-json\/wp\/v2\/posts\/32504","targetHints":{"allow":["GET"]}}],"collection":[{"href":"https:\/\/www.noticiasradioreflejos.com.ar\/2021\/wp-json\/wp\/v2\/posts"}],"about":[{"href":"https:\/\/www.noticiasradioreflejos.com.ar\/2021\/wp-json\/wp\/v2\/types\/post"}],"author":[{"embeddable":true,"href":"https:\/\/www.noticiasradioreflejos.com.ar\/2021\/wp-json\/wp\/v2\/users\/3"}],"replies":[{"embeddable":true,"href":"https:\/\/www.noticiasradioreflejos.com.ar\/2021\/wp-json\/wp\/v2\/comments?post=32504"}],"version-history":[{"count":0,"href":"https:\/\/www.noticiasradioreflejos.com.ar\/2021\/wp-json\/wp\/v2\/posts\/32504\/revisions"}],"wp:attachment":[{"href":"https:\/\/www.noticiasradioreflejos.com.ar\/2021\/wp-json\/wp\/v2\/media?parent=32504"}],"wp:term":[{"taxonomy":"category","embeddable":true,"href":"https:\/\/www.noticiasradioreflejos.com.ar\/2021\/wp-json\/wp\/v2\/categories?post=32504"},{"taxonomy":"post_tag","embeddable":true,"href":"https:\/\/www.noticiasradioreflejos.com.ar\/2021\/wp-json\/wp\/v2\/tags?post=32504"}],"curies":[{"name":"wp","href":"https:\/\/api.w.org\/{rel}","templated":true}]}}