{"id":32498,"date":"2019-06-25T15:47:53","date_gmt":"2019-06-25T18:47:53","guid":{"rendered":"http:\/\/www.noticiasradioreflejos.com.ar\/noticias\/?p=32498"},"modified":"2019-06-25T15:47:53","modified_gmt":"2019-06-25T18:47:53","slug":"estoy-conforme-y-con-ganas-de-aportar-mucho-mas-sebastian-bassi","status":"publish","type":"post","link":"https:\/\/www.noticiasradioreflejos.com.ar\/2021\/estoy-conforme-y-con-ganas-de-aportar-mucho-mas-sebastian-bassi\/","title":{"rendered":"&quot;Estoy conforme y con ganas de aportar mucho m\u00e1s&quot; &#8211; Sebastian Bassi."},"content":{"rendered":"<p>El actual concejal de Cambiemos y ex Director de Deportes del Municipio, integra la lista de precandidatos en las pr\u00f3ximas elecciones en representaci\u00f3n de Sierra de la Ventana. <strong>Sebastian Bassi<\/strong> acompa\u00f1ar\u00e1 una vez m\u00e1s a <strong>Sergio Bordoni<\/strong> en la conformaci\u00f3n de la lista del Frente <strong>Juntos por el Cambio<\/strong>, como lo viene haciendo desde el 2011. <!--more-->Durante esta ma\u00f1ana, pudimos escuchar sus proyectos y temas de inter\u00e9s de la comunidad en general. Bassi ocupa actualmente el cargo de concejal, en reemplazo de Germ\u00e1n De Larena que pas\u00f3 a desempe\u00f1arse como secretario del Honorable Concejo Deliberante desde la salida de Valentina Niez. Bassi brind\u00f3 sus puntos de vista de la actual gesti\u00f3n y los proyectos pendientes, contestando a los llamados y mensajes que los oyentes realizaron durante la nota.<br \/>\n\u00abSierra va creciendo d\u00eda a d\u00eda y cada vez m\u00e1s\u00bb dijo en el comienzo de la nota el precandidato a concejal por el frente Juntos por el cambio, mientras analizamos la importancia que se la ha dado a \u00abEste lado de las Sierras\u00bb, en la construcci\u00f3n de las listas para las elecciones de este a\u00f1o.<br \/>\nSi bien asegura que la oferta de Bordoni \u00abFue inesperada\u00bb, Sebasti\u00e1n ya hab\u00eda hecho por un tiempo, un reemplazo a Graciela Bag\u00fa por pedido de licencia de la Concejal titular.<br \/>\n\u00abAcompa\u00f1e a Sergio Bordoni en todas las listas desde el 2011\u00bb afirm\u00f3 describiendo la relaci\u00f3n con el actual intendente como muy ligada, \u00abCoincidimos con valores de vida, de familia y sociales\u00bb subray\u00f3.<br \/>\nSobre la figura del intendente Bassi sostiene que \u00abrompe con el paradigma del pol\u00edtico\u00bb consider\u00e1ndolo por su forma de trabajar y destacando que \u00abNo es de los que te palmean la espalda\u00bb, y que \u00abva directo al objetivo que se traza\u00bb.<br \/>\nEn relaci\u00f3n al peso que deben llevar al ir juntos en la boleta unificada con Mauricio Macri, considerando las cr\u00edticas que sufre el actual presidente por la mala gesti\u00f3n econ\u00f3mica, el concejal dijo: \u00abEstamos con la conciencia tranquila\u00bb y detall\u00f3 las variadas opiniones en contra del modelo econ\u00f3mico que Bordoni expres\u00f3 en todos los medios, haciendo ver que nuestro intendente tuvo la oportunidad de dec\u00edrselo en la cara \u00abel mal momento que vive la gente por la econom\u00eda\u00bb.<br \/>\nEnumerando las cosas que quedaron pendientes en este mandato de Cambiemos en el distrito, Bassi entiende que son muchas, y que en su mayor\u00eda est\u00e1n en carpeta, aunque tambi\u00e9n asegur\u00f3 que \u00abMuchos de los proyectos no llegan a canalizarse a trav\u00e9s del concejo deliberante porque los resuelve el ejecutivo.<br \/>\nEl actual concejal en varias oportunidades durante la charla, coment\u00f3 que recoge las opiniones de empleados municipales y que tiene mucho trato con las instituciones locales para nutrirse de las necesidades de la comunidad y enumer\u00f3 como principales objetivos, la erradicaci\u00f3n de los basurales a cielo abierto, la carencia de viviendas en todo el distrito, la finalizaci\u00f3n de la red de cloacas, la recuperaci\u00f3n de las tierras ocupadas por la empresa Silenka SA y la enumeraci\u00f3n de las calles de Sierra de la Ventana, entre otros.<br \/>\n<iframe loading=\"lazy\" src=\"https:\/\/w.soundcloud.com\/player\/?url=https%3A\/\/api.soundcloud.com\/tracks\/641901753&amp;color=%23ff5500&amp;auto_play=false&amp;hide_related=false&amp;show_comments=true&amp;show_user=true&amp;show_reposts=false&amp;show_teaser=true\" width=\"100%\" height=\"166\" frameborder=\"no\" scrolling=\"no\"><\/iframe><\/p>\n","protected":false},"excerpt":{"rendered":"<p>El actual concejal de Cambiemos y ex Director de Deportes del Municipio, integra la lista de precandidatos en las pr\u00f3ximas elecciones en representaci\u00f3n de Sierra de la Ventana. Sebastian Bassi acompa\u00f1ar\u00e1 una vez m\u00e1s a Sergio Bordoni en la conformaci\u00f3n de la lista del Frente Juntos por el Cambio, como lo viene haciendo desde el [&hellip;]<\/p>\n","protected":false},"author":3,"featured_media":0,"comment_status":"closed","ping_status":"open","sticky":false,"template":"","format":"standard","meta":{"footnotes":""},"categories":[24],"tags":[],"class_list":["post-32498","post","type-post","status-publish","format-standard","hentry","category-politica"],"yoast_head":"<!-- This site is optimized with the Yoast SEO plugin v25.9 - https:\/\/yoast.com\/wordpress\/plugins\/seo\/ -->\n<title>&quot;Estoy conforme y con ganas de aportar mucho m\u00e1s&quot; - Sebastian Bassi. - Noticias Radio Reflejos<\/title>\n<meta name=\"robots\" content=\"index, follow, max-snippet:-1, max-image-preview:large, max-video-preview:-1\" \/>\n<link rel=\"canonical\" href=\"https:\/\/www.noticiasradioreflejos.com.ar\/2021\/estoy-conforme-y-con-ganas-de-aportar-mucho-mas-sebastian-bassi\/\" \/>\n<meta property=\"og:locale\" content=\"es_ES\" \/>\n<meta property=\"og:type\" content=\"article\" \/>\n<meta property=\"og:title\" content=\"&quot;Estoy conforme y con ganas de aportar mucho m\u00e1s&quot; - Sebastian Bassi. - Noticias Radio Reflejos\" \/>\n<meta property=\"og:description\" content=\"El actual concejal de Cambiemos y ex Director de Deportes del Municipio, integra la lista de precandidatos en las pr\u00f3ximas elecciones en representaci\u00f3n de Sierra de la Ventana. Sebastian Bassi acompa\u00f1ar\u00e1 una vez m\u00e1s a Sergio Bordoni en la conformaci\u00f3n de la lista del Frente Juntos por el Cambio, como lo viene haciendo desde el [&hellip;]\" \/>\n<meta property=\"og:url\" content=\"https:\/\/www.noticiasradioreflejos.com.ar\/2021\/estoy-conforme-y-con-ganas-de-aportar-mucho-mas-sebastian-bassi\/\" \/>\n<meta property=\"og:site_name\" content=\"Noticias Radio Reflejos\" \/>\n<meta property=\"article:published_time\" content=\"2019-06-25T18:47:53+00:00\" \/>\n<meta property=\"og:image\" content=\"https:\/\/www.noticiasradioreflejos.com.ar\/2021\/wp-content\/uploads\/2021\/07\/logosol300x200.png\" \/>\n\t<meta property=\"og:image:width\" content=\"300\" \/>\n\t<meta property=\"og:image:height\" content=\"200\" \/>\n\t<meta property=\"og:image:type\" content=\"image\/png\" \/>\n<meta name=\"author\" content=\"Arnaldo Botto\" \/>\n<meta name=\"twitter:card\" content=\"summary_large_image\" \/>\n<script type=\"application\/ld+json\" class=\"yoast-schema-graph\">{\"@context\":\"https:\/\/schema.org\",\"@graph\":[{\"@type\":\"WebPage\",\"@id\":\"https:\/\/www.noticiasradioreflejos.com.ar\/2021\/estoy-conforme-y-con-ganas-de-aportar-mucho-mas-sebastian-bassi\/\",\"url\":\"https:\/\/www.noticiasradioreflejos.com.ar\/2021\/estoy-conforme-y-con-ganas-de-aportar-mucho-mas-sebastian-bassi\/\",\"name\":\"&quot;Estoy conforme y con ganas de aportar mucho m\u00e1s&quot; - Sebastian Bassi. - Noticias Radio Reflejos\",\"isPartOf\":{\"@id\":\"https:\/\/www.noticiasradioreflejos.com.ar\/2021\/#website\"},\"datePublished\":\"2019-06-25T18:47:53+00:00\",\"author\":{\"@id\":\"https:\/\/www.noticiasradioreflejos.com.ar\/2021\/#\/schema\/person\/ad82545263dcc5ec0996818884fd5fb1\"},\"breadcrumb\":{\"@id\":\"https:\/\/www.noticiasradioreflejos.com.ar\/2021\/estoy-conforme-y-con-ganas-de-aportar-mucho-mas-sebastian-bassi\/#breadcrumb\"},\"inLanguage\":\"es\",\"potentialAction\":[{\"@type\":\"ReadAction\",\"target\":[\"https:\/\/www.noticiasradioreflejos.com.ar\/2021\/estoy-conforme-y-con-ganas-de-aportar-mucho-mas-sebastian-bassi\/\"]}]},{\"@type\":\"BreadcrumbList\",\"@id\":\"https:\/\/www.noticiasradioreflejos.com.ar\/2021\/estoy-conforme-y-con-ganas-de-aportar-mucho-mas-sebastian-bassi\/#breadcrumb\",\"itemListElement\":[{\"@type\":\"ListItem\",\"position\":1,\"name\":\"Portada\",\"item\":\"https:\/\/www.noticiasradioreflejos.com.ar\/2021\/\"},{\"@type\":\"ListItem\",\"position\":2,\"name\":\"&quot;Estoy conforme y con ganas de aportar mucho m\u00e1s&quot; &#8211; Sebastian Bassi.\"}]},{\"@type\":\"WebSite\",\"@id\":\"https:\/\/www.noticiasradioreflejos.com.ar\/2021\/#website\",\"url\":\"https:\/\/www.noticiasradioreflejos.com.ar\/2021\/\",\"name\":\"Noticias Radio Reflejos\",\"description\":\"Las noticias de mi comarca\",\"potentialAction\":[{\"@type\":\"SearchAction\",\"target\":{\"@type\":\"EntryPoint\",\"urlTemplate\":\"https:\/\/www.noticiasradioreflejos.com.ar\/2021\/?s={search_term_string}\"},\"query-input\":{\"@type\":\"PropertyValueSpecification\",\"valueRequired\":true,\"valueName\":\"search_term_string\"}}],\"inLanguage\":\"es\"},{\"@type\":\"Person\",\"@id\":\"https:\/\/www.noticiasradioreflejos.com.ar\/2021\/#\/schema\/person\/ad82545263dcc5ec0996818884fd5fb1\",\"name\":\"Arnaldo Botto\",\"image\":{\"@type\":\"ImageObject\",\"inLanguage\":\"es\",\"@id\":\"https:\/\/www.noticiasradioreflejos.com.ar\/2021\/#\/schema\/person\/image\/\",\"url\":\"https:\/\/secure.gravatar.com\/avatar\/55cb5e37c1efa326397366e6974cb338056df65cb50e7d64d1cf314e87504837?s=96&d=mm&r=g\",\"contentUrl\":\"https:\/\/secure.gravatar.com\/avatar\/55cb5e37c1efa326397366e6974cb338056df65cb50e7d64d1cf314e87504837?s=96&d=mm&r=g\",\"caption\":\"Arnaldo Botto\"},\"url\":\"https:\/\/www.noticiasradioreflejos.com.ar\/2021\/author\/arnaldo\/\"}]}<\/script>\n<!-- \/ Yoast SEO plugin. -->","yoast_head_json":{"title":"&quot;Estoy conforme y con ganas de aportar mucho m\u00e1s&quot; - Sebastian Bassi. - Noticias Radio Reflejos","robots":{"index":"index","follow":"follow","max-snippet":"max-snippet:-1","max-image-preview":"max-image-preview:large","max-video-preview":"max-video-preview:-1"},"canonical":"https:\/\/www.noticiasradioreflejos.com.ar\/2021\/estoy-conforme-y-con-ganas-de-aportar-mucho-mas-sebastian-bassi\/","og_locale":"es_ES","og_type":"article","og_title":"&quot;Estoy conforme y con ganas de aportar mucho m\u00e1s&quot; - Sebastian Bassi. - Noticias Radio Reflejos","og_description":"El actual concejal de Cambiemos y ex Director de Deportes del Municipio, integra la lista de precandidatos en las pr\u00f3ximas elecciones en representaci\u00f3n de Sierra de la Ventana. Sebastian Bassi acompa\u00f1ar\u00e1 una vez m\u00e1s a Sergio Bordoni en la conformaci\u00f3n de la lista del Frente Juntos por el Cambio, como lo viene haciendo desde el [&hellip;]","og_url":"https:\/\/www.noticiasradioreflejos.com.ar\/2021\/estoy-conforme-y-con-ganas-de-aportar-mucho-mas-sebastian-bassi\/","og_site_name":"Noticias Radio Reflejos","article_published_time":"2019-06-25T18:47:53+00:00","og_image":[{"width":300,"height":200,"url":"https:\/\/www.noticiasradioreflejos.com.ar\/2021\/wp-content\/uploads\/2021\/07\/logosol300x200.png","type":"image\/png"}],"author":"Arnaldo Botto","twitter_card":"summary_large_image","schema":{"@context":"https:\/\/schema.org","@graph":[{"@type":"WebPage","@id":"https:\/\/www.noticiasradioreflejos.com.ar\/2021\/estoy-conforme-y-con-ganas-de-aportar-mucho-mas-sebastian-bassi\/","url":"https:\/\/www.noticiasradioreflejos.com.ar\/2021\/estoy-conforme-y-con-ganas-de-aportar-mucho-mas-sebastian-bassi\/","name":"&quot;Estoy conforme y con ganas de aportar mucho m\u00e1s&quot; - Sebastian Bassi. - Noticias Radio Reflejos","isPartOf":{"@id":"https:\/\/www.noticiasradioreflejos.com.ar\/2021\/#website"},"datePublished":"2019-06-25T18:47:53+00:00","author":{"@id":"https:\/\/www.noticiasradioreflejos.com.ar\/2021\/#\/schema\/person\/ad82545263dcc5ec0996818884fd5fb1"},"breadcrumb":{"@id":"https:\/\/www.noticiasradioreflejos.com.ar\/2021\/estoy-conforme-y-con-ganas-de-aportar-mucho-mas-sebastian-bassi\/#breadcrumb"},"inLanguage":"es","potentialAction":[{"@type":"ReadAction","target":["https:\/\/www.noticiasradioreflejos.com.ar\/2021\/estoy-conforme-y-con-ganas-de-aportar-mucho-mas-sebastian-bassi\/"]}]},{"@type":"BreadcrumbList","@id":"https:\/\/www.noticiasradioreflejos.com.ar\/2021\/estoy-conforme-y-con-ganas-de-aportar-mucho-mas-sebastian-bassi\/#breadcrumb","itemListElement":[{"@type":"ListItem","position":1,"name":"Portada","item":"https:\/\/www.noticiasradioreflejos.com.ar\/2021\/"},{"@type":"ListItem","position":2,"name":"&quot;Estoy conforme y con ganas de aportar mucho m\u00e1s&quot; &#8211; Sebastian Bassi."}]},{"@type":"WebSite","@id":"https:\/\/www.noticiasradioreflejos.com.ar\/2021\/#website","url":"https:\/\/www.noticiasradioreflejos.com.ar\/2021\/","name":"Noticias Radio Reflejos","description":"Las noticias de mi comarca","potentialAction":[{"@type":"SearchAction","target":{"@type":"EntryPoint","urlTemplate":"https:\/\/www.noticiasradioreflejos.com.ar\/2021\/?s={search_term_string}"},"query-input":{"@type":"PropertyValueSpecification","valueRequired":true,"valueName":"search_term_string"}}],"inLanguage":"es"},{"@type":"Person","@id":"https:\/\/www.noticiasradioreflejos.com.ar\/2021\/#\/schema\/person\/ad82545263dcc5ec0996818884fd5fb1","name":"Arnaldo Botto","image":{"@type":"ImageObject","inLanguage":"es","@id":"https:\/\/www.noticiasradioreflejos.com.ar\/2021\/#\/schema\/person\/image\/","url":"https:\/\/secure.gravatar.com\/avatar\/55cb5e37c1efa326397366e6974cb338056df65cb50e7d64d1cf314e87504837?s=96&d=mm&r=g","contentUrl":"https:\/\/secure.gravatar.com\/avatar\/55cb5e37c1efa326397366e6974cb338056df65cb50e7d64d1cf314e87504837?s=96&d=mm&r=g","caption":"Arnaldo Botto"},"url":"https:\/\/www.noticiasradioreflejos.com.ar\/2021\/author\/arnaldo\/"}]}},"_links":{"self":[{"href":"https:\/\/www.noticiasradioreflejos.com.ar\/2021\/wp-json\/wp\/v2\/posts\/32498","targetHints":{"allow":["GET"]}}],"collection":[{"href":"https:\/\/www.noticiasradioreflejos.com.ar\/2021\/wp-json\/wp\/v2\/posts"}],"about":[{"href":"https:\/\/www.noticiasradioreflejos.com.ar\/2021\/wp-json\/wp\/v2\/types\/post"}],"author":[{"embeddable":true,"href":"https:\/\/www.noticiasradioreflejos.com.ar\/2021\/wp-json\/wp\/v2\/users\/3"}],"replies":[{"embeddable":true,"href":"https:\/\/www.noticiasradioreflejos.com.ar\/2021\/wp-json\/wp\/v2\/comments?post=32498"}],"version-history":[{"count":0,"href":"https:\/\/www.noticiasradioreflejos.com.ar\/2021\/wp-json\/wp\/v2\/posts\/32498\/revisions"}],"wp:attachment":[{"href":"https:\/\/www.noticiasradioreflejos.com.ar\/2021\/wp-json\/wp\/v2\/media?parent=32498"}],"wp:term":[{"taxonomy":"category","embeddable":true,"href":"https:\/\/www.noticiasradioreflejos.com.ar\/2021\/wp-json\/wp\/v2\/categories?post=32498"},{"taxonomy":"post_tag","embeddable":true,"href":"https:\/\/www.noticiasradioreflejos.com.ar\/2021\/wp-json\/wp\/v2\/tags?post=32498"}],"curies":[{"name":"wp","href":"https:\/\/api.w.org\/{rel}","templated":true}]}}