{"id":32495,"date":"2019-06-25T15:07:59","date_gmt":"2019-06-25T18:07:59","guid":{"rendered":"http:\/\/www.noticiasradioreflejos.com.ar\/noticias\/?p=32495"},"modified":"2019-06-25T15:07:59","modified_gmt":"2019-06-25T18:07:59","slug":"tornquist-expuso-su-oferta-en-el-trailer-promocional-itinerante-de-la-subsecretaria-de-turismo-de-la-provincia-de-buenos-aires","status":"publish","type":"post","link":"https:\/\/www.noticiasradioreflejos.com.ar\/2021\/tornquist-expuso-su-oferta-en-el-trailer-promocional-itinerante-de-la-subsecretaria-de-turismo-de-la-provincia-de-buenos-aires\/","title":{"rendered":"Tornquist expuso su oferta en el trailer promocional itinerante de la Subsecretar\u00eda de Turismo de la Provincia de Buenos Aires"},"content":{"rendered":"<p><a href=\"http:\/\/live.staticflickr.com\/65535\/48127695296_b4e428234d_s.jpg\" title=\"WhatsApp Image 2019-06-25 at 13.19.57 (1)\" rel=\"\"><img loading=\"lazy\" decoding=\"async\" src=\"http:\/\/live.staticflickr.com\/65535\/48127695296_b4e428234d.jpg\" width=\"375\" height=\"500\" alt=\"WhatsApp Image 2019-06-25 at 13.19.57 (1)\" title=\"WhatsApp Image 2019-06-25 at 13.19.57 (1)\" class=\"alignleft\" style=\"float: left;\"><\/a>El viernes 21, s\u00e1bado 22 y el domingo 23 la Comarca particip\u00f3, en Bah\u00eda Blanca, del trailer promocional itinerante de la Subsecretar\u00eda de Turismo de la Provincia de Buenos Aires, con actividades de promoci\u00f3n de nuestros destinos.<!--more--><br \/>\nEn el Stand de Tornquist se brind\u00f3 informaci\u00f3n relacionada a los principales atractivos de las distintas localidades, eventos, fiestas, entre otros.<br \/>\nEl tr\u00e1iler, ubicado en el Parque de Mayo, cont\u00f3 con degustaciones, informaci\u00f3n tur\u00edstica, cocina en vivo, microcine, actividades culturales y recitales.<br \/>\nDesde el \u00e1rea agradecen a los comercios y productores que acompa\u00f1aron con productos para degustar y sortear.<br \/>\n<a href=\"http:\/\/live.staticflickr.com\/65535\/48127728378_f895cc94fc_s.jpg\" title=\"WhatsApp Image 2019-06-25 at 13.19.56\" rel=\"\"><img loading=\"lazy\" decoding=\"async\" src=\"http:\/\/live.staticflickr.com\/65535\/48127728378_f895cc94fc_z.jpg\" width=\"640\" height=\"206\" alt=\"WhatsApp Image 2019-06-25 at 13.19.56\" title=\"WhatsApp Image 2019-06-25 at 13.19.56\" class=\"aligncenter\"><\/a><a href=\"http:\/\/live.staticflickr.com\/65535\/48127695171_cbff65d920_s.jpg\" title=\"WhatsApp Image 2019-06-25 at 14.30.20\" rel=\"\"><img loading=\"lazy\" decoding=\"async\" src=\"http:\/\/live.staticflickr.com\/65535\/48127695171_cbff65d920_z.jpg\" width=\"640\" height=\"480\" alt=\"WhatsApp Image 2019-06-25 at 14.30.20\" title=\"WhatsApp Image 2019-06-25 at 14.30.20\" class=\"aligncenter\"><\/a><\/p>\n","protected":false},"excerpt":{"rendered":"<p>El viernes 21, s\u00e1bado 22 y el domingo 23 la Comarca particip\u00f3, en Bah\u00eda Blanca, del trailer promocional itinerante de la Subsecretar\u00eda de Turismo de la Provincia de Buenos Aires, con actividades de promoci\u00f3n de nuestros destinos.<\/p>\n","protected":false},"author":3,"featured_media":0,"comment_status":"closed","ping_status":"open","sticky":false,"template":"","format":"standard","meta":{"footnotes":""},"categories":[33],"tags":[],"class_list":["post-32495","post","type-post","status-publish","format-standard","hentry","category-turismo"],"yoast_head":"<!-- This site is optimized with the Yoast SEO plugin v25.9 - https:\/\/yoast.com\/wordpress\/plugins\/seo\/ -->\n<title>Tornquist expuso su oferta en el trailer promocional itinerante de la Subsecretar\u00eda de Turismo de la Provincia de Buenos Aires - Noticias Radio Reflejos<\/title>\n<meta name=\"robots\" content=\"index, follow, max-snippet:-1, max-image-preview:large, max-video-preview:-1\" \/>\n<link rel=\"canonical\" href=\"https:\/\/www.noticiasradioreflejos.com.ar\/2021\/tornquist-expuso-su-oferta-en-el-trailer-promocional-itinerante-de-la-subsecretaria-de-turismo-de-la-provincia-de-buenos-aires\/\" \/>\n<meta property=\"og:locale\" content=\"es_ES\" \/>\n<meta property=\"og:type\" content=\"article\" \/>\n<meta property=\"og:title\" content=\"Tornquist expuso su oferta en el trailer promocional itinerante de la Subsecretar\u00eda de Turismo de la Provincia de Buenos Aires - Noticias Radio Reflejos\" \/>\n<meta property=\"og:description\" content=\"El viernes 21, s\u00e1bado 22 y el domingo 23 la Comarca particip\u00f3, en Bah\u00eda Blanca, del trailer promocional itinerante de la Subsecretar\u00eda de Turismo de la Provincia de Buenos Aires, con actividades de promoci\u00f3n de nuestros destinos.\" \/>\n<meta property=\"og:url\" content=\"https:\/\/www.noticiasradioreflejos.com.ar\/2021\/tornquist-expuso-su-oferta-en-el-trailer-promocional-itinerante-de-la-subsecretaria-de-turismo-de-la-provincia-de-buenos-aires\/\" \/>\n<meta property=\"og:site_name\" content=\"Noticias Radio Reflejos\" \/>\n<meta property=\"article:published_time\" content=\"2019-06-25T18:07:59+00:00\" \/>\n<meta property=\"og:image\" content=\"http:\/\/live.staticflickr.com\/65535\/48127695296_b4e428234d.jpg\" \/>\n<meta name=\"author\" content=\"Arnaldo Botto\" \/>\n<meta name=\"twitter:card\" content=\"summary_large_image\" \/>\n<script type=\"application\/ld+json\" class=\"yoast-schema-graph\">{\"@context\":\"https:\/\/schema.org\",\"@graph\":[{\"@type\":\"WebPage\",\"@id\":\"https:\/\/www.noticiasradioreflejos.com.ar\/2021\/tornquist-expuso-su-oferta-en-el-trailer-promocional-itinerante-de-la-subsecretaria-de-turismo-de-la-provincia-de-buenos-aires\/\",\"url\":\"https:\/\/www.noticiasradioreflejos.com.ar\/2021\/tornquist-expuso-su-oferta-en-el-trailer-promocional-itinerante-de-la-subsecretaria-de-turismo-de-la-provincia-de-buenos-aires\/\",\"name\":\"Tornquist expuso su oferta en el trailer promocional itinerante de la Subsecretar\u00eda de Turismo de la Provincia de Buenos Aires - Noticias Radio Reflejos\",\"isPartOf\":{\"@id\":\"https:\/\/www.noticiasradioreflejos.com.ar\/2021\/#website\"},\"primaryImageOfPage\":{\"@id\":\"https:\/\/www.noticiasradioreflejos.com.ar\/2021\/tornquist-expuso-su-oferta-en-el-trailer-promocional-itinerante-de-la-subsecretaria-de-turismo-de-la-provincia-de-buenos-aires\/#primaryimage\"},\"image\":{\"@id\":\"https:\/\/www.noticiasradioreflejos.com.ar\/2021\/tornquist-expuso-su-oferta-en-el-trailer-promocional-itinerante-de-la-subsecretaria-de-turismo-de-la-provincia-de-buenos-aires\/#primaryimage\"},\"thumbnailUrl\":\"http:\/\/live.staticflickr.com\/65535\/48127695296_b4e428234d.jpg\",\"datePublished\":\"2019-06-25T18:07:59+00:00\",\"author\":{\"@id\":\"https:\/\/www.noticiasradioreflejos.com.ar\/2021\/#\/schema\/person\/ad82545263dcc5ec0996818884fd5fb1\"},\"breadcrumb\":{\"@id\":\"https:\/\/www.noticiasradioreflejos.com.ar\/2021\/tornquist-expuso-su-oferta-en-el-trailer-promocional-itinerante-de-la-subsecretaria-de-turismo-de-la-provincia-de-buenos-aires\/#breadcrumb\"},\"inLanguage\":\"es\",\"potentialAction\":[{\"@type\":\"ReadAction\",\"target\":[\"https:\/\/www.noticiasradioreflejos.com.ar\/2021\/tornquist-expuso-su-oferta-en-el-trailer-promocional-itinerante-de-la-subsecretaria-de-turismo-de-la-provincia-de-buenos-aires\/\"]}]},{\"@type\":\"ImageObject\",\"inLanguage\":\"es\",\"@id\":\"https:\/\/www.noticiasradioreflejos.com.ar\/2021\/tornquist-expuso-su-oferta-en-el-trailer-promocional-itinerante-de-la-subsecretaria-de-turismo-de-la-provincia-de-buenos-aires\/#primaryimage\",\"url\":\"http:\/\/live.staticflickr.com\/65535\/48127695296_b4e428234d.jpg\",\"contentUrl\":\"http:\/\/live.staticflickr.com\/65535\/48127695296_b4e428234d.jpg\"},{\"@type\":\"BreadcrumbList\",\"@id\":\"https:\/\/www.noticiasradioreflejos.com.ar\/2021\/tornquist-expuso-su-oferta-en-el-trailer-promocional-itinerante-de-la-subsecretaria-de-turismo-de-la-provincia-de-buenos-aires\/#breadcrumb\",\"itemListElement\":[{\"@type\":\"ListItem\",\"position\":1,\"name\":\"Portada\",\"item\":\"https:\/\/www.noticiasradioreflejos.com.ar\/2021\/\"},{\"@type\":\"ListItem\",\"position\":2,\"name\":\"Tornquist expuso su oferta en el trailer promocional itinerante de la Subsecretar\u00eda de Turismo de la Provincia de Buenos Aires\"}]},{\"@type\":\"WebSite\",\"@id\":\"https:\/\/www.noticiasradioreflejos.com.ar\/2021\/#website\",\"url\":\"https:\/\/www.noticiasradioreflejos.com.ar\/2021\/\",\"name\":\"Noticias Radio Reflejos\",\"description\":\"Las noticias de mi comarca\",\"potentialAction\":[{\"@type\":\"SearchAction\",\"target\":{\"@type\":\"EntryPoint\",\"urlTemplate\":\"https:\/\/www.noticiasradioreflejos.com.ar\/2021\/?s={search_term_string}\"},\"query-input\":{\"@type\":\"PropertyValueSpecification\",\"valueRequired\":true,\"valueName\":\"search_term_string\"}}],\"inLanguage\":\"es\"},{\"@type\":\"Person\",\"@id\":\"https:\/\/www.noticiasradioreflejos.com.ar\/2021\/#\/schema\/person\/ad82545263dcc5ec0996818884fd5fb1\",\"name\":\"Arnaldo Botto\",\"image\":{\"@type\":\"ImageObject\",\"inLanguage\":\"es\",\"@id\":\"https:\/\/www.noticiasradioreflejos.com.ar\/2021\/#\/schema\/person\/image\/\",\"url\":\"https:\/\/secure.gravatar.com\/avatar\/55cb5e37c1efa326397366e6974cb338056df65cb50e7d64d1cf314e87504837?s=96&d=mm&r=g\",\"contentUrl\":\"https:\/\/secure.gravatar.com\/avatar\/55cb5e37c1efa326397366e6974cb338056df65cb50e7d64d1cf314e87504837?s=96&d=mm&r=g\",\"caption\":\"Arnaldo Botto\"},\"url\":\"https:\/\/www.noticiasradioreflejos.com.ar\/2021\/author\/arnaldo\/\"}]}<\/script>\n<!-- \/ Yoast SEO plugin. -->","yoast_head_json":{"title":"Tornquist expuso su oferta en el trailer promocional itinerante de la Subsecretar\u00eda de Turismo de la Provincia de Buenos Aires - Noticias Radio Reflejos","robots":{"index":"index","follow":"follow","max-snippet":"max-snippet:-1","max-image-preview":"max-image-preview:large","max-video-preview":"max-video-preview:-1"},"canonical":"https:\/\/www.noticiasradioreflejos.com.ar\/2021\/tornquist-expuso-su-oferta-en-el-trailer-promocional-itinerante-de-la-subsecretaria-de-turismo-de-la-provincia-de-buenos-aires\/","og_locale":"es_ES","og_type":"article","og_title":"Tornquist expuso su oferta en el trailer promocional itinerante de la Subsecretar\u00eda de Turismo de la Provincia de Buenos Aires - Noticias Radio Reflejos","og_description":"El viernes 21, s\u00e1bado 22 y el domingo 23 la Comarca particip\u00f3, en Bah\u00eda Blanca, del trailer promocional itinerante de la Subsecretar\u00eda de Turismo de la Provincia de Buenos Aires, con actividades de promoci\u00f3n de nuestros destinos.","og_url":"https:\/\/www.noticiasradioreflejos.com.ar\/2021\/tornquist-expuso-su-oferta-en-el-trailer-promocional-itinerante-de-la-subsecretaria-de-turismo-de-la-provincia-de-buenos-aires\/","og_site_name":"Noticias Radio Reflejos","article_published_time":"2019-06-25T18:07:59+00:00","og_image":[{"url":"http:\/\/live.staticflickr.com\/65535\/48127695296_b4e428234d.jpg","type":"","width":"","height":""}],"author":"Arnaldo Botto","twitter_card":"summary_large_image","schema":{"@context":"https:\/\/schema.org","@graph":[{"@type":"WebPage","@id":"https:\/\/www.noticiasradioreflejos.com.ar\/2021\/tornquist-expuso-su-oferta-en-el-trailer-promocional-itinerante-de-la-subsecretaria-de-turismo-de-la-provincia-de-buenos-aires\/","url":"https:\/\/www.noticiasradioreflejos.com.ar\/2021\/tornquist-expuso-su-oferta-en-el-trailer-promocional-itinerante-de-la-subsecretaria-de-turismo-de-la-provincia-de-buenos-aires\/","name":"Tornquist expuso su oferta en el trailer promocional itinerante de la Subsecretar\u00eda de Turismo de la Provincia de Buenos Aires - Noticias Radio Reflejos","isPartOf":{"@id":"https:\/\/www.noticiasradioreflejos.com.ar\/2021\/#website"},"primaryImageOfPage":{"@id":"https:\/\/www.noticiasradioreflejos.com.ar\/2021\/tornquist-expuso-su-oferta-en-el-trailer-promocional-itinerante-de-la-subsecretaria-de-turismo-de-la-provincia-de-buenos-aires\/#primaryimage"},"image":{"@id":"https:\/\/www.noticiasradioreflejos.com.ar\/2021\/tornquist-expuso-su-oferta-en-el-trailer-promocional-itinerante-de-la-subsecretaria-de-turismo-de-la-provincia-de-buenos-aires\/#primaryimage"},"thumbnailUrl":"http:\/\/live.staticflickr.com\/65535\/48127695296_b4e428234d.jpg","datePublished":"2019-06-25T18:07:59+00:00","author":{"@id":"https:\/\/www.noticiasradioreflejos.com.ar\/2021\/#\/schema\/person\/ad82545263dcc5ec0996818884fd5fb1"},"breadcrumb":{"@id":"https:\/\/www.noticiasradioreflejos.com.ar\/2021\/tornquist-expuso-su-oferta-en-el-trailer-promocional-itinerante-de-la-subsecretaria-de-turismo-de-la-provincia-de-buenos-aires\/#breadcrumb"},"inLanguage":"es","potentialAction":[{"@type":"ReadAction","target":["https:\/\/www.noticiasradioreflejos.com.ar\/2021\/tornquist-expuso-su-oferta-en-el-trailer-promocional-itinerante-de-la-subsecretaria-de-turismo-de-la-provincia-de-buenos-aires\/"]}]},{"@type":"ImageObject","inLanguage":"es","@id":"https:\/\/www.noticiasradioreflejos.com.ar\/2021\/tornquist-expuso-su-oferta-en-el-trailer-promocional-itinerante-de-la-subsecretaria-de-turismo-de-la-provincia-de-buenos-aires\/#primaryimage","url":"http:\/\/live.staticflickr.com\/65535\/48127695296_b4e428234d.jpg","contentUrl":"http:\/\/live.staticflickr.com\/65535\/48127695296_b4e428234d.jpg"},{"@type":"BreadcrumbList","@id":"https:\/\/www.noticiasradioreflejos.com.ar\/2021\/tornquist-expuso-su-oferta-en-el-trailer-promocional-itinerante-de-la-subsecretaria-de-turismo-de-la-provincia-de-buenos-aires\/#breadcrumb","itemListElement":[{"@type":"ListItem","position":1,"name":"Portada","item":"https:\/\/www.noticiasradioreflejos.com.ar\/2021\/"},{"@type":"ListItem","position":2,"name":"Tornquist expuso su oferta en el trailer promocional itinerante de la Subsecretar\u00eda de Turismo de la Provincia de Buenos Aires"}]},{"@type":"WebSite","@id":"https:\/\/www.noticiasradioreflejos.com.ar\/2021\/#website","url":"https:\/\/www.noticiasradioreflejos.com.ar\/2021\/","name":"Noticias Radio Reflejos","description":"Las noticias de mi comarca","potentialAction":[{"@type":"SearchAction","target":{"@type":"EntryPoint","urlTemplate":"https:\/\/www.noticiasradioreflejos.com.ar\/2021\/?s={search_term_string}"},"query-input":{"@type":"PropertyValueSpecification","valueRequired":true,"valueName":"search_term_string"}}],"inLanguage":"es"},{"@type":"Person","@id":"https:\/\/www.noticiasradioreflejos.com.ar\/2021\/#\/schema\/person\/ad82545263dcc5ec0996818884fd5fb1","name":"Arnaldo Botto","image":{"@type":"ImageObject","inLanguage":"es","@id":"https:\/\/www.noticiasradioreflejos.com.ar\/2021\/#\/schema\/person\/image\/","url":"https:\/\/secure.gravatar.com\/avatar\/55cb5e37c1efa326397366e6974cb338056df65cb50e7d64d1cf314e87504837?s=96&d=mm&r=g","contentUrl":"https:\/\/secure.gravatar.com\/avatar\/55cb5e37c1efa326397366e6974cb338056df65cb50e7d64d1cf314e87504837?s=96&d=mm&r=g","caption":"Arnaldo Botto"},"url":"https:\/\/www.noticiasradioreflejos.com.ar\/2021\/author\/arnaldo\/"}]}},"_links":{"self":[{"href":"https:\/\/www.noticiasradioreflejos.com.ar\/2021\/wp-json\/wp\/v2\/posts\/32495","targetHints":{"allow":["GET"]}}],"collection":[{"href":"https:\/\/www.noticiasradioreflejos.com.ar\/2021\/wp-json\/wp\/v2\/posts"}],"about":[{"href":"https:\/\/www.noticiasradioreflejos.com.ar\/2021\/wp-json\/wp\/v2\/types\/post"}],"author":[{"embeddable":true,"href":"https:\/\/www.noticiasradioreflejos.com.ar\/2021\/wp-json\/wp\/v2\/users\/3"}],"replies":[{"embeddable":true,"href":"https:\/\/www.noticiasradioreflejos.com.ar\/2021\/wp-json\/wp\/v2\/comments?post=32495"}],"version-history":[{"count":0,"href":"https:\/\/www.noticiasradioreflejos.com.ar\/2021\/wp-json\/wp\/v2\/posts\/32495\/revisions"}],"wp:attachment":[{"href":"https:\/\/www.noticiasradioreflejos.com.ar\/2021\/wp-json\/wp\/v2\/media?parent=32495"}],"wp:term":[{"taxonomy":"category","embeddable":true,"href":"https:\/\/www.noticiasradioreflejos.com.ar\/2021\/wp-json\/wp\/v2\/categories?post=32495"},{"taxonomy":"post_tag","embeddable":true,"href":"https:\/\/www.noticiasradioreflejos.com.ar\/2021\/wp-json\/wp\/v2\/tags?post=32495"}],"curies":[{"name":"wp","href":"https:\/\/api.w.org\/{rel}","templated":true}]}}