{"id":32486,"date":"2019-06-25T12:31:01","date_gmt":"2019-06-25T15:31:01","guid":{"rendered":"http:\/\/www.noticiasradioreflejos.com.ar\/noticias\/?p=32486"},"modified":"2019-06-25T12:31:01","modified_gmt":"2019-06-25T15:31:01","slug":"jueves-27-asueto-administrativo-municipal-por-el-dia-del-trabajador-del-estado","status":"publish","type":"post","link":"https:\/\/www.noticiasradioreflejos.com.ar\/2021\/jueves-27-asueto-administrativo-municipal-por-el-dia-del-trabajador-del-estado\/","title":{"rendered":"Jueves 27: Asueto administrativo municipal por el D\u00eda del Trabajador del Estado"},"content":{"rendered":"<p>Tornquist Municipio inform\u00f3 que, el jueves 27 de junio, con motivo de conmemorarse el D\u00eda del Trabajador del Estado, el Departamento Ejecutivo resolvi\u00f3 adherir otorgando asueto administrativo para todos los agentes municipales.<br \/>\nEs importante destacar que ese d\u00eda no habr\u00e1 recolecci\u00f3n de residuos, por lo tanto se solicita la colaboraci\u00f3n de los vecinos.<\/p>\n","protected":false},"excerpt":{"rendered":"<p>Tornquist Municipio inform\u00f3 que, el jueves 27 de junio, con motivo de conmemorarse el D\u00eda del Trabajador del Estado, el Departamento Ejecutivo resolvi\u00f3 adherir otorgando asueto administrativo para todos los agentes municipales. Es importante destacar que ese d\u00eda no habr\u00e1 recolecci\u00f3n de residuos, por lo tanto se solicita la colaboraci\u00f3n de los vecinos.<\/p>\n","protected":false},"author":3,"featured_media":0,"comment_status":"closed","ping_status":"open","sticky":false,"template":"","format":"standard","meta":{"footnotes":""},"categories":[28],"tags":[],"class_list":["post-32486","post","type-post","status-publish","format-standard","hentry","category-municipales"],"yoast_head":"<!-- This site is optimized with the Yoast SEO plugin v25.9 - https:\/\/yoast.com\/wordpress\/plugins\/seo\/ -->\n<title>Jueves 27: Asueto administrativo municipal por el D\u00eda del Trabajador del Estado - Noticias Radio Reflejos<\/title>\n<meta name=\"robots\" content=\"index, follow, max-snippet:-1, max-image-preview:large, max-video-preview:-1\" \/>\n<link rel=\"canonical\" href=\"https:\/\/www.noticiasradioreflejos.com.ar\/2021\/jueves-27-asueto-administrativo-municipal-por-el-dia-del-trabajador-del-estado\/\" \/>\n<meta property=\"og:locale\" content=\"es_ES\" \/>\n<meta property=\"og:type\" content=\"article\" \/>\n<meta property=\"og:title\" content=\"Jueves 27: Asueto administrativo municipal por el D\u00eda del Trabajador del Estado - Noticias Radio Reflejos\" \/>\n<meta property=\"og:description\" content=\"Tornquist Municipio inform\u00f3 que, el jueves 27 de junio, con motivo de conmemorarse el D\u00eda del Trabajador del Estado, el Departamento Ejecutivo resolvi\u00f3 adherir otorgando asueto administrativo para todos los agentes municipales. Es importante destacar que ese d\u00eda no habr\u00e1 recolecci\u00f3n de residuos, por lo tanto se solicita la colaboraci\u00f3n de los vecinos.\" \/>\n<meta property=\"og:url\" content=\"https:\/\/www.noticiasradioreflejos.com.ar\/2021\/jueves-27-asueto-administrativo-municipal-por-el-dia-del-trabajador-del-estado\/\" \/>\n<meta property=\"og:site_name\" content=\"Noticias Radio Reflejos\" \/>\n<meta property=\"article:published_time\" content=\"2019-06-25T15:31:01+00:00\" \/>\n<meta property=\"og:image\" content=\"https:\/\/www.noticiasradioreflejos.com.ar\/2021\/wp-content\/uploads\/2021\/07\/logosol300x200.png\" \/>\n\t<meta property=\"og:image:width\" content=\"300\" \/>\n\t<meta property=\"og:image:height\" content=\"200\" \/>\n\t<meta property=\"og:image:type\" content=\"image\/png\" \/>\n<meta name=\"author\" content=\"Arnaldo Botto\" \/>\n<meta name=\"twitter:card\" content=\"summary_large_image\" \/>\n<script type=\"application\/ld+json\" class=\"yoast-schema-graph\">{\"@context\":\"https:\/\/schema.org\",\"@graph\":[{\"@type\":\"WebPage\",\"@id\":\"https:\/\/www.noticiasradioreflejos.com.ar\/2021\/jueves-27-asueto-administrativo-municipal-por-el-dia-del-trabajador-del-estado\/\",\"url\":\"https:\/\/www.noticiasradioreflejos.com.ar\/2021\/jueves-27-asueto-administrativo-municipal-por-el-dia-del-trabajador-del-estado\/\",\"name\":\"Jueves 27: Asueto administrativo municipal por el D\u00eda del Trabajador del Estado - Noticias Radio Reflejos\",\"isPartOf\":{\"@id\":\"https:\/\/www.noticiasradioreflejos.com.ar\/2021\/#website\"},\"datePublished\":\"2019-06-25T15:31:01+00:00\",\"author\":{\"@id\":\"https:\/\/www.noticiasradioreflejos.com.ar\/2021\/#\/schema\/person\/ad82545263dcc5ec0996818884fd5fb1\"},\"breadcrumb\":{\"@id\":\"https:\/\/www.noticiasradioreflejos.com.ar\/2021\/jueves-27-asueto-administrativo-municipal-por-el-dia-del-trabajador-del-estado\/#breadcrumb\"},\"inLanguage\":\"es\",\"potentialAction\":[{\"@type\":\"ReadAction\",\"target\":[\"https:\/\/www.noticiasradioreflejos.com.ar\/2021\/jueves-27-asueto-administrativo-municipal-por-el-dia-del-trabajador-del-estado\/\"]}]},{\"@type\":\"BreadcrumbList\",\"@id\":\"https:\/\/www.noticiasradioreflejos.com.ar\/2021\/jueves-27-asueto-administrativo-municipal-por-el-dia-del-trabajador-del-estado\/#breadcrumb\",\"itemListElement\":[{\"@type\":\"ListItem\",\"position\":1,\"name\":\"Portada\",\"item\":\"https:\/\/www.noticiasradioreflejos.com.ar\/2021\/\"},{\"@type\":\"ListItem\",\"position\":2,\"name\":\"Jueves 27: Asueto administrativo municipal por el D\u00eda del Trabajador del Estado\"}]},{\"@type\":\"WebSite\",\"@id\":\"https:\/\/www.noticiasradioreflejos.com.ar\/2021\/#website\",\"url\":\"https:\/\/www.noticiasradioreflejos.com.ar\/2021\/\",\"name\":\"Noticias Radio Reflejos\",\"description\":\"Las noticias de mi comarca\",\"potentialAction\":[{\"@type\":\"SearchAction\",\"target\":{\"@type\":\"EntryPoint\",\"urlTemplate\":\"https:\/\/www.noticiasradioreflejos.com.ar\/2021\/?s={search_term_string}\"},\"query-input\":{\"@type\":\"PropertyValueSpecification\",\"valueRequired\":true,\"valueName\":\"search_term_string\"}}],\"inLanguage\":\"es\"},{\"@type\":\"Person\",\"@id\":\"https:\/\/www.noticiasradioreflejos.com.ar\/2021\/#\/schema\/person\/ad82545263dcc5ec0996818884fd5fb1\",\"name\":\"Arnaldo Botto\",\"image\":{\"@type\":\"ImageObject\",\"inLanguage\":\"es\",\"@id\":\"https:\/\/www.noticiasradioreflejos.com.ar\/2021\/#\/schema\/person\/image\/\",\"url\":\"https:\/\/secure.gravatar.com\/avatar\/55cb5e37c1efa326397366e6974cb338056df65cb50e7d64d1cf314e87504837?s=96&d=mm&r=g\",\"contentUrl\":\"https:\/\/secure.gravatar.com\/avatar\/55cb5e37c1efa326397366e6974cb338056df65cb50e7d64d1cf314e87504837?s=96&d=mm&r=g\",\"caption\":\"Arnaldo Botto\"},\"url\":\"https:\/\/www.noticiasradioreflejos.com.ar\/2021\/author\/arnaldo\/\"}]}<\/script>\n<!-- \/ Yoast SEO plugin. -->","yoast_head_json":{"title":"Jueves 27: Asueto administrativo municipal por el D\u00eda del Trabajador del Estado - Noticias Radio Reflejos","robots":{"index":"index","follow":"follow","max-snippet":"max-snippet:-1","max-image-preview":"max-image-preview:large","max-video-preview":"max-video-preview:-1"},"canonical":"https:\/\/www.noticiasradioreflejos.com.ar\/2021\/jueves-27-asueto-administrativo-municipal-por-el-dia-del-trabajador-del-estado\/","og_locale":"es_ES","og_type":"article","og_title":"Jueves 27: Asueto administrativo municipal por el D\u00eda del Trabajador del Estado - Noticias Radio Reflejos","og_description":"Tornquist Municipio inform\u00f3 que, el jueves 27 de junio, con motivo de conmemorarse el D\u00eda del Trabajador del Estado, el Departamento Ejecutivo resolvi\u00f3 adherir otorgando asueto administrativo para todos los agentes municipales. Es importante destacar que ese d\u00eda no habr\u00e1 recolecci\u00f3n de residuos, por lo tanto se solicita la colaboraci\u00f3n de los vecinos.","og_url":"https:\/\/www.noticiasradioreflejos.com.ar\/2021\/jueves-27-asueto-administrativo-municipal-por-el-dia-del-trabajador-del-estado\/","og_site_name":"Noticias Radio Reflejos","article_published_time":"2019-06-25T15:31:01+00:00","og_image":[{"width":300,"height":200,"url":"https:\/\/www.noticiasradioreflejos.com.ar\/2021\/wp-content\/uploads\/2021\/07\/logosol300x200.png","type":"image\/png"}],"author":"Arnaldo Botto","twitter_card":"summary_large_image","schema":{"@context":"https:\/\/schema.org","@graph":[{"@type":"WebPage","@id":"https:\/\/www.noticiasradioreflejos.com.ar\/2021\/jueves-27-asueto-administrativo-municipal-por-el-dia-del-trabajador-del-estado\/","url":"https:\/\/www.noticiasradioreflejos.com.ar\/2021\/jueves-27-asueto-administrativo-municipal-por-el-dia-del-trabajador-del-estado\/","name":"Jueves 27: Asueto administrativo municipal por el D\u00eda del Trabajador del Estado - Noticias Radio Reflejos","isPartOf":{"@id":"https:\/\/www.noticiasradioreflejos.com.ar\/2021\/#website"},"datePublished":"2019-06-25T15:31:01+00:00","author":{"@id":"https:\/\/www.noticiasradioreflejos.com.ar\/2021\/#\/schema\/person\/ad82545263dcc5ec0996818884fd5fb1"},"breadcrumb":{"@id":"https:\/\/www.noticiasradioreflejos.com.ar\/2021\/jueves-27-asueto-administrativo-municipal-por-el-dia-del-trabajador-del-estado\/#breadcrumb"},"inLanguage":"es","potentialAction":[{"@type":"ReadAction","target":["https:\/\/www.noticiasradioreflejos.com.ar\/2021\/jueves-27-asueto-administrativo-municipal-por-el-dia-del-trabajador-del-estado\/"]}]},{"@type":"BreadcrumbList","@id":"https:\/\/www.noticiasradioreflejos.com.ar\/2021\/jueves-27-asueto-administrativo-municipal-por-el-dia-del-trabajador-del-estado\/#breadcrumb","itemListElement":[{"@type":"ListItem","position":1,"name":"Portada","item":"https:\/\/www.noticiasradioreflejos.com.ar\/2021\/"},{"@type":"ListItem","position":2,"name":"Jueves 27: Asueto administrativo municipal por el D\u00eda del Trabajador del Estado"}]},{"@type":"WebSite","@id":"https:\/\/www.noticiasradioreflejos.com.ar\/2021\/#website","url":"https:\/\/www.noticiasradioreflejos.com.ar\/2021\/","name":"Noticias Radio Reflejos","description":"Las noticias de mi comarca","potentialAction":[{"@type":"SearchAction","target":{"@type":"EntryPoint","urlTemplate":"https:\/\/www.noticiasradioreflejos.com.ar\/2021\/?s={search_term_string}"},"query-input":{"@type":"PropertyValueSpecification","valueRequired":true,"valueName":"search_term_string"}}],"inLanguage":"es"},{"@type":"Person","@id":"https:\/\/www.noticiasradioreflejos.com.ar\/2021\/#\/schema\/person\/ad82545263dcc5ec0996818884fd5fb1","name":"Arnaldo Botto","image":{"@type":"ImageObject","inLanguage":"es","@id":"https:\/\/www.noticiasradioreflejos.com.ar\/2021\/#\/schema\/person\/image\/","url":"https:\/\/secure.gravatar.com\/avatar\/55cb5e37c1efa326397366e6974cb338056df65cb50e7d64d1cf314e87504837?s=96&d=mm&r=g","contentUrl":"https:\/\/secure.gravatar.com\/avatar\/55cb5e37c1efa326397366e6974cb338056df65cb50e7d64d1cf314e87504837?s=96&d=mm&r=g","caption":"Arnaldo Botto"},"url":"https:\/\/www.noticiasradioreflejos.com.ar\/2021\/author\/arnaldo\/"}]}},"_links":{"self":[{"href":"https:\/\/www.noticiasradioreflejos.com.ar\/2021\/wp-json\/wp\/v2\/posts\/32486","targetHints":{"allow":["GET"]}}],"collection":[{"href":"https:\/\/www.noticiasradioreflejos.com.ar\/2021\/wp-json\/wp\/v2\/posts"}],"about":[{"href":"https:\/\/www.noticiasradioreflejos.com.ar\/2021\/wp-json\/wp\/v2\/types\/post"}],"author":[{"embeddable":true,"href":"https:\/\/www.noticiasradioreflejos.com.ar\/2021\/wp-json\/wp\/v2\/users\/3"}],"replies":[{"embeddable":true,"href":"https:\/\/www.noticiasradioreflejos.com.ar\/2021\/wp-json\/wp\/v2\/comments?post=32486"}],"version-history":[{"count":0,"href":"https:\/\/www.noticiasradioreflejos.com.ar\/2021\/wp-json\/wp\/v2\/posts\/32486\/revisions"}],"wp:attachment":[{"href":"https:\/\/www.noticiasradioreflejos.com.ar\/2021\/wp-json\/wp\/v2\/media?parent=32486"}],"wp:term":[{"taxonomy":"category","embeddable":true,"href":"https:\/\/www.noticiasradioreflejos.com.ar\/2021\/wp-json\/wp\/v2\/categories?post=32486"},{"taxonomy":"post_tag","embeddable":true,"href":"https:\/\/www.noticiasradioreflejos.com.ar\/2021\/wp-json\/wp\/v2\/tags?post=32486"}],"curies":[{"name":"wp","href":"https:\/\/api.w.org\/{rel}","templated":true}]}}