{"id":32476,"date":"2019-06-25T09:43:18","date_gmt":"2019-06-25T12:43:18","guid":{"rendered":"http:\/\/www.noticiasradioreflejos.com.ar\/noticias\/?p=32476"},"modified":"2019-06-25T09:43:18","modified_gmt":"2019-06-25T12:43:18","slug":"mas-de-50-familias-del-distrito-recibieron-la-escritura-de-su-vivienda","status":"publish","type":"post","link":"https:\/\/www.noticiasradioreflejos.com.ar\/2021\/mas-de-50-familias-del-distrito-recibieron-la-escritura-de-su-vivienda\/","title":{"rendered":"M\u00e1s de 50 familias del distrito recibieron la escritura de su vivienda"},"content":{"rendered":"<p><a title=\"64945868_2798854486853117_2956055389440835584_n\" href=\"http:\/\/live.staticflickr.com\/65535\/48126148718_4c4788e4ba_s.jpg\" rel=\"\"><img loading=\"lazy\" decoding=\"async\" class=\"alignleft\" style=\"float: left;\" title=\"64945868_2798854486853117_2956055389440835584_n\" src=\"http:\/\/live.staticflickr.com\/65535\/48126148718_4c4788e4ba.jpg\" alt=\"64945868_2798854486853117_2956055389440835584_n\" width=\"500\" height=\"333\" \/><\/a>Este lunes en la Sala de Situaciones Cr. Adolfo \u00abFito\u00bb Huter del Palacio Municipal, se llev\u00f3 a cabo un acto de entrega y firma de casi 100 escrituras.<br \/>\nEn total, se entregaron 62 escrituras, de las cuales 52 est\u00e1n a nombre de propietarios de viviendas y las otras 10 bajo el dominio del municipio, pero que luego pasar\u00e1n a ser titularizadas por las familias due\u00f1as de las viviendas respectivas.<!--more--><br \/>\nAdem\u00e1s, se firmaron otras 38, entre las que se destacaron las del lote donde se construir\u00e1 el Centro de Jubilados de Villa Ventana y las de las tierras adquiridas en Tornquist por el municipio en 2017 para la construcci\u00f3n de viviendas.<br \/>\nLa jornada estuvo encabezada por el intendente municipal, Sergio Bordoni, y la Escribana Adscripta de la Escriban\u00eda General de Gobierno de la Provincia de Buenos Aires, Claudia Defelitto.<br \/>\n\u201cEra algo que la gente estaba esperando hace mucho tiempo. Se trata de regularizar tierras del municipio en las que hay barrios enteros. En esta gesti\u00f3n se escrituraron barrios de 70 a\u00f1os de Saldungaray, y eso es lo que lo lleno de orgullo a uno, de decir que al menos se est\u00e1 trabajando con seriedad y no se le miente a la gente\u201d, expres\u00f3 Bordoni<br \/>\n\u201cAl Centro de Jubilados de Villa Ventana le cedimos un lote para que pueda construir su sede; empezaron por el terreno propio que en una localidad no tiene muchos y justo ten\u00edamos dos linderos a la sala; les dimos uno para que de a poquito pueda ir pegando sus ladrillos y conformar el centro\u201d, a\u00f1adi\u00f3.<br \/>\nAsimismo, el jefe comunal destac\u00f3 la escrituraci\u00f3n de los lotes adquiridos a la familia Raising en el sur de la ciudad: \u201cHace poco en el Concejo Deliberante se dec\u00eda que no ten\u00edamos nada y ya est\u00e1 hecha la subdivisi\u00f3n, est\u00e1n escrituradas las tierras y ya se van a empezar con los trabajos de loteo de las manzanas\u201d.<br \/>\n\u201cEstamos entregando documentaci\u00f3n del r\u00e9gimen de la Ley 10.830, escrituras entre particulares, algunas escrituras de ventas o donaciones de la municipalidad y cancelaciones de hipoteca del Instituto de la Vivienda y del municipio\u201d, indic\u00f3 Defelitto.<br \/>\n\u201cLas escrituras que hoy se firman vuelven a La Plata y nosotros procedemos a hacer la registraci\u00f3n en el Registro de la Propiedad Inmueble, que es el \u00faltimo paso donde el mencionado organismo vuelca en las matr\u00edculas el cambio de titular. Pero la realidad es que a partir de hoy los firmantes son due\u00f1os del inmueble\u201d, asegur\u00f3.<br \/>\nA su turno, el Secretario de Gobierno, Ezequiel Gabella, subray\u00f3: \u201cson de esos trabajos que uno tiene en el d\u00eda a d\u00eda y de los que m\u00e1s satisfacci\u00f3n dan, ver la alegr\u00eda de la gente llevarse la escritura y esa tranquilidad de que esa casa va a ser de ellos para siempre, y que sus hijos y sus nietos van a recibir un bien de las personas que tanto trabajaron para tenerla\u201d.<br \/>\n\u201cDetr\u00e1s de cada carpeta que se entrega hay historias de vida, de gente que ha estado esperando la escrituras 20 o 30 a\u00f1os o que ha tenido que hacer un sacrificio muy grande para poder pagar la vivienda\u201d, afirm\u00f3.<br \/>\n\u201cEs fundamental tener la escritura de las tierras adquiridas -continu\u00f3- porque es una prolijidad para cualquier gesti\u00f3n que pueda llegar a venir, que a diferencia de lo que nos toc\u00f3 lidiar a nosotros con barrios enteros hechos en tierras que ni siquiera estaban a nombre del municipio\u201d.<br \/>\nTambi\u00e9n expresaron su satisfacci\u00f3n Chichi Gonzales y Aida Stancanelli, del Centro de Jubilados de Villa Ventana.<br \/>\n\u201cNo cre\u00edamos que iba a ser tan pronto, se nos hac\u00eda imposible pensar que lo consegu\u00edamos. En 2015 empezamos a hacer reuniones con los vecinos y ya nos afianzamos en el 2016, a\u00f1o en el que conseguimos la personer\u00eda jur\u00eddica y de ah\u00ed en mas nos pusimos a trabajar. Contamos con el apoyo de la comunidad y de los socios\u201d, afirmaron.<br \/>\n\u201cLa capilla San Francisco y los bomberos son lo que nos apoyan y nos dan el lugar\u201d, comentaron y remarcaron que \u201ctenemos todo lo legal en condiciones, de lo contrario hoy no estar\u00edamos ac\u00e1 firmando una escritura. Agradecemos a Bordoni, a Gabella, al HCD y a la comunidad\u201d.<br \/>\n<iframe loading=\"lazy\" src=\"https:\/\/w.soundcloud.com\/player\/?url=https%3A\/\/api.soundcloud.com\/tracks\/641816592&amp;color=%23ff5500&amp;auto_play=false&amp;hide_related=false&amp;show_comments=true&amp;show_user=true&amp;show_reposts=false&amp;show_teaser=true\" width=\"100%\" height=\"166\" frameborder=\"no\" scrolling=\"no\"><\/iframe><\/p>\n","protected":false},"excerpt":{"rendered":"<p>Este lunes en la Sala de Situaciones Cr. Adolfo \u00abFito\u00bb Huter del Palacio Municipal, se llev\u00f3 a cabo un acto de entrega y firma de casi 100 escrituras. En total, se entregaron 62 escrituras, de las cuales 52 est\u00e1n a nombre de propietarios de viviendas y las otras 10 bajo el dominio del municipio, pero [&hellip;]<\/p>\n","protected":false},"author":3,"featured_media":0,"comment_status":"closed","ping_status":"open","sticky":false,"template":"","format":"standard","meta":{"footnotes":""},"categories":[28],"tags":[],"class_list":["post-32476","post","type-post","status-publish","format-standard","hentry","category-municipales"],"yoast_head":"<!-- This site is optimized with the Yoast SEO plugin v25.9 - https:\/\/yoast.com\/wordpress\/plugins\/seo\/ -->\n<title>M\u00e1s de 50 familias del distrito recibieron la escritura de su vivienda - Noticias Radio Reflejos<\/title>\n<meta name=\"robots\" content=\"index, follow, max-snippet:-1, max-image-preview:large, max-video-preview:-1\" \/>\n<link rel=\"canonical\" href=\"https:\/\/www.noticiasradioreflejos.com.ar\/2021\/mas-de-50-familias-del-distrito-recibieron-la-escritura-de-su-vivienda\/\" \/>\n<meta property=\"og:locale\" content=\"es_ES\" \/>\n<meta property=\"og:type\" content=\"article\" \/>\n<meta property=\"og:title\" content=\"M\u00e1s de 50 familias del distrito recibieron la escritura de su vivienda - Noticias Radio Reflejos\" \/>\n<meta property=\"og:description\" content=\"Este lunes en la Sala de Situaciones Cr. Adolfo \u00abFito\u00bb Huter del Palacio Municipal, se llev\u00f3 a cabo un acto de entrega y firma de casi 100 escrituras. En total, se entregaron 62 escrituras, de las cuales 52 est\u00e1n a nombre de propietarios de viviendas y las otras 10 bajo el dominio del municipio, pero [&hellip;]\" \/>\n<meta property=\"og:url\" content=\"https:\/\/www.noticiasradioreflejos.com.ar\/2021\/mas-de-50-familias-del-distrito-recibieron-la-escritura-de-su-vivienda\/\" \/>\n<meta property=\"og:site_name\" content=\"Noticias Radio Reflejos\" \/>\n<meta property=\"article:published_time\" content=\"2019-06-25T12:43:18+00:00\" \/>\n<meta property=\"og:image\" content=\"http:\/\/live.staticflickr.com\/65535\/48126148718_4c4788e4ba.jpg\" \/>\n<meta name=\"author\" content=\"Arnaldo Botto\" \/>\n<meta name=\"twitter:card\" content=\"summary_large_image\" \/>\n<script type=\"application\/ld+json\" class=\"yoast-schema-graph\">{\"@context\":\"https:\/\/schema.org\",\"@graph\":[{\"@type\":\"WebPage\",\"@id\":\"https:\/\/www.noticiasradioreflejos.com.ar\/2021\/mas-de-50-familias-del-distrito-recibieron-la-escritura-de-su-vivienda\/\",\"url\":\"https:\/\/www.noticiasradioreflejos.com.ar\/2021\/mas-de-50-familias-del-distrito-recibieron-la-escritura-de-su-vivienda\/\",\"name\":\"M\u00e1s de 50 familias del distrito recibieron la escritura de su vivienda - Noticias Radio Reflejos\",\"isPartOf\":{\"@id\":\"https:\/\/www.noticiasradioreflejos.com.ar\/2021\/#website\"},\"primaryImageOfPage\":{\"@id\":\"https:\/\/www.noticiasradioreflejos.com.ar\/2021\/mas-de-50-familias-del-distrito-recibieron-la-escritura-de-su-vivienda\/#primaryimage\"},\"image\":{\"@id\":\"https:\/\/www.noticiasradioreflejos.com.ar\/2021\/mas-de-50-familias-del-distrito-recibieron-la-escritura-de-su-vivienda\/#primaryimage\"},\"thumbnailUrl\":\"http:\/\/live.staticflickr.com\/65535\/48126148718_4c4788e4ba.jpg\",\"datePublished\":\"2019-06-25T12:43:18+00:00\",\"author\":{\"@id\":\"https:\/\/www.noticiasradioreflejos.com.ar\/2021\/#\/schema\/person\/ad82545263dcc5ec0996818884fd5fb1\"},\"breadcrumb\":{\"@id\":\"https:\/\/www.noticiasradioreflejos.com.ar\/2021\/mas-de-50-familias-del-distrito-recibieron-la-escritura-de-su-vivienda\/#breadcrumb\"},\"inLanguage\":\"es\",\"potentialAction\":[{\"@type\":\"ReadAction\",\"target\":[\"https:\/\/www.noticiasradioreflejos.com.ar\/2021\/mas-de-50-familias-del-distrito-recibieron-la-escritura-de-su-vivienda\/\"]}]},{\"@type\":\"ImageObject\",\"inLanguage\":\"es\",\"@id\":\"https:\/\/www.noticiasradioreflejos.com.ar\/2021\/mas-de-50-familias-del-distrito-recibieron-la-escritura-de-su-vivienda\/#primaryimage\",\"url\":\"http:\/\/live.staticflickr.com\/65535\/48126148718_4c4788e4ba.jpg\",\"contentUrl\":\"http:\/\/live.staticflickr.com\/65535\/48126148718_4c4788e4ba.jpg\"},{\"@type\":\"BreadcrumbList\",\"@id\":\"https:\/\/www.noticiasradioreflejos.com.ar\/2021\/mas-de-50-familias-del-distrito-recibieron-la-escritura-de-su-vivienda\/#breadcrumb\",\"itemListElement\":[{\"@type\":\"ListItem\",\"position\":1,\"name\":\"Portada\",\"item\":\"https:\/\/www.noticiasradioreflejos.com.ar\/2021\/\"},{\"@type\":\"ListItem\",\"position\":2,\"name\":\"M\u00e1s de 50 familias del distrito recibieron la escritura de su vivienda\"}]},{\"@type\":\"WebSite\",\"@id\":\"https:\/\/www.noticiasradioreflejos.com.ar\/2021\/#website\",\"url\":\"https:\/\/www.noticiasradioreflejos.com.ar\/2021\/\",\"name\":\"Noticias Radio Reflejos\",\"description\":\"Las noticias de mi comarca\",\"potentialAction\":[{\"@type\":\"SearchAction\",\"target\":{\"@type\":\"EntryPoint\",\"urlTemplate\":\"https:\/\/www.noticiasradioreflejos.com.ar\/2021\/?s={search_term_string}\"},\"query-input\":{\"@type\":\"PropertyValueSpecification\",\"valueRequired\":true,\"valueName\":\"search_term_string\"}}],\"inLanguage\":\"es\"},{\"@type\":\"Person\",\"@id\":\"https:\/\/www.noticiasradioreflejos.com.ar\/2021\/#\/schema\/person\/ad82545263dcc5ec0996818884fd5fb1\",\"name\":\"Arnaldo Botto\",\"image\":{\"@type\":\"ImageObject\",\"inLanguage\":\"es\",\"@id\":\"https:\/\/www.noticiasradioreflejos.com.ar\/2021\/#\/schema\/person\/image\/\",\"url\":\"https:\/\/secure.gravatar.com\/avatar\/55cb5e37c1efa326397366e6974cb338056df65cb50e7d64d1cf314e87504837?s=96&d=mm&r=g\",\"contentUrl\":\"https:\/\/secure.gravatar.com\/avatar\/55cb5e37c1efa326397366e6974cb338056df65cb50e7d64d1cf314e87504837?s=96&d=mm&r=g\",\"caption\":\"Arnaldo Botto\"},\"url\":\"https:\/\/www.noticiasradioreflejos.com.ar\/2021\/author\/arnaldo\/\"}]}<\/script>\n<!-- \/ Yoast SEO plugin. -->","yoast_head_json":{"title":"M\u00e1s de 50 familias del distrito recibieron la escritura de su vivienda - Noticias Radio Reflejos","robots":{"index":"index","follow":"follow","max-snippet":"max-snippet:-1","max-image-preview":"max-image-preview:large","max-video-preview":"max-video-preview:-1"},"canonical":"https:\/\/www.noticiasradioreflejos.com.ar\/2021\/mas-de-50-familias-del-distrito-recibieron-la-escritura-de-su-vivienda\/","og_locale":"es_ES","og_type":"article","og_title":"M\u00e1s de 50 familias del distrito recibieron la escritura de su vivienda - Noticias Radio Reflejos","og_description":"Este lunes en la Sala de Situaciones Cr. Adolfo \u00abFito\u00bb Huter del Palacio Municipal, se llev\u00f3 a cabo un acto de entrega y firma de casi 100 escrituras. En total, se entregaron 62 escrituras, de las cuales 52 est\u00e1n a nombre de propietarios de viviendas y las otras 10 bajo el dominio del municipio, pero [&hellip;]","og_url":"https:\/\/www.noticiasradioreflejos.com.ar\/2021\/mas-de-50-familias-del-distrito-recibieron-la-escritura-de-su-vivienda\/","og_site_name":"Noticias Radio Reflejos","article_published_time":"2019-06-25T12:43:18+00:00","og_image":[{"url":"http:\/\/live.staticflickr.com\/65535\/48126148718_4c4788e4ba.jpg","type":"","width":"","height":""}],"author":"Arnaldo Botto","twitter_card":"summary_large_image","schema":{"@context":"https:\/\/schema.org","@graph":[{"@type":"WebPage","@id":"https:\/\/www.noticiasradioreflejos.com.ar\/2021\/mas-de-50-familias-del-distrito-recibieron-la-escritura-de-su-vivienda\/","url":"https:\/\/www.noticiasradioreflejos.com.ar\/2021\/mas-de-50-familias-del-distrito-recibieron-la-escritura-de-su-vivienda\/","name":"M\u00e1s de 50 familias del distrito recibieron la escritura de su vivienda - Noticias Radio Reflejos","isPartOf":{"@id":"https:\/\/www.noticiasradioreflejos.com.ar\/2021\/#website"},"primaryImageOfPage":{"@id":"https:\/\/www.noticiasradioreflejos.com.ar\/2021\/mas-de-50-familias-del-distrito-recibieron-la-escritura-de-su-vivienda\/#primaryimage"},"image":{"@id":"https:\/\/www.noticiasradioreflejos.com.ar\/2021\/mas-de-50-familias-del-distrito-recibieron-la-escritura-de-su-vivienda\/#primaryimage"},"thumbnailUrl":"http:\/\/live.staticflickr.com\/65535\/48126148718_4c4788e4ba.jpg","datePublished":"2019-06-25T12:43:18+00:00","author":{"@id":"https:\/\/www.noticiasradioreflejos.com.ar\/2021\/#\/schema\/person\/ad82545263dcc5ec0996818884fd5fb1"},"breadcrumb":{"@id":"https:\/\/www.noticiasradioreflejos.com.ar\/2021\/mas-de-50-familias-del-distrito-recibieron-la-escritura-de-su-vivienda\/#breadcrumb"},"inLanguage":"es","potentialAction":[{"@type":"ReadAction","target":["https:\/\/www.noticiasradioreflejos.com.ar\/2021\/mas-de-50-familias-del-distrito-recibieron-la-escritura-de-su-vivienda\/"]}]},{"@type":"ImageObject","inLanguage":"es","@id":"https:\/\/www.noticiasradioreflejos.com.ar\/2021\/mas-de-50-familias-del-distrito-recibieron-la-escritura-de-su-vivienda\/#primaryimage","url":"http:\/\/live.staticflickr.com\/65535\/48126148718_4c4788e4ba.jpg","contentUrl":"http:\/\/live.staticflickr.com\/65535\/48126148718_4c4788e4ba.jpg"},{"@type":"BreadcrumbList","@id":"https:\/\/www.noticiasradioreflejos.com.ar\/2021\/mas-de-50-familias-del-distrito-recibieron-la-escritura-de-su-vivienda\/#breadcrumb","itemListElement":[{"@type":"ListItem","position":1,"name":"Portada","item":"https:\/\/www.noticiasradioreflejos.com.ar\/2021\/"},{"@type":"ListItem","position":2,"name":"M\u00e1s de 50 familias del distrito recibieron la escritura de su vivienda"}]},{"@type":"WebSite","@id":"https:\/\/www.noticiasradioreflejos.com.ar\/2021\/#website","url":"https:\/\/www.noticiasradioreflejos.com.ar\/2021\/","name":"Noticias Radio Reflejos","description":"Las noticias de mi comarca","potentialAction":[{"@type":"SearchAction","target":{"@type":"EntryPoint","urlTemplate":"https:\/\/www.noticiasradioreflejos.com.ar\/2021\/?s={search_term_string}"},"query-input":{"@type":"PropertyValueSpecification","valueRequired":true,"valueName":"search_term_string"}}],"inLanguage":"es"},{"@type":"Person","@id":"https:\/\/www.noticiasradioreflejos.com.ar\/2021\/#\/schema\/person\/ad82545263dcc5ec0996818884fd5fb1","name":"Arnaldo Botto","image":{"@type":"ImageObject","inLanguage":"es","@id":"https:\/\/www.noticiasradioreflejos.com.ar\/2021\/#\/schema\/person\/image\/","url":"https:\/\/secure.gravatar.com\/avatar\/55cb5e37c1efa326397366e6974cb338056df65cb50e7d64d1cf314e87504837?s=96&d=mm&r=g","contentUrl":"https:\/\/secure.gravatar.com\/avatar\/55cb5e37c1efa326397366e6974cb338056df65cb50e7d64d1cf314e87504837?s=96&d=mm&r=g","caption":"Arnaldo Botto"},"url":"https:\/\/www.noticiasradioreflejos.com.ar\/2021\/author\/arnaldo\/"}]}},"_links":{"self":[{"href":"https:\/\/www.noticiasradioreflejos.com.ar\/2021\/wp-json\/wp\/v2\/posts\/32476","targetHints":{"allow":["GET"]}}],"collection":[{"href":"https:\/\/www.noticiasradioreflejos.com.ar\/2021\/wp-json\/wp\/v2\/posts"}],"about":[{"href":"https:\/\/www.noticiasradioreflejos.com.ar\/2021\/wp-json\/wp\/v2\/types\/post"}],"author":[{"embeddable":true,"href":"https:\/\/www.noticiasradioreflejos.com.ar\/2021\/wp-json\/wp\/v2\/users\/3"}],"replies":[{"embeddable":true,"href":"https:\/\/www.noticiasradioreflejos.com.ar\/2021\/wp-json\/wp\/v2\/comments?post=32476"}],"version-history":[{"count":0,"href":"https:\/\/www.noticiasradioreflejos.com.ar\/2021\/wp-json\/wp\/v2\/posts\/32476\/revisions"}],"wp:attachment":[{"href":"https:\/\/www.noticiasradioreflejos.com.ar\/2021\/wp-json\/wp\/v2\/media?parent=32476"}],"wp:term":[{"taxonomy":"category","embeddable":true,"href":"https:\/\/www.noticiasradioreflejos.com.ar\/2021\/wp-json\/wp\/v2\/categories?post=32476"},{"taxonomy":"post_tag","embeddable":true,"href":"https:\/\/www.noticiasradioreflejos.com.ar\/2021\/wp-json\/wp\/v2\/tags?post=32476"}],"curies":[{"name":"wp","href":"https:\/\/api.w.org\/{rel}","templated":true}]}}