{"id":32464,"date":"2019-06-25T08:51:17","date_gmt":"2019-06-25T11:51:17","guid":{"rendered":"http:\/\/www.noticiasradioreflejos.com.ar\/noticias\/?p=32464"},"modified":"2019-06-25T08:51:17","modified_gmt":"2019-06-25T11:51:17","slug":"las-sierras-amanecieron-nevadas","status":"publish","type":"post","link":"https:\/\/www.noticiasradioreflejos.com.ar\/2021\/las-sierras-amanecieron-nevadas\/","title":{"rendered":"Las Sierras amanecieron nevadas."},"content":{"rendered":"<p><a title=\"WhatsApp Image 2019-06-25 at 08.33.27\" href=\"http:\/\/live.staticflickr.com\/65535\/48125916498_18b7a42b62_s.jpg\" rel=\"\"><img loading=\"lazy\" decoding=\"async\" class=\"alignleft\" style=\"float: left;\" title=\"WhatsApp Image 2019-06-25 at 08.33.27\" src=\"http:\/\/live.staticflickr.com\/65535\/48125916498_18b7a42b62.jpg\" alt=\"WhatsApp Image 2019-06-25 at 08.33.27\" width=\"375\" height=\"500\" \/><\/a>La cara oeste del cord\u00f3n de la Ventana amaneci\u00f3 con nieve luego de las lluvias de ayer por la tarde y la noche. La temperatura m\u00ednima de esta madrugada est\u00e1 en 0\u00b0 con una sensaci\u00f3n t\u00e9rmica de 4.3\u00b0 bajo cero.<br \/>\nSe registran nevadas en C\u00f3rdoba y toda la zona cordillerana.<!--more--><br \/>\nLas precipitaciones registradas durante la tarde de ayer y parte de la noche alcanzaron ldo 4,5 mm en Villa Ventana y 1.8 mm en Sierra de la Ventana, con r\u00e1fagas de viento que llegaron a los 41 Km\/h. En desde los 800 mts hasta las cumbres los cerros del sector occidental del cord\u00f3n de Ventania se mostraron blancos, lo que que indicar\u00eda que all\u00ed arriba las precipitaciones fueron m\u00e1s abundantes.<br \/>\nEl viento continuar\u00e1 durante el d\u00eda de hoy soplando en forma fuerte del sudoeste y la m\u00e1xima se espera en 9\u00b0. El pron\u00f3stico de nevadas para el fin de semana sigue vigente.<br \/>\n<a title=\"WhatsApp Image 2019-06-25 at 08.33.26\" href=\"http:\/\/live.staticflickr.com\/65535\/48126014437_9694c726ca_s.jpg\" rel=\"\"><img loading=\"lazy\" decoding=\"async\" class=\"aligncenter\" title=\"WhatsApp Image 2019-06-25 at 08.33.26\" src=\"http:\/\/live.staticflickr.com\/65535\/48126014437_9694c726ca_z.jpg\" alt=\"WhatsApp Image 2019-06-25 at 08.33.26\" width=\"627\" height=\"640\" \/><\/a><br \/>\n<strong>Fotos de Claudio Heredia<\/strong><\/p>\n","protected":false},"excerpt":{"rendered":"<p>La cara oeste del cord\u00f3n de la Ventana amaneci\u00f3 con nieve luego de las lluvias de ayer por la tarde y la noche. La temperatura m\u00ednima de esta madrugada est\u00e1 en 0\u00b0 con una sensaci\u00f3n t\u00e9rmica de 4.3\u00b0 bajo cero. Se registran nevadas en C\u00f3rdoba y toda la zona cordillerana.<\/p>\n","protected":false},"author":3,"featured_media":0,"comment_status":"closed","ping_status":"open","sticky":false,"template":"","format":"standard","meta":{"footnotes":""},"categories":[26],"tags":[],"class_list":["post-32464","post","type-post","status-publish","format-standard","hentry","category-sociedad"],"yoast_head":"<!-- This site is optimized with the Yoast SEO plugin v25.9 - https:\/\/yoast.com\/wordpress\/plugins\/seo\/ -->\n<title>Las Sierras amanecieron nevadas. - Noticias Radio Reflejos<\/title>\n<meta name=\"robots\" content=\"index, follow, max-snippet:-1, max-image-preview:large, max-video-preview:-1\" \/>\n<link rel=\"canonical\" href=\"https:\/\/www.noticiasradioreflejos.com.ar\/2021\/las-sierras-amanecieron-nevadas\/\" \/>\n<meta property=\"og:locale\" content=\"es_ES\" \/>\n<meta property=\"og:type\" content=\"article\" \/>\n<meta property=\"og:title\" content=\"Las Sierras amanecieron nevadas. - Noticias Radio Reflejos\" \/>\n<meta property=\"og:description\" content=\"La cara oeste del cord\u00f3n de la Ventana amaneci\u00f3 con nieve luego de las lluvias de ayer por la tarde y la noche. La temperatura m\u00ednima de esta madrugada est\u00e1 en 0\u00b0 con una sensaci\u00f3n t\u00e9rmica de 4.3\u00b0 bajo cero. Se registran nevadas en C\u00f3rdoba y toda la zona cordillerana.\" \/>\n<meta property=\"og:url\" content=\"https:\/\/www.noticiasradioreflejos.com.ar\/2021\/las-sierras-amanecieron-nevadas\/\" \/>\n<meta property=\"og:site_name\" content=\"Noticias Radio Reflejos\" \/>\n<meta property=\"article:published_time\" content=\"2019-06-25T11:51:17+00:00\" \/>\n<meta property=\"og:image\" content=\"http:\/\/live.staticflickr.com\/65535\/48125916498_18b7a42b62.jpg\" \/>\n<meta name=\"author\" content=\"Arnaldo Botto\" \/>\n<meta name=\"twitter:card\" content=\"summary_large_image\" \/>\n<script type=\"application\/ld+json\" class=\"yoast-schema-graph\">{\"@context\":\"https:\/\/schema.org\",\"@graph\":[{\"@type\":\"WebPage\",\"@id\":\"https:\/\/www.noticiasradioreflejos.com.ar\/2021\/las-sierras-amanecieron-nevadas\/\",\"url\":\"https:\/\/www.noticiasradioreflejos.com.ar\/2021\/las-sierras-amanecieron-nevadas\/\",\"name\":\"Las Sierras amanecieron nevadas. - Noticias Radio Reflejos\",\"isPartOf\":{\"@id\":\"https:\/\/www.noticiasradioreflejos.com.ar\/2021\/#website\"},\"primaryImageOfPage\":{\"@id\":\"https:\/\/www.noticiasradioreflejos.com.ar\/2021\/las-sierras-amanecieron-nevadas\/#primaryimage\"},\"image\":{\"@id\":\"https:\/\/www.noticiasradioreflejos.com.ar\/2021\/las-sierras-amanecieron-nevadas\/#primaryimage\"},\"thumbnailUrl\":\"http:\/\/live.staticflickr.com\/65535\/48125916498_18b7a42b62.jpg\",\"datePublished\":\"2019-06-25T11:51:17+00:00\",\"author\":{\"@id\":\"https:\/\/www.noticiasradioreflejos.com.ar\/2021\/#\/schema\/person\/ad82545263dcc5ec0996818884fd5fb1\"},\"breadcrumb\":{\"@id\":\"https:\/\/www.noticiasradioreflejos.com.ar\/2021\/las-sierras-amanecieron-nevadas\/#breadcrumb\"},\"inLanguage\":\"es\",\"potentialAction\":[{\"@type\":\"ReadAction\",\"target\":[\"https:\/\/www.noticiasradioreflejos.com.ar\/2021\/las-sierras-amanecieron-nevadas\/\"]}]},{\"@type\":\"ImageObject\",\"inLanguage\":\"es\",\"@id\":\"https:\/\/www.noticiasradioreflejos.com.ar\/2021\/las-sierras-amanecieron-nevadas\/#primaryimage\",\"url\":\"http:\/\/live.staticflickr.com\/65535\/48125916498_18b7a42b62.jpg\",\"contentUrl\":\"http:\/\/live.staticflickr.com\/65535\/48125916498_18b7a42b62.jpg\"},{\"@type\":\"BreadcrumbList\",\"@id\":\"https:\/\/www.noticiasradioreflejos.com.ar\/2021\/las-sierras-amanecieron-nevadas\/#breadcrumb\",\"itemListElement\":[{\"@type\":\"ListItem\",\"position\":1,\"name\":\"Portada\",\"item\":\"https:\/\/www.noticiasradioreflejos.com.ar\/2021\/\"},{\"@type\":\"ListItem\",\"position\":2,\"name\":\"Las Sierras amanecieron nevadas.\"}]},{\"@type\":\"WebSite\",\"@id\":\"https:\/\/www.noticiasradioreflejos.com.ar\/2021\/#website\",\"url\":\"https:\/\/www.noticiasradioreflejos.com.ar\/2021\/\",\"name\":\"Noticias Radio Reflejos\",\"description\":\"Las noticias de mi comarca\",\"potentialAction\":[{\"@type\":\"SearchAction\",\"target\":{\"@type\":\"EntryPoint\",\"urlTemplate\":\"https:\/\/www.noticiasradioreflejos.com.ar\/2021\/?s={search_term_string}\"},\"query-input\":{\"@type\":\"PropertyValueSpecification\",\"valueRequired\":true,\"valueName\":\"search_term_string\"}}],\"inLanguage\":\"es\"},{\"@type\":\"Person\",\"@id\":\"https:\/\/www.noticiasradioreflejos.com.ar\/2021\/#\/schema\/person\/ad82545263dcc5ec0996818884fd5fb1\",\"name\":\"Arnaldo Botto\",\"image\":{\"@type\":\"ImageObject\",\"inLanguage\":\"es\",\"@id\":\"https:\/\/www.noticiasradioreflejos.com.ar\/2021\/#\/schema\/person\/image\/\",\"url\":\"https:\/\/secure.gravatar.com\/avatar\/55cb5e37c1efa326397366e6974cb338056df65cb50e7d64d1cf314e87504837?s=96&d=mm&r=g\",\"contentUrl\":\"https:\/\/secure.gravatar.com\/avatar\/55cb5e37c1efa326397366e6974cb338056df65cb50e7d64d1cf314e87504837?s=96&d=mm&r=g\",\"caption\":\"Arnaldo Botto\"},\"url\":\"https:\/\/www.noticiasradioreflejos.com.ar\/2021\/author\/arnaldo\/\"}]}<\/script>\n<!-- \/ Yoast SEO plugin. -->","yoast_head_json":{"title":"Las Sierras amanecieron nevadas. - Noticias Radio Reflejos","robots":{"index":"index","follow":"follow","max-snippet":"max-snippet:-1","max-image-preview":"max-image-preview:large","max-video-preview":"max-video-preview:-1"},"canonical":"https:\/\/www.noticiasradioreflejos.com.ar\/2021\/las-sierras-amanecieron-nevadas\/","og_locale":"es_ES","og_type":"article","og_title":"Las Sierras amanecieron nevadas. - Noticias Radio Reflejos","og_description":"La cara oeste del cord\u00f3n de la Ventana amaneci\u00f3 con nieve luego de las lluvias de ayer por la tarde y la noche. La temperatura m\u00ednima de esta madrugada est\u00e1 en 0\u00b0 con una sensaci\u00f3n t\u00e9rmica de 4.3\u00b0 bajo cero. Se registran nevadas en C\u00f3rdoba y toda la zona cordillerana.","og_url":"https:\/\/www.noticiasradioreflejos.com.ar\/2021\/las-sierras-amanecieron-nevadas\/","og_site_name":"Noticias Radio Reflejos","article_published_time":"2019-06-25T11:51:17+00:00","og_image":[{"url":"http:\/\/live.staticflickr.com\/65535\/48125916498_18b7a42b62.jpg","type":"","width":"","height":""}],"author":"Arnaldo Botto","twitter_card":"summary_large_image","schema":{"@context":"https:\/\/schema.org","@graph":[{"@type":"WebPage","@id":"https:\/\/www.noticiasradioreflejos.com.ar\/2021\/las-sierras-amanecieron-nevadas\/","url":"https:\/\/www.noticiasradioreflejos.com.ar\/2021\/las-sierras-amanecieron-nevadas\/","name":"Las Sierras amanecieron nevadas. - Noticias Radio Reflejos","isPartOf":{"@id":"https:\/\/www.noticiasradioreflejos.com.ar\/2021\/#website"},"primaryImageOfPage":{"@id":"https:\/\/www.noticiasradioreflejos.com.ar\/2021\/las-sierras-amanecieron-nevadas\/#primaryimage"},"image":{"@id":"https:\/\/www.noticiasradioreflejos.com.ar\/2021\/las-sierras-amanecieron-nevadas\/#primaryimage"},"thumbnailUrl":"http:\/\/live.staticflickr.com\/65535\/48125916498_18b7a42b62.jpg","datePublished":"2019-06-25T11:51:17+00:00","author":{"@id":"https:\/\/www.noticiasradioreflejos.com.ar\/2021\/#\/schema\/person\/ad82545263dcc5ec0996818884fd5fb1"},"breadcrumb":{"@id":"https:\/\/www.noticiasradioreflejos.com.ar\/2021\/las-sierras-amanecieron-nevadas\/#breadcrumb"},"inLanguage":"es","potentialAction":[{"@type":"ReadAction","target":["https:\/\/www.noticiasradioreflejos.com.ar\/2021\/las-sierras-amanecieron-nevadas\/"]}]},{"@type":"ImageObject","inLanguage":"es","@id":"https:\/\/www.noticiasradioreflejos.com.ar\/2021\/las-sierras-amanecieron-nevadas\/#primaryimage","url":"http:\/\/live.staticflickr.com\/65535\/48125916498_18b7a42b62.jpg","contentUrl":"http:\/\/live.staticflickr.com\/65535\/48125916498_18b7a42b62.jpg"},{"@type":"BreadcrumbList","@id":"https:\/\/www.noticiasradioreflejos.com.ar\/2021\/las-sierras-amanecieron-nevadas\/#breadcrumb","itemListElement":[{"@type":"ListItem","position":1,"name":"Portada","item":"https:\/\/www.noticiasradioreflejos.com.ar\/2021\/"},{"@type":"ListItem","position":2,"name":"Las Sierras amanecieron nevadas."}]},{"@type":"WebSite","@id":"https:\/\/www.noticiasradioreflejos.com.ar\/2021\/#website","url":"https:\/\/www.noticiasradioreflejos.com.ar\/2021\/","name":"Noticias Radio Reflejos","description":"Las noticias de mi comarca","potentialAction":[{"@type":"SearchAction","target":{"@type":"EntryPoint","urlTemplate":"https:\/\/www.noticiasradioreflejos.com.ar\/2021\/?s={search_term_string}"},"query-input":{"@type":"PropertyValueSpecification","valueRequired":true,"valueName":"search_term_string"}}],"inLanguage":"es"},{"@type":"Person","@id":"https:\/\/www.noticiasradioreflejos.com.ar\/2021\/#\/schema\/person\/ad82545263dcc5ec0996818884fd5fb1","name":"Arnaldo Botto","image":{"@type":"ImageObject","inLanguage":"es","@id":"https:\/\/www.noticiasradioreflejos.com.ar\/2021\/#\/schema\/person\/image\/","url":"https:\/\/secure.gravatar.com\/avatar\/55cb5e37c1efa326397366e6974cb338056df65cb50e7d64d1cf314e87504837?s=96&d=mm&r=g","contentUrl":"https:\/\/secure.gravatar.com\/avatar\/55cb5e37c1efa326397366e6974cb338056df65cb50e7d64d1cf314e87504837?s=96&d=mm&r=g","caption":"Arnaldo Botto"},"url":"https:\/\/www.noticiasradioreflejos.com.ar\/2021\/author\/arnaldo\/"}]}},"_links":{"self":[{"href":"https:\/\/www.noticiasradioreflejos.com.ar\/2021\/wp-json\/wp\/v2\/posts\/32464","targetHints":{"allow":["GET"]}}],"collection":[{"href":"https:\/\/www.noticiasradioreflejos.com.ar\/2021\/wp-json\/wp\/v2\/posts"}],"about":[{"href":"https:\/\/www.noticiasradioreflejos.com.ar\/2021\/wp-json\/wp\/v2\/types\/post"}],"author":[{"embeddable":true,"href":"https:\/\/www.noticiasradioreflejos.com.ar\/2021\/wp-json\/wp\/v2\/users\/3"}],"replies":[{"embeddable":true,"href":"https:\/\/www.noticiasradioreflejos.com.ar\/2021\/wp-json\/wp\/v2\/comments?post=32464"}],"version-history":[{"count":0,"href":"https:\/\/www.noticiasradioreflejos.com.ar\/2021\/wp-json\/wp\/v2\/posts\/32464\/revisions"}],"wp:attachment":[{"href":"https:\/\/www.noticiasradioreflejos.com.ar\/2021\/wp-json\/wp\/v2\/media?parent=32464"}],"wp:term":[{"taxonomy":"category","embeddable":true,"href":"https:\/\/www.noticiasradioreflejos.com.ar\/2021\/wp-json\/wp\/v2\/categories?post=32464"},{"taxonomy":"post_tag","embeddable":true,"href":"https:\/\/www.noticiasradioreflejos.com.ar\/2021\/wp-json\/wp\/v2\/tags?post=32464"}],"curies":[{"name":"wp","href":"https:\/\/api.w.org\/{rel}","templated":true}]}}