{"id":32453,"date":"2019-06-24T17:15:22","date_gmt":"2019-06-24T20:15:22","guid":{"rendered":"http:\/\/www.noticiasradioreflejos.com.ar\/noticias\/?p=32453"},"modified":"2019-06-24T17:15:22","modified_gmt":"2019-06-24T20:15:22","slug":"hoy-vence-el-plazo-para-reclamar-la-incorporacion-al-padron-electoral","status":"publish","type":"post","link":"https:\/\/www.noticiasradioreflejos.com.ar\/2021\/hoy-vence-el-plazo-para-reclamar-la-incorporacion-al-padron-electoral\/","title":{"rendered":"Hoy vence el plazo para reclamar la incorporaci\u00f3n al padr\u00f3n electoral"},"content":{"rendered":"<p>M\u00e1s de 400 mil adolescentes estaban excluidos del registro. La C\u00e1mara Nacional Electoral (CNE) dejar\u00e1 de tomar ma\u00f1ana los reclamos de habilitaci\u00f3n de los j\u00f3venes de 16 y 17 a\u00f1os que no figuraban hasta ahora en el padr\u00f3n provisorio. El 12 de julio se publicar\u00e1 el padr\u00f3n definitivo.<br \/>\nA fines de mayo se multiplicaron las denuncias acerca de los j\u00f3venes que no figuraban en el padr\u00f3n y que estaban imposibilitados de votar en las pr\u00f3ximas elecciones presidenciales por un error de registro. La CNE emiti\u00f3 entonces una acordada para aplazar la fecha l\u00edmite hasta el 29 de mayo, pero ante la cantidad de denuncias, debi\u00f3 extender el plazo. El tr\u00e1mite es muy sencillo y se puede realizar por la web. <!--more--><br \/>\nEntre el jueves 20 y el lunes 24 de junio, los padrones fueron publicados por segunda vez online, para que los adolescentes pudieran chequear por \u00faltima vez si figuraban o no en el padr\u00f3n. \u00abEl Registro Nacional de las Personas (Renaper) remiti\u00f3 a la justicia nacional electoral una importante cantidad de tr\u00e1mites correspondientes a nuevos electores con posterioridad a la fecha de cierre de novedades\u00bb, aclar\u00f3 la CNE.<br \/>\nLa pr\u00f3rroga fue concedida por el tribunal electoral tras la presentaci\u00f3n de los apoderados del Partido de los Trabajadores por el Socialismo (PTS) y del Partido Justicialista, a quienes se sumaron los reclamos de los distritos de Mendoza, C\u00f3rdoba y Tucum\u00e1n.<br \/>\nDe acuerdo con el cronograma electoral, el 12 de julio se publicar\u00e1n los padrones definitivos y el jueves 24 se dar\u00e1n a conocer, por \u00faltimo, los lugares y mesas de votaci\u00f3n para las PASO.<\/p>\n","protected":false},"excerpt":{"rendered":"<p>M\u00e1s de 400 mil adolescentes estaban excluidos del registro. La C\u00e1mara Nacional Electoral (CNE) dejar\u00e1 de tomar ma\u00f1ana los reclamos de habilitaci\u00f3n de los j\u00f3venes de 16 y 17 a\u00f1os que no figuraban hasta ahora en el padr\u00f3n provisorio. El 12 de julio se publicar\u00e1 el padr\u00f3n definitivo. A fines de mayo se multiplicaron las [&hellip;]<\/p>\n","protected":false},"author":3,"featured_media":0,"comment_status":"closed","ping_status":"open","sticky":false,"template":"","format":"standard","meta":{"footnotes":""},"categories":[24],"tags":[],"class_list":["post-32453","post","type-post","status-publish","format-standard","hentry","category-politica"],"yoast_head":"<!-- This site is optimized with the Yoast SEO plugin v25.9 - https:\/\/yoast.com\/wordpress\/plugins\/seo\/ -->\n<title>Hoy vence el plazo para reclamar la incorporaci\u00f3n al padr\u00f3n electoral - Noticias Radio Reflejos<\/title>\n<meta name=\"robots\" content=\"index, follow, max-snippet:-1, max-image-preview:large, max-video-preview:-1\" \/>\n<link rel=\"canonical\" href=\"https:\/\/www.noticiasradioreflejos.com.ar\/2021\/hoy-vence-el-plazo-para-reclamar-la-incorporacion-al-padron-electoral\/\" \/>\n<meta property=\"og:locale\" content=\"es_ES\" \/>\n<meta property=\"og:type\" content=\"article\" \/>\n<meta property=\"og:title\" content=\"Hoy vence el plazo para reclamar la incorporaci\u00f3n al padr\u00f3n electoral - Noticias Radio Reflejos\" \/>\n<meta property=\"og:description\" content=\"M\u00e1s de 400 mil adolescentes estaban excluidos del registro. La C\u00e1mara Nacional Electoral (CNE) dejar\u00e1 de tomar ma\u00f1ana los reclamos de habilitaci\u00f3n de los j\u00f3venes de 16 y 17 a\u00f1os que no figuraban hasta ahora en el padr\u00f3n provisorio. El 12 de julio se publicar\u00e1 el padr\u00f3n definitivo. A fines de mayo se multiplicaron las [&hellip;]\" \/>\n<meta property=\"og:url\" content=\"https:\/\/www.noticiasradioreflejos.com.ar\/2021\/hoy-vence-el-plazo-para-reclamar-la-incorporacion-al-padron-electoral\/\" \/>\n<meta property=\"og:site_name\" content=\"Noticias Radio Reflejos\" \/>\n<meta property=\"article:published_time\" content=\"2019-06-24T20:15:22+00:00\" \/>\n<meta property=\"og:image\" content=\"https:\/\/www.noticiasradioreflejos.com.ar\/2021\/wp-content\/uploads\/2021\/07\/logosol300x200.png\" \/>\n\t<meta property=\"og:image:width\" content=\"300\" \/>\n\t<meta property=\"og:image:height\" content=\"200\" \/>\n\t<meta property=\"og:image:type\" content=\"image\/png\" \/>\n<meta name=\"author\" content=\"Arnaldo Botto\" \/>\n<meta name=\"twitter:card\" content=\"summary_large_image\" \/>\n<script type=\"application\/ld+json\" class=\"yoast-schema-graph\">{\"@context\":\"https:\/\/schema.org\",\"@graph\":[{\"@type\":\"WebPage\",\"@id\":\"https:\/\/www.noticiasradioreflejos.com.ar\/2021\/hoy-vence-el-plazo-para-reclamar-la-incorporacion-al-padron-electoral\/\",\"url\":\"https:\/\/www.noticiasradioreflejos.com.ar\/2021\/hoy-vence-el-plazo-para-reclamar-la-incorporacion-al-padron-electoral\/\",\"name\":\"Hoy vence el plazo para reclamar la incorporaci\u00f3n al padr\u00f3n electoral - Noticias Radio Reflejos\",\"isPartOf\":{\"@id\":\"https:\/\/www.noticiasradioreflejos.com.ar\/2021\/#website\"},\"datePublished\":\"2019-06-24T20:15:22+00:00\",\"author\":{\"@id\":\"https:\/\/www.noticiasradioreflejos.com.ar\/2021\/#\/schema\/person\/ad82545263dcc5ec0996818884fd5fb1\"},\"breadcrumb\":{\"@id\":\"https:\/\/www.noticiasradioreflejos.com.ar\/2021\/hoy-vence-el-plazo-para-reclamar-la-incorporacion-al-padron-electoral\/#breadcrumb\"},\"inLanguage\":\"es\",\"potentialAction\":[{\"@type\":\"ReadAction\",\"target\":[\"https:\/\/www.noticiasradioreflejos.com.ar\/2021\/hoy-vence-el-plazo-para-reclamar-la-incorporacion-al-padron-electoral\/\"]}]},{\"@type\":\"BreadcrumbList\",\"@id\":\"https:\/\/www.noticiasradioreflejos.com.ar\/2021\/hoy-vence-el-plazo-para-reclamar-la-incorporacion-al-padron-electoral\/#breadcrumb\",\"itemListElement\":[{\"@type\":\"ListItem\",\"position\":1,\"name\":\"Portada\",\"item\":\"https:\/\/www.noticiasradioreflejos.com.ar\/2021\/\"},{\"@type\":\"ListItem\",\"position\":2,\"name\":\"Hoy vence el plazo para reclamar la incorporaci\u00f3n al padr\u00f3n electoral\"}]},{\"@type\":\"WebSite\",\"@id\":\"https:\/\/www.noticiasradioreflejos.com.ar\/2021\/#website\",\"url\":\"https:\/\/www.noticiasradioreflejos.com.ar\/2021\/\",\"name\":\"Noticias Radio Reflejos\",\"description\":\"Las noticias de mi comarca\",\"potentialAction\":[{\"@type\":\"SearchAction\",\"target\":{\"@type\":\"EntryPoint\",\"urlTemplate\":\"https:\/\/www.noticiasradioreflejos.com.ar\/2021\/?s={search_term_string}\"},\"query-input\":{\"@type\":\"PropertyValueSpecification\",\"valueRequired\":true,\"valueName\":\"search_term_string\"}}],\"inLanguage\":\"es\"},{\"@type\":\"Person\",\"@id\":\"https:\/\/www.noticiasradioreflejos.com.ar\/2021\/#\/schema\/person\/ad82545263dcc5ec0996818884fd5fb1\",\"name\":\"Arnaldo Botto\",\"image\":{\"@type\":\"ImageObject\",\"inLanguage\":\"es\",\"@id\":\"https:\/\/www.noticiasradioreflejos.com.ar\/2021\/#\/schema\/person\/image\/\",\"url\":\"https:\/\/secure.gravatar.com\/avatar\/55cb5e37c1efa326397366e6974cb338056df65cb50e7d64d1cf314e87504837?s=96&d=mm&r=g\",\"contentUrl\":\"https:\/\/secure.gravatar.com\/avatar\/55cb5e37c1efa326397366e6974cb338056df65cb50e7d64d1cf314e87504837?s=96&d=mm&r=g\",\"caption\":\"Arnaldo Botto\"},\"url\":\"https:\/\/www.noticiasradioreflejos.com.ar\/2021\/author\/arnaldo\/\"}]}<\/script>\n<!-- \/ Yoast SEO plugin. -->","yoast_head_json":{"title":"Hoy vence el plazo para reclamar la incorporaci\u00f3n al padr\u00f3n electoral - Noticias Radio Reflejos","robots":{"index":"index","follow":"follow","max-snippet":"max-snippet:-1","max-image-preview":"max-image-preview:large","max-video-preview":"max-video-preview:-1"},"canonical":"https:\/\/www.noticiasradioreflejos.com.ar\/2021\/hoy-vence-el-plazo-para-reclamar-la-incorporacion-al-padron-electoral\/","og_locale":"es_ES","og_type":"article","og_title":"Hoy vence el plazo para reclamar la incorporaci\u00f3n al padr\u00f3n electoral - Noticias Radio Reflejos","og_description":"M\u00e1s de 400 mil adolescentes estaban excluidos del registro. La C\u00e1mara Nacional Electoral (CNE) dejar\u00e1 de tomar ma\u00f1ana los reclamos de habilitaci\u00f3n de los j\u00f3venes de 16 y 17 a\u00f1os que no figuraban hasta ahora en el padr\u00f3n provisorio. El 12 de julio se publicar\u00e1 el padr\u00f3n definitivo. A fines de mayo se multiplicaron las [&hellip;]","og_url":"https:\/\/www.noticiasradioreflejos.com.ar\/2021\/hoy-vence-el-plazo-para-reclamar-la-incorporacion-al-padron-electoral\/","og_site_name":"Noticias Radio Reflejos","article_published_time":"2019-06-24T20:15:22+00:00","og_image":[{"width":300,"height":200,"url":"https:\/\/www.noticiasradioreflejos.com.ar\/2021\/wp-content\/uploads\/2021\/07\/logosol300x200.png","type":"image\/png"}],"author":"Arnaldo Botto","twitter_card":"summary_large_image","schema":{"@context":"https:\/\/schema.org","@graph":[{"@type":"WebPage","@id":"https:\/\/www.noticiasradioreflejos.com.ar\/2021\/hoy-vence-el-plazo-para-reclamar-la-incorporacion-al-padron-electoral\/","url":"https:\/\/www.noticiasradioreflejos.com.ar\/2021\/hoy-vence-el-plazo-para-reclamar-la-incorporacion-al-padron-electoral\/","name":"Hoy vence el plazo para reclamar la incorporaci\u00f3n al padr\u00f3n electoral - Noticias Radio Reflejos","isPartOf":{"@id":"https:\/\/www.noticiasradioreflejos.com.ar\/2021\/#website"},"datePublished":"2019-06-24T20:15:22+00:00","author":{"@id":"https:\/\/www.noticiasradioreflejos.com.ar\/2021\/#\/schema\/person\/ad82545263dcc5ec0996818884fd5fb1"},"breadcrumb":{"@id":"https:\/\/www.noticiasradioreflejos.com.ar\/2021\/hoy-vence-el-plazo-para-reclamar-la-incorporacion-al-padron-electoral\/#breadcrumb"},"inLanguage":"es","potentialAction":[{"@type":"ReadAction","target":["https:\/\/www.noticiasradioreflejos.com.ar\/2021\/hoy-vence-el-plazo-para-reclamar-la-incorporacion-al-padron-electoral\/"]}]},{"@type":"BreadcrumbList","@id":"https:\/\/www.noticiasradioreflejos.com.ar\/2021\/hoy-vence-el-plazo-para-reclamar-la-incorporacion-al-padron-electoral\/#breadcrumb","itemListElement":[{"@type":"ListItem","position":1,"name":"Portada","item":"https:\/\/www.noticiasradioreflejos.com.ar\/2021\/"},{"@type":"ListItem","position":2,"name":"Hoy vence el plazo para reclamar la incorporaci\u00f3n al padr\u00f3n electoral"}]},{"@type":"WebSite","@id":"https:\/\/www.noticiasradioreflejos.com.ar\/2021\/#website","url":"https:\/\/www.noticiasradioreflejos.com.ar\/2021\/","name":"Noticias Radio Reflejos","description":"Las noticias de mi comarca","potentialAction":[{"@type":"SearchAction","target":{"@type":"EntryPoint","urlTemplate":"https:\/\/www.noticiasradioreflejos.com.ar\/2021\/?s={search_term_string}"},"query-input":{"@type":"PropertyValueSpecification","valueRequired":true,"valueName":"search_term_string"}}],"inLanguage":"es"},{"@type":"Person","@id":"https:\/\/www.noticiasradioreflejos.com.ar\/2021\/#\/schema\/person\/ad82545263dcc5ec0996818884fd5fb1","name":"Arnaldo Botto","image":{"@type":"ImageObject","inLanguage":"es","@id":"https:\/\/www.noticiasradioreflejos.com.ar\/2021\/#\/schema\/person\/image\/","url":"https:\/\/secure.gravatar.com\/avatar\/55cb5e37c1efa326397366e6974cb338056df65cb50e7d64d1cf314e87504837?s=96&d=mm&r=g","contentUrl":"https:\/\/secure.gravatar.com\/avatar\/55cb5e37c1efa326397366e6974cb338056df65cb50e7d64d1cf314e87504837?s=96&d=mm&r=g","caption":"Arnaldo Botto"},"url":"https:\/\/www.noticiasradioreflejos.com.ar\/2021\/author\/arnaldo\/"}]}},"_links":{"self":[{"href":"https:\/\/www.noticiasradioreflejos.com.ar\/2021\/wp-json\/wp\/v2\/posts\/32453","targetHints":{"allow":["GET"]}}],"collection":[{"href":"https:\/\/www.noticiasradioreflejos.com.ar\/2021\/wp-json\/wp\/v2\/posts"}],"about":[{"href":"https:\/\/www.noticiasradioreflejos.com.ar\/2021\/wp-json\/wp\/v2\/types\/post"}],"author":[{"embeddable":true,"href":"https:\/\/www.noticiasradioreflejos.com.ar\/2021\/wp-json\/wp\/v2\/users\/3"}],"replies":[{"embeddable":true,"href":"https:\/\/www.noticiasradioreflejos.com.ar\/2021\/wp-json\/wp\/v2\/comments?post=32453"}],"version-history":[{"count":0,"href":"https:\/\/www.noticiasradioreflejos.com.ar\/2021\/wp-json\/wp\/v2\/posts\/32453\/revisions"}],"wp:attachment":[{"href":"https:\/\/www.noticiasradioreflejos.com.ar\/2021\/wp-json\/wp\/v2\/media?parent=32453"}],"wp:term":[{"taxonomy":"category","embeddable":true,"href":"https:\/\/www.noticiasradioreflejos.com.ar\/2021\/wp-json\/wp\/v2\/categories?post=32453"},{"taxonomy":"post_tag","embeddable":true,"href":"https:\/\/www.noticiasradioreflejos.com.ar\/2021\/wp-json\/wp\/v2\/tags?post=32453"}],"curies":[{"name":"wp","href":"https:\/\/api.w.org\/{rel}","templated":true}]}}