{"id":32445,"date":"2019-06-24T13:02:19","date_gmt":"2019-06-24T16:02:19","guid":{"rendered":"http:\/\/www.noticiasradioreflejos.com.ar\/noticias\/?p=32445"},"modified":"2019-06-24T13:02:19","modified_gmt":"2019-06-24T16:02:19","slug":"varios-intentos-de-cuentos-del-tio-este-fin-de-semana-en-sierra-de-la-ventana","status":"publish","type":"post","link":"https:\/\/www.noticiasradioreflejos.com.ar\/2021\/varios-intentos-de-cuentos-del-tio-este-fin-de-semana-en-sierra-de-la-ventana\/","title":{"rendered":"Varios intentos de &quot;Cuento del t\u00edo&quot; este fin de semana en Sierra de la Ventana."},"content":{"rendered":"<p>As\u00ed lo confirma el Jefe de la Subestaci\u00f3n de Polic\u00eda de la localidad, Maximiliano Fogel, con qui\u00e9n charlamos en el Programa \u00abUn Mate y un Caf\u00e9\u00bb.<br \/>\n\u00abTenemos que estar atentos y concientizar a la gente sobre esta modalidad\u00bb le pidi\u00f3 a los oyentes el funcionario conformando que Varios vecinos de la localidad de Villa La Arcadia, avisaron entre este s\u00e1bado 22 y domingo 23 de junio que han recibido llamados de personas desconocidas haci\u00e9ndose pasar por un familiar.<!--more--><br \/>\nLa modalidad es t\u00edpica de lo denunciado en varios distritos cercanos desde hace unos d\u00edas, \u00abLlorando y diciendo que un familiar tuvo un accidente que necesitan plata\u00bb; Fogel sugiri\u00f3 durante la nota que :\u00bbTraten de sacar la mayor cantidad de datos posibles, especialmente el n\u00famero de la cuenta bancaria a la que piden transferir el dinero\u00bb, seguido de avisar a la polic\u00eda en primer t\u00e9rmino y a un familiar previo a hacer un dep\u00f3sito.<br \/>\nEl jefe policial inform\u00f3 que hasta el momento no se recibieron denuncias ni avisos en su repartici\u00f3n, pero si los hubo en Villa la Arcadia, que depende de Cnel Suarez, por lo que en estas horas se estar\u00e1n reuniendo con personal del destacamento de la Villa y del Centro de Jubilados para coordinar medidas que impidan que el delito se pueda ejecutar en nuestra comarca.<br \/>\nTambi\u00e9n conocemos detalles de como se organiz\u00f3 la repartici\u00f3n desde su designaci\u00f3n como Jefe, cantidad de efectivos, m\u00f3viles y las probables nuevas incorporaciones.<br \/>\nA su vez, la Secretar\u00eda de seguridad municipal emiti\u00f3 un comunicado para la poblaci\u00f3n para prevenirlos de las estafas telef\u00f3nicas.<br \/>\nALERTA POR LLAMADOS TELEFONICOS DENOMINADOS \u201cCUENTO DEL TIO\u201d<br \/>\nLa Secretar\u00eda de Seguridad del Partido de Tornquist, solicita a la poblaci\u00f3n en general y en especial a las personas mayores de edad, que a los fines de evitar ser v\u00edctimas de hechos delictivos de la modalidad \u201cCuento del T\u00edo\u201d, de los que se han acaecidos en localidades lim\u00edtrofes al Partido de Tornquist sobre el \u00faltimo periodo y que resultan de p\u00fablico conocimiento; donde se reciben llamados de n\u00fameros de abonados privados, a lo cual personas que no se identifican se comunican telef\u00f3nicamente con abonados al azar, haci\u00e9ndose pasar por servidor p\u00fablico (polic\u00eda, bombero, medico), o bien por personal de Compa\u00f1\u00eda Telef\u00f3nica u otras de similar \u00edndole, solicitando informaci\u00f3n y datos filiatorios de los interlocutores, para posteriormente facilitar la extorsi\u00f3n y estafa con los datos precisos; es que por lo expuesto se requiere que se abstengan de brindar informaci\u00f3n v\u00eda telef\u00f3nica a desconocidos, ni de cuentas bancarias y\/o circunstancias personales y que ante estas eventualidades se de conocimiento inmediato a la Polic\u00eda mediante los abonados pertenecientes a los organismo de esta Jefatura Comunal de Polic\u00eda, trat\u00e1ndose de: Estaci\u00f3n de Polic\u00eda Comunal Tornquist: 0291-4941071; Sub Estaci\u00f3n de Polic\u00eda Comunal Sierra de la Ventana: 0291-4915009; Sub Estaci\u00f3n de Polic\u00eda Comunal Saldungaray 0291-4916013; Puesto de Vigilancia Villa Ventana: 0291-4910102; Puesto de Vigilancia Chasico: 0291-4961040; Puesto de Vigilancia Nueva Roma: 0291-4912003; Puesto de Vigilancia Tres Picos: 291-5350452; Puesto de Vigilancia La Gruta: 291-5228429; tambi\u00e9n a los n\u00fameros de emergencias 911 o 101 y\/o personalmente en cualquiera de las dependencias Policiales del Distrito.-<br \/>\nSECRETARIA DE SEGURIDAD \u2013 MUNICIPALIDAD DE TORNQUIST<br \/>\nJUNIO 24 DE 2019.-<br \/>\n<iframe loading=\"lazy\" width=\"100%\" height=\"166\" scrolling=\"no\" frameborder=\"no\" allow=\"autoplay\" src=\"https:\/\/w.soundcloud.com\/player\/?url=https%3A\/\/api.soundcloud.com\/tracks\/641379321&#038;color=%23ff5500&#038;auto_play=false&#038;hide_related=false&#038;show_comments=true&#038;show_user=true&#038;show_reposts=false&#038;show_teaser=true\"><\/iframe><\/p>\n","protected":false},"excerpt":{"rendered":"<p>As\u00ed lo confirma el Jefe de la Subestaci\u00f3n de Polic\u00eda de la localidad, Maximiliano Fogel, con qui\u00e9n charlamos en el Programa \u00abUn Mate y un Caf\u00e9\u00bb. \u00abTenemos que estar atentos y concientizar a la gente sobre esta modalidad\u00bb le pidi\u00f3 a los oyentes el funcionario conformando que Varios vecinos de la localidad de Villa La [&hellip;]<\/p>\n","protected":false},"author":3,"featured_media":0,"comment_status":"closed","ping_status":"open","sticky":false,"template":"","format":"standard","meta":{"footnotes":""},"categories":[29],"tags":[],"class_list":["post-32445","post","type-post","status-publish","format-standard","hentry","category-policiales"],"yoast_head":"<!-- This site is optimized with the Yoast SEO plugin v25.9 - https:\/\/yoast.com\/wordpress\/plugins\/seo\/ -->\n<title>Varios intentos de &quot;Cuento del t\u00edo&quot; este fin de semana en Sierra de la Ventana. - Noticias Radio Reflejos<\/title>\n<meta name=\"robots\" content=\"index, follow, max-snippet:-1, max-image-preview:large, max-video-preview:-1\" \/>\n<link rel=\"canonical\" href=\"https:\/\/www.noticiasradioreflejos.com.ar\/2021\/varios-intentos-de-cuentos-del-tio-este-fin-de-semana-en-sierra-de-la-ventana\/\" \/>\n<meta property=\"og:locale\" content=\"es_ES\" \/>\n<meta property=\"og:type\" content=\"article\" \/>\n<meta property=\"og:title\" content=\"Varios intentos de &quot;Cuento del t\u00edo&quot; este fin de semana en Sierra de la Ventana. - Noticias Radio Reflejos\" \/>\n<meta property=\"og:description\" content=\"As\u00ed lo confirma el Jefe de la Subestaci\u00f3n de Polic\u00eda de la localidad, Maximiliano Fogel, con qui\u00e9n charlamos en el Programa \u00abUn Mate y un Caf\u00e9\u00bb. \u00abTenemos que estar atentos y concientizar a la gente sobre esta modalidad\u00bb le pidi\u00f3 a los oyentes el funcionario conformando que Varios vecinos de la localidad de Villa La [&hellip;]\" \/>\n<meta property=\"og:url\" content=\"https:\/\/www.noticiasradioreflejos.com.ar\/2021\/varios-intentos-de-cuentos-del-tio-este-fin-de-semana-en-sierra-de-la-ventana\/\" \/>\n<meta property=\"og:site_name\" content=\"Noticias Radio Reflejos\" \/>\n<meta property=\"article:published_time\" content=\"2019-06-24T16:02:19+00:00\" \/>\n<meta property=\"og:image\" content=\"https:\/\/www.noticiasradioreflejos.com.ar\/2021\/wp-content\/uploads\/2021\/07\/logosol300x200.png\" \/>\n\t<meta property=\"og:image:width\" content=\"300\" \/>\n\t<meta property=\"og:image:height\" content=\"200\" \/>\n\t<meta property=\"og:image:type\" content=\"image\/png\" \/>\n<meta name=\"author\" content=\"Arnaldo Botto\" \/>\n<meta name=\"twitter:card\" content=\"summary_large_image\" \/>\n<script type=\"application\/ld+json\" class=\"yoast-schema-graph\">{\"@context\":\"https:\/\/schema.org\",\"@graph\":[{\"@type\":\"WebPage\",\"@id\":\"https:\/\/www.noticiasradioreflejos.com.ar\/2021\/varios-intentos-de-cuentos-del-tio-este-fin-de-semana-en-sierra-de-la-ventana\/\",\"url\":\"https:\/\/www.noticiasradioreflejos.com.ar\/2021\/varios-intentos-de-cuentos-del-tio-este-fin-de-semana-en-sierra-de-la-ventana\/\",\"name\":\"Varios intentos de &quot;Cuento del t\u00edo&quot; este fin de semana en Sierra de la Ventana. - Noticias Radio Reflejos\",\"isPartOf\":{\"@id\":\"https:\/\/www.noticiasradioreflejos.com.ar\/2021\/#website\"},\"datePublished\":\"2019-06-24T16:02:19+00:00\",\"author\":{\"@id\":\"https:\/\/www.noticiasradioreflejos.com.ar\/2021\/#\/schema\/person\/ad82545263dcc5ec0996818884fd5fb1\"},\"breadcrumb\":{\"@id\":\"https:\/\/www.noticiasradioreflejos.com.ar\/2021\/varios-intentos-de-cuentos-del-tio-este-fin-de-semana-en-sierra-de-la-ventana\/#breadcrumb\"},\"inLanguage\":\"es\",\"potentialAction\":[{\"@type\":\"ReadAction\",\"target\":[\"https:\/\/www.noticiasradioreflejos.com.ar\/2021\/varios-intentos-de-cuentos-del-tio-este-fin-de-semana-en-sierra-de-la-ventana\/\"]}]},{\"@type\":\"BreadcrumbList\",\"@id\":\"https:\/\/www.noticiasradioreflejos.com.ar\/2021\/varios-intentos-de-cuentos-del-tio-este-fin-de-semana-en-sierra-de-la-ventana\/#breadcrumb\",\"itemListElement\":[{\"@type\":\"ListItem\",\"position\":1,\"name\":\"Portada\",\"item\":\"https:\/\/www.noticiasradioreflejos.com.ar\/2021\/\"},{\"@type\":\"ListItem\",\"position\":2,\"name\":\"Varios intentos de &quot;Cuento del t\u00edo&quot; este fin de semana en Sierra de la Ventana.\"}]},{\"@type\":\"WebSite\",\"@id\":\"https:\/\/www.noticiasradioreflejos.com.ar\/2021\/#website\",\"url\":\"https:\/\/www.noticiasradioreflejos.com.ar\/2021\/\",\"name\":\"Noticias Radio Reflejos\",\"description\":\"Las noticias de mi comarca\",\"potentialAction\":[{\"@type\":\"SearchAction\",\"target\":{\"@type\":\"EntryPoint\",\"urlTemplate\":\"https:\/\/www.noticiasradioreflejos.com.ar\/2021\/?s={search_term_string}\"},\"query-input\":{\"@type\":\"PropertyValueSpecification\",\"valueRequired\":true,\"valueName\":\"search_term_string\"}}],\"inLanguage\":\"es\"},{\"@type\":\"Person\",\"@id\":\"https:\/\/www.noticiasradioreflejos.com.ar\/2021\/#\/schema\/person\/ad82545263dcc5ec0996818884fd5fb1\",\"name\":\"Arnaldo Botto\",\"image\":{\"@type\":\"ImageObject\",\"inLanguage\":\"es\",\"@id\":\"https:\/\/www.noticiasradioreflejos.com.ar\/2021\/#\/schema\/person\/image\/\",\"url\":\"https:\/\/secure.gravatar.com\/avatar\/55cb5e37c1efa326397366e6974cb338056df65cb50e7d64d1cf314e87504837?s=96&d=mm&r=g\",\"contentUrl\":\"https:\/\/secure.gravatar.com\/avatar\/55cb5e37c1efa326397366e6974cb338056df65cb50e7d64d1cf314e87504837?s=96&d=mm&r=g\",\"caption\":\"Arnaldo Botto\"},\"url\":\"https:\/\/www.noticiasradioreflejos.com.ar\/2021\/author\/arnaldo\/\"}]}<\/script>\n<!-- \/ Yoast SEO plugin. -->","yoast_head_json":{"title":"Varios intentos de &quot;Cuento del t\u00edo&quot; este fin de semana en Sierra de la Ventana. - Noticias Radio Reflejos","robots":{"index":"index","follow":"follow","max-snippet":"max-snippet:-1","max-image-preview":"max-image-preview:large","max-video-preview":"max-video-preview:-1"},"canonical":"https:\/\/www.noticiasradioreflejos.com.ar\/2021\/varios-intentos-de-cuentos-del-tio-este-fin-de-semana-en-sierra-de-la-ventana\/","og_locale":"es_ES","og_type":"article","og_title":"Varios intentos de &quot;Cuento del t\u00edo&quot; este fin de semana en Sierra de la Ventana. - Noticias Radio Reflejos","og_description":"As\u00ed lo confirma el Jefe de la Subestaci\u00f3n de Polic\u00eda de la localidad, Maximiliano Fogel, con qui\u00e9n charlamos en el Programa \u00abUn Mate y un Caf\u00e9\u00bb. \u00abTenemos que estar atentos y concientizar a la gente sobre esta modalidad\u00bb le pidi\u00f3 a los oyentes el funcionario conformando que Varios vecinos de la localidad de Villa La [&hellip;]","og_url":"https:\/\/www.noticiasradioreflejos.com.ar\/2021\/varios-intentos-de-cuentos-del-tio-este-fin-de-semana-en-sierra-de-la-ventana\/","og_site_name":"Noticias Radio Reflejos","article_published_time":"2019-06-24T16:02:19+00:00","og_image":[{"width":300,"height":200,"url":"https:\/\/www.noticiasradioreflejos.com.ar\/2021\/wp-content\/uploads\/2021\/07\/logosol300x200.png","type":"image\/png"}],"author":"Arnaldo Botto","twitter_card":"summary_large_image","schema":{"@context":"https:\/\/schema.org","@graph":[{"@type":"WebPage","@id":"https:\/\/www.noticiasradioreflejos.com.ar\/2021\/varios-intentos-de-cuentos-del-tio-este-fin-de-semana-en-sierra-de-la-ventana\/","url":"https:\/\/www.noticiasradioreflejos.com.ar\/2021\/varios-intentos-de-cuentos-del-tio-este-fin-de-semana-en-sierra-de-la-ventana\/","name":"Varios intentos de &quot;Cuento del t\u00edo&quot; este fin de semana en Sierra de la Ventana. - Noticias Radio Reflejos","isPartOf":{"@id":"https:\/\/www.noticiasradioreflejos.com.ar\/2021\/#website"},"datePublished":"2019-06-24T16:02:19+00:00","author":{"@id":"https:\/\/www.noticiasradioreflejos.com.ar\/2021\/#\/schema\/person\/ad82545263dcc5ec0996818884fd5fb1"},"breadcrumb":{"@id":"https:\/\/www.noticiasradioreflejos.com.ar\/2021\/varios-intentos-de-cuentos-del-tio-este-fin-de-semana-en-sierra-de-la-ventana\/#breadcrumb"},"inLanguage":"es","potentialAction":[{"@type":"ReadAction","target":["https:\/\/www.noticiasradioreflejos.com.ar\/2021\/varios-intentos-de-cuentos-del-tio-este-fin-de-semana-en-sierra-de-la-ventana\/"]}]},{"@type":"BreadcrumbList","@id":"https:\/\/www.noticiasradioreflejos.com.ar\/2021\/varios-intentos-de-cuentos-del-tio-este-fin-de-semana-en-sierra-de-la-ventana\/#breadcrumb","itemListElement":[{"@type":"ListItem","position":1,"name":"Portada","item":"https:\/\/www.noticiasradioreflejos.com.ar\/2021\/"},{"@type":"ListItem","position":2,"name":"Varios intentos de &quot;Cuento del t\u00edo&quot; este fin de semana en Sierra de la Ventana."}]},{"@type":"WebSite","@id":"https:\/\/www.noticiasradioreflejos.com.ar\/2021\/#website","url":"https:\/\/www.noticiasradioreflejos.com.ar\/2021\/","name":"Noticias Radio Reflejos","description":"Las noticias de mi comarca","potentialAction":[{"@type":"SearchAction","target":{"@type":"EntryPoint","urlTemplate":"https:\/\/www.noticiasradioreflejos.com.ar\/2021\/?s={search_term_string}"},"query-input":{"@type":"PropertyValueSpecification","valueRequired":true,"valueName":"search_term_string"}}],"inLanguage":"es"},{"@type":"Person","@id":"https:\/\/www.noticiasradioreflejos.com.ar\/2021\/#\/schema\/person\/ad82545263dcc5ec0996818884fd5fb1","name":"Arnaldo Botto","image":{"@type":"ImageObject","inLanguage":"es","@id":"https:\/\/www.noticiasradioreflejos.com.ar\/2021\/#\/schema\/person\/image\/","url":"https:\/\/secure.gravatar.com\/avatar\/55cb5e37c1efa326397366e6974cb338056df65cb50e7d64d1cf314e87504837?s=96&d=mm&r=g","contentUrl":"https:\/\/secure.gravatar.com\/avatar\/55cb5e37c1efa326397366e6974cb338056df65cb50e7d64d1cf314e87504837?s=96&d=mm&r=g","caption":"Arnaldo Botto"},"url":"https:\/\/www.noticiasradioreflejos.com.ar\/2021\/author\/arnaldo\/"}]}},"_links":{"self":[{"href":"https:\/\/www.noticiasradioreflejos.com.ar\/2021\/wp-json\/wp\/v2\/posts\/32445","targetHints":{"allow":["GET"]}}],"collection":[{"href":"https:\/\/www.noticiasradioreflejos.com.ar\/2021\/wp-json\/wp\/v2\/posts"}],"about":[{"href":"https:\/\/www.noticiasradioreflejos.com.ar\/2021\/wp-json\/wp\/v2\/types\/post"}],"author":[{"embeddable":true,"href":"https:\/\/www.noticiasradioreflejos.com.ar\/2021\/wp-json\/wp\/v2\/users\/3"}],"replies":[{"embeddable":true,"href":"https:\/\/www.noticiasradioreflejos.com.ar\/2021\/wp-json\/wp\/v2\/comments?post=32445"}],"version-history":[{"count":0,"href":"https:\/\/www.noticiasradioreflejos.com.ar\/2021\/wp-json\/wp\/v2\/posts\/32445\/revisions"}],"wp:attachment":[{"href":"https:\/\/www.noticiasradioreflejos.com.ar\/2021\/wp-json\/wp\/v2\/media?parent=32445"}],"wp:term":[{"taxonomy":"category","embeddable":true,"href":"https:\/\/www.noticiasradioreflejos.com.ar\/2021\/wp-json\/wp\/v2\/categories?post=32445"},{"taxonomy":"post_tag","embeddable":true,"href":"https:\/\/www.noticiasradioreflejos.com.ar\/2021\/wp-json\/wp\/v2\/tags?post=32445"}],"curies":[{"name":"wp","href":"https:\/\/api.w.org\/{rel}","templated":true}]}}