{"id":32439,"date":"2019-06-24T11:05:22","date_gmt":"2019-06-24T14:05:22","guid":{"rendered":"http:\/\/www.noticiasradioreflejos.com.ar\/noticias\/?p=32439"},"modified":"2019-06-24T11:05:22","modified_gmt":"2019-06-24T14:05:22","slug":"jueves-27-de-junio-no-habra-servicio-de-recoleccion-de-residuos-domiciliarios","status":"publish","type":"post","link":"https:\/\/www.noticiasradioreflejos.com.ar\/2021\/jueves-27-de-junio-no-habra-servicio-de-recoleccion-de-residuos-domiciliarios\/","title":{"rendered":"Jueves 27 de junio: no habr\u00e1 servicio de recolecci\u00f3n de residuos domiciliarios"},"content":{"rendered":"<p>Servicios Urbanos municipal informa a la comunidad que el jueves 27 de junio no habr\u00e1 servicio de recolecci\u00f3n de residuos domiciliarios, por celebrarse el d\u00eda del empleado estatal, en tal sentido solicitan no sacarlos el mi\u00e9rcoles por la noche.<!--more--><br \/>\nSolicitamos a la comunidad colaborar para disfrutar de una ciudad limpia y saludable. Desde el sector agradecen la colaboraci\u00f3n de los vecinos.<\/p>\n","protected":false},"excerpt":{"rendered":"<p>Servicios Urbanos municipal informa a la comunidad que el jueves 27 de junio no habr\u00e1 servicio de recolecci\u00f3n de residuos domiciliarios, por celebrarse el d\u00eda del empleado estatal, en tal sentido solicitan no sacarlos el mi\u00e9rcoles por la noche.<\/p>\n","protected":false},"author":3,"featured_media":0,"comment_status":"closed","ping_status":"open","sticky":false,"template":"","format":"standard","meta":{"footnotes":""},"categories":[28],"tags":[],"class_list":["post-32439","post","type-post","status-publish","format-standard","hentry","category-municipales"],"yoast_head":"<!-- This site is optimized with the Yoast SEO plugin v25.9 - https:\/\/yoast.com\/wordpress\/plugins\/seo\/ -->\n<title>Jueves 27 de junio: no habr\u00e1 servicio de recolecci\u00f3n de residuos domiciliarios - Noticias Radio Reflejos<\/title>\n<meta name=\"robots\" content=\"index, follow, max-snippet:-1, max-image-preview:large, max-video-preview:-1\" \/>\n<link rel=\"canonical\" href=\"https:\/\/www.noticiasradioreflejos.com.ar\/2021\/jueves-27-de-junio-no-habra-servicio-de-recoleccion-de-residuos-domiciliarios\/\" \/>\n<meta property=\"og:locale\" content=\"es_ES\" \/>\n<meta property=\"og:type\" content=\"article\" \/>\n<meta property=\"og:title\" content=\"Jueves 27 de junio: no habr\u00e1 servicio de recolecci\u00f3n de residuos domiciliarios - Noticias Radio Reflejos\" \/>\n<meta property=\"og:description\" content=\"Servicios Urbanos municipal informa a la comunidad que el jueves 27 de junio no habr\u00e1 servicio de recolecci\u00f3n de residuos domiciliarios, por celebrarse el d\u00eda del empleado estatal, en tal sentido solicitan no sacarlos el mi\u00e9rcoles por la noche.\" \/>\n<meta property=\"og:url\" content=\"https:\/\/www.noticiasradioreflejos.com.ar\/2021\/jueves-27-de-junio-no-habra-servicio-de-recoleccion-de-residuos-domiciliarios\/\" \/>\n<meta property=\"og:site_name\" content=\"Noticias Radio Reflejos\" \/>\n<meta property=\"article:published_time\" content=\"2019-06-24T14:05:22+00:00\" \/>\n<meta property=\"og:image\" content=\"https:\/\/www.noticiasradioreflejos.com.ar\/2021\/wp-content\/uploads\/2021\/07\/logosol300x200.png\" \/>\n\t<meta property=\"og:image:width\" content=\"300\" \/>\n\t<meta property=\"og:image:height\" content=\"200\" \/>\n\t<meta property=\"og:image:type\" content=\"image\/png\" \/>\n<meta name=\"author\" content=\"Arnaldo Botto\" \/>\n<meta name=\"twitter:card\" content=\"summary_large_image\" \/>\n<script type=\"application\/ld+json\" class=\"yoast-schema-graph\">{\"@context\":\"https:\/\/schema.org\",\"@graph\":[{\"@type\":\"WebPage\",\"@id\":\"https:\/\/www.noticiasradioreflejos.com.ar\/2021\/jueves-27-de-junio-no-habra-servicio-de-recoleccion-de-residuos-domiciliarios\/\",\"url\":\"https:\/\/www.noticiasradioreflejos.com.ar\/2021\/jueves-27-de-junio-no-habra-servicio-de-recoleccion-de-residuos-domiciliarios\/\",\"name\":\"Jueves 27 de junio: no habr\u00e1 servicio de recolecci\u00f3n de residuos domiciliarios - Noticias Radio Reflejos\",\"isPartOf\":{\"@id\":\"https:\/\/www.noticiasradioreflejos.com.ar\/2021\/#website\"},\"datePublished\":\"2019-06-24T14:05:22+00:00\",\"author\":{\"@id\":\"https:\/\/www.noticiasradioreflejos.com.ar\/2021\/#\/schema\/person\/ad82545263dcc5ec0996818884fd5fb1\"},\"breadcrumb\":{\"@id\":\"https:\/\/www.noticiasradioreflejos.com.ar\/2021\/jueves-27-de-junio-no-habra-servicio-de-recoleccion-de-residuos-domiciliarios\/#breadcrumb\"},\"inLanguage\":\"es\",\"potentialAction\":[{\"@type\":\"ReadAction\",\"target\":[\"https:\/\/www.noticiasradioreflejos.com.ar\/2021\/jueves-27-de-junio-no-habra-servicio-de-recoleccion-de-residuos-domiciliarios\/\"]}]},{\"@type\":\"BreadcrumbList\",\"@id\":\"https:\/\/www.noticiasradioreflejos.com.ar\/2021\/jueves-27-de-junio-no-habra-servicio-de-recoleccion-de-residuos-domiciliarios\/#breadcrumb\",\"itemListElement\":[{\"@type\":\"ListItem\",\"position\":1,\"name\":\"Portada\",\"item\":\"https:\/\/www.noticiasradioreflejos.com.ar\/2021\/\"},{\"@type\":\"ListItem\",\"position\":2,\"name\":\"Jueves 27 de junio: no habr\u00e1 servicio de recolecci\u00f3n de residuos domiciliarios\"}]},{\"@type\":\"WebSite\",\"@id\":\"https:\/\/www.noticiasradioreflejos.com.ar\/2021\/#website\",\"url\":\"https:\/\/www.noticiasradioreflejos.com.ar\/2021\/\",\"name\":\"Noticias Radio Reflejos\",\"description\":\"Las noticias de mi comarca\",\"potentialAction\":[{\"@type\":\"SearchAction\",\"target\":{\"@type\":\"EntryPoint\",\"urlTemplate\":\"https:\/\/www.noticiasradioreflejos.com.ar\/2021\/?s={search_term_string}\"},\"query-input\":{\"@type\":\"PropertyValueSpecification\",\"valueRequired\":true,\"valueName\":\"search_term_string\"}}],\"inLanguage\":\"es\"},{\"@type\":\"Person\",\"@id\":\"https:\/\/www.noticiasradioreflejos.com.ar\/2021\/#\/schema\/person\/ad82545263dcc5ec0996818884fd5fb1\",\"name\":\"Arnaldo Botto\",\"image\":{\"@type\":\"ImageObject\",\"inLanguage\":\"es\",\"@id\":\"https:\/\/www.noticiasradioreflejos.com.ar\/2021\/#\/schema\/person\/image\/\",\"url\":\"https:\/\/secure.gravatar.com\/avatar\/55cb5e37c1efa326397366e6974cb338056df65cb50e7d64d1cf314e87504837?s=96&d=mm&r=g\",\"contentUrl\":\"https:\/\/secure.gravatar.com\/avatar\/55cb5e37c1efa326397366e6974cb338056df65cb50e7d64d1cf314e87504837?s=96&d=mm&r=g\",\"caption\":\"Arnaldo Botto\"},\"url\":\"https:\/\/www.noticiasradioreflejos.com.ar\/2021\/author\/arnaldo\/\"}]}<\/script>\n<!-- \/ Yoast SEO plugin. -->","yoast_head_json":{"title":"Jueves 27 de junio: no habr\u00e1 servicio de recolecci\u00f3n de residuos domiciliarios - Noticias Radio Reflejos","robots":{"index":"index","follow":"follow","max-snippet":"max-snippet:-1","max-image-preview":"max-image-preview:large","max-video-preview":"max-video-preview:-1"},"canonical":"https:\/\/www.noticiasradioreflejos.com.ar\/2021\/jueves-27-de-junio-no-habra-servicio-de-recoleccion-de-residuos-domiciliarios\/","og_locale":"es_ES","og_type":"article","og_title":"Jueves 27 de junio: no habr\u00e1 servicio de recolecci\u00f3n de residuos domiciliarios - Noticias Radio Reflejos","og_description":"Servicios Urbanos municipal informa a la comunidad que el jueves 27 de junio no habr\u00e1 servicio de recolecci\u00f3n de residuos domiciliarios, por celebrarse el d\u00eda del empleado estatal, en tal sentido solicitan no sacarlos el mi\u00e9rcoles por la noche.","og_url":"https:\/\/www.noticiasradioreflejos.com.ar\/2021\/jueves-27-de-junio-no-habra-servicio-de-recoleccion-de-residuos-domiciliarios\/","og_site_name":"Noticias Radio Reflejos","article_published_time":"2019-06-24T14:05:22+00:00","og_image":[{"width":300,"height":200,"url":"https:\/\/www.noticiasradioreflejos.com.ar\/2021\/wp-content\/uploads\/2021\/07\/logosol300x200.png","type":"image\/png"}],"author":"Arnaldo Botto","twitter_card":"summary_large_image","schema":{"@context":"https:\/\/schema.org","@graph":[{"@type":"WebPage","@id":"https:\/\/www.noticiasradioreflejos.com.ar\/2021\/jueves-27-de-junio-no-habra-servicio-de-recoleccion-de-residuos-domiciliarios\/","url":"https:\/\/www.noticiasradioreflejos.com.ar\/2021\/jueves-27-de-junio-no-habra-servicio-de-recoleccion-de-residuos-domiciliarios\/","name":"Jueves 27 de junio: no habr\u00e1 servicio de recolecci\u00f3n de residuos domiciliarios - Noticias Radio Reflejos","isPartOf":{"@id":"https:\/\/www.noticiasradioreflejos.com.ar\/2021\/#website"},"datePublished":"2019-06-24T14:05:22+00:00","author":{"@id":"https:\/\/www.noticiasradioreflejos.com.ar\/2021\/#\/schema\/person\/ad82545263dcc5ec0996818884fd5fb1"},"breadcrumb":{"@id":"https:\/\/www.noticiasradioreflejos.com.ar\/2021\/jueves-27-de-junio-no-habra-servicio-de-recoleccion-de-residuos-domiciliarios\/#breadcrumb"},"inLanguage":"es","potentialAction":[{"@type":"ReadAction","target":["https:\/\/www.noticiasradioreflejos.com.ar\/2021\/jueves-27-de-junio-no-habra-servicio-de-recoleccion-de-residuos-domiciliarios\/"]}]},{"@type":"BreadcrumbList","@id":"https:\/\/www.noticiasradioreflejos.com.ar\/2021\/jueves-27-de-junio-no-habra-servicio-de-recoleccion-de-residuos-domiciliarios\/#breadcrumb","itemListElement":[{"@type":"ListItem","position":1,"name":"Portada","item":"https:\/\/www.noticiasradioreflejos.com.ar\/2021\/"},{"@type":"ListItem","position":2,"name":"Jueves 27 de junio: no habr\u00e1 servicio de recolecci\u00f3n de residuos domiciliarios"}]},{"@type":"WebSite","@id":"https:\/\/www.noticiasradioreflejos.com.ar\/2021\/#website","url":"https:\/\/www.noticiasradioreflejos.com.ar\/2021\/","name":"Noticias Radio Reflejos","description":"Las noticias de mi comarca","potentialAction":[{"@type":"SearchAction","target":{"@type":"EntryPoint","urlTemplate":"https:\/\/www.noticiasradioreflejos.com.ar\/2021\/?s={search_term_string}"},"query-input":{"@type":"PropertyValueSpecification","valueRequired":true,"valueName":"search_term_string"}}],"inLanguage":"es"},{"@type":"Person","@id":"https:\/\/www.noticiasradioreflejos.com.ar\/2021\/#\/schema\/person\/ad82545263dcc5ec0996818884fd5fb1","name":"Arnaldo Botto","image":{"@type":"ImageObject","inLanguage":"es","@id":"https:\/\/www.noticiasradioreflejos.com.ar\/2021\/#\/schema\/person\/image\/","url":"https:\/\/secure.gravatar.com\/avatar\/55cb5e37c1efa326397366e6974cb338056df65cb50e7d64d1cf314e87504837?s=96&d=mm&r=g","contentUrl":"https:\/\/secure.gravatar.com\/avatar\/55cb5e37c1efa326397366e6974cb338056df65cb50e7d64d1cf314e87504837?s=96&d=mm&r=g","caption":"Arnaldo Botto"},"url":"https:\/\/www.noticiasradioreflejos.com.ar\/2021\/author\/arnaldo\/"}]}},"_links":{"self":[{"href":"https:\/\/www.noticiasradioreflejos.com.ar\/2021\/wp-json\/wp\/v2\/posts\/32439","targetHints":{"allow":["GET"]}}],"collection":[{"href":"https:\/\/www.noticiasradioreflejos.com.ar\/2021\/wp-json\/wp\/v2\/posts"}],"about":[{"href":"https:\/\/www.noticiasradioreflejos.com.ar\/2021\/wp-json\/wp\/v2\/types\/post"}],"author":[{"embeddable":true,"href":"https:\/\/www.noticiasradioreflejos.com.ar\/2021\/wp-json\/wp\/v2\/users\/3"}],"replies":[{"embeddable":true,"href":"https:\/\/www.noticiasradioreflejos.com.ar\/2021\/wp-json\/wp\/v2\/comments?post=32439"}],"version-history":[{"count":0,"href":"https:\/\/www.noticiasradioreflejos.com.ar\/2021\/wp-json\/wp\/v2\/posts\/32439\/revisions"}],"wp:attachment":[{"href":"https:\/\/www.noticiasradioreflejos.com.ar\/2021\/wp-json\/wp\/v2\/media?parent=32439"}],"wp:term":[{"taxonomy":"category","embeddable":true,"href":"https:\/\/www.noticiasradioreflejos.com.ar\/2021\/wp-json\/wp\/v2\/categories?post=32439"},{"taxonomy":"post_tag","embeddable":true,"href":"https:\/\/www.noticiasradioreflejos.com.ar\/2021\/wp-json\/wp\/v2\/tags?post=32439"}],"curies":[{"name":"wp","href":"https:\/\/api.w.org\/{rel}","templated":true}]}}