{"id":32436,"date":"2019-06-24T10:29:16","date_gmt":"2019-06-24T13:29:16","guid":{"rendered":"http:\/\/www.noticiasradioreflejos.com.ar\/noticias\/?p=32436"},"modified":"2019-06-24T10:29:16","modified_gmt":"2019-06-24T13:29:16","slug":"se-anticipan-nevadas-para-el-fin-de-semana-en-toda-la-comarca-serrana","status":"publish","type":"post","link":"https:\/\/www.noticiasradioreflejos.com.ar\/2021\/se-anticipan-nevadas-para-el-fin-de-semana-en-toda-la-comarca-serrana\/","title":{"rendered":"Se anticipan nevadas para el fin de semana en toda la Comarca Serrana"},"content":{"rendered":"<p>El SMN anticipa un temporal para el s\u00e1bado 29 de junio,\u00a0 que traer\u00e1 las pinceladas blancas a las sierras bonaerenses. En julio se cumplen 10 a\u00f1os de una nevada hist\u00f3rica.<!--more-->Un fuerte temporal de vientos del sudoeste, con precipitaciones que alcanzar\u00edan los 15 a 20 mm, acompa\u00f1ados de una cota de nieve que rondar\u00e1 los 600 Mts\/S.N.M se avecina para el s\u00e1bado 29 de junio, lo que implicar\u00eda una gran posibilidad de nevadas en toda la zona serrana.<br \/>\nEl oto\u00f1o 2019 seguramente se recordar\u00e1 como uno de los m\u00e1s templados de las \u00faltimas d\u00e9cadas, con un promedio de temperaturas entre los 6\u00b0 y 18\u00b0, deja paso a la llegada de un invierno un tanto atrasado, que habitualmente se anunciaba con heladas fuertes anticipadas y temperaturas bajo cero, en muchos a\u00f1os ya desde los meses de abril y mayo. Sin embargo, durante estos tres \u00faltimos meses, tuvimos temperaturas de hasta 22\u00b0, y solamente una m\u00ednima de 2,7\u00b0 con sensaci\u00f3n t\u00e9rmica de 2 bajo cero. De acuerdo a las lecturas que podemos visualizar, el fr\u00edo estar\u00eda llegando este viernes en forma m\u00e1s intensa y constante, registr\u00e1ndose un temporal de viento con lluvia y nieve el s\u00e1bado durante todo el d\u00eda y mejorando el domingo por la madrugada, presentando una m\u00e1xima de tan solo 3\u00b0 y m\u00ednima de 2 a 4 bajo cero. Con estas condiciones, seguramente el sector del Abra de la Ventana se presentar\u00e1 totalmente blanco, y quienes lleguen hasta el lugar tendr\u00e1n la oportunidad de ver nevar, aunque el caudal de precipitaci\u00f3n anunciado es muy poco como para que se acumule mucha nieve en el suelo.<br \/>\nTodav\u00eda faltan varios d\u00edas, pero la expectativa ir\u00e1 creciendo con el paso de las horas y seguramente ante la confirmaci\u00f3n de este pron\u00f3stico para el el d\u00eda jueves, tendremos un fin de semana con muchos visitantes para disfrutar del paisaje blanco de nuestra Comarca.<\/p>\n","protected":false},"excerpt":{"rendered":"<p>El SMN anticipa un temporal para el s\u00e1bado 29 de junio,\u00a0 que traer\u00e1 las pinceladas blancas a las sierras bonaerenses. En julio se cumplen 10 a\u00f1os de una nevada hist\u00f3rica.<\/p>\n","protected":false},"author":3,"featured_media":12301,"comment_status":"closed","ping_status":"open","sticky":false,"template":"","format":"standard","meta":{"footnotes":""},"categories":[26],"tags":[],"class_list":["post-32436","post","type-post","status-publish","format-standard","has-post-thumbnail","hentry","category-sociedad"],"yoast_head":"<!-- This site is optimized with the Yoast SEO plugin v25.9 - https:\/\/yoast.com\/wordpress\/plugins\/seo\/ -->\n<title>Se anticipan nevadas para el fin de semana en toda la Comarca Serrana - Noticias Radio Reflejos<\/title>\n<meta name=\"robots\" content=\"index, follow, max-snippet:-1, max-image-preview:large, max-video-preview:-1\" \/>\n<link rel=\"canonical\" href=\"https:\/\/www.noticiasradioreflejos.com.ar\/2021\/se-anticipan-nevadas-para-el-fin-de-semana-en-toda-la-comarca-serrana\/\" \/>\n<meta property=\"og:locale\" content=\"es_ES\" \/>\n<meta property=\"og:type\" content=\"article\" \/>\n<meta property=\"og:title\" content=\"Se anticipan nevadas para el fin de semana en toda la Comarca Serrana - Noticias Radio Reflejos\" \/>\n<meta property=\"og:description\" content=\"El SMN anticipa un temporal para el s\u00e1bado 29 de junio,\u00a0 que traer\u00e1 las pinceladas blancas a las sierras bonaerenses. En julio se cumplen 10 a\u00f1os de una nevada hist\u00f3rica.\" \/>\n<meta property=\"og:url\" content=\"https:\/\/www.noticiasradioreflejos.com.ar\/2021\/se-anticipan-nevadas-para-el-fin-de-semana-en-toda-la-comarca-serrana\/\" \/>\n<meta property=\"og:site_name\" content=\"Noticias Radio Reflejos\" \/>\n<meta property=\"article:published_time\" content=\"2019-06-24T13:29:16+00:00\" \/>\n<meta property=\"og:image\" content=\"https:\/\/www.noticiasradioreflejos.com.ar\/2021\/wp-content\/uploads\/2017\/07\/nevo24_381805263.jpg\" \/>\n\t<meta property=\"og:image:width\" content=\"903\" \/>\n\t<meta property=\"og:image:height\" content=\"600\" \/>\n\t<meta property=\"og:image:type\" content=\"image\/jpeg\" \/>\n<meta name=\"author\" content=\"Arnaldo Botto\" \/>\n<meta name=\"twitter:card\" content=\"summary_large_image\" \/>\n<script type=\"application\/ld+json\" class=\"yoast-schema-graph\">{\"@context\":\"https:\/\/schema.org\",\"@graph\":[{\"@type\":\"WebPage\",\"@id\":\"https:\/\/www.noticiasradioreflejos.com.ar\/2021\/se-anticipan-nevadas-para-el-fin-de-semana-en-toda-la-comarca-serrana\/\",\"url\":\"https:\/\/www.noticiasradioreflejos.com.ar\/2021\/se-anticipan-nevadas-para-el-fin-de-semana-en-toda-la-comarca-serrana\/\",\"name\":\"Se anticipan nevadas para el fin de semana en toda la Comarca Serrana - Noticias Radio Reflejos\",\"isPartOf\":{\"@id\":\"https:\/\/www.noticiasradioreflejos.com.ar\/2021\/#website\"},\"primaryImageOfPage\":{\"@id\":\"https:\/\/www.noticiasradioreflejos.com.ar\/2021\/se-anticipan-nevadas-para-el-fin-de-semana-en-toda-la-comarca-serrana\/#primaryimage\"},\"image\":{\"@id\":\"https:\/\/www.noticiasradioreflejos.com.ar\/2021\/se-anticipan-nevadas-para-el-fin-de-semana-en-toda-la-comarca-serrana\/#primaryimage\"},\"thumbnailUrl\":\"https:\/\/www.noticiasradioreflejos.com.ar\/2021\/wp-content\/uploads\/2017\/07\/nevo24_381805263.jpg\",\"datePublished\":\"2019-06-24T13:29:16+00:00\",\"author\":{\"@id\":\"https:\/\/www.noticiasradioreflejos.com.ar\/2021\/#\/schema\/person\/ad82545263dcc5ec0996818884fd5fb1\"},\"breadcrumb\":{\"@id\":\"https:\/\/www.noticiasradioreflejos.com.ar\/2021\/se-anticipan-nevadas-para-el-fin-de-semana-en-toda-la-comarca-serrana\/#breadcrumb\"},\"inLanguage\":\"es\",\"potentialAction\":[{\"@type\":\"ReadAction\",\"target\":[\"https:\/\/www.noticiasradioreflejos.com.ar\/2021\/se-anticipan-nevadas-para-el-fin-de-semana-en-toda-la-comarca-serrana\/\"]}]},{\"@type\":\"ImageObject\",\"inLanguage\":\"es\",\"@id\":\"https:\/\/www.noticiasradioreflejos.com.ar\/2021\/se-anticipan-nevadas-para-el-fin-de-semana-en-toda-la-comarca-serrana\/#primaryimage\",\"url\":\"https:\/\/www.noticiasradioreflejos.com.ar\/2021\/wp-content\/uploads\/2017\/07\/nevo24_381805263.jpg\",\"contentUrl\":\"https:\/\/www.noticiasradioreflejos.com.ar\/2021\/wp-content\/uploads\/2017\/07\/nevo24_381805263.jpg\",\"width\":903,\"height\":600},{\"@type\":\"BreadcrumbList\",\"@id\":\"https:\/\/www.noticiasradioreflejos.com.ar\/2021\/se-anticipan-nevadas-para-el-fin-de-semana-en-toda-la-comarca-serrana\/#breadcrumb\",\"itemListElement\":[{\"@type\":\"ListItem\",\"position\":1,\"name\":\"Portada\",\"item\":\"https:\/\/www.noticiasradioreflejos.com.ar\/2021\/\"},{\"@type\":\"ListItem\",\"position\":2,\"name\":\"Se anticipan nevadas para el fin de semana en toda la Comarca Serrana\"}]},{\"@type\":\"WebSite\",\"@id\":\"https:\/\/www.noticiasradioreflejos.com.ar\/2021\/#website\",\"url\":\"https:\/\/www.noticiasradioreflejos.com.ar\/2021\/\",\"name\":\"Noticias Radio Reflejos\",\"description\":\"Las noticias de mi comarca\",\"potentialAction\":[{\"@type\":\"SearchAction\",\"target\":{\"@type\":\"EntryPoint\",\"urlTemplate\":\"https:\/\/www.noticiasradioreflejos.com.ar\/2021\/?s={search_term_string}\"},\"query-input\":{\"@type\":\"PropertyValueSpecification\",\"valueRequired\":true,\"valueName\":\"search_term_string\"}}],\"inLanguage\":\"es\"},{\"@type\":\"Person\",\"@id\":\"https:\/\/www.noticiasradioreflejos.com.ar\/2021\/#\/schema\/person\/ad82545263dcc5ec0996818884fd5fb1\",\"name\":\"Arnaldo Botto\",\"image\":{\"@type\":\"ImageObject\",\"inLanguage\":\"es\",\"@id\":\"https:\/\/www.noticiasradioreflejos.com.ar\/2021\/#\/schema\/person\/image\/\",\"url\":\"https:\/\/secure.gravatar.com\/avatar\/55cb5e37c1efa326397366e6974cb338056df65cb50e7d64d1cf314e87504837?s=96&d=mm&r=g\",\"contentUrl\":\"https:\/\/secure.gravatar.com\/avatar\/55cb5e37c1efa326397366e6974cb338056df65cb50e7d64d1cf314e87504837?s=96&d=mm&r=g\",\"caption\":\"Arnaldo Botto\"},\"url\":\"https:\/\/www.noticiasradioreflejos.com.ar\/2021\/author\/arnaldo\/\"}]}<\/script>\n<!-- \/ Yoast SEO plugin. -->","yoast_head_json":{"title":"Se anticipan nevadas para el fin de semana en toda la Comarca Serrana - Noticias Radio Reflejos","robots":{"index":"index","follow":"follow","max-snippet":"max-snippet:-1","max-image-preview":"max-image-preview:large","max-video-preview":"max-video-preview:-1"},"canonical":"https:\/\/www.noticiasradioreflejos.com.ar\/2021\/se-anticipan-nevadas-para-el-fin-de-semana-en-toda-la-comarca-serrana\/","og_locale":"es_ES","og_type":"article","og_title":"Se anticipan nevadas para el fin de semana en toda la Comarca Serrana - Noticias Radio Reflejos","og_description":"El SMN anticipa un temporal para el s\u00e1bado 29 de junio,\u00a0 que traer\u00e1 las pinceladas blancas a las sierras bonaerenses. En julio se cumplen 10 a\u00f1os de una nevada hist\u00f3rica.","og_url":"https:\/\/www.noticiasradioreflejos.com.ar\/2021\/se-anticipan-nevadas-para-el-fin-de-semana-en-toda-la-comarca-serrana\/","og_site_name":"Noticias Radio Reflejos","article_published_time":"2019-06-24T13:29:16+00:00","og_image":[{"width":903,"height":600,"url":"https:\/\/www.noticiasradioreflejos.com.ar\/2021\/wp-content\/uploads\/2017\/07\/nevo24_381805263.jpg","type":"image\/jpeg"}],"author":"Arnaldo Botto","twitter_card":"summary_large_image","schema":{"@context":"https:\/\/schema.org","@graph":[{"@type":"WebPage","@id":"https:\/\/www.noticiasradioreflejos.com.ar\/2021\/se-anticipan-nevadas-para-el-fin-de-semana-en-toda-la-comarca-serrana\/","url":"https:\/\/www.noticiasradioreflejos.com.ar\/2021\/se-anticipan-nevadas-para-el-fin-de-semana-en-toda-la-comarca-serrana\/","name":"Se anticipan nevadas para el fin de semana en toda la Comarca Serrana - Noticias Radio Reflejos","isPartOf":{"@id":"https:\/\/www.noticiasradioreflejos.com.ar\/2021\/#website"},"primaryImageOfPage":{"@id":"https:\/\/www.noticiasradioreflejos.com.ar\/2021\/se-anticipan-nevadas-para-el-fin-de-semana-en-toda-la-comarca-serrana\/#primaryimage"},"image":{"@id":"https:\/\/www.noticiasradioreflejos.com.ar\/2021\/se-anticipan-nevadas-para-el-fin-de-semana-en-toda-la-comarca-serrana\/#primaryimage"},"thumbnailUrl":"https:\/\/www.noticiasradioreflejos.com.ar\/2021\/wp-content\/uploads\/2017\/07\/nevo24_381805263.jpg","datePublished":"2019-06-24T13:29:16+00:00","author":{"@id":"https:\/\/www.noticiasradioreflejos.com.ar\/2021\/#\/schema\/person\/ad82545263dcc5ec0996818884fd5fb1"},"breadcrumb":{"@id":"https:\/\/www.noticiasradioreflejos.com.ar\/2021\/se-anticipan-nevadas-para-el-fin-de-semana-en-toda-la-comarca-serrana\/#breadcrumb"},"inLanguage":"es","potentialAction":[{"@type":"ReadAction","target":["https:\/\/www.noticiasradioreflejos.com.ar\/2021\/se-anticipan-nevadas-para-el-fin-de-semana-en-toda-la-comarca-serrana\/"]}]},{"@type":"ImageObject","inLanguage":"es","@id":"https:\/\/www.noticiasradioreflejos.com.ar\/2021\/se-anticipan-nevadas-para-el-fin-de-semana-en-toda-la-comarca-serrana\/#primaryimage","url":"https:\/\/www.noticiasradioreflejos.com.ar\/2021\/wp-content\/uploads\/2017\/07\/nevo24_381805263.jpg","contentUrl":"https:\/\/www.noticiasradioreflejos.com.ar\/2021\/wp-content\/uploads\/2017\/07\/nevo24_381805263.jpg","width":903,"height":600},{"@type":"BreadcrumbList","@id":"https:\/\/www.noticiasradioreflejos.com.ar\/2021\/se-anticipan-nevadas-para-el-fin-de-semana-en-toda-la-comarca-serrana\/#breadcrumb","itemListElement":[{"@type":"ListItem","position":1,"name":"Portada","item":"https:\/\/www.noticiasradioreflejos.com.ar\/2021\/"},{"@type":"ListItem","position":2,"name":"Se anticipan nevadas para el fin de semana en toda la Comarca Serrana"}]},{"@type":"WebSite","@id":"https:\/\/www.noticiasradioreflejos.com.ar\/2021\/#website","url":"https:\/\/www.noticiasradioreflejos.com.ar\/2021\/","name":"Noticias Radio Reflejos","description":"Las noticias de mi comarca","potentialAction":[{"@type":"SearchAction","target":{"@type":"EntryPoint","urlTemplate":"https:\/\/www.noticiasradioreflejos.com.ar\/2021\/?s={search_term_string}"},"query-input":{"@type":"PropertyValueSpecification","valueRequired":true,"valueName":"search_term_string"}}],"inLanguage":"es"},{"@type":"Person","@id":"https:\/\/www.noticiasradioreflejos.com.ar\/2021\/#\/schema\/person\/ad82545263dcc5ec0996818884fd5fb1","name":"Arnaldo Botto","image":{"@type":"ImageObject","inLanguage":"es","@id":"https:\/\/www.noticiasradioreflejos.com.ar\/2021\/#\/schema\/person\/image\/","url":"https:\/\/secure.gravatar.com\/avatar\/55cb5e37c1efa326397366e6974cb338056df65cb50e7d64d1cf314e87504837?s=96&d=mm&r=g","contentUrl":"https:\/\/secure.gravatar.com\/avatar\/55cb5e37c1efa326397366e6974cb338056df65cb50e7d64d1cf314e87504837?s=96&d=mm&r=g","caption":"Arnaldo Botto"},"url":"https:\/\/www.noticiasradioreflejos.com.ar\/2021\/author\/arnaldo\/"}]}},"_links":{"self":[{"href":"https:\/\/www.noticiasradioreflejos.com.ar\/2021\/wp-json\/wp\/v2\/posts\/32436","targetHints":{"allow":["GET"]}}],"collection":[{"href":"https:\/\/www.noticiasradioreflejos.com.ar\/2021\/wp-json\/wp\/v2\/posts"}],"about":[{"href":"https:\/\/www.noticiasradioreflejos.com.ar\/2021\/wp-json\/wp\/v2\/types\/post"}],"author":[{"embeddable":true,"href":"https:\/\/www.noticiasradioreflejos.com.ar\/2021\/wp-json\/wp\/v2\/users\/3"}],"replies":[{"embeddable":true,"href":"https:\/\/www.noticiasradioreflejos.com.ar\/2021\/wp-json\/wp\/v2\/comments?post=32436"}],"version-history":[{"count":0,"href":"https:\/\/www.noticiasradioreflejos.com.ar\/2021\/wp-json\/wp\/v2\/posts\/32436\/revisions"}],"wp:featuredmedia":[{"embeddable":true,"href":"https:\/\/www.noticiasradioreflejos.com.ar\/2021\/wp-json\/wp\/v2\/media\/12301"}],"wp:attachment":[{"href":"https:\/\/www.noticiasradioreflejos.com.ar\/2021\/wp-json\/wp\/v2\/media?parent=32436"}],"wp:term":[{"taxonomy":"category","embeddable":true,"href":"https:\/\/www.noticiasradioreflejos.com.ar\/2021\/wp-json\/wp\/v2\/categories?post=32436"},{"taxonomy":"post_tag","embeddable":true,"href":"https:\/\/www.noticiasradioreflejos.com.ar\/2021\/wp-json\/wp\/v2\/tags?post=32436"}],"curies":[{"name":"wp","href":"https:\/\/api.w.org\/{rel}","templated":true}]}}