{"id":32433,"date":"2019-06-24T09:38:24","date_gmt":"2019-06-24T12:38:24","guid":{"rendered":"http:\/\/www.noticiasradioreflejos.com.ar\/noticias\/?p=32433"},"modified":"2019-06-24T09:38:24","modified_gmt":"2019-06-24T12:38:24","slug":"bordoni-y-trankels-en-la-puja-por-la-intendencia","status":"publish","type":"post","link":"https:\/\/www.noticiasradioreflejos.com.ar\/2021\/bordoni-y-trankels-en-la-puja-por-la-intendencia\/","title":{"rendered":"Bordoni y Trankels en la puja por la Intendencia."},"content":{"rendered":"<p>Tornquist elegir\u00e1 el s\u00e9ptimo Intendente desde 1983. Se editar\u00e1 el enfrentamiento de 2015 entre el actual Intendente Sergio Bordoni y el ex intendente Gustavo Trankels. El concejo renueva 6 bancas.<br \/>\nSin lugar a dudas la expectativa ha sido grande para saber como ser\u00e1 la campa\u00f1a y quienes los partidos que estar\u00e1n pugnando por el poder en nuestro distrito en las elecciones del 11 de agosto y finales en Octubre.<!--more--><br \/>\nEn la junta electoral se han presentado las dos listas que repetir\u00e1n el duelo cerrado de 2015 entre Sergio Bordoni actual jefe Comunal y Gustavo Trankels ex intendente. Juntos por el Cambio y el Frente Todos se ver\u00e1n las caras en el primer chico del 11 de agosto y ah\u00ed se sabr\u00e1 quien sacar\u00e1 ventaja o no para las generales de octubre.<br \/>\nLa primarias de 2015 fueron muy ajustadas con un 3855 a 3811 de Bordoni a Trankels aunque esa cifra se estir\u00f3 en la elecci\u00f3n final 4444 a 4265.<br \/>\nEste es otro escenario y ya el frente renovador que fue por separado integra la f\u00f3rmula del peronismo.<br \/>\nSe elige el 7\u00ba Intendente desde 1983<br \/>\nN\u00e9stor Catani(UCR) 1983\/1987<br \/>\nMarisa Kugler(UCR) 1987\/1991<br \/>\nGerardo Rattero(PJ) 1991\/2005 Luego electo diputado hasta su fallecimiento.<br \/>\nMarcelo Buschi(PJ) 2005\/2007 Reemplazo a Rattero.<br \/>\nGustavo Trankels(PJ) 2007\/2015 Se presenta como candidato<br \/>\nSergio Bordoni(Cambiemos) 2015\/2019 Va a la reelecci\u00f3n<br \/>\nHabr\u00e1 renovaci\u00f3n de Cargos<br \/>\nEn cambiemos continuan en el Concejo Deliberante hasta 2021 Juan Ibarra(Chasico), Jos\u00e9 Fonfria(Saldungaray), Viviana Montibeller(Sierra de la Ventana) Cristian Raising(Tornquist).<br \/>\nCulminan su mandato el 10 de diciembre de este a\u00f1o: Gustavo Moroncini(Tornquist), Maria Graciela Bagu(Sierra de la Ventana) y Germ\u00e1n De Larena(Actual secretario) fue reemplazado por Sebasti\u00e1n Bassi(Sierra de la Ventana). Va como candidato. 3 bancas.<br \/>\nEn el Consejo Escolar siguen hasta 2021 Silvia Rossi(Tornquist) y Germ\u00e1n Scharff(Tornquist).<br \/>\nCuliman mandato Jorgelina Lencinas(Va a la reelecci\u00f3n)<br \/>\nPor el Partido Justicialista<br \/>\nContin\u00faan Laura Fabiana Rosatelli(Tornquist) y Hugo Rojas(Saldungaray), en el concejo.<br \/>\nCulminan su mandato<br \/>\nMar\u00eda O Skolak(Tornquist), Guillermo Loffler(Tornquist) y M\u00f3nica Sagredo(Saldungaray) 3 Bancas.<br \/>\nEn el Consejo Escolar culmina su mandato Norma Biolato \u00fanica representante ingresada por el PJ.<br \/>\nHistorial de las elecciones<br \/>\nEl 30 de Octubre de 1983 se realizaron luego de la Dictadura Militar de 1976, las elecciones que marcaron el regreso de la democracia hasta nuestros d\u00edas. En Tornquist se impuso como Intendente el Agrimensor N\u00e9stor Catani (UCR) con 3156 votos el 51% contra 2024 que obten\u00eda Domingo Mario Bilbao(PJ) un 32% y 632(10,39%) del Movimiento de Integraci\u00f3n y Desarrollo que postulaba a Esteban Martinez. Hubo adem\u00e1s 326 votos en blanco.<br \/>\nDos a\u00f1os m\u00e1s tarde el 3 de Noviembre de 1985 repiti\u00f3 el triunfo la UCR con 2821(47%), lista encabezada por Hugo Dennis Mutti, sobre el Frente Renovador que encabezaba Domingo Bilbao electo concejal y El Frente Justicialista de Liberaci\u00f3n(No ingreso Concejales).Ambos fueron separados obtuvieron 1896 y 579 votos respectivamente sumando el 41% de los sufragios. En blanco hubo 342.<br \/>\nEl 6 de Setiembre de 1987 la UCR sigui\u00f3 por tercer a\u00f1o consecutivo con su hegemon\u00eda ganando la elecci\u00f3n a Intendente Mar\u00eda Luisa Kugler con 3240 sufragios(56%) sobre los 2543(44%) de Domingo Mario Bilbao del Frente Justicialista Renovador. Hubo solo dos partidos en esta elecci\u00f3n y en blanco hubo 428.<br \/>\nReci\u00e9n el Frente Justicialista de Unidad Popular quebr\u00f3 la hegemon\u00eda de la UCR el 14 de Mayo de 1989 cuando gan\u00f3 las legislativas Oscar Bedouret primer candidato a Concejal que logr\u00f3 2581 sufragios(46%) contra 2268(40%) de la UCR que postulaba a Horacio Fernandez, electo concejal. Sin lograr esca\u00f1os Alianza de Centro tuvo 729 votos y en Blanco hubo748.<br \/>\nGerardo Rattero llegaba a la torre alta por primera vez como Intendente el 8 de Setiembre de 1991 cuando en aquella recordada y ajustada elecci\u00f3n que es hasta el momento la menor diferencia obtenida entre dos partidos, derrotaba a Mar\u00eda Luisa Kugler de la UCR, que era por entonces Intendente por solo 35 votos, obteniendo 2905(48,2%) contra 2870(47,66%). La UCD lograba 246 y en blanco se registraban 320<br \/>\nSaltamos a 1993, el 3 de Octubre con un PJ que retiene la victoria de dos a\u00f1os atr\u00e1s con Jorge Magnani como cabeza de lista alcanzando 2770 votos(46%) sobre 2517(42%) de la UCR, encabezada por Horacio Morteo como primer Concejal, el Movimiento por la Dignidad y la Independencia se quedaba con 566 votos, la UCD con 137 y se registraban 432 votos entre anulados y blancos.<br \/>\nEl Jefe Comunal Gerardo Rattero se postulaba a la reelecci\u00f3n el 14 de Mayo de 1995, ese d\u00eda era electo ya que el Frente Justicialista Federal lograba 3471 sufragios un 52%, aventajando por casi 20 puntos al candidato de la UCR Jorge Marcolini que lograba 2250 votos un 33%. 520 de Frente Pais Solidario y 52 del Movimiento Azul y Blanco. Los votos anulados y blancos fueron 391.<br \/>\nDos a\u00f1os m\u00e1s tarde y luego de 10 a\u00f1os desde el \u00faltimo triunfo del Radicalismo, el 26 de Octubre de 1997 el veterinarioDr. Ricardo Echevarr\u00eda candidato a primer concejal por la Alianza para el Trabajo la Justicia y la Educaci\u00f3n se impon\u00eda a la lista de Rattero con 3130 Votos(45%) sobre 2913(42%) del candidato del Frente Justicialista Bonaerense, Norberto \u201cTiti\u201d Marzialetti que ocup\u00f3 una banca en el concejo. No participaron otros partidos a nivel local y se registraron casi 800 votos entre blancos ye impugnados.<br \/>\n1999 era un a\u00f1o clave y tambi\u00e9n la elecci\u00f3n se polariz\u00f3 el 24 de Octubre de ese a\u00f1o, Gerardo Rattero(Concertaci\u00f3n Justicialista para el Cambio), se postulaba para su tercer mandato pero ten\u00eda enfrente un hueso duro de roer como Ricardo Echevarr\u00eda (Alianza para el Trabajo la Justicia y la Educaci\u00f3n), que ven\u00eda de ganar dos a\u00f1os atr\u00e1s y el resultado fue tambi\u00e9n ajustado con menos de 200 votos de diferencia. Rattero obtuvo 3197(44%) y su contricante 3014(41%). Aprecio en esa elecci\u00f3n una tercera Fuerza Acci\u00f3n por la rep\u00fablica que solo consegu\u00eda 359 votos. Cerraban los Votos Blancos y anulados en 600 sufragios.<br \/>\nEl pa\u00eds entr\u00f3 en una profunda crisis durante el Gobierno de De La Rua y todo lo sabido, es por eso que la situaci\u00f3n nacional se reflej\u00f3 en las legislativas del 14 de Octubre de 2001 con el famoso \u201cQue se vayan todos\u201d. Ese d\u00eda ganaron los votos blancos e impugnados que obtuvieron 2196(32%), en cuanto a candidatos el que m\u00e1s sac\u00f3 fue Alberto \u201cTito\u201d Musso del Partido Justicialista con 1462(22%), luego se ubic\u00f3 Gustavo Menna(Alianza para el trabajo la Justicia y la Educaci\u00f3n) 1308(19%),m\u00e1s atr\u00e1s el Partido Socialista con V\u00edctor Rinaldi y Miriam Masecich que ingresaban como concejales con 999 votos(14%) , 91 obten\u00eda el Partido Obrero con Julio Carrizo.<br \/>\nEn el comienzo de la era del Kirchnerismo a\u00f1o 2003 el 14 de Setiembre Tornquist eleg\u00eda por mayor\u00eda y por cuarta vez a Gerardo Rattero que representaba al Partido Justicialista 2824(44%) quedando en segundo lugar Alejandro Fagundez de la UCR con 1542(23%) el ARI se ubicaba tercero con Emilio Peruzzi que pisaba los mil sufragios con 989(14%) y quedaba sin lograr una banca V\u00edctor Rinaldi en alianza con Izquierda Unida y Partido Socialista con 658(9,42%).<br \/>\nYa consolidado y con cuatro per\u00edodos como Intendente Gerardo Rattero era electo el 23 de Octubre de 2005 como Diputado Provincial del Frente para la Victoria. En el orden local Delfina Tarabelli se impon\u00eda en la elecci\u00f3n con 2102 votos(28,53%) sobre Emilio Peruzzi reelecto 1095(14,86%), Silvia Pessolani no ingresaba al concejo por 11 votos, hab\u00eda obtenido 1061(14,40 %) con el Frente de la UCR y el cociente para ingresar en una banca era de 1.072,833333. Daniel Natali tampoco lleg\u00f3 al cociente ya que en representaci\u00f3n del PJ logr\u00f3 836(11,35%). Hubo otras listas que tampoco lograron bancas como Ceferino Marcolini, Encuentro Amplio 500(6,79%), H\u00e9ctor Gomba de Propuesta Republicana con 430(5,84%), Jos\u00e9 Luis Aguilar(Partido Unidad Federalista) 272(3,69%) y Roberto Rodr\u00edguez(Partido Obrero) con 141 votos(1,91%). 930 votos(13%) resultaron impugnados en blanco o nulos.<br \/>\nLa era del ex Intendente Gustavo Trankels, comenzaba en 2007, el 28 de Octubre de ese a\u00f1o Gustavo Trankels en una dura interna pugnaba con su contrincante Marcelo Buschi Intendente Interino que reemplazaba a Gerardo Rattero, Diputado Provincial. Ese d\u00eda obten\u00eda 3141 votos(41,91%) y se convert\u00eda en nuevo Jefe Comunal por el Frente para la Victoria. En segundo lugar quedaba Marcelo Buschi(Partido de la Victoria) 2331(31%), la UCR llevaba a Jorge Marcolini 714(9,53%), ya hab\u00eda anunciado que no participaba de antemano por un inconveniente de salud. Coalici\u00f3n C\u00edvica obten\u00eda 698 Votos(9,31 %) y Uni\u00f3n Pro 359(5%) entre ots. Los Blancos sumaron 531.<br \/>\n2009 fue un a\u00f1o donde gan\u00f3 el Frente Justicialista para la Victoria pero parad\u00f3jicamente festejaron cuatro partidos. El 28 de Junio Mauricio Dos Santos obten\u00eda por el oficialismo 2182 votos(31%), el segundo lugar era para la Coalici\u00f3n C\u00edvica de Sergio Bord\u00f3ni que se met\u00eda en la pelea con 1715(24,31%), Horacio Buitrago se colaba 3\u00ba con 1595 votos(22,6%) la cuarta colocaci\u00f3n era para Manuel Picado de la UCR con 1564(22,17%) todos hab\u00edan logrado bancas 2 CC, 2 PJ, 1 U Pro y 1 UCR. Hubo 650 Votos en Blanco(8,34%)<br \/>\nEn lo que respecta a la reelecci\u00f3n de Gustavo Trankels en el Frente para la Victoria el 23 de Octubre de 2011, lo tuvo como amplio ganador acariciando casi 4 mil votos con su amplio triunfo de 3968 sufragios(52%) contra 1651 de Coalici\u00f3n C\u00edvica (21,86%) y 1477 de Uni\u00f3n para el desarrollo Social. El 20%. Los blancos sumaron 950 Votos.<br \/>\nLas elecciones del 27 de Octubre de 2013 le dieron una amplia victoria al candidato del Frente progresista C\u00edvico y Social Sergio Bord\u00f3ni con 3322(38,61%) sobre Frente para la Victoria Francisco Mu\u00f1iz(2105) que obtuvo el 29,78%. Noel\u00ed Kloster por el Frente Renovador 1570 Votos(18,25%) y sin lograr banca Horacio Buitrago con 880 de Uni\u00f3n Pro(10,23%). El Frente de Izquierda hab\u00eda obtenido 270 votos el 3,14%. Y en Blanco 440.<br \/>\n2015 fue un a\u00f1o netamente de elecciones y campa\u00f1as y en las tres disputadas el peronismo no pudo con el Frente Cambiemos que se impuso en las primarias, las generales y el balotaje. Consagrando como Intendente del partido a SERGIO BORDONI hombre de Cambiemos junto a Mauricio Macri y Mar\u00eda Eugenia Vidal.<br \/>\nLos comicios del 9 de Agosto de 2015(Elecciones Primarias arrojaron estos resultados) Sergio Bordoni(Cambiemos) 3855 40,60%, Gustavo Trankels 3811 (40,13%) Daniel Venanzi(FR) 818 8,61%. Irene Antognoli(Fte Izquierda) 2,01%. Blancos 739 \u2013 7,78%.<br \/>\nLos resultados oficiales de la Junta electoral para las elecciones generales del 25 de Octubre arrojaron 4444 Votos(47,02%) para Sergio Bordoni(Cambiemos) contra 4265(45,12%) para Gustavo Trankels(FPV) 574 para Daniel Venanzi(FR) 6,07% y 169 para el Frente de Izquierda 1,79% y 438 en Blanco el 4,07%. La Diferencia entre el 1\u00ba y el 2\u00ba fue de 179 votos.<br \/>\nEl 22 de Noviembre fue triunfo de Maurico Macri en Tornquist qui\u00e9n obtuvo 6118(63,74%) contra 3253 (33,89%) de Daniel Scioli. En Blancos hubo 228(2,38%) Votaron 9599 personas(80,66%) del padr\u00f3n.<br \/>\nEl 13 de Agosto de 2017, la elecci\u00f3n n\u00famero 21 desde el regreso de la democracia con una amplia ventaja de Cambiemos que postul\u00f3 a Noelia Baier primera candidata a Concejal 4251 votos(47,66%) el Frente Justicialista Cumplir con Lali Rosatelli obten\u00eda 2071 sufragios el 23,21%, Unidad Ciudadana con Carlos Quiroz 1192 el 13,35% m\u00e1s atr\u00e1s quedaba Alianza 1 Pais con 1011(11,32%) y la izquierda lograba 310 votos con Irene Antognolli(3,47%). En blanco y nulos la cifra trep\u00f3 a 711 votos(7,30%) sobre 9645 votantes.<br \/>\nLas generales del 22 de Octubre de 2017 ratificaron con contundencia el crecimiento de Cambiemos. La lista que encabezaba Noelia Baier obtuvo 4995 votos el 50,77%. En segundo lugar el Frente Cumplir con 2068(21,02%) la tercera posici\u00f3n fue ocupada por Undiad Ciudadana con Carlos Quiroz 1097(11,15%) m\u00e1s atr\u00e1s qued\u00f3 Oscar Scharff de 1 Pais 889(9,04%) y La Izquierda obtuvo 359(3,65%). En Blanco hubo 431(4,08%) sobre un total de 9839 votos.<br \/>\nInforme: Noticias Tornquist<br \/>\nFuente de datos: Archivo NT y Junta Electoral Provincial.<\/p>\n","protected":false},"excerpt":{"rendered":"<p>Tornquist elegir\u00e1 el s\u00e9ptimo Intendente desde 1983. Se editar\u00e1 el enfrentamiento de 2015 entre el actual Intendente Sergio Bordoni y el ex intendente Gustavo Trankels. El concejo renueva 6 bancas. Sin lugar a dudas la expectativa ha sido grande para saber como ser\u00e1 la campa\u00f1a y quienes los partidos que estar\u00e1n pugnando por el poder [&hellip;]<\/p>\n","protected":false},"author":3,"featured_media":0,"comment_status":"closed","ping_status":"open","sticky":false,"template":"","format":"standard","meta":{"footnotes":""},"categories":[24],"tags":[],"class_list":["post-32433","post","type-post","status-publish","format-standard","hentry","category-politica"],"yoast_head":"<!-- This site is optimized with the Yoast SEO plugin v25.9 - https:\/\/yoast.com\/wordpress\/plugins\/seo\/ -->\n<title>Bordoni y Trankels en la puja por la Intendencia. - Noticias Radio Reflejos<\/title>\n<meta name=\"robots\" content=\"index, follow, max-snippet:-1, max-image-preview:large, max-video-preview:-1\" \/>\n<link rel=\"canonical\" href=\"https:\/\/www.noticiasradioreflejos.com.ar\/2021\/bordoni-y-trankels-en-la-puja-por-la-intendencia\/\" \/>\n<meta property=\"og:locale\" content=\"es_ES\" \/>\n<meta property=\"og:type\" content=\"article\" \/>\n<meta property=\"og:title\" content=\"Bordoni y Trankels en la puja por la Intendencia. - Noticias Radio Reflejos\" \/>\n<meta property=\"og:description\" content=\"Tornquist elegir\u00e1 el s\u00e9ptimo Intendente desde 1983. Se editar\u00e1 el enfrentamiento de 2015 entre el actual Intendente Sergio Bordoni y el ex intendente Gustavo Trankels. El concejo renueva 6 bancas. Sin lugar a dudas la expectativa ha sido grande para saber como ser\u00e1 la campa\u00f1a y quienes los partidos que estar\u00e1n pugnando por el poder [&hellip;]\" \/>\n<meta property=\"og:url\" content=\"https:\/\/www.noticiasradioreflejos.com.ar\/2021\/bordoni-y-trankels-en-la-puja-por-la-intendencia\/\" \/>\n<meta property=\"og:site_name\" content=\"Noticias Radio Reflejos\" \/>\n<meta property=\"article:published_time\" content=\"2019-06-24T12:38:24+00:00\" \/>\n<meta property=\"og:image\" content=\"https:\/\/www.noticiasradioreflejos.com.ar\/2021\/wp-content\/uploads\/2021\/07\/logosol300x200.png\" \/>\n\t<meta property=\"og:image:width\" content=\"300\" \/>\n\t<meta property=\"og:image:height\" content=\"200\" \/>\n\t<meta property=\"og:image:type\" content=\"image\/png\" \/>\n<meta name=\"author\" content=\"Arnaldo Botto\" \/>\n<meta name=\"twitter:card\" content=\"summary_large_image\" \/>\n<script type=\"application\/ld+json\" class=\"yoast-schema-graph\">{\"@context\":\"https:\/\/schema.org\",\"@graph\":[{\"@type\":\"WebPage\",\"@id\":\"https:\/\/www.noticiasradioreflejos.com.ar\/2021\/bordoni-y-trankels-en-la-puja-por-la-intendencia\/\",\"url\":\"https:\/\/www.noticiasradioreflejos.com.ar\/2021\/bordoni-y-trankels-en-la-puja-por-la-intendencia\/\",\"name\":\"Bordoni y Trankels en la puja por la Intendencia. - Noticias Radio Reflejos\",\"isPartOf\":{\"@id\":\"https:\/\/www.noticiasradioreflejos.com.ar\/2021\/#website\"},\"datePublished\":\"2019-06-24T12:38:24+00:00\",\"author\":{\"@id\":\"https:\/\/www.noticiasradioreflejos.com.ar\/2021\/#\/schema\/person\/ad82545263dcc5ec0996818884fd5fb1\"},\"breadcrumb\":{\"@id\":\"https:\/\/www.noticiasradioreflejos.com.ar\/2021\/bordoni-y-trankels-en-la-puja-por-la-intendencia\/#breadcrumb\"},\"inLanguage\":\"es\",\"potentialAction\":[{\"@type\":\"ReadAction\",\"target\":[\"https:\/\/www.noticiasradioreflejos.com.ar\/2021\/bordoni-y-trankels-en-la-puja-por-la-intendencia\/\"]}]},{\"@type\":\"BreadcrumbList\",\"@id\":\"https:\/\/www.noticiasradioreflejos.com.ar\/2021\/bordoni-y-trankels-en-la-puja-por-la-intendencia\/#breadcrumb\",\"itemListElement\":[{\"@type\":\"ListItem\",\"position\":1,\"name\":\"Portada\",\"item\":\"https:\/\/www.noticiasradioreflejos.com.ar\/2021\/\"},{\"@type\":\"ListItem\",\"position\":2,\"name\":\"Bordoni y Trankels en la puja por la Intendencia.\"}]},{\"@type\":\"WebSite\",\"@id\":\"https:\/\/www.noticiasradioreflejos.com.ar\/2021\/#website\",\"url\":\"https:\/\/www.noticiasradioreflejos.com.ar\/2021\/\",\"name\":\"Noticias Radio Reflejos\",\"description\":\"Las noticias de mi comarca\",\"potentialAction\":[{\"@type\":\"SearchAction\",\"target\":{\"@type\":\"EntryPoint\",\"urlTemplate\":\"https:\/\/www.noticiasradioreflejos.com.ar\/2021\/?s={search_term_string}\"},\"query-input\":{\"@type\":\"PropertyValueSpecification\",\"valueRequired\":true,\"valueName\":\"search_term_string\"}}],\"inLanguage\":\"es\"},{\"@type\":\"Person\",\"@id\":\"https:\/\/www.noticiasradioreflejos.com.ar\/2021\/#\/schema\/person\/ad82545263dcc5ec0996818884fd5fb1\",\"name\":\"Arnaldo Botto\",\"image\":{\"@type\":\"ImageObject\",\"inLanguage\":\"es\",\"@id\":\"https:\/\/www.noticiasradioreflejos.com.ar\/2021\/#\/schema\/person\/image\/\",\"url\":\"https:\/\/secure.gravatar.com\/avatar\/55cb5e37c1efa326397366e6974cb338056df65cb50e7d64d1cf314e87504837?s=96&d=mm&r=g\",\"contentUrl\":\"https:\/\/secure.gravatar.com\/avatar\/55cb5e37c1efa326397366e6974cb338056df65cb50e7d64d1cf314e87504837?s=96&d=mm&r=g\",\"caption\":\"Arnaldo Botto\"},\"url\":\"https:\/\/www.noticiasradioreflejos.com.ar\/2021\/author\/arnaldo\/\"}]}<\/script>\n<!-- \/ Yoast SEO plugin. -->","yoast_head_json":{"title":"Bordoni y Trankels en la puja por la Intendencia. - Noticias Radio Reflejos","robots":{"index":"index","follow":"follow","max-snippet":"max-snippet:-1","max-image-preview":"max-image-preview:large","max-video-preview":"max-video-preview:-1"},"canonical":"https:\/\/www.noticiasradioreflejos.com.ar\/2021\/bordoni-y-trankels-en-la-puja-por-la-intendencia\/","og_locale":"es_ES","og_type":"article","og_title":"Bordoni y Trankels en la puja por la Intendencia. - Noticias Radio Reflejos","og_description":"Tornquist elegir\u00e1 el s\u00e9ptimo Intendente desde 1983. Se editar\u00e1 el enfrentamiento de 2015 entre el actual Intendente Sergio Bordoni y el ex intendente Gustavo Trankels. El concejo renueva 6 bancas. Sin lugar a dudas la expectativa ha sido grande para saber como ser\u00e1 la campa\u00f1a y quienes los partidos que estar\u00e1n pugnando por el poder [&hellip;]","og_url":"https:\/\/www.noticiasradioreflejos.com.ar\/2021\/bordoni-y-trankels-en-la-puja-por-la-intendencia\/","og_site_name":"Noticias Radio Reflejos","article_published_time":"2019-06-24T12:38:24+00:00","og_image":[{"width":300,"height":200,"url":"https:\/\/www.noticiasradioreflejos.com.ar\/2021\/wp-content\/uploads\/2021\/07\/logosol300x200.png","type":"image\/png"}],"author":"Arnaldo Botto","twitter_card":"summary_large_image","schema":{"@context":"https:\/\/schema.org","@graph":[{"@type":"WebPage","@id":"https:\/\/www.noticiasradioreflejos.com.ar\/2021\/bordoni-y-trankels-en-la-puja-por-la-intendencia\/","url":"https:\/\/www.noticiasradioreflejos.com.ar\/2021\/bordoni-y-trankels-en-la-puja-por-la-intendencia\/","name":"Bordoni y Trankels en la puja por la Intendencia. - Noticias Radio Reflejos","isPartOf":{"@id":"https:\/\/www.noticiasradioreflejos.com.ar\/2021\/#website"},"datePublished":"2019-06-24T12:38:24+00:00","author":{"@id":"https:\/\/www.noticiasradioreflejos.com.ar\/2021\/#\/schema\/person\/ad82545263dcc5ec0996818884fd5fb1"},"breadcrumb":{"@id":"https:\/\/www.noticiasradioreflejos.com.ar\/2021\/bordoni-y-trankels-en-la-puja-por-la-intendencia\/#breadcrumb"},"inLanguage":"es","potentialAction":[{"@type":"ReadAction","target":["https:\/\/www.noticiasradioreflejos.com.ar\/2021\/bordoni-y-trankels-en-la-puja-por-la-intendencia\/"]}]},{"@type":"BreadcrumbList","@id":"https:\/\/www.noticiasradioreflejos.com.ar\/2021\/bordoni-y-trankels-en-la-puja-por-la-intendencia\/#breadcrumb","itemListElement":[{"@type":"ListItem","position":1,"name":"Portada","item":"https:\/\/www.noticiasradioreflejos.com.ar\/2021\/"},{"@type":"ListItem","position":2,"name":"Bordoni y Trankels en la puja por la Intendencia."}]},{"@type":"WebSite","@id":"https:\/\/www.noticiasradioreflejos.com.ar\/2021\/#website","url":"https:\/\/www.noticiasradioreflejos.com.ar\/2021\/","name":"Noticias Radio Reflejos","description":"Las noticias de mi comarca","potentialAction":[{"@type":"SearchAction","target":{"@type":"EntryPoint","urlTemplate":"https:\/\/www.noticiasradioreflejos.com.ar\/2021\/?s={search_term_string}"},"query-input":{"@type":"PropertyValueSpecification","valueRequired":true,"valueName":"search_term_string"}}],"inLanguage":"es"},{"@type":"Person","@id":"https:\/\/www.noticiasradioreflejos.com.ar\/2021\/#\/schema\/person\/ad82545263dcc5ec0996818884fd5fb1","name":"Arnaldo Botto","image":{"@type":"ImageObject","inLanguage":"es","@id":"https:\/\/www.noticiasradioreflejos.com.ar\/2021\/#\/schema\/person\/image\/","url":"https:\/\/secure.gravatar.com\/avatar\/55cb5e37c1efa326397366e6974cb338056df65cb50e7d64d1cf314e87504837?s=96&d=mm&r=g","contentUrl":"https:\/\/secure.gravatar.com\/avatar\/55cb5e37c1efa326397366e6974cb338056df65cb50e7d64d1cf314e87504837?s=96&d=mm&r=g","caption":"Arnaldo Botto"},"url":"https:\/\/www.noticiasradioreflejos.com.ar\/2021\/author\/arnaldo\/"}]}},"_links":{"self":[{"href":"https:\/\/www.noticiasradioreflejos.com.ar\/2021\/wp-json\/wp\/v2\/posts\/32433","targetHints":{"allow":["GET"]}}],"collection":[{"href":"https:\/\/www.noticiasradioreflejos.com.ar\/2021\/wp-json\/wp\/v2\/posts"}],"about":[{"href":"https:\/\/www.noticiasradioreflejos.com.ar\/2021\/wp-json\/wp\/v2\/types\/post"}],"author":[{"embeddable":true,"href":"https:\/\/www.noticiasradioreflejos.com.ar\/2021\/wp-json\/wp\/v2\/users\/3"}],"replies":[{"embeddable":true,"href":"https:\/\/www.noticiasradioreflejos.com.ar\/2021\/wp-json\/wp\/v2\/comments?post=32433"}],"version-history":[{"count":0,"href":"https:\/\/www.noticiasradioreflejos.com.ar\/2021\/wp-json\/wp\/v2\/posts\/32433\/revisions"}],"wp:attachment":[{"href":"https:\/\/www.noticiasradioreflejos.com.ar\/2021\/wp-json\/wp\/v2\/media?parent=32433"}],"wp:term":[{"taxonomy":"category","embeddable":true,"href":"https:\/\/www.noticiasradioreflejos.com.ar\/2021\/wp-json\/wp\/v2\/categories?post=32433"},{"taxonomy":"post_tag","embeddable":true,"href":"https:\/\/www.noticiasradioreflejos.com.ar\/2021\/wp-json\/wp\/v2\/tags?post=32433"}],"curies":[{"name":"wp","href":"https:\/\/api.w.org\/{rel}","templated":true}]}}