{"id":324,"date":"2016-09-01T12:58:09","date_gmt":"2016-09-01T12:58:09","guid":{"rendered":"http:\/\/noticiasradioreflejos.com.ar\/noticias\/?p=324"},"modified":"2016-09-01T12:58:09","modified_gmt":"2016-09-01T12:58:09","slug":"maria-eugenia-vidal-presento-la-segunda-etapa-del-programa-acercate","status":"publish","type":"post","link":"https:\/\/www.noticiasradioreflejos.com.ar\/2021\/maria-eugenia-vidal-presento-la-segunda-etapa-del-programa-acercate\/","title":{"rendered":"Mar\u00eda Eugenia Vidal present\u00f3 la segunda etapa del programa &quot;Acercarte&quot;"},"content":{"rendered":"<div>La gobernadora bonaerense, Mar\u00eda Eugenia Vidal, present\u00f3 la segunda etapa del programa \u00abAcercArte\u00bb, que ofrecer\u00e1 espect\u00e1culos gratuitos de teatro, cine, m\u00fasica y literatura en 34 municipios con 570 artistas.<\/div>\n<div><\/div>\n<div>\u201cAcercArte cumple nuestro objetivo de gobierno de hacer y estar: llevamos la cultura adonde est\u00e1 la gente, como trabajamos con los municipios para hacer las obras\u00bb,\u00a0explic\u00f3 Vidal.<\/div>\n<p><!--more--><\/p>\n<div>\u00abLa cultura no s\u00f3lo debe estar en la costa ni donde est\u00e1n los argentinos que se pueden ir de vacaciones sino que debe estar en las plazas de los barrios para que todos puedan disfrutar de lo mejor que tenemos los argentinos en materia cultural\u00bb,\u00a0agreg\u00f3.<\/div>\n<div><\/div>\n<div>La gobernadora estuvo acompa\u00f1ada por el Ministro de Cultura, Alejandro Gom\u00e9z, y el intendente local, Mart\u00edn Insaurralde.<\/div>\n<div><\/div>\n<div>Algunos de los artistas que ser\u00e1n parte de esta segunda etapa de Acercarte son:<\/div>\n<div><\/div>\n<div>TEATRO<\/div>\n<div>Entre nosotros &#8211; Con Graciela Borges.<\/div>\n<div>Filomena Marturano &#8211; Con Claudia Lapac\u00f3, Antonio Grimau.<\/div>\n<div>Yo amo a Shirley Valentine &#8211; Con Betiana Blum.<\/div>\n<div>El Farmer &#8211; Con Rodrigo de la Serna, Pompeyo Audivert.<\/div>\n<div>Peque\u00f1o circo casero de los hermanos Su\u00e1rez &#8211; Con Luciano Castro, Marita Ballesteros, Marco Antonio Caponi.<\/div>\n<div>Atentamente &#8211; Con Leonor Benedetto.<\/div>\n<div>Yiya, el musical &#8211; Con Karina K, Fabi\u00e1n Gianola, Tom\u00e1s Fonzi, Patricio Contreras.<\/div>\n<div>El bulul\u00fa. Antolog\u00eda endiablada- Con Osqui Guzm\u00e1n.<\/div>\n<div>\u00bfPor qu\u00e9 ser\u00e1 que las queremos tanto? &#8211; Con Diego P\u00e9rez, Alejandro \u201cHuevo\u201d M\u00fcller. Juan Pablo Geretto es su maestra normal &#8211; Con Juan Pablo Geretto<\/div>\n<div><\/div>\n<div>M\u00daSICA<\/div>\n<div>Pedro Aznar<\/div>\n<div>Axel<\/div>\n<div>Soledad Pastorutti<\/div>\n<div>Illya Kuryaki &amp; The Valderramas<\/div>\n<div>Los Aut\u00e9nticos Decadentes<\/div>\n<div>Julieta Venegas<\/div>\n<div>Patricia Sosa<\/div>\n<div>Valeria Lynch<\/div>\n<div>Chaque\u00f1o Palavecino<\/div>\n<div>Iv\u00e1n Noble<\/div>\n<div>Miranda<\/div>\n<div>Las Pastillas del Abuelo<\/div>\n<div>Kapanga<\/div>\n<div>Los Pericos<\/div>\n<div>Dread Mar I<\/div>\n<div>Airbag<\/div>\n<div>Los Cafres<\/div>\n<div>Rombai<\/div>\n<div>M\u00e1rama<\/div>\n<div>Karina<\/div>\n<div>Bandana<\/div>\n<div>Rally Barrionuevo<\/div>\n<div>Los Nocheros<\/div>\n<div>Los Tekis<\/div>\n<div>Los Huayra<\/div>\n<div class=\"jeg_video_container jeg_video_content\"><iframe loading=\"lazy\" title=\"M. E. Vidal-Presentaci\u00f3n segunda etapa de ACERCARTE\" width=\"500\" height=\"281\" src=\"https:\/\/www.youtube.com\/embed\/6T-uf6r8GWg?feature=oembed\" frameborder=\"0\" allow=\"accelerometer; autoplay; clipboard-write; encrypted-media; gyroscope; picture-in-picture; web-share\" referrerpolicy=\"strict-origin-when-cross-origin\" allowfullscreen><\/iframe><\/div>\n","protected":false},"excerpt":{"rendered":"<p>La gobernadora bonaerense, Mar\u00eda Eugenia Vidal, present\u00f3 la segunda etapa del programa \u00abAcercArte\u00bb, que ofrecer\u00e1 espect\u00e1culos gratuitos de teatro, cine, m\u00fasica y literatura en 34 municipios con 570 artistas. \u201cAcercArte cumple nuestro objetivo de gobierno de hacer y estar: llevamos la cultura adonde est\u00e1 la gente, como trabajamos con los municipios para hacer las obras\u00bb,\u00a0explic\u00f3 [&hellip;]<\/p>\n","protected":false},"author":3,"featured_media":0,"comment_status":"closed","ping_status":"open","sticky":false,"template":"","format":"standard","meta":{"footnotes":""},"categories":[24],"tags":[],"class_list":["post-324","post","type-post","status-publish","format-standard","hentry","category-politica"],"yoast_head":"<!-- This site is optimized with the Yoast SEO plugin v25.9 - https:\/\/yoast.com\/wordpress\/plugins\/seo\/ -->\n<title>Mar\u00eda Eugenia Vidal present\u00f3 la segunda etapa del programa &quot;Acercarte&quot; - Noticias Radio Reflejos<\/title>\n<meta name=\"robots\" content=\"index, follow, max-snippet:-1, max-image-preview:large, max-video-preview:-1\" \/>\n<link rel=\"canonical\" href=\"https:\/\/www.noticiasradioreflejos.com.ar\/2021\/maria-eugenia-vidal-presento-la-segunda-etapa-del-programa-acercate\/\" \/>\n<meta property=\"og:locale\" content=\"es_ES\" \/>\n<meta property=\"og:type\" content=\"article\" \/>\n<meta property=\"og:title\" content=\"Mar\u00eda Eugenia Vidal present\u00f3 la segunda etapa del programa &quot;Acercarte&quot; - Noticias Radio Reflejos\" \/>\n<meta property=\"og:description\" content=\"La gobernadora bonaerense, Mar\u00eda Eugenia Vidal, present\u00f3 la segunda etapa del programa \u00abAcercArte\u00bb, que ofrecer\u00e1 espect\u00e1culos gratuitos de teatro, cine, m\u00fasica y literatura en 34 municipios con 570 artistas. \u201cAcercArte cumple nuestro objetivo de gobierno de hacer y estar: llevamos la cultura adonde est\u00e1 la gente, como trabajamos con los municipios para hacer las obras\u00bb,\u00a0explic\u00f3 [&hellip;]\" \/>\n<meta property=\"og:url\" content=\"https:\/\/www.noticiasradioreflejos.com.ar\/2021\/maria-eugenia-vidal-presento-la-segunda-etapa-del-programa-acercate\/\" \/>\n<meta property=\"og:site_name\" content=\"Noticias Radio Reflejos\" \/>\n<meta property=\"article:published_time\" content=\"2016-09-01T12:58:09+00:00\" \/>\n<meta property=\"og:image\" content=\"https:\/\/www.noticiasradioreflejos.com.ar\/2021\/wp-content\/uploads\/2021\/07\/logosol300x200.png\" \/>\n\t<meta property=\"og:image:width\" content=\"300\" \/>\n\t<meta property=\"og:image:height\" content=\"200\" \/>\n\t<meta property=\"og:image:type\" content=\"image\/png\" \/>\n<meta name=\"author\" content=\"Arnaldo Botto\" \/>\n<meta name=\"twitter:card\" content=\"summary_large_image\" \/>\n<script type=\"application\/ld+json\" class=\"yoast-schema-graph\">{\"@context\":\"https:\/\/schema.org\",\"@graph\":[{\"@type\":\"WebPage\",\"@id\":\"https:\/\/www.noticiasradioreflejos.com.ar\/2021\/maria-eugenia-vidal-presento-la-segunda-etapa-del-programa-acercate\/\",\"url\":\"https:\/\/www.noticiasradioreflejos.com.ar\/2021\/maria-eugenia-vidal-presento-la-segunda-etapa-del-programa-acercate\/\",\"name\":\"Mar\u00eda Eugenia Vidal present\u00f3 la segunda etapa del programa &quot;Acercarte&quot; - Noticias Radio Reflejos\",\"isPartOf\":{\"@id\":\"https:\/\/www.noticiasradioreflejos.com.ar\/2021\/#website\"},\"datePublished\":\"2016-09-01T12:58:09+00:00\",\"author\":{\"@id\":\"https:\/\/www.noticiasradioreflejos.com.ar\/2021\/#\/schema\/person\/ad82545263dcc5ec0996818884fd5fb1\"},\"breadcrumb\":{\"@id\":\"https:\/\/www.noticiasradioreflejos.com.ar\/2021\/maria-eugenia-vidal-presento-la-segunda-etapa-del-programa-acercate\/#breadcrumb\"},\"inLanguage\":\"es\",\"potentialAction\":[{\"@type\":\"ReadAction\",\"target\":[\"https:\/\/www.noticiasradioreflejos.com.ar\/2021\/maria-eugenia-vidal-presento-la-segunda-etapa-del-programa-acercate\/\"]}]},{\"@type\":\"BreadcrumbList\",\"@id\":\"https:\/\/www.noticiasradioreflejos.com.ar\/2021\/maria-eugenia-vidal-presento-la-segunda-etapa-del-programa-acercate\/#breadcrumb\",\"itemListElement\":[{\"@type\":\"ListItem\",\"position\":1,\"name\":\"Portada\",\"item\":\"https:\/\/www.noticiasradioreflejos.com.ar\/2021\/\"},{\"@type\":\"ListItem\",\"position\":2,\"name\":\"Mar\u00eda Eugenia Vidal present\u00f3 la segunda etapa del programa &quot;Acercarte&quot;\"}]},{\"@type\":\"WebSite\",\"@id\":\"https:\/\/www.noticiasradioreflejos.com.ar\/2021\/#website\",\"url\":\"https:\/\/www.noticiasradioreflejos.com.ar\/2021\/\",\"name\":\"Noticias Radio Reflejos\",\"description\":\"Las noticias de mi comarca\",\"potentialAction\":[{\"@type\":\"SearchAction\",\"target\":{\"@type\":\"EntryPoint\",\"urlTemplate\":\"https:\/\/www.noticiasradioreflejos.com.ar\/2021\/?s={search_term_string}\"},\"query-input\":{\"@type\":\"PropertyValueSpecification\",\"valueRequired\":true,\"valueName\":\"search_term_string\"}}],\"inLanguage\":\"es\"},{\"@type\":\"Person\",\"@id\":\"https:\/\/www.noticiasradioreflejos.com.ar\/2021\/#\/schema\/person\/ad82545263dcc5ec0996818884fd5fb1\",\"name\":\"Arnaldo Botto\",\"image\":{\"@type\":\"ImageObject\",\"inLanguage\":\"es\",\"@id\":\"https:\/\/www.noticiasradioreflejos.com.ar\/2021\/#\/schema\/person\/image\/\",\"url\":\"https:\/\/secure.gravatar.com\/avatar\/55cb5e37c1efa326397366e6974cb338056df65cb50e7d64d1cf314e87504837?s=96&d=mm&r=g\",\"contentUrl\":\"https:\/\/secure.gravatar.com\/avatar\/55cb5e37c1efa326397366e6974cb338056df65cb50e7d64d1cf314e87504837?s=96&d=mm&r=g\",\"caption\":\"Arnaldo Botto\"},\"url\":\"https:\/\/www.noticiasradioreflejos.com.ar\/2021\/author\/arnaldo\/\"}]}<\/script>\n<!-- \/ Yoast SEO plugin. -->","yoast_head_json":{"title":"Mar\u00eda Eugenia Vidal present\u00f3 la segunda etapa del programa &quot;Acercarte&quot; - Noticias Radio Reflejos","robots":{"index":"index","follow":"follow","max-snippet":"max-snippet:-1","max-image-preview":"max-image-preview:large","max-video-preview":"max-video-preview:-1"},"canonical":"https:\/\/www.noticiasradioreflejos.com.ar\/2021\/maria-eugenia-vidal-presento-la-segunda-etapa-del-programa-acercate\/","og_locale":"es_ES","og_type":"article","og_title":"Mar\u00eda Eugenia Vidal present\u00f3 la segunda etapa del programa &quot;Acercarte&quot; - Noticias Radio Reflejos","og_description":"La gobernadora bonaerense, Mar\u00eda Eugenia Vidal, present\u00f3 la segunda etapa del programa \u00abAcercArte\u00bb, que ofrecer\u00e1 espect\u00e1culos gratuitos de teatro, cine, m\u00fasica y literatura en 34 municipios con 570 artistas. \u201cAcercArte cumple nuestro objetivo de gobierno de hacer y estar: llevamos la cultura adonde est\u00e1 la gente, como trabajamos con los municipios para hacer las obras\u00bb,\u00a0explic\u00f3 [&hellip;]","og_url":"https:\/\/www.noticiasradioreflejos.com.ar\/2021\/maria-eugenia-vidal-presento-la-segunda-etapa-del-programa-acercate\/","og_site_name":"Noticias Radio Reflejos","article_published_time":"2016-09-01T12:58:09+00:00","og_image":[{"width":300,"height":200,"url":"https:\/\/www.noticiasradioreflejos.com.ar\/2021\/wp-content\/uploads\/2021\/07\/logosol300x200.png","type":"image\/png"}],"author":"Arnaldo Botto","twitter_card":"summary_large_image","schema":{"@context":"https:\/\/schema.org","@graph":[{"@type":"WebPage","@id":"https:\/\/www.noticiasradioreflejos.com.ar\/2021\/maria-eugenia-vidal-presento-la-segunda-etapa-del-programa-acercate\/","url":"https:\/\/www.noticiasradioreflejos.com.ar\/2021\/maria-eugenia-vidal-presento-la-segunda-etapa-del-programa-acercate\/","name":"Mar\u00eda Eugenia Vidal present\u00f3 la segunda etapa del programa &quot;Acercarte&quot; - Noticias Radio Reflejos","isPartOf":{"@id":"https:\/\/www.noticiasradioreflejos.com.ar\/2021\/#website"},"datePublished":"2016-09-01T12:58:09+00:00","author":{"@id":"https:\/\/www.noticiasradioreflejos.com.ar\/2021\/#\/schema\/person\/ad82545263dcc5ec0996818884fd5fb1"},"breadcrumb":{"@id":"https:\/\/www.noticiasradioreflejos.com.ar\/2021\/maria-eugenia-vidal-presento-la-segunda-etapa-del-programa-acercate\/#breadcrumb"},"inLanguage":"es","potentialAction":[{"@type":"ReadAction","target":["https:\/\/www.noticiasradioreflejos.com.ar\/2021\/maria-eugenia-vidal-presento-la-segunda-etapa-del-programa-acercate\/"]}]},{"@type":"BreadcrumbList","@id":"https:\/\/www.noticiasradioreflejos.com.ar\/2021\/maria-eugenia-vidal-presento-la-segunda-etapa-del-programa-acercate\/#breadcrumb","itemListElement":[{"@type":"ListItem","position":1,"name":"Portada","item":"https:\/\/www.noticiasradioreflejos.com.ar\/2021\/"},{"@type":"ListItem","position":2,"name":"Mar\u00eda Eugenia Vidal present\u00f3 la segunda etapa del programa &quot;Acercarte&quot;"}]},{"@type":"WebSite","@id":"https:\/\/www.noticiasradioreflejos.com.ar\/2021\/#website","url":"https:\/\/www.noticiasradioreflejos.com.ar\/2021\/","name":"Noticias Radio Reflejos","description":"Las noticias de mi comarca","potentialAction":[{"@type":"SearchAction","target":{"@type":"EntryPoint","urlTemplate":"https:\/\/www.noticiasradioreflejos.com.ar\/2021\/?s={search_term_string}"},"query-input":{"@type":"PropertyValueSpecification","valueRequired":true,"valueName":"search_term_string"}}],"inLanguage":"es"},{"@type":"Person","@id":"https:\/\/www.noticiasradioreflejos.com.ar\/2021\/#\/schema\/person\/ad82545263dcc5ec0996818884fd5fb1","name":"Arnaldo Botto","image":{"@type":"ImageObject","inLanguage":"es","@id":"https:\/\/www.noticiasradioreflejos.com.ar\/2021\/#\/schema\/person\/image\/","url":"https:\/\/secure.gravatar.com\/avatar\/55cb5e37c1efa326397366e6974cb338056df65cb50e7d64d1cf314e87504837?s=96&d=mm&r=g","contentUrl":"https:\/\/secure.gravatar.com\/avatar\/55cb5e37c1efa326397366e6974cb338056df65cb50e7d64d1cf314e87504837?s=96&d=mm&r=g","caption":"Arnaldo Botto"},"url":"https:\/\/www.noticiasradioreflejos.com.ar\/2021\/author\/arnaldo\/"}]}},"_links":{"self":[{"href":"https:\/\/www.noticiasradioreflejos.com.ar\/2021\/wp-json\/wp\/v2\/posts\/324","targetHints":{"allow":["GET"]}}],"collection":[{"href":"https:\/\/www.noticiasradioreflejos.com.ar\/2021\/wp-json\/wp\/v2\/posts"}],"about":[{"href":"https:\/\/www.noticiasradioreflejos.com.ar\/2021\/wp-json\/wp\/v2\/types\/post"}],"author":[{"embeddable":true,"href":"https:\/\/www.noticiasradioreflejos.com.ar\/2021\/wp-json\/wp\/v2\/users\/3"}],"replies":[{"embeddable":true,"href":"https:\/\/www.noticiasradioreflejos.com.ar\/2021\/wp-json\/wp\/v2\/comments?post=324"}],"version-history":[{"count":0,"href":"https:\/\/www.noticiasradioreflejos.com.ar\/2021\/wp-json\/wp\/v2\/posts\/324\/revisions"}],"wp:attachment":[{"href":"https:\/\/www.noticiasradioreflejos.com.ar\/2021\/wp-json\/wp\/v2\/media?parent=324"}],"wp:term":[{"taxonomy":"category","embeddable":true,"href":"https:\/\/www.noticiasradioreflejos.com.ar\/2021\/wp-json\/wp\/v2\/categories?post=324"},{"taxonomy":"post_tag","embeddable":true,"href":"https:\/\/www.noticiasradioreflejos.com.ar\/2021\/wp-json\/wp\/v2\/tags?post=324"}],"curies":[{"name":"wp","href":"https:\/\/api.w.org\/{rel}","templated":true}]}}