{"id":32399,"date":"2019-06-21T13:01:47","date_gmt":"2019-06-21T16:01:47","guid":{"rendered":"http:\/\/www.noticiasradioreflejos.com.ar\/noticias\/?p=32399"},"modified":"2019-06-21T13:01:47","modified_gmt":"2019-06-21T16:01:47","slug":"se-firmara-la-escritura-del-centro-de-jubilados-de-tornquist","status":"publish","type":"post","link":"https:\/\/www.noticiasradioreflejos.com.ar\/2021\/se-firmara-la-escritura-del-centro-de-jubilados-de-tornquist\/","title":{"rendered":"Se firmar\u00e1 la escritura del Centro de Jubilados de Tornquist."},"content":{"rendered":"<p><a href=\"http:\/\/live.staticflickr.com\/65535\/48103632276_3faae9d72c_s.jpg\" title=\"entrega neutra\" rel=\"\"><img loading=\"lazy\" decoding=\"async\" src=\"http:\/\/live.staticflickr.com\/65535\/48103632276_3faae9d72c.jpg\" width=\"500\" height=\"363\" alt=\"entrega neutra\" title=\"entrega neutra\" class=\"alignleft\" style=\"float: left;\"><\/a>Representantes de la Asociaci\u00f3n Civil Centro de Jubilados y Pensionados Villa Ventana, correspondiente al municipio de Tornquist, firmar\u00e1n la escritura de su sede y obtendr\u00e1n la seguridad tan esperada por sus integrantes.<!--more--><br \/>\nCabe destacar que el inmueble en el que desarrollan sus actividades es una donaci\u00f3n del municipio con el fin de que la importante instituci\u00f3n dedicada a la tercera edad pueda contar con un techo propio para crecer y brindar sus servicios.<br \/>\nJunto al ellos, firmar\u00e1n sus escrituras un total 37 familias de la zona mientras que 62 las recibir\u00e1n y cumplir\u00e1n un sue\u00f1o esperado por a\u00f1os.<br \/>\nEl evento se llevar\u00e1 a cabo este lunes 24 de junio, a las 16.30 hs, en el Palacio Municipal ubicado en la calle Sarmiento 53. El mismo estar\u00e1 encabezado por el intendente Sergio Bordoni y el Escribano General de Gobierno, Marcos Rospide.<br \/>\nCabe destacar que cada una de las escrituras fue gestionada de forma gratuita gracias al plan de regularizaci\u00f3n dominial que est\u00e1 implementando el gobierno de Mar\u00eda Eugenia Vidal en los 135 municipios bonaerenses.<br \/>\nLos que est\u00e9n interesados en informarse pueden ingresar a la p\u00e1gina www.egg.gba.gov.ar y la fan page: Escriban\u00eda General de Gobierno &#8211; Oficial<br \/>\nDirecci\u00f3n de Fortalecimiento Institucional<br \/>\nTel\u00e9fono (0221)439-1900 Int 161 o 199<br \/>\nEscriban\u00eda General de Gobierno<\/p>\n","protected":false},"excerpt":{"rendered":"<p>Representantes de la Asociaci\u00f3n Civil Centro de Jubilados y Pensionados Villa Ventana, correspondiente al municipio de Tornquist, firmar\u00e1n la escritura de su sede y obtendr\u00e1n la seguridad tan esperada por sus integrantes.<\/p>\n","protected":false},"author":3,"featured_media":0,"comment_status":"closed","ping_status":"open","sticky":false,"template":"","format":"standard","meta":{"footnotes":""},"categories":[26],"tags":[],"class_list":["post-32399","post","type-post","status-publish","format-standard","hentry","category-sociedad"],"yoast_head":"<!-- This site is optimized with the Yoast SEO plugin v25.9 - https:\/\/yoast.com\/wordpress\/plugins\/seo\/ -->\n<title>Se firmar\u00e1 la escritura del Centro de Jubilados de Tornquist. - Noticias Radio Reflejos<\/title>\n<meta name=\"robots\" content=\"index, follow, max-snippet:-1, max-image-preview:large, max-video-preview:-1\" \/>\n<link rel=\"canonical\" href=\"https:\/\/www.noticiasradioreflejos.com.ar\/2021\/se-firmara-la-escritura-del-centro-de-jubilados-de-tornquist\/\" \/>\n<meta property=\"og:locale\" content=\"es_ES\" \/>\n<meta property=\"og:type\" content=\"article\" \/>\n<meta property=\"og:title\" content=\"Se firmar\u00e1 la escritura del Centro de Jubilados de Tornquist. - Noticias Radio Reflejos\" \/>\n<meta property=\"og:description\" content=\"Representantes de la Asociaci\u00f3n Civil Centro de Jubilados y Pensionados Villa Ventana, correspondiente al municipio de Tornquist, firmar\u00e1n la escritura de su sede y obtendr\u00e1n la seguridad tan esperada por sus integrantes.\" \/>\n<meta property=\"og:url\" content=\"https:\/\/www.noticiasradioreflejos.com.ar\/2021\/se-firmara-la-escritura-del-centro-de-jubilados-de-tornquist\/\" \/>\n<meta property=\"og:site_name\" content=\"Noticias Radio Reflejos\" \/>\n<meta property=\"article:published_time\" content=\"2019-06-21T16:01:47+00:00\" \/>\n<meta property=\"og:image\" content=\"http:\/\/live.staticflickr.com\/65535\/48103632276_3faae9d72c.jpg\" \/>\n<meta name=\"author\" content=\"Arnaldo Botto\" \/>\n<meta name=\"twitter:card\" content=\"summary_large_image\" \/>\n<script type=\"application\/ld+json\" class=\"yoast-schema-graph\">{\"@context\":\"https:\/\/schema.org\",\"@graph\":[{\"@type\":\"WebPage\",\"@id\":\"https:\/\/www.noticiasradioreflejos.com.ar\/2021\/se-firmara-la-escritura-del-centro-de-jubilados-de-tornquist\/\",\"url\":\"https:\/\/www.noticiasradioreflejos.com.ar\/2021\/se-firmara-la-escritura-del-centro-de-jubilados-de-tornquist\/\",\"name\":\"Se firmar\u00e1 la escritura del Centro de Jubilados de Tornquist. - Noticias Radio Reflejos\",\"isPartOf\":{\"@id\":\"https:\/\/www.noticiasradioreflejos.com.ar\/2021\/#website\"},\"primaryImageOfPage\":{\"@id\":\"https:\/\/www.noticiasradioreflejos.com.ar\/2021\/se-firmara-la-escritura-del-centro-de-jubilados-de-tornquist\/#primaryimage\"},\"image\":{\"@id\":\"https:\/\/www.noticiasradioreflejos.com.ar\/2021\/se-firmara-la-escritura-del-centro-de-jubilados-de-tornquist\/#primaryimage\"},\"thumbnailUrl\":\"http:\/\/live.staticflickr.com\/65535\/48103632276_3faae9d72c.jpg\",\"datePublished\":\"2019-06-21T16:01:47+00:00\",\"author\":{\"@id\":\"https:\/\/www.noticiasradioreflejos.com.ar\/2021\/#\/schema\/person\/ad82545263dcc5ec0996818884fd5fb1\"},\"breadcrumb\":{\"@id\":\"https:\/\/www.noticiasradioreflejos.com.ar\/2021\/se-firmara-la-escritura-del-centro-de-jubilados-de-tornquist\/#breadcrumb\"},\"inLanguage\":\"es\",\"potentialAction\":[{\"@type\":\"ReadAction\",\"target\":[\"https:\/\/www.noticiasradioreflejos.com.ar\/2021\/se-firmara-la-escritura-del-centro-de-jubilados-de-tornquist\/\"]}]},{\"@type\":\"ImageObject\",\"inLanguage\":\"es\",\"@id\":\"https:\/\/www.noticiasradioreflejos.com.ar\/2021\/se-firmara-la-escritura-del-centro-de-jubilados-de-tornquist\/#primaryimage\",\"url\":\"http:\/\/live.staticflickr.com\/65535\/48103632276_3faae9d72c.jpg\",\"contentUrl\":\"http:\/\/live.staticflickr.com\/65535\/48103632276_3faae9d72c.jpg\"},{\"@type\":\"BreadcrumbList\",\"@id\":\"https:\/\/www.noticiasradioreflejos.com.ar\/2021\/se-firmara-la-escritura-del-centro-de-jubilados-de-tornquist\/#breadcrumb\",\"itemListElement\":[{\"@type\":\"ListItem\",\"position\":1,\"name\":\"Portada\",\"item\":\"https:\/\/www.noticiasradioreflejos.com.ar\/2021\/\"},{\"@type\":\"ListItem\",\"position\":2,\"name\":\"Se firmar\u00e1 la escritura del Centro de Jubilados de Tornquist.\"}]},{\"@type\":\"WebSite\",\"@id\":\"https:\/\/www.noticiasradioreflejos.com.ar\/2021\/#website\",\"url\":\"https:\/\/www.noticiasradioreflejos.com.ar\/2021\/\",\"name\":\"Noticias Radio Reflejos\",\"description\":\"Las noticias de mi comarca\",\"potentialAction\":[{\"@type\":\"SearchAction\",\"target\":{\"@type\":\"EntryPoint\",\"urlTemplate\":\"https:\/\/www.noticiasradioreflejos.com.ar\/2021\/?s={search_term_string}\"},\"query-input\":{\"@type\":\"PropertyValueSpecification\",\"valueRequired\":true,\"valueName\":\"search_term_string\"}}],\"inLanguage\":\"es\"},{\"@type\":\"Person\",\"@id\":\"https:\/\/www.noticiasradioreflejos.com.ar\/2021\/#\/schema\/person\/ad82545263dcc5ec0996818884fd5fb1\",\"name\":\"Arnaldo Botto\",\"image\":{\"@type\":\"ImageObject\",\"inLanguage\":\"es\",\"@id\":\"https:\/\/www.noticiasradioreflejos.com.ar\/2021\/#\/schema\/person\/image\/\",\"url\":\"https:\/\/secure.gravatar.com\/avatar\/55cb5e37c1efa326397366e6974cb338056df65cb50e7d64d1cf314e87504837?s=96&d=mm&r=g\",\"contentUrl\":\"https:\/\/secure.gravatar.com\/avatar\/55cb5e37c1efa326397366e6974cb338056df65cb50e7d64d1cf314e87504837?s=96&d=mm&r=g\",\"caption\":\"Arnaldo Botto\"},\"url\":\"https:\/\/www.noticiasradioreflejos.com.ar\/2021\/author\/arnaldo\/\"}]}<\/script>\n<!-- \/ Yoast SEO plugin. -->","yoast_head_json":{"title":"Se firmar\u00e1 la escritura del Centro de Jubilados de Tornquist. - Noticias Radio Reflejos","robots":{"index":"index","follow":"follow","max-snippet":"max-snippet:-1","max-image-preview":"max-image-preview:large","max-video-preview":"max-video-preview:-1"},"canonical":"https:\/\/www.noticiasradioreflejos.com.ar\/2021\/se-firmara-la-escritura-del-centro-de-jubilados-de-tornquist\/","og_locale":"es_ES","og_type":"article","og_title":"Se firmar\u00e1 la escritura del Centro de Jubilados de Tornquist. - Noticias Radio Reflejos","og_description":"Representantes de la Asociaci\u00f3n Civil Centro de Jubilados y Pensionados Villa Ventana, correspondiente al municipio de Tornquist, firmar\u00e1n la escritura de su sede y obtendr\u00e1n la seguridad tan esperada por sus integrantes.","og_url":"https:\/\/www.noticiasradioreflejos.com.ar\/2021\/se-firmara-la-escritura-del-centro-de-jubilados-de-tornquist\/","og_site_name":"Noticias Radio Reflejos","article_published_time":"2019-06-21T16:01:47+00:00","og_image":[{"url":"http:\/\/live.staticflickr.com\/65535\/48103632276_3faae9d72c.jpg","type":"","width":"","height":""}],"author":"Arnaldo Botto","twitter_card":"summary_large_image","schema":{"@context":"https:\/\/schema.org","@graph":[{"@type":"WebPage","@id":"https:\/\/www.noticiasradioreflejos.com.ar\/2021\/se-firmara-la-escritura-del-centro-de-jubilados-de-tornquist\/","url":"https:\/\/www.noticiasradioreflejos.com.ar\/2021\/se-firmara-la-escritura-del-centro-de-jubilados-de-tornquist\/","name":"Se firmar\u00e1 la escritura del Centro de Jubilados de Tornquist. - Noticias Radio Reflejos","isPartOf":{"@id":"https:\/\/www.noticiasradioreflejos.com.ar\/2021\/#website"},"primaryImageOfPage":{"@id":"https:\/\/www.noticiasradioreflejos.com.ar\/2021\/se-firmara-la-escritura-del-centro-de-jubilados-de-tornquist\/#primaryimage"},"image":{"@id":"https:\/\/www.noticiasradioreflejos.com.ar\/2021\/se-firmara-la-escritura-del-centro-de-jubilados-de-tornquist\/#primaryimage"},"thumbnailUrl":"http:\/\/live.staticflickr.com\/65535\/48103632276_3faae9d72c.jpg","datePublished":"2019-06-21T16:01:47+00:00","author":{"@id":"https:\/\/www.noticiasradioreflejos.com.ar\/2021\/#\/schema\/person\/ad82545263dcc5ec0996818884fd5fb1"},"breadcrumb":{"@id":"https:\/\/www.noticiasradioreflejos.com.ar\/2021\/se-firmara-la-escritura-del-centro-de-jubilados-de-tornquist\/#breadcrumb"},"inLanguage":"es","potentialAction":[{"@type":"ReadAction","target":["https:\/\/www.noticiasradioreflejos.com.ar\/2021\/se-firmara-la-escritura-del-centro-de-jubilados-de-tornquist\/"]}]},{"@type":"ImageObject","inLanguage":"es","@id":"https:\/\/www.noticiasradioreflejos.com.ar\/2021\/se-firmara-la-escritura-del-centro-de-jubilados-de-tornquist\/#primaryimage","url":"http:\/\/live.staticflickr.com\/65535\/48103632276_3faae9d72c.jpg","contentUrl":"http:\/\/live.staticflickr.com\/65535\/48103632276_3faae9d72c.jpg"},{"@type":"BreadcrumbList","@id":"https:\/\/www.noticiasradioreflejos.com.ar\/2021\/se-firmara-la-escritura-del-centro-de-jubilados-de-tornquist\/#breadcrumb","itemListElement":[{"@type":"ListItem","position":1,"name":"Portada","item":"https:\/\/www.noticiasradioreflejos.com.ar\/2021\/"},{"@type":"ListItem","position":2,"name":"Se firmar\u00e1 la escritura del Centro de Jubilados de Tornquist."}]},{"@type":"WebSite","@id":"https:\/\/www.noticiasradioreflejos.com.ar\/2021\/#website","url":"https:\/\/www.noticiasradioreflejos.com.ar\/2021\/","name":"Noticias Radio Reflejos","description":"Las noticias de mi comarca","potentialAction":[{"@type":"SearchAction","target":{"@type":"EntryPoint","urlTemplate":"https:\/\/www.noticiasradioreflejos.com.ar\/2021\/?s={search_term_string}"},"query-input":{"@type":"PropertyValueSpecification","valueRequired":true,"valueName":"search_term_string"}}],"inLanguage":"es"},{"@type":"Person","@id":"https:\/\/www.noticiasradioreflejos.com.ar\/2021\/#\/schema\/person\/ad82545263dcc5ec0996818884fd5fb1","name":"Arnaldo Botto","image":{"@type":"ImageObject","inLanguage":"es","@id":"https:\/\/www.noticiasradioreflejos.com.ar\/2021\/#\/schema\/person\/image\/","url":"https:\/\/secure.gravatar.com\/avatar\/55cb5e37c1efa326397366e6974cb338056df65cb50e7d64d1cf314e87504837?s=96&d=mm&r=g","contentUrl":"https:\/\/secure.gravatar.com\/avatar\/55cb5e37c1efa326397366e6974cb338056df65cb50e7d64d1cf314e87504837?s=96&d=mm&r=g","caption":"Arnaldo Botto"},"url":"https:\/\/www.noticiasradioreflejos.com.ar\/2021\/author\/arnaldo\/"}]}},"_links":{"self":[{"href":"https:\/\/www.noticiasradioreflejos.com.ar\/2021\/wp-json\/wp\/v2\/posts\/32399","targetHints":{"allow":["GET"]}}],"collection":[{"href":"https:\/\/www.noticiasradioreflejos.com.ar\/2021\/wp-json\/wp\/v2\/posts"}],"about":[{"href":"https:\/\/www.noticiasradioreflejos.com.ar\/2021\/wp-json\/wp\/v2\/types\/post"}],"author":[{"embeddable":true,"href":"https:\/\/www.noticiasradioreflejos.com.ar\/2021\/wp-json\/wp\/v2\/users\/3"}],"replies":[{"embeddable":true,"href":"https:\/\/www.noticiasradioreflejos.com.ar\/2021\/wp-json\/wp\/v2\/comments?post=32399"}],"version-history":[{"count":0,"href":"https:\/\/www.noticiasradioreflejos.com.ar\/2021\/wp-json\/wp\/v2\/posts\/32399\/revisions"}],"wp:attachment":[{"href":"https:\/\/www.noticiasradioreflejos.com.ar\/2021\/wp-json\/wp\/v2\/media?parent=32399"}],"wp:term":[{"taxonomy":"category","embeddable":true,"href":"https:\/\/www.noticiasradioreflejos.com.ar\/2021\/wp-json\/wp\/v2\/categories?post=32399"},{"taxonomy":"post_tag","embeddable":true,"href":"https:\/\/www.noticiasradioreflejos.com.ar\/2021\/wp-json\/wp\/v2\/tags?post=32399"}],"curies":[{"name":"wp","href":"https:\/\/api.w.org\/{rel}","templated":true}]}}