{"id":32396,"date":"2019-06-21T12:42:42","date_gmt":"2019-06-21T15:42:42","guid":{"rendered":"http:\/\/www.noticiasradioreflejos.com.ar\/noticias\/?p=32396"},"modified":"2019-06-21T12:42:42","modified_gmt":"2019-06-21T15:42:42","slug":"el-consejo-municipal-de-las-mujeres-presento-una-nota-petitorio","status":"publish","type":"post","link":"https:\/\/www.noticiasradioreflejos.com.ar\/2021\/el-consejo-municipal-de-las-mujeres-presento-una-nota-petitorio\/","title":{"rendered":"El Consejo Municipal de las Mujeres present\u00f3 una nota &#8211; petitorio."},"content":{"rendered":"<p><a title=\"image (3)\" href=\"http:\/\/live.staticflickr.com\/65535\/48103633267_dc4e150634_s.jpg\" rel=\"\"><img loading=\"lazy\" decoding=\"async\" class=\"alignleft\" style=\"float: left;\" title=\"image (3)\" src=\"http:\/\/live.staticflickr.com\/65535\/48103633267_dc4e150634.jpg\" alt=\"image (3)\" width=\"500\" height=\"375\" \/><\/a>Hoy, viernes 21 de junio, presentamos al Intendente Municipal se\u00f1or Sergio Bordoni a trav\u00e9s de la Delegaci\u00f3n de Sierra de la Ventana, la nota-petitorio que ya hab\u00edamos elevado a su despacho el 3 de junio desde la Delegaci\u00f3n de Saldungaray y que fuera derivada para su gesti\u00f3n a la Direcci\u00f3n de Juventud.<!--more--><br \/>\nDeclinamos la propuesta de encuentro del se\u00f1or Gerardo Bucchi pues consideramos que la direcci\u00f3n a su cargo no es el \u00e1mbito adecuado para el tratamiento de las problem\u00e1ticas que planteamos y reiteramos el pedido de reuni\u00f3n con el se\u00f1or Intendente para conversar acerca de las importantes problem\u00e1ticas de g\u00e9nero que requieren la toma de urgentes decisiones pol\u00edticas que contribuyan a su resoluci\u00f3n, tales como:<br \/>\n1. La creaci\u00f3n de la Direcci\u00f3n de G\u00e9nero en el Distrito de Tornquist.<br \/>\n2. La sanci\u00f3n en el HCD de la ordenanza contra el acoso callejero en el marco de la ley de violencia de g\u00e9nero.<br \/>\n3. La designaci\u00f3n de un Equipo interdisciplinario especializado en g\u00e9nero para la atenci\u00f3n de esta problem\u00e1tica.<br \/>\n4. La articulaci\u00f3n desde la Direcci\u00f3n Legal y T\u00e9cnica del Municipio para la atenci\u00f3n legal gratuita a v\u00edctimas de violencia de g\u00e9nero.<br \/>\n5. La realizaci\u00f3n de las acciones pertinentes para tener en el Distrito un espacio f\u00edsico que contenga a las mujeres que deciden denunciar e irse de su hogar.<br \/>\n6. El inicio de las capacitaciones con perspectiva de g\u00e9nero en el marco de la Ley Micaela.<br \/>\n7. La creaci\u00f3n de un Registro \u00danico de Casos de Violencia de G\u00e9neros que concentre la informaci\u00f3n sobre estos hechos, indispensable para tomar decisiones.<br \/>\n8. La re distribuci\u00f3n en las localidades que m\u00e1s denuncias registran que optimice los recursos humanos de la Comisaria de la Mujer y permita que se tomen denuncias en TODAS las Comisarias del Distrito y se brinde la misma atenci\u00f3n todas las localidades sin sobresaturar al personal.<br \/>\n9. La firma de los convenios que articulan las pol\u00edticas de g\u00e9nero provinciales y nacionales, que est\u00e1n a disposici\u00f3n de las mujeres v\u00edctimas de violencia, como as\u00ed tambi\u00e9n con Trenes Argentinos para traer a Tornquist las campa\u00f1as de prevenci\u00f3n en el \u00e1rea de g\u00e9nero.<br \/>\nDesde el Consejo Municipal de las Mujeres Tornquist manifestamos nuestro convencimiento de que s\u00f3lo ARTICULANDO POL\u00cdTICAS P\u00daBLICAS EN FAVOR DE LAS MUJERES contribuiremos a la construcci\u00f3n de nuevas y mejores formas de relacionarnos en nuestra sociedad.<\/p>\n","protected":false},"excerpt":{"rendered":"<p>Hoy, viernes 21 de junio, presentamos al Intendente Municipal se\u00f1or Sergio Bordoni a trav\u00e9s de la Delegaci\u00f3n de Sierra de la Ventana, la nota-petitorio que ya hab\u00edamos elevado a su despacho el 3 de junio desde la Delegaci\u00f3n de Saldungaray y que fuera derivada para su gesti\u00f3n a la Direcci\u00f3n de Juventud.<\/p>\n","protected":false},"author":3,"featured_media":0,"comment_status":"closed","ping_status":"open","sticky":false,"template":"","format":"standard","meta":{"footnotes":""},"categories":[24],"tags":[],"class_list":["post-32396","post","type-post","status-publish","format-standard","hentry","category-politica"],"yoast_head":"<!-- This site is optimized with the Yoast SEO plugin v25.9 - https:\/\/yoast.com\/wordpress\/plugins\/seo\/ -->\n<title>El Consejo Municipal de las Mujeres present\u00f3 una nota - petitorio. - Noticias Radio Reflejos<\/title>\n<meta name=\"robots\" content=\"index, follow, max-snippet:-1, max-image-preview:large, max-video-preview:-1\" \/>\n<link rel=\"canonical\" href=\"https:\/\/www.noticiasradioreflejos.com.ar\/2021\/el-consejo-municipal-de-las-mujeres-presento-una-nota-petitorio\/\" \/>\n<meta property=\"og:locale\" content=\"es_ES\" \/>\n<meta property=\"og:type\" content=\"article\" \/>\n<meta property=\"og:title\" content=\"El Consejo Municipal de las Mujeres present\u00f3 una nota - petitorio. - Noticias Radio Reflejos\" \/>\n<meta property=\"og:description\" content=\"Hoy, viernes 21 de junio, presentamos al Intendente Municipal se\u00f1or Sergio Bordoni a trav\u00e9s de la Delegaci\u00f3n de Sierra de la Ventana, la nota-petitorio que ya hab\u00edamos elevado a su despacho el 3 de junio desde la Delegaci\u00f3n de Saldungaray y que fuera derivada para su gesti\u00f3n a la Direcci\u00f3n de Juventud.\" \/>\n<meta property=\"og:url\" content=\"https:\/\/www.noticiasradioreflejos.com.ar\/2021\/el-consejo-municipal-de-las-mujeres-presento-una-nota-petitorio\/\" \/>\n<meta property=\"og:site_name\" content=\"Noticias Radio Reflejos\" \/>\n<meta property=\"article:published_time\" content=\"2019-06-21T15:42:42+00:00\" \/>\n<meta property=\"og:image\" content=\"http:\/\/live.staticflickr.com\/65535\/48103633267_dc4e150634.jpg\" \/>\n<meta name=\"author\" content=\"Arnaldo Botto\" \/>\n<meta name=\"twitter:card\" content=\"summary_large_image\" \/>\n<script type=\"application\/ld+json\" class=\"yoast-schema-graph\">{\"@context\":\"https:\/\/schema.org\",\"@graph\":[{\"@type\":\"WebPage\",\"@id\":\"https:\/\/www.noticiasradioreflejos.com.ar\/2021\/el-consejo-municipal-de-las-mujeres-presento-una-nota-petitorio\/\",\"url\":\"https:\/\/www.noticiasradioreflejos.com.ar\/2021\/el-consejo-municipal-de-las-mujeres-presento-una-nota-petitorio\/\",\"name\":\"El Consejo Municipal de las Mujeres present\u00f3 una nota - petitorio. - Noticias Radio Reflejos\",\"isPartOf\":{\"@id\":\"https:\/\/www.noticiasradioreflejos.com.ar\/2021\/#website\"},\"primaryImageOfPage\":{\"@id\":\"https:\/\/www.noticiasradioreflejos.com.ar\/2021\/el-consejo-municipal-de-las-mujeres-presento-una-nota-petitorio\/#primaryimage\"},\"image\":{\"@id\":\"https:\/\/www.noticiasradioreflejos.com.ar\/2021\/el-consejo-municipal-de-las-mujeres-presento-una-nota-petitorio\/#primaryimage\"},\"thumbnailUrl\":\"http:\/\/live.staticflickr.com\/65535\/48103633267_dc4e150634.jpg\",\"datePublished\":\"2019-06-21T15:42:42+00:00\",\"author\":{\"@id\":\"https:\/\/www.noticiasradioreflejos.com.ar\/2021\/#\/schema\/person\/ad82545263dcc5ec0996818884fd5fb1\"},\"breadcrumb\":{\"@id\":\"https:\/\/www.noticiasradioreflejos.com.ar\/2021\/el-consejo-municipal-de-las-mujeres-presento-una-nota-petitorio\/#breadcrumb\"},\"inLanguage\":\"es\",\"potentialAction\":[{\"@type\":\"ReadAction\",\"target\":[\"https:\/\/www.noticiasradioreflejos.com.ar\/2021\/el-consejo-municipal-de-las-mujeres-presento-una-nota-petitorio\/\"]}]},{\"@type\":\"ImageObject\",\"inLanguage\":\"es\",\"@id\":\"https:\/\/www.noticiasradioreflejos.com.ar\/2021\/el-consejo-municipal-de-las-mujeres-presento-una-nota-petitorio\/#primaryimage\",\"url\":\"http:\/\/live.staticflickr.com\/65535\/48103633267_dc4e150634.jpg\",\"contentUrl\":\"http:\/\/live.staticflickr.com\/65535\/48103633267_dc4e150634.jpg\"},{\"@type\":\"BreadcrumbList\",\"@id\":\"https:\/\/www.noticiasradioreflejos.com.ar\/2021\/el-consejo-municipal-de-las-mujeres-presento-una-nota-petitorio\/#breadcrumb\",\"itemListElement\":[{\"@type\":\"ListItem\",\"position\":1,\"name\":\"Portada\",\"item\":\"https:\/\/www.noticiasradioreflejos.com.ar\/2021\/\"},{\"@type\":\"ListItem\",\"position\":2,\"name\":\"El Consejo Municipal de las Mujeres present\u00f3 una nota &#8211; petitorio.\"}]},{\"@type\":\"WebSite\",\"@id\":\"https:\/\/www.noticiasradioreflejos.com.ar\/2021\/#website\",\"url\":\"https:\/\/www.noticiasradioreflejos.com.ar\/2021\/\",\"name\":\"Noticias Radio Reflejos\",\"description\":\"Las noticias de mi comarca\",\"potentialAction\":[{\"@type\":\"SearchAction\",\"target\":{\"@type\":\"EntryPoint\",\"urlTemplate\":\"https:\/\/www.noticiasradioreflejos.com.ar\/2021\/?s={search_term_string}\"},\"query-input\":{\"@type\":\"PropertyValueSpecification\",\"valueRequired\":true,\"valueName\":\"search_term_string\"}}],\"inLanguage\":\"es\"},{\"@type\":\"Person\",\"@id\":\"https:\/\/www.noticiasradioreflejos.com.ar\/2021\/#\/schema\/person\/ad82545263dcc5ec0996818884fd5fb1\",\"name\":\"Arnaldo Botto\",\"image\":{\"@type\":\"ImageObject\",\"inLanguage\":\"es\",\"@id\":\"https:\/\/www.noticiasradioreflejos.com.ar\/2021\/#\/schema\/person\/image\/\",\"url\":\"https:\/\/secure.gravatar.com\/avatar\/55cb5e37c1efa326397366e6974cb338056df65cb50e7d64d1cf314e87504837?s=96&d=mm&r=g\",\"contentUrl\":\"https:\/\/secure.gravatar.com\/avatar\/55cb5e37c1efa326397366e6974cb338056df65cb50e7d64d1cf314e87504837?s=96&d=mm&r=g\",\"caption\":\"Arnaldo Botto\"},\"url\":\"https:\/\/www.noticiasradioreflejos.com.ar\/2021\/author\/arnaldo\/\"}]}<\/script>\n<!-- \/ Yoast SEO plugin. -->","yoast_head_json":{"title":"El Consejo Municipal de las Mujeres present\u00f3 una nota - petitorio. - Noticias Radio Reflejos","robots":{"index":"index","follow":"follow","max-snippet":"max-snippet:-1","max-image-preview":"max-image-preview:large","max-video-preview":"max-video-preview:-1"},"canonical":"https:\/\/www.noticiasradioreflejos.com.ar\/2021\/el-consejo-municipal-de-las-mujeres-presento-una-nota-petitorio\/","og_locale":"es_ES","og_type":"article","og_title":"El Consejo Municipal de las Mujeres present\u00f3 una nota - petitorio. - Noticias Radio Reflejos","og_description":"Hoy, viernes 21 de junio, presentamos al Intendente Municipal se\u00f1or Sergio Bordoni a trav\u00e9s de la Delegaci\u00f3n de Sierra de la Ventana, la nota-petitorio que ya hab\u00edamos elevado a su despacho el 3 de junio desde la Delegaci\u00f3n de Saldungaray y que fuera derivada para su gesti\u00f3n a la Direcci\u00f3n de Juventud.","og_url":"https:\/\/www.noticiasradioreflejos.com.ar\/2021\/el-consejo-municipal-de-las-mujeres-presento-una-nota-petitorio\/","og_site_name":"Noticias Radio Reflejos","article_published_time":"2019-06-21T15:42:42+00:00","og_image":[{"url":"http:\/\/live.staticflickr.com\/65535\/48103633267_dc4e150634.jpg","type":"","width":"","height":""}],"author":"Arnaldo Botto","twitter_card":"summary_large_image","schema":{"@context":"https:\/\/schema.org","@graph":[{"@type":"WebPage","@id":"https:\/\/www.noticiasradioreflejos.com.ar\/2021\/el-consejo-municipal-de-las-mujeres-presento-una-nota-petitorio\/","url":"https:\/\/www.noticiasradioreflejos.com.ar\/2021\/el-consejo-municipal-de-las-mujeres-presento-una-nota-petitorio\/","name":"El Consejo Municipal de las Mujeres present\u00f3 una nota - petitorio. - Noticias Radio Reflejos","isPartOf":{"@id":"https:\/\/www.noticiasradioreflejos.com.ar\/2021\/#website"},"primaryImageOfPage":{"@id":"https:\/\/www.noticiasradioreflejos.com.ar\/2021\/el-consejo-municipal-de-las-mujeres-presento-una-nota-petitorio\/#primaryimage"},"image":{"@id":"https:\/\/www.noticiasradioreflejos.com.ar\/2021\/el-consejo-municipal-de-las-mujeres-presento-una-nota-petitorio\/#primaryimage"},"thumbnailUrl":"http:\/\/live.staticflickr.com\/65535\/48103633267_dc4e150634.jpg","datePublished":"2019-06-21T15:42:42+00:00","author":{"@id":"https:\/\/www.noticiasradioreflejos.com.ar\/2021\/#\/schema\/person\/ad82545263dcc5ec0996818884fd5fb1"},"breadcrumb":{"@id":"https:\/\/www.noticiasradioreflejos.com.ar\/2021\/el-consejo-municipal-de-las-mujeres-presento-una-nota-petitorio\/#breadcrumb"},"inLanguage":"es","potentialAction":[{"@type":"ReadAction","target":["https:\/\/www.noticiasradioreflejos.com.ar\/2021\/el-consejo-municipal-de-las-mujeres-presento-una-nota-petitorio\/"]}]},{"@type":"ImageObject","inLanguage":"es","@id":"https:\/\/www.noticiasradioreflejos.com.ar\/2021\/el-consejo-municipal-de-las-mujeres-presento-una-nota-petitorio\/#primaryimage","url":"http:\/\/live.staticflickr.com\/65535\/48103633267_dc4e150634.jpg","contentUrl":"http:\/\/live.staticflickr.com\/65535\/48103633267_dc4e150634.jpg"},{"@type":"BreadcrumbList","@id":"https:\/\/www.noticiasradioreflejos.com.ar\/2021\/el-consejo-municipal-de-las-mujeres-presento-una-nota-petitorio\/#breadcrumb","itemListElement":[{"@type":"ListItem","position":1,"name":"Portada","item":"https:\/\/www.noticiasradioreflejos.com.ar\/2021\/"},{"@type":"ListItem","position":2,"name":"El Consejo Municipal de las Mujeres present\u00f3 una nota &#8211; petitorio."}]},{"@type":"WebSite","@id":"https:\/\/www.noticiasradioreflejos.com.ar\/2021\/#website","url":"https:\/\/www.noticiasradioreflejos.com.ar\/2021\/","name":"Noticias Radio Reflejos","description":"Las noticias de mi comarca","potentialAction":[{"@type":"SearchAction","target":{"@type":"EntryPoint","urlTemplate":"https:\/\/www.noticiasradioreflejos.com.ar\/2021\/?s={search_term_string}"},"query-input":{"@type":"PropertyValueSpecification","valueRequired":true,"valueName":"search_term_string"}}],"inLanguage":"es"},{"@type":"Person","@id":"https:\/\/www.noticiasradioreflejos.com.ar\/2021\/#\/schema\/person\/ad82545263dcc5ec0996818884fd5fb1","name":"Arnaldo Botto","image":{"@type":"ImageObject","inLanguage":"es","@id":"https:\/\/www.noticiasradioreflejos.com.ar\/2021\/#\/schema\/person\/image\/","url":"https:\/\/secure.gravatar.com\/avatar\/55cb5e37c1efa326397366e6974cb338056df65cb50e7d64d1cf314e87504837?s=96&d=mm&r=g","contentUrl":"https:\/\/secure.gravatar.com\/avatar\/55cb5e37c1efa326397366e6974cb338056df65cb50e7d64d1cf314e87504837?s=96&d=mm&r=g","caption":"Arnaldo Botto"},"url":"https:\/\/www.noticiasradioreflejos.com.ar\/2021\/author\/arnaldo\/"}]}},"_links":{"self":[{"href":"https:\/\/www.noticiasradioreflejos.com.ar\/2021\/wp-json\/wp\/v2\/posts\/32396","targetHints":{"allow":["GET"]}}],"collection":[{"href":"https:\/\/www.noticiasradioreflejos.com.ar\/2021\/wp-json\/wp\/v2\/posts"}],"about":[{"href":"https:\/\/www.noticiasradioreflejos.com.ar\/2021\/wp-json\/wp\/v2\/types\/post"}],"author":[{"embeddable":true,"href":"https:\/\/www.noticiasradioreflejos.com.ar\/2021\/wp-json\/wp\/v2\/users\/3"}],"replies":[{"embeddable":true,"href":"https:\/\/www.noticiasradioreflejos.com.ar\/2021\/wp-json\/wp\/v2\/comments?post=32396"}],"version-history":[{"count":0,"href":"https:\/\/www.noticiasradioreflejos.com.ar\/2021\/wp-json\/wp\/v2\/posts\/32396\/revisions"}],"wp:attachment":[{"href":"https:\/\/www.noticiasradioreflejos.com.ar\/2021\/wp-json\/wp\/v2\/media?parent=32396"}],"wp:term":[{"taxonomy":"category","embeddable":true,"href":"https:\/\/www.noticiasradioreflejos.com.ar\/2021\/wp-json\/wp\/v2\/categories?post=32396"},{"taxonomy":"post_tag","embeddable":true,"href":"https:\/\/www.noticiasradioreflejos.com.ar\/2021\/wp-json\/wp\/v2\/tags?post=32396"}],"curies":[{"name":"wp","href":"https:\/\/api.w.org\/{rel}","templated":true}]}}