{"id":32394,"date":"2019-06-21T12:06:56","date_gmt":"2019-06-21T15:06:56","guid":{"rendered":"http:\/\/www.noticiasradioreflejos.com.ar\/noticias\/?p=32394"},"modified":"2019-06-21T12:06:56","modified_gmt":"2019-06-21T15:06:56","slug":"dictaran-un-seminario-de-cuidados-paliativos-2","status":"publish","type":"post","link":"https:\/\/www.noticiasradioreflejos.com.ar\/2021\/dictaran-un-seminario-de-cuidados-paliativos-2\/","title":{"rendered":"Dictar\u00e1n un seminario de Cuidados Paliativos"},"content":{"rendered":"<p>Organiza la Asociaci\u00f3n de Acompa\u00f1antes Terap\u00e9uticos de Bah\u00eda Blanca, con sede en nuestra localidad. Tendr\u00e1 lugar el 13 de julio y es abierto a todo p\u00fablico interesado.<!--more--><br \/>\nLa Asociaci\u00f3n Acompa\u00f1antes Terap\u00e9uticos de Bah\u00eda Blanca, con sede en nuestra localidad, informa que, dando continuidad al ciclo de capacitaci\u00f3n 2019, se dictar\u00e1 la jornada en cuidados paliativos \u00abLa formaci\u00f3n como pilar de la pr\u00e1ctica profesional\u00bb.<br \/>\nDicha propuesta es abierta a todo p\u00fablico interesado y tiene como sede Tornquist, el d\u00eda s\u00e1bado 13 de julio, en el horario de 9:30 a 12:30 hs<br \/>\nLa temas a tratar en el encuentro son:<br \/>\nIntroducci\u00f3n a los Cuidados Paliativos<br \/>\nNociones b\u00e1sicas en Cuidados Paliativos<br \/>\nComprendiendo la subjetividad de qui\u00e9n padece<br \/>\nHerramientas para el abordaje del paciente<br \/>\nLa disertaci\u00f3n estar\u00e1 cargo del  licenciado Mariano  Romero, otorg\u00e1ndose el certificado de participaci\u00f3n  correspondiente.<br \/>\nPara consultas e inscripci\u00f3n se deber\u00e1n contactar al tel\u00e9fono 2914363569  con cupos limitados.<\/p>\n","protected":false},"excerpt":{"rendered":"<p>Organiza la Asociaci\u00f3n de Acompa\u00f1antes Terap\u00e9uticos de Bah\u00eda Blanca, con sede en nuestra localidad. Tendr\u00e1 lugar el 13 de julio y es abierto a todo p\u00fablico interesado.<\/p>\n","protected":false},"author":3,"featured_media":0,"comment_status":"closed","ping_status":"open","sticky":false,"template":"","format":"standard","meta":{"footnotes":""},"categories":[30],"tags":[],"class_list":["post-32394","post","type-post","status-publish","format-standard","hentry","category-salud"],"yoast_head":"<!-- This site is optimized with the Yoast SEO plugin v25.9 - https:\/\/yoast.com\/wordpress\/plugins\/seo\/ -->\n<title>Dictar\u00e1n un seminario de Cuidados Paliativos - Noticias Radio Reflejos<\/title>\n<meta name=\"robots\" content=\"index, follow, max-snippet:-1, max-image-preview:large, max-video-preview:-1\" \/>\n<link rel=\"canonical\" href=\"https:\/\/www.noticiasradioreflejos.com.ar\/2021\/dictaran-un-seminario-de-cuidados-paliativos-2\/\" \/>\n<meta property=\"og:locale\" content=\"es_ES\" \/>\n<meta property=\"og:type\" content=\"article\" \/>\n<meta property=\"og:title\" content=\"Dictar\u00e1n un seminario de Cuidados Paliativos - Noticias Radio Reflejos\" \/>\n<meta property=\"og:description\" content=\"Organiza la Asociaci\u00f3n de Acompa\u00f1antes Terap\u00e9uticos de Bah\u00eda Blanca, con sede en nuestra localidad. Tendr\u00e1 lugar el 13 de julio y es abierto a todo p\u00fablico interesado.\" \/>\n<meta property=\"og:url\" content=\"https:\/\/www.noticiasradioreflejos.com.ar\/2021\/dictaran-un-seminario-de-cuidados-paliativos-2\/\" \/>\n<meta property=\"og:site_name\" content=\"Noticias Radio Reflejos\" \/>\n<meta property=\"article:published_time\" content=\"2019-06-21T15:06:56+00:00\" \/>\n<meta property=\"og:image\" content=\"https:\/\/www.noticiasradioreflejos.com.ar\/2021\/wp-content\/uploads\/2021\/07\/logosol300x200.png\" \/>\n\t<meta property=\"og:image:width\" content=\"300\" \/>\n\t<meta property=\"og:image:height\" content=\"200\" \/>\n\t<meta property=\"og:image:type\" content=\"image\/png\" \/>\n<meta name=\"author\" content=\"Arnaldo Botto\" \/>\n<meta name=\"twitter:card\" content=\"summary_large_image\" \/>\n<script type=\"application\/ld+json\" class=\"yoast-schema-graph\">{\"@context\":\"https:\/\/schema.org\",\"@graph\":[{\"@type\":\"WebPage\",\"@id\":\"https:\/\/www.noticiasradioreflejos.com.ar\/2021\/dictaran-un-seminario-de-cuidados-paliativos-2\/\",\"url\":\"https:\/\/www.noticiasradioreflejos.com.ar\/2021\/dictaran-un-seminario-de-cuidados-paliativos-2\/\",\"name\":\"Dictar\u00e1n un seminario de Cuidados Paliativos - Noticias Radio Reflejos\",\"isPartOf\":{\"@id\":\"https:\/\/www.noticiasradioreflejos.com.ar\/2021\/#website\"},\"datePublished\":\"2019-06-21T15:06:56+00:00\",\"author\":{\"@id\":\"https:\/\/www.noticiasradioreflejos.com.ar\/2021\/#\/schema\/person\/ad82545263dcc5ec0996818884fd5fb1\"},\"breadcrumb\":{\"@id\":\"https:\/\/www.noticiasradioreflejos.com.ar\/2021\/dictaran-un-seminario-de-cuidados-paliativos-2\/#breadcrumb\"},\"inLanguage\":\"es\",\"potentialAction\":[{\"@type\":\"ReadAction\",\"target\":[\"https:\/\/www.noticiasradioreflejos.com.ar\/2021\/dictaran-un-seminario-de-cuidados-paliativos-2\/\"]}]},{\"@type\":\"BreadcrumbList\",\"@id\":\"https:\/\/www.noticiasradioreflejos.com.ar\/2021\/dictaran-un-seminario-de-cuidados-paliativos-2\/#breadcrumb\",\"itemListElement\":[{\"@type\":\"ListItem\",\"position\":1,\"name\":\"Portada\",\"item\":\"https:\/\/www.noticiasradioreflejos.com.ar\/2021\/\"},{\"@type\":\"ListItem\",\"position\":2,\"name\":\"Dictar\u00e1n un seminario de Cuidados Paliativos\"}]},{\"@type\":\"WebSite\",\"@id\":\"https:\/\/www.noticiasradioreflejos.com.ar\/2021\/#website\",\"url\":\"https:\/\/www.noticiasradioreflejos.com.ar\/2021\/\",\"name\":\"Noticias Radio Reflejos\",\"description\":\"Las noticias de mi comarca\",\"potentialAction\":[{\"@type\":\"SearchAction\",\"target\":{\"@type\":\"EntryPoint\",\"urlTemplate\":\"https:\/\/www.noticiasradioreflejos.com.ar\/2021\/?s={search_term_string}\"},\"query-input\":{\"@type\":\"PropertyValueSpecification\",\"valueRequired\":true,\"valueName\":\"search_term_string\"}}],\"inLanguage\":\"es\"},{\"@type\":\"Person\",\"@id\":\"https:\/\/www.noticiasradioreflejos.com.ar\/2021\/#\/schema\/person\/ad82545263dcc5ec0996818884fd5fb1\",\"name\":\"Arnaldo Botto\",\"image\":{\"@type\":\"ImageObject\",\"inLanguage\":\"es\",\"@id\":\"https:\/\/www.noticiasradioreflejos.com.ar\/2021\/#\/schema\/person\/image\/\",\"url\":\"https:\/\/secure.gravatar.com\/avatar\/55cb5e37c1efa326397366e6974cb338056df65cb50e7d64d1cf314e87504837?s=96&d=mm&r=g\",\"contentUrl\":\"https:\/\/secure.gravatar.com\/avatar\/55cb5e37c1efa326397366e6974cb338056df65cb50e7d64d1cf314e87504837?s=96&d=mm&r=g\",\"caption\":\"Arnaldo Botto\"},\"url\":\"https:\/\/www.noticiasradioreflejos.com.ar\/2021\/author\/arnaldo\/\"}]}<\/script>\n<!-- \/ Yoast SEO plugin. -->","yoast_head_json":{"title":"Dictar\u00e1n un seminario de Cuidados Paliativos - Noticias Radio Reflejos","robots":{"index":"index","follow":"follow","max-snippet":"max-snippet:-1","max-image-preview":"max-image-preview:large","max-video-preview":"max-video-preview:-1"},"canonical":"https:\/\/www.noticiasradioreflejos.com.ar\/2021\/dictaran-un-seminario-de-cuidados-paliativos-2\/","og_locale":"es_ES","og_type":"article","og_title":"Dictar\u00e1n un seminario de Cuidados Paliativos - Noticias Radio Reflejos","og_description":"Organiza la Asociaci\u00f3n de Acompa\u00f1antes Terap\u00e9uticos de Bah\u00eda Blanca, con sede en nuestra localidad. Tendr\u00e1 lugar el 13 de julio y es abierto a todo p\u00fablico interesado.","og_url":"https:\/\/www.noticiasradioreflejos.com.ar\/2021\/dictaran-un-seminario-de-cuidados-paliativos-2\/","og_site_name":"Noticias Radio Reflejos","article_published_time":"2019-06-21T15:06:56+00:00","og_image":[{"width":300,"height":200,"url":"https:\/\/www.noticiasradioreflejos.com.ar\/2021\/wp-content\/uploads\/2021\/07\/logosol300x200.png","type":"image\/png"}],"author":"Arnaldo Botto","twitter_card":"summary_large_image","schema":{"@context":"https:\/\/schema.org","@graph":[{"@type":"WebPage","@id":"https:\/\/www.noticiasradioreflejos.com.ar\/2021\/dictaran-un-seminario-de-cuidados-paliativos-2\/","url":"https:\/\/www.noticiasradioreflejos.com.ar\/2021\/dictaran-un-seminario-de-cuidados-paliativos-2\/","name":"Dictar\u00e1n un seminario de Cuidados Paliativos - Noticias Radio Reflejos","isPartOf":{"@id":"https:\/\/www.noticiasradioreflejos.com.ar\/2021\/#website"},"datePublished":"2019-06-21T15:06:56+00:00","author":{"@id":"https:\/\/www.noticiasradioreflejos.com.ar\/2021\/#\/schema\/person\/ad82545263dcc5ec0996818884fd5fb1"},"breadcrumb":{"@id":"https:\/\/www.noticiasradioreflejos.com.ar\/2021\/dictaran-un-seminario-de-cuidados-paliativos-2\/#breadcrumb"},"inLanguage":"es","potentialAction":[{"@type":"ReadAction","target":["https:\/\/www.noticiasradioreflejos.com.ar\/2021\/dictaran-un-seminario-de-cuidados-paliativos-2\/"]}]},{"@type":"BreadcrumbList","@id":"https:\/\/www.noticiasradioreflejos.com.ar\/2021\/dictaran-un-seminario-de-cuidados-paliativos-2\/#breadcrumb","itemListElement":[{"@type":"ListItem","position":1,"name":"Portada","item":"https:\/\/www.noticiasradioreflejos.com.ar\/2021\/"},{"@type":"ListItem","position":2,"name":"Dictar\u00e1n un seminario de Cuidados Paliativos"}]},{"@type":"WebSite","@id":"https:\/\/www.noticiasradioreflejos.com.ar\/2021\/#website","url":"https:\/\/www.noticiasradioreflejos.com.ar\/2021\/","name":"Noticias Radio Reflejos","description":"Las noticias de mi comarca","potentialAction":[{"@type":"SearchAction","target":{"@type":"EntryPoint","urlTemplate":"https:\/\/www.noticiasradioreflejos.com.ar\/2021\/?s={search_term_string}"},"query-input":{"@type":"PropertyValueSpecification","valueRequired":true,"valueName":"search_term_string"}}],"inLanguage":"es"},{"@type":"Person","@id":"https:\/\/www.noticiasradioreflejos.com.ar\/2021\/#\/schema\/person\/ad82545263dcc5ec0996818884fd5fb1","name":"Arnaldo Botto","image":{"@type":"ImageObject","inLanguage":"es","@id":"https:\/\/www.noticiasradioreflejos.com.ar\/2021\/#\/schema\/person\/image\/","url":"https:\/\/secure.gravatar.com\/avatar\/55cb5e37c1efa326397366e6974cb338056df65cb50e7d64d1cf314e87504837?s=96&d=mm&r=g","contentUrl":"https:\/\/secure.gravatar.com\/avatar\/55cb5e37c1efa326397366e6974cb338056df65cb50e7d64d1cf314e87504837?s=96&d=mm&r=g","caption":"Arnaldo Botto"},"url":"https:\/\/www.noticiasradioreflejos.com.ar\/2021\/author\/arnaldo\/"}]}},"_links":{"self":[{"href":"https:\/\/www.noticiasradioreflejos.com.ar\/2021\/wp-json\/wp\/v2\/posts\/32394","targetHints":{"allow":["GET"]}}],"collection":[{"href":"https:\/\/www.noticiasradioreflejos.com.ar\/2021\/wp-json\/wp\/v2\/posts"}],"about":[{"href":"https:\/\/www.noticiasradioreflejos.com.ar\/2021\/wp-json\/wp\/v2\/types\/post"}],"author":[{"embeddable":true,"href":"https:\/\/www.noticiasradioreflejos.com.ar\/2021\/wp-json\/wp\/v2\/users\/3"}],"replies":[{"embeddable":true,"href":"https:\/\/www.noticiasradioreflejos.com.ar\/2021\/wp-json\/wp\/v2\/comments?post=32394"}],"version-history":[{"count":0,"href":"https:\/\/www.noticiasradioreflejos.com.ar\/2021\/wp-json\/wp\/v2\/posts\/32394\/revisions"}],"wp:attachment":[{"href":"https:\/\/www.noticiasradioreflejos.com.ar\/2021\/wp-json\/wp\/v2\/media?parent=32394"}],"wp:term":[{"taxonomy":"category","embeddable":true,"href":"https:\/\/www.noticiasradioreflejos.com.ar\/2021\/wp-json\/wp\/v2\/categories?post=32394"},{"taxonomy":"post_tag","embeddable":true,"href":"https:\/\/www.noticiasradioreflejos.com.ar\/2021\/wp-json\/wp\/v2\/tags?post=32394"}],"curies":[{"name":"wp","href":"https:\/\/api.w.org\/{rel}","templated":true}]}}