{"id":32381,"date":"2019-06-21T08:04:22","date_gmt":"2019-06-21T11:04:22","guid":{"rendered":"http:\/\/www.noticiasradioreflejos.com.ar\/noticias\/?p=32381"},"modified":"2019-06-21T08:04:22","modified_gmt":"2019-06-21T11:04:22","slug":"proximos-eventos-en-bomberos-villa-ventana","status":"publish","type":"post","link":"https:\/\/www.noticiasradioreflejos.com.ar\/2021\/proximos-eventos-en-bomberos-villa-ventana\/","title":{"rendered":"Pr\u00f3ximos eventos en Bomberos Villa Ventana"},"content":{"rendered":"<p>La Asociaci\u00f3n de Bomberos Voluntarios de Villa Ventana se encuentra trabajando activamente en la organizaci\u00f3n de distintos eventos con el fin de recaudar fondos para continuar con las obras de los vestuarios en el nuevo Cuartel.<!--more--><br \/>\nEn la \u00faltima reuni\u00f3n de Comisi\u00f3n se resolvi\u00f3 organizar una preventa de pollos a la parrilla, y un T\u00e9 Bingo.<br \/>\nPREVENTA DE POLLOS<br \/>\nEn los pr\u00f3ximos d\u00edas los integrantes del Cuerpo Activo y los miembros de Comisi\u00f3n por razones de organizaci\u00f3n, iniciar\u00e1n una preventa de pollos a la parrilla.<br \/>\nLa fecha de realizaci\u00f3n de este evento se ha previsto para el pr\u00f3ximo 7 de Julio.<br \/>\nLos pedidos se entregar\u00e1n en el Cuartel a partir de las 12.30 horas, se agradece llevar una fuente para retirar los mismos.<br \/>\n<a title=\"0001 (1)\" href=\"http:\/\/live.staticflickr.com\/65535\/48102472082_6c4df61ce6_s.jpg\" rel=\"\"><img loading=\"lazy\" decoding=\"async\" class=\"alignleft\" style=\"float: left;\" title=\"0001 (1)\" src=\"http:\/\/live.staticflickr.com\/65535\/48102472082_6c4df61ce6_n.jpg\" alt=\"0001 (1)\" width=\"226\" height=\"320\" \/><\/a>TE-BINGO<br \/>\nSe ha comenzado con los trabajos de organizaci\u00f3n de un t\u00e9 bingo, el mismo est\u00e1 previsto que se realice el domingo 25 de Agosto a partir de las 15 horas, con una duraci\u00f3n aproximada de tres horas.<br \/>\nEn el mismo se invitar\u00e1 con un t\u00e9 con tortas, adem\u00e1s est\u00e1 prevista la instalaci\u00f3n de una cantina.<br \/>\nDurante el transcurso del evento habr\u00e1 sorteos, juegos, m\u00fasica y alg\u00fan espect\u00e1culo.<br \/>\nUna jornada ideal para disfrutar en familia, con la posibilidad de llevarse importantes premios en efectivo.<br \/>\nEn los pr\u00f3ximos d\u00edas se ir\u00e1 informando sobre el modo de realizaci\u00f3n y el precio de venta de los cartones.<\/p>\n","protected":false},"excerpt":{"rendered":"<p>La Asociaci\u00f3n de Bomberos Voluntarios de Villa Ventana se encuentra trabajando activamente en la organizaci\u00f3n de distintos eventos con el fin de recaudar fondos para continuar con las obras de los vestuarios en el nuevo Cuartel.<\/p>\n","protected":false},"author":3,"featured_media":0,"comment_status":"closed","ping_status":"open","sticky":false,"template":"","format":"standard","meta":{"footnotes":""},"categories":[26],"tags":[],"class_list":["post-32381","post","type-post","status-publish","format-standard","hentry","category-sociedad"],"yoast_head":"<!-- This site is optimized with the Yoast SEO plugin v25.9 - https:\/\/yoast.com\/wordpress\/plugins\/seo\/ -->\n<title>Pr\u00f3ximos eventos en Bomberos Villa Ventana - Noticias Radio Reflejos<\/title>\n<meta name=\"robots\" content=\"index, follow, max-snippet:-1, max-image-preview:large, max-video-preview:-1\" \/>\n<link rel=\"canonical\" href=\"https:\/\/www.noticiasradioreflejos.com.ar\/2021\/proximos-eventos-en-bomberos-villa-ventana\/\" \/>\n<meta property=\"og:locale\" content=\"es_ES\" \/>\n<meta property=\"og:type\" content=\"article\" \/>\n<meta property=\"og:title\" content=\"Pr\u00f3ximos eventos en Bomberos Villa Ventana - Noticias Radio Reflejos\" \/>\n<meta property=\"og:description\" content=\"La Asociaci\u00f3n de Bomberos Voluntarios de Villa Ventana se encuentra trabajando activamente en la organizaci\u00f3n de distintos eventos con el fin de recaudar fondos para continuar con las obras de los vestuarios en el nuevo Cuartel.\" \/>\n<meta property=\"og:url\" content=\"https:\/\/www.noticiasradioreflejos.com.ar\/2021\/proximos-eventos-en-bomberos-villa-ventana\/\" \/>\n<meta property=\"og:site_name\" content=\"Noticias Radio Reflejos\" \/>\n<meta property=\"article:published_time\" content=\"2019-06-21T11:04:22+00:00\" \/>\n<meta property=\"og:image\" content=\"http:\/\/live.staticflickr.com\/65535\/48102472082_6c4df61ce6_n.jpg\" \/>\n<meta name=\"author\" content=\"Arnaldo Botto\" \/>\n<meta name=\"twitter:card\" content=\"summary_large_image\" \/>\n<script type=\"application\/ld+json\" class=\"yoast-schema-graph\">{\"@context\":\"https:\/\/schema.org\",\"@graph\":[{\"@type\":\"WebPage\",\"@id\":\"https:\/\/www.noticiasradioreflejos.com.ar\/2021\/proximos-eventos-en-bomberos-villa-ventana\/\",\"url\":\"https:\/\/www.noticiasradioreflejos.com.ar\/2021\/proximos-eventos-en-bomberos-villa-ventana\/\",\"name\":\"Pr\u00f3ximos eventos en Bomberos Villa Ventana - Noticias Radio Reflejos\",\"isPartOf\":{\"@id\":\"https:\/\/www.noticiasradioreflejos.com.ar\/2021\/#website\"},\"primaryImageOfPage\":{\"@id\":\"https:\/\/www.noticiasradioreflejos.com.ar\/2021\/proximos-eventos-en-bomberos-villa-ventana\/#primaryimage\"},\"image\":{\"@id\":\"https:\/\/www.noticiasradioreflejos.com.ar\/2021\/proximos-eventos-en-bomberos-villa-ventana\/#primaryimage\"},\"thumbnailUrl\":\"http:\/\/live.staticflickr.com\/65535\/48102472082_6c4df61ce6_n.jpg\",\"datePublished\":\"2019-06-21T11:04:22+00:00\",\"author\":{\"@id\":\"https:\/\/www.noticiasradioreflejos.com.ar\/2021\/#\/schema\/person\/ad82545263dcc5ec0996818884fd5fb1\"},\"breadcrumb\":{\"@id\":\"https:\/\/www.noticiasradioreflejos.com.ar\/2021\/proximos-eventos-en-bomberos-villa-ventana\/#breadcrumb\"},\"inLanguage\":\"es\",\"potentialAction\":[{\"@type\":\"ReadAction\",\"target\":[\"https:\/\/www.noticiasradioreflejos.com.ar\/2021\/proximos-eventos-en-bomberos-villa-ventana\/\"]}]},{\"@type\":\"ImageObject\",\"inLanguage\":\"es\",\"@id\":\"https:\/\/www.noticiasradioreflejos.com.ar\/2021\/proximos-eventos-en-bomberos-villa-ventana\/#primaryimage\",\"url\":\"http:\/\/live.staticflickr.com\/65535\/48102472082_6c4df61ce6_n.jpg\",\"contentUrl\":\"http:\/\/live.staticflickr.com\/65535\/48102472082_6c4df61ce6_n.jpg\"},{\"@type\":\"BreadcrumbList\",\"@id\":\"https:\/\/www.noticiasradioreflejos.com.ar\/2021\/proximos-eventos-en-bomberos-villa-ventana\/#breadcrumb\",\"itemListElement\":[{\"@type\":\"ListItem\",\"position\":1,\"name\":\"Portada\",\"item\":\"https:\/\/www.noticiasradioreflejos.com.ar\/2021\/\"},{\"@type\":\"ListItem\",\"position\":2,\"name\":\"Pr\u00f3ximos eventos en Bomberos Villa Ventana\"}]},{\"@type\":\"WebSite\",\"@id\":\"https:\/\/www.noticiasradioreflejos.com.ar\/2021\/#website\",\"url\":\"https:\/\/www.noticiasradioreflejos.com.ar\/2021\/\",\"name\":\"Noticias Radio Reflejos\",\"description\":\"Las noticias de mi comarca\",\"potentialAction\":[{\"@type\":\"SearchAction\",\"target\":{\"@type\":\"EntryPoint\",\"urlTemplate\":\"https:\/\/www.noticiasradioreflejos.com.ar\/2021\/?s={search_term_string}\"},\"query-input\":{\"@type\":\"PropertyValueSpecification\",\"valueRequired\":true,\"valueName\":\"search_term_string\"}}],\"inLanguage\":\"es\"},{\"@type\":\"Person\",\"@id\":\"https:\/\/www.noticiasradioreflejos.com.ar\/2021\/#\/schema\/person\/ad82545263dcc5ec0996818884fd5fb1\",\"name\":\"Arnaldo Botto\",\"image\":{\"@type\":\"ImageObject\",\"inLanguage\":\"es\",\"@id\":\"https:\/\/www.noticiasradioreflejos.com.ar\/2021\/#\/schema\/person\/image\/\",\"url\":\"https:\/\/secure.gravatar.com\/avatar\/55cb5e37c1efa326397366e6974cb338056df65cb50e7d64d1cf314e87504837?s=96&d=mm&r=g\",\"contentUrl\":\"https:\/\/secure.gravatar.com\/avatar\/55cb5e37c1efa326397366e6974cb338056df65cb50e7d64d1cf314e87504837?s=96&d=mm&r=g\",\"caption\":\"Arnaldo Botto\"},\"url\":\"https:\/\/www.noticiasradioreflejos.com.ar\/2021\/author\/arnaldo\/\"}]}<\/script>\n<!-- \/ Yoast SEO plugin. -->","yoast_head_json":{"title":"Pr\u00f3ximos eventos en Bomberos Villa Ventana - Noticias Radio Reflejos","robots":{"index":"index","follow":"follow","max-snippet":"max-snippet:-1","max-image-preview":"max-image-preview:large","max-video-preview":"max-video-preview:-1"},"canonical":"https:\/\/www.noticiasradioreflejos.com.ar\/2021\/proximos-eventos-en-bomberos-villa-ventana\/","og_locale":"es_ES","og_type":"article","og_title":"Pr\u00f3ximos eventos en Bomberos Villa Ventana - Noticias Radio Reflejos","og_description":"La Asociaci\u00f3n de Bomberos Voluntarios de Villa Ventana se encuentra trabajando activamente en la organizaci\u00f3n de distintos eventos con el fin de recaudar fondos para continuar con las obras de los vestuarios en el nuevo Cuartel.","og_url":"https:\/\/www.noticiasradioreflejos.com.ar\/2021\/proximos-eventos-en-bomberos-villa-ventana\/","og_site_name":"Noticias Radio Reflejos","article_published_time":"2019-06-21T11:04:22+00:00","og_image":[{"url":"http:\/\/live.staticflickr.com\/65535\/48102472082_6c4df61ce6_n.jpg","type":"","width":"","height":""}],"author":"Arnaldo Botto","twitter_card":"summary_large_image","schema":{"@context":"https:\/\/schema.org","@graph":[{"@type":"WebPage","@id":"https:\/\/www.noticiasradioreflejos.com.ar\/2021\/proximos-eventos-en-bomberos-villa-ventana\/","url":"https:\/\/www.noticiasradioreflejos.com.ar\/2021\/proximos-eventos-en-bomberos-villa-ventana\/","name":"Pr\u00f3ximos eventos en Bomberos Villa Ventana - Noticias Radio Reflejos","isPartOf":{"@id":"https:\/\/www.noticiasradioreflejos.com.ar\/2021\/#website"},"primaryImageOfPage":{"@id":"https:\/\/www.noticiasradioreflejos.com.ar\/2021\/proximos-eventos-en-bomberos-villa-ventana\/#primaryimage"},"image":{"@id":"https:\/\/www.noticiasradioreflejos.com.ar\/2021\/proximos-eventos-en-bomberos-villa-ventana\/#primaryimage"},"thumbnailUrl":"http:\/\/live.staticflickr.com\/65535\/48102472082_6c4df61ce6_n.jpg","datePublished":"2019-06-21T11:04:22+00:00","author":{"@id":"https:\/\/www.noticiasradioreflejos.com.ar\/2021\/#\/schema\/person\/ad82545263dcc5ec0996818884fd5fb1"},"breadcrumb":{"@id":"https:\/\/www.noticiasradioreflejos.com.ar\/2021\/proximos-eventos-en-bomberos-villa-ventana\/#breadcrumb"},"inLanguage":"es","potentialAction":[{"@type":"ReadAction","target":["https:\/\/www.noticiasradioreflejos.com.ar\/2021\/proximos-eventos-en-bomberos-villa-ventana\/"]}]},{"@type":"ImageObject","inLanguage":"es","@id":"https:\/\/www.noticiasradioreflejos.com.ar\/2021\/proximos-eventos-en-bomberos-villa-ventana\/#primaryimage","url":"http:\/\/live.staticflickr.com\/65535\/48102472082_6c4df61ce6_n.jpg","contentUrl":"http:\/\/live.staticflickr.com\/65535\/48102472082_6c4df61ce6_n.jpg"},{"@type":"BreadcrumbList","@id":"https:\/\/www.noticiasradioreflejos.com.ar\/2021\/proximos-eventos-en-bomberos-villa-ventana\/#breadcrumb","itemListElement":[{"@type":"ListItem","position":1,"name":"Portada","item":"https:\/\/www.noticiasradioreflejos.com.ar\/2021\/"},{"@type":"ListItem","position":2,"name":"Pr\u00f3ximos eventos en Bomberos Villa Ventana"}]},{"@type":"WebSite","@id":"https:\/\/www.noticiasradioreflejos.com.ar\/2021\/#website","url":"https:\/\/www.noticiasradioreflejos.com.ar\/2021\/","name":"Noticias Radio Reflejos","description":"Las noticias de mi comarca","potentialAction":[{"@type":"SearchAction","target":{"@type":"EntryPoint","urlTemplate":"https:\/\/www.noticiasradioreflejos.com.ar\/2021\/?s={search_term_string}"},"query-input":{"@type":"PropertyValueSpecification","valueRequired":true,"valueName":"search_term_string"}}],"inLanguage":"es"},{"@type":"Person","@id":"https:\/\/www.noticiasradioreflejos.com.ar\/2021\/#\/schema\/person\/ad82545263dcc5ec0996818884fd5fb1","name":"Arnaldo Botto","image":{"@type":"ImageObject","inLanguage":"es","@id":"https:\/\/www.noticiasradioreflejos.com.ar\/2021\/#\/schema\/person\/image\/","url":"https:\/\/secure.gravatar.com\/avatar\/55cb5e37c1efa326397366e6974cb338056df65cb50e7d64d1cf314e87504837?s=96&d=mm&r=g","contentUrl":"https:\/\/secure.gravatar.com\/avatar\/55cb5e37c1efa326397366e6974cb338056df65cb50e7d64d1cf314e87504837?s=96&d=mm&r=g","caption":"Arnaldo Botto"},"url":"https:\/\/www.noticiasradioreflejos.com.ar\/2021\/author\/arnaldo\/"}]}},"_links":{"self":[{"href":"https:\/\/www.noticiasradioreflejos.com.ar\/2021\/wp-json\/wp\/v2\/posts\/32381","targetHints":{"allow":["GET"]}}],"collection":[{"href":"https:\/\/www.noticiasradioreflejos.com.ar\/2021\/wp-json\/wp\/v2\/posts"}],"about":[{"href":"https:\/\/www.noticiasradioreflejos.com.ar\/2021\/wp-json\/wp\/v2\/types\/post"}],"author":[{"embeddable":true,"href":"https:\/\/www.noticiasradioreflejos.com.ar\/2021\/wp-json\/wp\/v2\/users\/3"}],"replies":[{"embeddable":true,"href":"https:\/\/www.noticiasradioreflejos.com.ar\/2021\/wp-json\/wp\/v2\/comments?post=32381"}],"version-history":[{"count":0,"href":"https:\/\/www.noticiasradioreflejos.com.ar\/2021\/wp-json\/wp\/v2\/posts\/32381\/revisions"}],"wp:attachment":[{"href":"https:\/\/www.noticiasradioreflejos.com.ar\/2021\/wp-json\/wp\/v2\/media?parent=32381"}],"wp:term":[{"taxonomy":"category","embeddable":true,"href":"https:\/\/www.noticiasradioreflejos.com.ar\/2021\/wp-json\/wp\/v2\/categories?post=32381"},{"taxonomy":"post_tag","embeddable":true,"href":"https:\/\/www.noticiasradioreflejos.com.ar\/2021\/wp-json\/wp\/v2\/tags?post=32381"}],"curies":[{"name":"wp","href":"https:\/\/api.w.org\/{rel}","templated":true}]}}