{"id":32316,"date":"2019-06-19T08:59:13","date_gmt":"2019-06-19T11:59:13","guid":{"rendered":"http:\/\/www.noticiasradioreflejos.com.ar\/noticias\/?p=32316"},"modified":"2019-06-19T08:59:13","modified_gmt":"2019-06-19T11:59:13","slug":"la-comarca-soporto-rafagas-que-superaron-los-90-kmh-y-la-lluvias-sumaron-varios-milimetros","status":"publish","type":"post","link":"https:\/\/www.noticiasradioreflejos.com.ar\/2021\/la-comarca-soporto-rafagas-que-superaron-los-90-kmh-y-la-lluvias-sumaron-varios-milimetros\/","title":{"rendered":"La comarca soport\u00f3 r\u00e1fagas que superaron los 90 km\/h y la lluvias sumaron varios mil\u00edmetros."},"content":{"rendered":"<p><a title=\"WhatsApp Image 2019-06-19 at 09.03.29\" href=\"http:\/\/live.staticflickr.com\/65535\/48091736276_27e607d9e8_s.jpg\" rel=\"\"><img loading=\"lazy\" decoding=\"async\" class=\"alignleft\" style=\"float: left;\" title=\"WhatsApp Image 2019-06-19 at 09.03.29\" src=\"http:\/\/live.staticflickr.com\/65535\/48091736276_27e607d9e8.jpg\" alt=\"WhatsApp Image 2019-06-19 at 09.03.29\" width=\"500\" height=\"281\" \/><\/a>Tal cual lo anunci\u00f3 el SMN en sus partes de Alerta de ayer, una fuerte tormenta azot\u00f3 toda la zona serrana con r\u00e1fagas de vientos muy intensos y abundantes chaparrones que sumaron muchos mil\u00edmetros desde el s\u00e1bado hasta esta madrugada. Hubo ca\u00edda de ramas y en la Av. Tres Picos un \u00e1rbol cay\u00f3 sobre la calle sin que se registraran da\u00f1os. Las fotos pertenecen al Barrio La Cumbre, donde hubo tambien varios \u00e1rboles da\u00f1ados.<br \/>\nEn Sierra de la Ventana, la lluvia de anoche lleg\u00f3 a 25 mm, lo que totaliza 36 mm de las \u00faltimas 72 hs, y 66 mm en lo que va del mes.<br \/>\nVilla Ventana, la zona del Cerro Napost\u00e1 se acumulan 138 mm en el mes, en tanto que en Villa Ventan y el Parque Provincial alcanzan los 90 mm.<!--more--><br \/>\nLa ma\u00f1ana de este mi\u00e9rcoles 19 de junio se presenta con cielos despejados y los vientos siguen siendo intensos con r\u00e1gfagas que alcanzan los 50 km\/h. El pron\u00f3stico nos anticipa para hoy una jornada muy ventosa, con cielos despejados, m\u00e1xima de 12\u00b0 y vientos del oeste sudoeste. Para ma\u00f1ana la temperatura se ubicar\u00e1 entre los 6\u00b0 y 13\u00b0 con cielos mayormente nublados y vientos moderados a fuertes del sector norte.<br \/>\n<strong>Totales de lluvias <\/strong><br \/>\n25 mm en Sierra de la Ventana<br \/>\n38 mm en Calqu\u00edn<br \/>\n50.6 mm en Villa Ventana<br \/>\n21 mm en Saldungaray<br \/>\n83 mm en el Parque Prov. Ernesto Tornquist.<br \/>\n26 mm en Tornquist<br \/>\n11 mm en Tres Picos<br \/>\n40 mm en Chasic\u00f3<br \/>\n25 mm en Funke<br \/>\n31 mm en Huanguelen<br \/>\n12 mm en Carhu\u00e9<br \/>\n11 mm en Cnel Suarez<br \/>\n4.6 mm en Cnel Pringles<br \/>\n22.4 mm en Cabildo<br \/>\n12 mm en Dufaur<br \/>\n38.3 mm en El Pantanoso<br \/>\n103.6 mm en el Cerro Napost\u00e1 Oeste<br \/>\n23 mm en Pig\u00fce<br \/>\n18 mm en Punta Alta<\/p>\n","protected":false},"excerpt":{"rendered":"<p>Tal cual lo anunci\u00f3 el SMN en sus partes de Alerta de ayer, una fuerte tormenta azot\u00f3 toda la zona serrana con r\u00e1fagas de vientos muy intensos y abundantes chaparrones que sumaron muchos mil\u00edmetros desde el s\u00e1bado hasta esta madrugada. Hubo ca\u00edda de ramas y en la Av. Tres Picos un \u00e1rbol cay\u00f3 sobre la [&hellip;]<\/p>\n","protected":false},"author":3,"featured_media":0,"comment_status":"closed","ping_status":"open","sticky":false,"template":"","format":"standard","meta":{"footnotes":""},"categories":[26],"tags":[],"class_list":["post-32316","post","type-post","status-publish","format-standard","hentry","category-sociedad"],"yoast_head":"<!-- This site is optimized with the Yoast SEO plugin v25.9 - https:\/\/yoast.com\/wordpress\/plugins\/seo\/ -->\n<title>La comarca soport\u00f3 r\u00e1fagas que superaron los 90 km\/h y la lluvias sumaron varios mil\u00edmetros. - Noticias Radio Reflejos<\/title>\n<meta name=\"robots\" content=\"index, follow, max-snippet:-1, max-image-preview:large, max-video-preview:-1\" \/>\n<link rel=\"canonical\" href=\"https:\/\/www.noticiasradioreflejos.com.ar\/2021\/la-comarca-soporto-rafagas-que-superaron-los-90-kmh-y-la-lluvias-sumaron-varios-milimetros\/\" \/>\n<meta property=\"og:locale\" content=\"es_ES\" \/>\n<meta property=\"og:type\" content=\"article\" \/>\n<meta property=\"og:title\" content=\"La comarca soport\u00f3 r\u00e1fagas que superaron los 90 km\/h y la lluvias sumaron varios mil\u00edmetros. - Noticias Radio Reflejos\" \/>\n<meta property=\"og:description\" content=\"Tal cual lo anunci\u00f3 el SMN en sus partes de Alerta de ayer, una fuerte tormenta azot\u00f3 toda la zona serrana con r\u00e1fagas de vientos muy intensos y abundantes chaparrones que sumaron muchos mil\u00edmetros desde el s\u00e1bado hasta esta madrugada. Hubo ca\u00edda de ramas y en la Av. Tres Picos un \u00e1rbol cay\u00f3 sobre la [&hellip;]\" \/>\n<meta property=\"og:url\" content=\"https:\/\/www.noticiasradioreflejos.com.ar\/2021\/la-comarca-soporto-rafagas-que-superaron-los-90-kmh-y-la-lluvias-sumaron-varios-milimetros\/\" \/>\n<meta property=\"og:site_name\" content=\"Noticias Radio Reflejos\" \/>\n<meta property=\"article:published_time\" content=\"2019-06-19T11:59:13+00:00\" \/>\n<meta property=\"og:image\" content=\"http:\/\/live.staticflickr.com\/65535\/48091736276_27e607d9e8.jpg\" \/>\n<meta name=\"author\" content=\"Arnaldo Botto\" \/>\n<meta name=\"twitter:card\" content=\"summary_large_image\" \/>\n<script type=\"application\/ld+json\" class=\"yoast-schema-graph\">{\"@context\":\"https:\/\/schema.org\",\"@graph\":[{\"@type\":\"WebPage\",\"@id\":\"https:\/\/www.noticiasradioreflejos.com.ar\/2021\/la-comarca-soporto-rafagas-que-superaron-los-90-kmh-y-la-lluvias-sumaron-varios-milimetros\/\",\"url\":\"https:\/\/www.noticiasradioreflejos.com.ar\/2021\/la-comarca-soporto-rafagas-que-superaron-los-90-kmh-y-la-lluvias-sumaron-varios-milimetros\/\",\"name\":\"La comarca soport\u00f3 r\u00e1fagas que superaron los 90 km\/h y la lluvias sumaron varios mil\u00edmetros. - Noticias Radio Reflejos\",\"isPartOf\":{\"@id\":\"https:\/\/www.noticiasradioreflejos.com.ar\/2021\/#website\"},\"primaryImageOfPage\":{\"@id\":\"https:\/\/www.noticiasradioreflejos.com.ar\/2021\/la-comarca-soporto-rafagas-que-superaron-los-90-kmh-y-la-lluvias-sumaron-varios-milimetros\/#primaryimage\"},\"image\":{\"@id\":\"https:\/\/www.noticiasradioreflejos.com.ar\/2021\/la-comarca-soporto-rafagas-que-superaron-los-90-kmh-y-la-lluvias-sumaron-varios-milimetros\/#primaryimage\"},\"thumbnailUrl\":\"http:\/\/live.staticflickr.com\/65535\/48091736276_27e607d9e8.jpg\",\"datePublished\":\"2019-06-19T11:59:13+00:00\",\"author\":{\"@id\":\"https:\/\/www.noticiasradioreflejos.com.ar\/2021\/#\/schema\/person\/ad82545263dcc5ec0996818884fd5fb1\"},\"breadcrumb\":{\"@id\":\"https:\/\/www.noticiasradioreflejos.com.ar\/2021\/la-comarca-soporto-rafagas-que-superaron-los-90-kmh-y-la-lluvias-sumaron-varios-milimetros\/#breadcrumb\"},\"inLanguage\":\"es\",\"potentialAction\":[{\"@type\":\"ReadAction\",\"target\":[\"https:\/\/www.noticiasradioreflejos.com.ar\/2021\/la-comarca-soporto-rafagas-que-superaron-los-90-kmh-y-la-lluvias-sumaron-varios-milimetros\/\"]}]},{\"@type\":\"ImageObject\",\"inLanguage\":\"es\",\"@id\":\"https:\/\/www.noticiasradioreflejos.com.ar\/2021\/la-comarca-soporto-rafagas-que-superaron-los-90-kmh-y-la-lluvias-sumaron-varios-milimetros\/#primaryimage\",\"url\":\"http:\/\/live.staticflickr.com\/65535\/48091736276_27e607d9e8.jpg\",\"contentUrl\":\"http:\/\/live.staticflickr.com\/65535\/48091736276_27e607d9e8.jpg\"},{\"@type\":\"BreadcrumbList\",\"@id\":\"https:\/\/www.noticiasradioreflejos.com.ar\/2021\/la-comarca-soporto-rafagas-que-superaron-los-90-kmh-y-la-lluvias-sumaron-varios-milimetros\/#breadcrumb\",\"itemListElement\":[{\"@type\":\"ListItem\",\"position\":1,\"name\":\"Portada\",\"item\":\"https:\/\/www.noticiasradioreflejos.com.ar\/2021\/\"},{\"@type\":\"ListItem\",\"position\":2,\"name\":\"La comarca soport\u00f3 r\u00e1fagas que superaron los 90 km\/h y la lluvias sumaron varios mil\u00edmetros.\"}]},{\"@type\":\"WebSite\",\"@id\":\"https:\/\/www.noticiasradioreflejos.com.ar\/2021\/#website\",\"url\":\"https:\/\/www.noticiasradioreflejos.com.ar\/2021\/\",\"name\":\"Noticias Radio Reflejos\",\"description\":\"Las noticias de mi comarca\",\"potentialAction\":[{\"@type\":\"SearchAction\",\"target\":{\"@type\":\"EntryPoint\",\"urlTemplate\":\"https:\/\/www.noticiasradioreflejos.com.ar\/2021\/?s={search_term_string}\"},\"query-input\":{\"@type\":\"PropertyValueSpecification\",\"valueRequired\":true,\"valueName\":\"search_term_string\"}}],\"inLanguage\":\"es\"},{\"@type\":\"Person\",\"@id\":\"https:\/\/www.noticiasradioreflejos.com.ar\/2021\/#\/schema\/person\/ad82545263dcc5ec0996818884fd5fb1\",\"name\":\"Arnaldo Botto\",\"image\":{\"@type\":\"ImageObject\",\"inLanguage\":\"es\",\"@id\":\"https:\/\/www.noticiasradioreflejos.com.ar\/2021\/#\/schema\/person\/image\/\",\"url\":\"https:\/\/secure.gravatar.com\/avatar\/55cb5e37c1efa326397366e6974cb338056df65cb50e7d64d1cf314e87504837?s=96&d=mm&r=g\",\"contentUrl\":\"https:\/\/secure.gravatar.com\/avatar\/55cb5e37c1efa326397366e6974cb338056df65cb50e7d64d1cf314e87504837?s=96&d=mm&r=g\",\"caption\":\"Arnaldo Botto\"},\"url\":\"https:\/\/www.noticiasradioreflejos.com.ar\/2021\/author\/arnaldo\/\"}]}<\/script>\n<!-- \/ Yoast SEO plugin. -->","yoast_head_json":{"title":"La comarca soport\u00f3 r\u00e1fagas que superaron los 90 km\/h y la lluvias sumaron varios mil\u00edmetros. - Noticias Radio Reflejos","robots":{"index":"index","follow":"follow","max-snippet":"max-snippet:-1","max-image-preview":"max-image-preview:large","max-video-preview":"max-video-preview:-1"},"canonical":"https:\/\/www.noticiasradioreflejos.com.ar\/2021\/la-comarca-soporto-rafagas-que-superaron-los-90-kmh-y-la-lluvias-sumaron-varios-milimetros\/","og_locale":"es_ES","og_type":"article","og_title":"La comarca soport\u00f3 r\u00e1fagas que superaron los 90 km\/h y la lluvias sumaron varios mil\u00edmetros. - Noticias Radio Reflejos","og_description":"Tal cual lo anunci\u00f3 el SMN en sus partes de Alerta de ayer, una fuerte tormenta azot\u00f3 toda la zona serrana con r\u00e1fagas de vientos muy intensos y abundantes chaparrones que sumaron muchos mil\u00edmetros desde el s\u00e1bado hasta esta madrugada. Hubo ca\u00edda de ramas y en la Av. Tres Picos un \u00e1rbol cay\u00f3 sobre la [&hellip;]","og_url":"https:\/\/www.noticiasradioreflejos.com.ar\/2021\/la-comarca-soporto-rafagas-que-superaron-los-90-kmh-y-la-lluvias-sumaron-varios-milimetros\/","og_site_name":"Noticias Radio Reflejos","article_published_time":"2019-06-19T11:59:13+00:00","og_image":[{"url":"http:\/\/live.staticflickr.com\/65535\/48091736276_27e607d9e8.jpg","type":"","width":"","height":""}],"author":"Arnaldo Botto","twitter_card":"summary_large_image","schema":{"@context":"https:\/\/schema.org","@graph":[{"@type":"WebPage","@id":"https:\/\/www.noticiasradioreflejos.com.ar\/2021\/la-comarca-soporto-rafagas-que-superaron-los-90-kmh-y-la-lluvias-sumaron-varios-milimetros\/","url":"https:\/\/www.noticiasradioreflejos.com.ar\/2021\/la-comarca-soporto-rafagas-que-superaron-los-90-kmh-y-la-lluvias-sumaron-varios-milimetros\/","name":"La comarca soport\u00f3 r\u00e1fagas que superaron los 90 km\/h y la lluvias sumaron varios mil\u00edmetros. - Noticias Radio Reflejos","isPartOf":{"@id":"https:\/\/www.noticiasradioreflejos.com.ar\/2021\/#website"},"primaryImageOfPage":{"@id":"https:\/\/www.noticiasradioreflejos.com.ar\/2021\/la-comarca-soporto-rafagas-que-superaron-los-90-kmh-y-la-lluvias-sumaron-varios-milimetros\/#primaryimage"},"image":{"@id":"https:\/\/www.noticiasradioreflejos.com.ar\/2021\/la-comarca-soporto-rafagas-que-superaron-los-90-kmh-y-la-lluvias-sumaron-varios-milimetros\/#primaryimage"},"thumbnailUrl":"http:\/\/live.staticflickr.com\/65535\/48091736276_27e607d9e8.jpg","datePublished":"2019-06-19T11:59:13+00:00","author":{"@id":"https:\/\/www.noticiasradioreflejos.com.ar\/2021\/#\/schema\/person\/ad82545263dcc5ec0996818884fd5fb1"},"breadcrumb":{"@id":"https:\/\/www.noticiasradioreflejos.com.ar\/2021\/la-comarca-soporto-rafagas-que-superaron-los-90-kmh-y-la-lluvias-sumaron-varios-milimetros\/#breadcrumb"},"inLanguage":"es","potentialAction":[{"@type":"ReadAction","target":["https:\/\/www.noticiasradioreflejos.com.ar\/2021\/la-comarca-soporto-rafagas-que-superaron-los-90-kmh-y-la-lluvias-sumaron-varios-milimetros\/"]}]},{"@type":"ImageObject","inLanguage":"es","@id":"https:\/\/www.noticiasradioreflejos.com.ar\/2021\/la-comarca-soporto-rafagas-que-superaron-los-90-kmh-y-la-lluvias-sumaron-varios-milimetros\/#primaryimage","url":"http:\/\/live.staticflickr.com\/65535\/48091736276_27e607d9e8.jpg","contentUrl":"http:\/\/live.staticflickr.com\/65535\/48091736276_27e607d9e8.jpg"},{"@type":"BreadcrumbList","@id":"https:\/\/www.noticiasradioreflejos.com.ar\/2021\/la-comarca-soporto-rafagas-que-superaron-los-90-kmh-y-la-lluvias-sumaron-varios-milimetros\/#breadcrumb","itemListElement":[{"@type":"ListItem","position":1,"name":"Portada","item":"https:\/\/www.noticiasradioreflejos.com.ar\/2021\/"},{"@type":"ListItem","position":2,"name":"La comarca soport\u00f3 r\u00e1fagas que superaron los 90 km\/h y la lluvias sumaron varios mil\u00edmetros."}]},{"@type":"WebSite","@id":"https:\/\/www.noticiasradioreflejos.com.ar\/2021\/#website","url":"https:\/\/www.noticiasradioreflejos.com.ar\/2021\/","name":"Noticias Radio Reflejos","description":"Las noticias de mi comarca","potentialAction":[{"@type":"SearchAction","target":{"@type":"EntryPoint","urlTemplate":"https:\/\/www.noticiasradioreflejos.com.ar\/2021\/?s={search_term_string}"},"query-input":{"@type":"PropertyValueSpecification","valueRequired":true,"valueName":"search_term_string"}}],"inLanguage":"es"},{"@type":"Person","@id":"https:\/\/www.noticiasradioreflejos.com.ar\/2021\/#\/schema\/person\/ad82545263dcc5ec0996818884fd5fb1","name":"Arnaldo Botto","image":{"@type":"ImageObject","inLanguage":"es","@id":"https:\/\/www.noticiasradioreflejos.com.ar\/2021\/#\/schema\/person\/image\/","url":"https:\/\/secure.gravatar.com\/avatar\/55cb5e37c1efa326397366e6974cb338056df65cb50e7d64d1cf314e87504837?s=96&d=mm&r=g","contentUrl":"https:\/\/secure.gravatar.com\/avatar\/55cb5e37c1efa326397366e6974cb338056df65cb50e7d64d1cf314e87504837?s=96&d=mm&r=g","caption":"Arnaldo Botto"},"url":"https:\/\/www.noticiasradioreflejos.com.ar\/2021\/author\/arnaldo\/"}]}},"_links":{"self":[{"href":"https:\/\/www.noticiasradioreflejos.com.ar\/2021\/wp-json\/wp\/v2\/posts\/32316","targetHints":{"allow":["GET"]}}],"collection":[{"href":"https:\/\/www.noticiasradioreflejos.com.ar\/2021\/wp-json\/wp\/v2\/posts"}],"about":[{"href":"https:\/\/www.noticiasradioreflejos.com.ar\/2021\/wp-json\/wp\/v2\/types\/post"}],"author":[{"embeddable":true,"href":"https:\/\/www.noticiasradioreflejos.com.ar\/2021\/wp-json\/wp\/v2\/users\/3"}],"replies":[{"embeddable":true,"href":"https:\/\/www.noticiasradioreflejos.com.ar\/2021\/wp-json\/wp\/v2\/comments?post=32316"}],"version-history":[{"count":0,"href":"https:\/\/www.noticiasradioreflejos.com.ar\/2021\/wp-json\/wp\/v2\/posts\/32316\/revisions"}],"wp:attachment":[{"href":"https:\/\/www.noticiasradioreflejos.com.ar\/2021\/wp-json\/wp\/v2\/media?parent=32316"}],"wp:term":[{"taxonomy":"category","embeddable":true,"href":"https:\/\/www.noticiasradioreflejos.com.ar\/2021\/wp-json\/wp\/v2\/categories?post=32316"},{"taxonomy":"post_tag","embeddable":true,"href":"https:\/\/www.noticiasradioreflejos.com.ar\/2021\/wp-json\/wp\/v2\/tags?post=32316"}],"curies":[{"name":"wp","href":"https:\/\/api.w.org\/{rel}","templated":true}]}}