{"id":32213,"date":"2019-06-14T16:57:41","date_gmt":"2019-06-14T19:57:41","guid":{"rendered":"http:\/\/www.noticiasradioreflejos.com.ar\/noticias\/?p=32213"},"modified":"2019-06-14T16:57:41","modified_gmt":"2019-06-14T19:57:41","slug":"la-escuelita-azulgrana-jugo-en-olimpo-2","status":"publish","type":"post","link":"https:\/\/www.noticiasradioreflejos.com.ar\/2021\/la-escuelita-azulgrana-jugo-en-olimpo-2\/","title":{"rendered":"La Escuelita Azulgrana jug\u00f3 en Olimpo"},"content":{"rendered":"<p><a href=\"http:\/\/live.staticflickr.com\/65535\/48063132247_770719a905_s.jpg\" title=\"08\" rel=\"\"><img loading=\"lazy\" decoding=\"async\" src=\"http:\/\/live.staticflickr.com\/65535\/48063132247_770719a905.jpg\" width=\"500\" height=\"375\" alt=\"08\" title=\"08\" class=\"alignleft\" style=\"float: left;\"><\/a>La Escuelita Azulgrana particip\u00f3 de un encuentro organizado por el club Olimpo de Bah\u00eda Blanca, que se desarroll\u00f3 en el predio que la entidad aurinegra posee en calle Mart\u00edn Rodr\u00edguez al 200.<!--more--><br \/>\nLa iniciativa cont\u00f3, adem\u00e1s, con la presencia de Libertad, Bella Vista de Bah\u00eda Blanca y Club Sarmiento de Pig\u00fc\u00e9.<br \/>\n   Los partidos se jugaron de la siguiente manera: categor\u00eda 2008\/09, 8 vs 8; 2010, 7 vs 7; 2011, 7 vs 7; y 2012, 6 vs 6.<br \/>\n   Estas divisionales pudieron participar gracias a la colaboraci\u00f3n de los padres, debido a que viajaron en sus autos particulares.<br \/>\n   Los chicos que participaron representando a Automoto fueron:<br \/>\n&#8211;\tCategor\u00eda 2008\/09: Juan Ignacio Abreg\u00fa, Nazareno Verdinelli, Francisco Meriggi, Erik Scrosoppi, Juan Cabrera, Bemjam\u00edn Gallo, Alessandro Marzialetti y Franco Tejeda.<br \/>\n&#8211;\tCategor\u00eda 2010: Pedro Braun, Valentino Sgammini, Kevin Medina, Valentino Braun, Agust\u00edn Del P\u00f3, Santino Cartuccia y Lautaro Del P\u00f3.<br \/>\n&#8211;\tCategor\u00eda 2011: Santino Storm, Bautista Contreras, Francisco Brau, Miqueas Figueroa, Dylan Storm, Ciro Meriggi  y Francesco Labat.<br \/>\n&#8211;\tCategor\u00eda 2012: Yail Cabrera, Benicio Ant\u00f3n, Luca Acevedo, Mateo Garc\u00eda, Facundo Torsani y Thiago Sonda.<br \/>\n   La delegaci\u00f3n estuvo acompa\u00f1ada por los profesores Juli\u00e1n Toy, Hern\u00e1n Bilbao y Agust\u00edn Franco, quienes agradecen a los ni\u00f1os que participaron y a los pap\u00e1s que acompa\u00f1aron.<br \/>\n   El pr\u00f3ximo encuentro de la Escuelita Azulgrana ser\u00e1 el pr\u00f3ximo jueves, feriado nacional,   en Rosario Puerto Belgrano de Punta Alta.<br \/>\nDepartamento de Prensa \u2013 Automoto Club Deportivo<br \/>\nwww.clubautomotopasion.com.ar<br \/>\nFacebook: \/automototornquist<br \/>\nTwitter: @ClubAutomoto<br \/>\nYouTube: acdtvideos<\/p>\n","protected":false},"excerpt":{"rendered":"<p>La Escuelita Azulgrana particip\u00f3 de un encuentro organizado por el club Olimpo de Bah\u00eda Blanca, que se desarroll\u00f3 en el predio que la entidad aurinegra posee en calle Mart\u00edn Rodr\u00edguez al 200.<\/p>\n","protected":false},"author":3,"featured_media":0,"comment_status":"closed","ping_status":"open","sticky":false,"template":"","format":"standard","meta":{"footnotes":""},"categories":[27],"tags":[],"class_list":["post-32213","post","type-post","status-publish","format-standard","hentry","category-deportes"],"yoast_head":"<!-- This site is optimized with the Yoast SEO plugin v25.9 - https:\/\/yoast.com\/wordpress\/plugins\/seo\/ -->\n<title>La Escuelita Azulgrana jug\u00f3 en Olimpo - Noticias Radio Reflejos<\/title>\n<meta name=\"robots\" content=\"index, follow, max-snippet:-1, max-image-preview:large, max-video-preview:-1\" \/>\n<link rel=\"canonical\" href=\"https:\/\/www.noticiasradioreflejos.com.ar\/2021\/la-escuelita-azulgrana-jugo-en-olimpo-2\/\" \/>\n<meta property=\"og:locale\" content=\"es_ES\" \/>\n<meta property=\"og:type\" content=\"article\" \/>\n<meta property=\"og:title\" content=\"La Escuelita Azulgrana jug\u00f3 en Olimpo - Noticias Radio Reflejos\" \/>\n<meta property=\"og:description\" content=\"La Escuelita Azulgrana particip\u00f3 de un encuentro organizado por el club Olimpo de Bah\u00eda Blanca, que se desarroll\u00f3 en el predio que la entidad aurinegra posee en calle Mart\u00edn Rodr\u00edguez al 200.\" \/>\n<meta property=\"og:url\" content=\"https:\/\/www.noticiasradioreflejos.com.ar\/2021\/la-escuelita-azulgrana-jugo-en-olimpo-2\/\" \/>\n<meta property=\"og:site_name\" content=\"Noticias Radio Reflejos\" \/>\n<meta property=\"article:published_time\" content=\"2019-06-14T19:57:41+00:00\" \/>\n<meta property=\"og:image\" content=\"http:\/\/live.staticflickr.com\/65535\/48063132247_770719a905.jpg\" \/>\n<meta name=\"author\" content=\"Arnaldo Botto\" \/>\n<meta name=\"twitter:card\" content=\"summary_large_image\" \/>\n<script type=\"application\/ld+json\" class=\"yoast-schema-graph\">{\"@context\":\"https:\/\/schema.org\",\"@graph\":[{\"@type\":\"WebPage\",\"@id\":\"https:\/\/www.noticiasradioreflejos.com.ar\/2021\/la-escuelita-azulgrana-jugo-en-olimpo-2\/\",\"url\":\"https:\/\/www.noticiasradioreflejos.com.ar\/2021\/la-escuelita-azulgrana-jugo-en-olimpo-2\/\",\"name\":\"La Escuelita Azulgrana jug\u00f3 en Olimpo - Noticias Radio Reflejos\",\"isPartOf\":{\"@id\":\"https:\/\/www.noticiasradioreflejos.com.ar\/2021\/#website\"},\"primaryImageOfPage\":{\"@id\":\"https:\/\/www.noticiasradioreflejos.com.ar\/2021\/la-escuelita-azulgrana-jugo-en-olimpo-2\/#primaryimage\"},\"image\":{\"@id\":\"https:\/\/www.noticiasradioreflejos.com.ar\/2021\/la-escuelita-azulgrana-jugo-en-olimpo-2\/#primaryimage\"},\"thumbnailUrl\":\"http:\/\/live.staticflickr.com\/65535\/48063132247_770719a905.jpg\",\"datePublished\":\"2019-06-14T19:57:41+00:00\",\"author\":{\"@id\":\"https:\/\/www.noticiasradioreflejos.com.ar\/2021\/#\/schema\/person\/ad82545263dcc5ec0996818884fd5fb1\"},\"breadcrumb\":{\"@id\":\"https:\/\/www.noticiasradioreflejos.com.ar\/2021\/la-escuelita-azulgrana-jugo-en-olimpo-2\/#breadcrumb\"},\"inLanguage\":\"es\",\"potentialAction\":[{\"@type\":\"ReadAction\",\"target\":[\"https:\/\/www.noticiasradioreflejos.com.ar\/2021\/la-escuelita-azulgrana-jugo-en-olimpo-2\/\"]}]},{\"@type\":\"ImageObject\",\"inLanguage\":\"es\",\"@id\":\"https:\/\/www.noticiasradioreflejos.com.ar\/2021\/la-escuelita-azulgrana-jugo-en-olimpo-2\/#primaryimage\",\"url\":\"http:\/\/live.staticflickr.com\/65535\/48063132247_770719a905.jpg\",\"contentUrl\":\"http:\/\/live.staticflickr.com\/65535\/48063132247_770719a905.jpg\"},{\"@type\":\"BreadcrumbList\",\"@id\":\"https:\/\/www.noticiasradioreflejos.com.ar\/2021\/la-escuelita-azulgrana-jugo-en-olimpo-2\/#breadcrumb\",\"itemListElement\":[{\"@type\":\"ListItem\",\"position\":1,\"name\":\"Portada\",\"item\":\"https:\/\/www.noticiasradioreflejos.com.ar\/2021\/\"},{\"@type\":\"ListItem\",\"position\":2,\"name\":\"La Escuelita Azulgrana jug\u00f3 en Olimpo\"}]},{\"@type\":\"WebSite\",\"@id\":\"https:\/\/www.noticiasradioreflejos.com.ar\/2021\/#website\",\"url\":\"https:\/\/www.noticiasradioreflejos.com.ar\/2021\/\",\"name\":\"Noticias Radio Reflejos\",\"description\":\"Las noticias de mi comarca\",\"potentialAction\":[{\"@type\":\"SearchAction\",\"target\":{\"@type\":\"EntryPoint\",\"urlTemplate\":\"https:\/\/www.noticiasradioreflejos.com.ar\/2021\/?s={search_term_string}\"},\"query-input\":{\"@type\":\"PropertyValueSpecification\",\"valueRequired\":true,\"valueName\":\"search_term_string\"}}],\"inLanguage\":\"es\"},{\"@type\":\"Person\",\"@id\":\"https:\/\/www.noticiasradioreflejos.com.ar\/2021\/#\/schema\/person\/ad82545263dcc5ec0996818884fd5fb1\",\"name\":\"Arnaldo Botto\",\"image\":{\"@type\":\"ImageObject\",\"inLanguage\":\"es\",\"@id\":\"https:\/\/www.noticiasradioreflejos.com.ar\/2021\/#\/schema\/person\/image\/\",\"url\":\"https:\/\/secure.gravatar.com\/avatar\/55cb5e37c1efa326397366e6974cb338056df65cb50e7d64d1cf314e87504837?s=96&d=mm&r=g\",\"contentUrl\":\"https:\/\/secure.gravatar.com\/avatar\/55cb5e37c1efa326397366e6974cb338056df65cb50e7d64d1cf314e87504837?s=96&d=mm&r=g\",\"caption\":\"Arnaldo Botto\"},\"url\":\"https:\/\/www.noticiasradioreflejos.com.ar\/2021\/author\/arnaldo\/\"}]}<\/script>\n<!-- \/ Yoast SEO plugin. -->","yoast_head_json":{"title":"La Escuelita Azulgrana jug\u00f3 en Olimpo - Noticias Radio Reflejos","robots":{"index":"index","follow":"follow","max-snippet":"max-snippet:-1","max-image-preview":"max-image-preview:large","max-video-preview":"max-video-preview:-1"},"canonical":"https:\/\/www.noticiasradioreflejos.com.ar\/2021\/la-escuelita-azulgrana-jugo-en-olimpo-2\/","og_locale":"es_ES","og_type":"article","og_title":"La Escuelita Azulgrana jug\u00f3 en Olimpo - Noticias Radio Reflejos","og_description":"La Escuelita Azulgrana particip\u00f3 de un encuentro organizado por el club Olimpo de Bah\u00eda Blanca, que se desarroll\u00f3 en el predio que la entidad aurinegra posee en calle Mart\u00edn Rodr\u00edguez al 200.","og_url":"https:\/\/www.noticiasradioreflejos.com.ar\/2021\/la-escuelita-azulgrana-jugo-en-olimpo-2\/","og_site_name":"Noticias Radio Reflejos","article_published_time":"2019-06-14T19:57:41+00:00","og_image":[{"url":"http:\/\/live.staticflickr.com\/65535\/48063132247_770719a905.jpg","type":"","width":"","height":""}],"author":"Arnaldo Botto","twitter_card":"summary_large_image","schema":{"@context":"https:\/\/schema.org","@graph":[{"@type":"WebPage","@id":"https:\/\/www.noticiasradioreflejos.com.ar\/2021\/la-escuelita-azulgrana-jugo-en-olimpo-2\/","url":"https:\/\/www.noticiasradioreflejos.com.ar\/2021\/la-escuelita-azulgrana-jugo-en-olimpo-2\/","name":"La Escuelita Azulgrana jug\u00f3 en Olimpo - Noticias Radio Reflejos","isPartOf":{"@id":"https:\/\/www.noticiasradioreflejos.com.ar\/2021\/#website"},"primaryImageOfPage":{"@id":"https:\/\/www.noticiasradioreflejos.com.ar\/2021\/la-escuelita-azulgrana-jugo-en-olimpo-2\/#primaryimage"},"image":{"@id":"https:\/\/www.noticiasradioreflejos.com.ar\/2021\/la-escuelita-azulgrana-jugo-en-olimpo-2\/#primaryimage"},"thumbnailUrl":"http:\/\/live.staticflickr.com\/65535\/48063132247_770719a905.jpg","datePublished":"2019-06-14T19:57:41+00:00","author":{"@id":"https:\/\/www.noticiasradioreflejos.com.ar\/2021\/#\/schema\/person\/ad82545263dcc5ec0996818884fd5fb1"},"breadcrumb":{"@id":"https:\/\/www.noticiasradioreflejos.com.ar\/2021\/la-escuelita-azulgrana-jugo-en-olimpo-2\/#breadcrumb"},"inLanguage":"es","potentialAction":[{"@type":"ReadAction","target":["https:\/\/www.noticiasradioreflejos.com.ar\/2021\/la-escuelita-azulgrana-jugo-en-olimpo-2\/"]}]},{"@type":"ImageObject","inLanguage":"es","@id":"https:\/\/www.noticiasradioreflejos.com.ar\/2021\/la-escuelita-azulgrana-jugo-en-olimpo-2\/#primaryimage","url":"http:\/\/live.staticflickr.com\/65535\/48063132247_770719a905.jpg","contentUrl":"http:\/\/live.staticflickr.com\/65535\/48063132247_770719a905.jpg"},{"@type":"BreadcrumbList","@id":"https:\/\/www.noticiasradioreflejos.com.ar\/2021\/la-escuelita-azulgrana-jugo-en-olimpo-2\/#breadcrumb","itemListElement":[{"@type":"ListItem","position":1,"name":"Portada","item":"https:\/\/www.noticiasradioreflejos.com.ar\/2021\/"},{"@type":"ListItem","position":2,"name":"La Escuelita Azulgrana jug\u00f3 en Olimpo"}]},{"@type":"WebSite","@id":"https:\/\/www.noticiasradioreflejos.com.ar\/2021\/#website","url":"https:\/\/www.noticiasradioreflejos.com.ar\/2021\/","name":"Noticias Radio Reflejos","description":"Las noticias de mi comarca","potentialAction":[{"@type":"SearchAction","target":{"@type":"EntryPoint","urlTemplate":"https:\/\/www.noticiasradioreflejos.com.ar\/2021\/?s={search_term_string}"},"query-input":{"@type":"PropertyValueSpecification","valueRequired":true,"valueName":"search_term_string"}}],"inLanguage":"es"},{"@type":"Person","@id":"https:\/\/www.noticiasradioreflejos.com.ar\/2021\/#\/schema\/person\/ad82545263dcc5ec0996818884fd5fb1","name":"Arnaldo Botto","image":{"@type":"ImageObject","inLanguage":"es","@id":"https:\/\/www.noticiasradioreflejos.com.ar\/2021\/#\/schema\/person\/image\/","url":"https:\/\/secure.gravatar.com\/avatar\/55cb5e37c1efa326397366e6974cb338056df65cb50e7d64d1cf314e87504837?s=96&d=mm&r=g","contentUrl":"https:\/\/secure.gravatar.com\/avatar\/55cb5e37c1efa326397366e6974cb338056df65cb50e7d64d1cf314e87504837?s=96&d=mm&r=g","caption":"Arnaldo Botto"},"url":"https:\/\/www.noticiasradioreflejos.com.ar\/2021\/author\/arnaldo\/"}]}},"_links":{"self":[{"href":"https:\/\/www.noticiasradioreflejos.com.ar\/2021\/wp-json\/wp\/v2\/posts\/32213","targetHints":{"allow":["GET"]}}],"collection":[{"href":"https:\/\/www.noticiasradioreflejos.com.ar\/2021\/wp-json\/wp\/v2\/posts"}],"about":[{"href":"https:\/\/www.noticiasradioreflejos.com.ar\/2021\/wp-json\/wp\/v2\/types\/post"}],"author":[{"embeddable":true,"href":"https:\/\/www.noticiasradioreflejos.com.ar\/2021\/wp-json\/wp\/v2\/users\/3"}],"replies":[{"embeddable":true,"href":"https:\/\/www.noticiasradioreflejos.com.ar\/2021\/wp-json\/wp\/v2\/comments?post=32213"}],"version-history":[{"count":0,"href":"https:\/\/www.noticiasradioreflejos.com.ar\/2021\/wp-json\/wp\/v2\/posts\/32213\/revisions"}],"wp:attachment":[{"href":"https:\/\/www.noticiasradioreflejos.com.ar\/2021\/wp-json\/wp\/v2\/media?parent=32213"}],"wp:term":[{"taxonomy":"category","embeddable":true,"href":"https:\/\/www.noticiasradioreflejos.com.ar\/2021\/wp-json\/wp\/v2\/categories?post=32213"},{"taxonomy":"post_tag","embeddable":true,"href":"https:\/\/www.noticiasradioreflejos.com.ar\/2021\/wp-json\/wp\/v2\/tags?post=32213"}],"curies":[{"name":"wp","href":"https:\/\/api.w.org\/{rel}","templated":true}]}}