{"id":32202,"date":"2019-06-14T12:24:58","date_gmt":"2019-06-14T15:24:58","guid":{"rendered":"http:\/\/www.noticiasradioreflejos.com.ar\/noticias\/?p=32202"},"modified":"2019-06-14T12:24:58","modified_gmt":"2019-06-14T15:24:58","slug":"el-banco-ha-puesto-un-monton-en-esta-promocion-susana-dos-santos","status":"publish","type":"post","link":"https:\/\/www.noticiasradioreflejos.com.ar\/2021\/el-banco-ha-puesto-un-monton-en-esta-promocion-susana-dos-santos\/","title":{"rendered":"&quot;El banco ha puesto un mont\u00f3n en esta promoci\u00f3n&quot; &#8211; Susana Dos Santos"},"content":{"rendered":"<p>En esta entrevista, dialogamos con la Secretaria de Turismo de Tornquist Municipio <strong>Susana Dos Santos<\/strong>, sobre el marco de las acciones de vacaciones de invierno, donde el Banco Provincia estar\u00e1 ofreciendo descuentos en servicios tur\u00edsticos en la comarca.<br \/>\n\u00abEl Banco ha puesto un mont\u00f3n, 30% de descuento, el 20 lo cubre el banco y el 10 restante el prestador\u00bb.<br \/>\nDos Santos sufri\u00f3 una ca\u00edda en la Ciudad de Buenos Aires, que le provoc\u00f3 una fractura de rodilla, con una consecuente operaci\u00f3n, de la que se repone, sin embargo, aunque est\u00e1 de licencia, se encuentra trabajando en la funci\u00f3n que desempe\u00f1a dentro de la cartera de turismo.<!--more--><br \/>\nLa funcionaria explic\u00f3 en relaci\u00f3n a esta promoci\u00f3n que brinda hasta un 30% de descuento en alojamientos para los clientes de la instituci\u00f3n bancaria, la gesti\u00f3n que se realiz\u00f3 junto con la Subsecretar\u00eda de Turismo provincial para lograr que la comarca ingresara dentro de la promoci\u00f3n que habitualmente el Banco ofrece. Adem\u00e1s analizamos la marcha de la demanda para este fin de semana largo y las vacaciones de invierno.<br \/>\n\u00abQue la gente entienda que para tener bonificaciones del banco hay que ser cliente\u00bb enfatiz\u00f3 Susana anticipando que a partir del martes, comienzan a sumar a los descuentos a los gastron\u00f3micos y m\u00e1s adelante otros servicios. Para los prestadores de alojamiento la inscripci\u00f3n vence este viernes 14 de junio.<br \/>\nAdem\u00e1s, analizamos la marcha de las reservas para vacaciones de invierno y este fin de semana largo, al que calific\u00f3 como de baja demanda todos los a\u00f1os, por el festejo del \u00abD\u00eda del Padre\u00bb.<br \/>\n<iframe loading=\"lazy\" width=\"100%\" height=\"166\" scrolling=\"no\" frameborder=\"no\" allow=\"autoplay\" src=\"https:\/\/w.soundcloud.com\/player\/?url=https%3A\/\/api.soundcloud.com\/tracks\/636587934&#038;color=%23ff5500&#038;auto_play=false&#038;hide_related=false&#038;show_comments=true&#038;show_user=true&#038;show_reposts=false&#038;show_teaser=true\"><\/iframe><\/p>\n","protected":false},"excerpt":{"rendered":"<p>En esta entrevista, dialogamos con la Secretaria de Turismo de Tornquist Municipio Susana Dos Santos, sobre el marco de las acciones de vacaciones de invierno, donde el Banco Provincia estar\u00e1 ofreciendo descuentos en servicios tur\u00edsticos en la comarca. \u00abEl Banco ha puesto un mont\u00f3n, 30% de descuento, el 20 lo cubre el banco y el [&hellip;]<\/p>\n","protected":false},"author":3,"featured_media":1895,"comment_status":"closed","ping_status":"open","sticky":false,"template":"","format":"standard","meta":{"footnotes":""},"categories":[33],"tags":[],"class_list":["post-32202","post","type-post","status-publish","format-standard","has-post-thumbnail","hentry","category-turismo"],"yoast_head":"<!-- This site is optimized with the Yoast SEO plugin v25.9 - https:\/\/yoast.com\/wordpress\/plugins\/seo\/ -->\n<title>&quot;El banco ha puesto un mont\u00f3n en esta promoci\u00f3n&quot; - Susana Dos Santos - Noticias Radio Reflejos<\/title>\n<meta name=\"robots\" content=\"index, follow, max-snippet:-1, max-image-preview:large, max-video-preview:-1\" \/>\n<link rel=\"canonical\" href=\"https:\/\/www.noticiasradioreflejos.com.ar\/2021\/el-banco-ha-puesto-un-monton-en-esta-promocion-susana-dos-santos\/\" \/>\n<meta property=\"og:locale\" content=\"es_ES\" \/>\n<meta property=\"og:type\" content=\"article\" \/>\n<meta property=\"og:title\" content=\"&quot;El banco ha puesto un mont\u00f3n en esta promoci\u00f3n&quot; - Susana Dos Santos - Noticias Radio Reflejos\" \/>\n<meta property=\"og:description\" content=\"En esta entrevista, dialogamos con la Secretaria de Turismo de Tornquist Municipio Susana Dos Santos, sobre el marco de las acciones de vacaciones de invierno, donde el Banco Provincia estar\u00e1 ofreciendo descuentos en servicios tur\u00edsticos en la comarca. \u00abEl Banco ha puesto un mont\u00f3n, 30% de descuento, el 20 lo cubre el banco y el [&hellip;]\" \/>\n<meta property=\"og:url\" content=\"https:\/\/www.noticiasradioreflejos.com.ar\/2021\/el-banco-ha-puesto-un-monton-en-esta-promocion-susana-dos-santos\/\" \/>\n<meta property=\"og:site_name\" content=\"Noticias Radio Reflejos\" \/>\n<meta property=\"article:published_time\" content=\"2019-06-14T15:24:58+00:00\" \/>\n<meta property=\"og:image\" content=\"https:\/\/www.noticiasradioreflejos.com.ar\/2021\/wp-content\/uploads\/2016\/10\/545776_411527758865935_100000261420779_1582443_1822966790_n-1.jpg\" \/>\n\t<meta property=\"og:image:width\" content=\"960\" \/>\n\t<meta property=\"og:image:height\" content=\"540\" \/>\n\t<meta property=\"og:image:type\" content=\"image\/jpeg\" \/>\n<meta name=\"author\" content=\"Arnaldo Botto\" \/>\n<meta name=\"twitter:card\" content=\"summary_large_image\" \/>\n<script type=\"application\/ld+json\" class=\"yoast-schema-graph\">{\"@context\":\"https:\/\/schema.org\",\"@graph\":[{\"@type\":\"WebPage\",\"@id\":\"https:\/\/www.noticiasradioreflejos.com.ar\/2021\/el-banco-ha-puesto-un-monton-en-esta-promocion-susana-dos-santos\/\",\"url\":\"https:\/\/www.noticiasradioreflejos.com.ar\/2021\/el-banco-ha-puesto-un-monton-en-esta-promocion-susana-dos-santos\/\",\"name\":\"&quot;El banco ha puesto un mont\u00f3n en esta promoci\u00f3n&quot; - Susana Dos Santos - Noticias Radio Reflejos\",\"isPartOf\":{\"@id\":\"https:\/\/www.noticiasradioreflejos.com.ar\/2021\/#website\"},\"primaryImageOfPage\":{\"@id\":\"https:\/\/www.noticiasradioreflejos.com.ar\/2021\/el-banco-ha-puesto-un-monton-en-esta-promocion-susana-dos-santos\/#primaryimage\"},\"image\":{\"@id\":\"https:\/\/www.noticiasradioreflejos.com.ar\/2021\/el-banco-ha-puesto-un-monton-en-esta-promocion-susana-dos-santos\/#primaryimage\"},\"thumbnailUrl\":\"https:\/\/www.noticiasradioreflejos.com.ar\/2021\/wp-content\/uploads\/2016\/10\/545776_411527758865935_100000261420779_1582443_1822966790_n-1.jpg\",\"datePublished\":\"2019-06-14T15:24:58+00:00\",\"author\":{\"@id\":\"https:\/\/www.noticiasradioreflejos.com.ar\/2021\/#\/schema\/person\/ad82545263dcc5ec0996818884fd5fb1\"},\"breadcrumb\":{\"@id\":\"https:\/\/www.noticiasradioreflejos.com.ar\/2021\/el-banco-ha-puesto-un-monton-en-esta-promocion-susana-dos-santos\/#breadcrumb\"},\"inLanguage\":\"es\",\"potentialAction\":[{\"@type\":\"ReadAction\",\"target\":[\"https:\/\/www.noticiasradioreflejos.com.ar\/2021\/el-banco-ha-puesto-un-monton-en-esta-promocion-susana-dos-santos\/\"]}]},{\"@type\":\"ImageObject\",\"inLanguage\":\"es\",\"@id\":\"https:\/\/www.noticiasradioreflejos.com.ar\/2021\/el-banco-ha-puesto-un-monton-en-esta-promocion-susana-dos-santos\/#primaryimage\",\"url\":\"https:\/\/www.noticiasradioreflejos.com.ar\/2021\/wp-content\/uploads\/2016\/10\/545776_411527758865935_100000261420779_1582443_1822966790_n-1.jpg\",\"contentUrl\":\"https:\/\/www.noticiasradioreflejos.com.ar\/2021\/wp-content\/uploads\/2016\/10\/545776_411527758865935_100000261420779_1582443_1822966790_n-1.jpg\",\"width\":960,\"height\":540},{\"@type\":\"BreadcrumbList\",\"@id\":\"https:\/\/www.noticiasradioreflejos.com.ar\/2021\/el-banco-ha-puesto-un-monton-en-esta-promocion-susana-dos-santos\/#breadcrumb\",\"itemListElement\":[{\"@type\":\"ListItem\",\"position\":1,\"name\":\"Portada\",\"item\":\"https:\/\/www.noticiasradioreflejos.com.ar\/2021\/\"},{\"@type\":\"ListItem\",\"position\":2,\"name\":\"&quot;El banco ha puesto un mont\u00f3n en esta promoci\u00f3n&quot; &#8211; Susana Dos Santos\"}]},{\"@type\":\"WebSite\",\"@id\":\"https:\/\/www.noticiasradioreflejos.com.ar\/2021\/#website\",\"url\":\"https:\/\/www.noticiasradioreflejos.com.ar\/2021\/\",\"name\":\"Noticias Radio Reflejos\",\"description\":\"Las noticias de mi comarca\",\"potentialAction\":[{\"@type\":\"SearchAction\",\"target\":{\"@type\":\"EntryPoint\",\"urlTemplate\":\"https:\/\/www.noticiasradioreflejos.com.ar\/2021\/?s={search_term_string}\"},\"query-input\":{\"@type\":\"PropertyValueSpecification\",\"valueRequired\":true,\"valueName\":\"search_term_string\"}}],\"inLanguage\":\"es\"},{\"@type\":\"Person\",\"@id\":\"https:\/\/www.noticiasradioreflejos.com.ar\/2021\/#\/schema\/person\/ad82545263dcc5ec0996818884fd5fb1\",\"name\":\"Arnaldo Botto\",\"image\":{\"@type\":\"ImageObject\",\"inLanguage\":\"es\",\"@id\":\"https:\/\/www.noticiasradioreflejos.com.ar\/2021\/#\/schema\/person\/image\/\",\"url\":\"https:\/\/secure.gravatar.com\/avatar\/55cb5e37c1efa326397366e6974cb338056df65cb50e7d64d1cf314e87504837?s=96&d=mm&r=g\",\"contentUrl\":\"https:\/\/secure.gravatar.com\/avatar\/55cb5e37c1efa326397366e6974cb338056df65cb50e7d64d1cf314e87504837?s=96&d=mm&r=g\",\"caption\":\"Arnaldo Botto\"},\"url\":\"https:\/\/www.noticiasradioreflejos.com.ar\/2021\/author\/arnaldo\/\"}]}<\/script>\n<!-- \/ Yoast SEO plugin. -->","yoast_head_json":{"title":"&quot;El banco ha puesto un mont\u00f3n en esta promoci\u00f3n&quot; - Susana Dos Santos - Noticias Radio Reflejos","robots":{"index":"index","follow":"follow","max-snippet":"max-snippet:-1","max-image-preview":"max-image-preview:large","max-video-preview":"max-video-preview:-1"},"canonical":"https:\/\/www.noticiasradioreflejos.com.ar\/2021\/el-banco-ha-puesto-un-monton-en-esta-promocion-susana-dos-santos\/","og_locale":"es_ES","og_type":"article","og_title":"&quot;El banco ha puesto un mont\u00f3n en esta promoci\u00f3n&quot; - Susana Dos Santos - Noticias Radio Reflejos","og_description":"En esta entrevista, dialogamos con la Secretaria de Turismo de Tornquist Municipio Susana Dos Santos, sobre el marco de las acciones de vacaciones de invierno, donde el Banco Provincia estar\u00e1 ofreciendo descuentos en servicios tur\u00edsticos en la comarca. \u00abEl Banco ha puesto un mont\u00f3n, 30% de descuento, el 20 lo cubre el banco y el [&hellip;]","og_url":"https:\/\/www.noticiasradioreflejos.com.ar\/2021\/el-banco-ha-puesto-un-monton-en-esta-promocion-susana-dos-santos\/","og_site_name":"Noticias Radio Reflejos","article_published_time":"2019-06-14T15:24:58+00:00","og_image":[{"width":960,"height":540,"url":"https:\/\/www.noticiasradioreflejos.com.ar\/2021\/wp-content\/uploads\/2016\/10\/545776_411527758865935_100000261420779_1582443_1822966790_n-1.jpg","type":"image\/jpeg"}],"author":"Arnaldo Botto","twitter_card":"summary_large_image","schema":{"@context":"https:\/\/schema.org","@graph":[{"@type":"WebPage","@id":"https:\/\/www.noticiasradioreflejos.com.ar\/2021\/el-banco-ha-puesto-un-monton-en-esta-promocion-susana-dos-santos\/","url":"https:\/\/www.noticiasradioreflejos.com.ar\/2021\/el-banco-ha-puesto-un-monton-en-esta-promocion-susana-dos-santos\/","name":"&quot;El banco ha puesto un mont\u00f3n en esta promoci\u00f3n&quot; - Susana Dos Santos - Noticias Radio Reflejos","isPartOf":{"@id":"https:\/\/www.noticiasradioreflejos.com.ar\/2021\/#website"},"primaryImageOfPage":{"@id":"https:\/\/www.noticiasradioreflejos.com.ar\/2021\/el-banco-ha-puesto-un-monton-en-esta-promocion-susana-dos-santos\/#primaryimage"},"image":{"@id":"https:\/\/www.noticiasradioreflejos.com.ar\/2021\/el-banco-ha-puesto-un-monton-en-esta-promocion-susana-dos-santos\/#primaryimage"},"thumbnailUrl":"https:\/\/www.noticiasradioreflejos.com.ar\/2021\/wp-content\/uploads\/2016\/10\/545776_411527758865935_100000261420779_1582443_1822966790_n-1.jpg","datePublished":"2019-06-14T15:24:58+00:00","author":{"@id":"https:\/\/www.noticiasradioreflejos.com.ar\/2021\/#\/schema\/person\/ad82545263dcc5ec0996818884fd5fb1"},"breadcrumb":{"@id":"https:\/\/www.noticiasradioreflejos.com.ar\/2021\/el-banco-ha-puesto-un-monton-en-esta-promocion-susana-dos-santos\/#breadcrumb"},"inLanguage":"es","potentialAction":[{"@type":"ReadAction","target":["https:\/\/www.noticiasradioreflejos.com.ar\/2021\/el-banco-ha-puesto-un-monton-en-esta-promocion-susana-dos-santos\/"]}]},{"@type":"ImageObject","inLanguage":"es","@id":"https:\/\/www.noticiasradioreflejos.com.ar\/2021\/el-banco-ha-puesto-un-monton-en-esta-promocion-susana-dos-santos\/#primaryimage","url":"https:\/\/www.noticiasradioreflejos.com.ar\/2021\/wp-content\/uploads\/2016\/10\/545776_411527758865935_100000261420779_1582443_1822966790_n-1.jpg","contentUrl":"https:\/\/www.noticiasradioreflejos.com.ar\/2021\/wp-content\/uploads\/2016\/10\/545776_411527758865935_100000261420779_1582443_1822966790_n-1.jpg","width":960,"height":540},{"@type":"BreadcrumbList","@id":"https:\/\/www.noticiasradioreflejos.com.ar\/2021\/el-banco-ha-puesto-un-monton-en-esta-promocion-susana-dos-santos\/#breadcrumb","itemListElement":[{"@type":"ListItem","position":1,"name":"Portada","item":"https:\/\/www.noticiasradioreflejos.com.ar\/2021\/"},{"@type":"ListItem","position":2,"name":"&quot;El banco ha puesto un mont\u00f3n en esta promoci\u00f3n&quot; &#8211; Susana Dos Santos"}]},{"@type":"WebSite","@id":"https:\/\/www.noticiasradioreflejos.com.ar\/2021\/#website","url":"https:\/\/www.noticiasradioreflejos.com.ar\/2021\/","name":"Noticias Radio Reflejos","description":"Las noticias de mi comarca","potentialAction":[{"@type":"SearchAction","target":{"@type":"EntryPoint","urlTemplate":"https:\/\/www.noticiasradioreflejos.com.ar\/2021\/?s={search_term_string}"},"query-input":{"@type":"PropertyValueSpecification","valueRequired":true,"valueName":"search_term_string"}}],"inLanguage":"es"},{"@type":"Person","@id":"https:\/\/www.noticiasradioreflejos.com.ar\/2021\/#\/schema\/person\/ad82545263dcc5ec0996818884fd5fb1","name":"Arnaldo Botto","image":{"@type":"ImageObject","inLanguage":"es","@id":"https:\/\/www.noticiasradioreflejos.com.ar\/2021\/#\/schema\/person\/image\/","url":"https:\/\/secure.gravatar.com\/avatar\/55cb5e37c1efa326397366e6974cb338056df65cb50e7d64d1cf314e87504837?s=96&d=mm&r=g","contentUrl":"https:\/\/secure.gravatar.com\/avatar\/55cb5e37c1efa326397366e6974cb338056df65cb50e7d64d1cf314e87504837?s=96&d=mm&r=g","caption":"Arnaldo Botto"},"url":"https:\/\/www.noticiasradioreflejos.com.ar\/2021\/author\/arnaldo\/"}]}},"_links":{"self":[{"href":"https:\/\/www.noticiasradioreflejos.com.ar\/2021\/wp-json\/wp\/v2\/posts\/32202","targetHints":{"allow":["GET"]}}],"collection":[{"href":"https:\/\/www.noticiasradioreflejos.com.ar\/2021\/wp-json\/wp\/v2\/posts"}],"about":[{"href":"https:\/\/www.noticiasradioreflejos.com.ar\/2021\/wp-json\/wp\/v2\/types\/post"}],"author":[{"embeddable":true,"href":"https:\/\/www.noticiasradioreflejos.com.ar\/2021\/wp-json\/wp\/v2\/users\/3"}],"replies":[{"embeddable":true,"href":"https:\/\/www.noticiasradioreflejos.com.ar\/2021\/wp-json\/wp\/v2\/comments?post=32202"}],"version-history":[{"count":0,"href":"https:\/\/www.noticiasradioreflejos.com.ar\/2021\/wp-json\/wp\/v2\/posts\/32202\/revisions"}],"wp:featuredmedia":[{"embeddable":true,"href":"https:\/\/www.noticiasradioreflejos.com.ar\/2021\/wp-json\/wp\/v2\/media\/1895"}],"wp:attachment":[{"href":"https:\/\/www.noticiasradioreflejos.com.ar\/2021\/wp-json\/wp\/v2\/media?parent=32202"}],"wp:term":[{"taxonomy":"category","embeddable":true,"href":"https:\/\/www.noticiasradioreflejos.com.ar\/2021\/wp-json\/wp\/v2\/categories?post=32202"},{"taxonomy":"post_tag","embeddable":true,"href":"https:\/\/www.noticiasradioreflejos.com.ar\/2021\/wp-json\/wp\/v2\/tags?post=32202"}],"curies":[{"name":"wp","href":"https:\/\/api.w.org\/{rel}","templated":true}]}}