{"id":32192,"date":"2019-06-14T08:18:11","date_gmt":"2019-06-14T11:18:11","guid":{"rendered":"http:\/\/www.noticiasradioreflejos.com.ar\/noticias\/?p=32192"},"modified":"2019-06-14T08:18:11","modified_gmt":"2019-06-14T11:18:11","slug":"inscripcion-educacion-no-formal","status":"publish","type":"post","link":"https:\/\/www.noticiasradioreflejos.com.ar\/2021\/inscripcion-educacion-no-formal\/","title":{"rendered":"Inscripci\u00f3n: Educaci\u00f3n NO FORMAL"},"content":{"rendered":"<p>Secretar\u00eda de Asuntos Docentes de Tornquist a pedido del Inspector Guillermo Gandrup y la Se\u00f1ora Directora de la EESA N\u00b0 1 Profesora Llayle Tiznado conforme a lo pautado en la Disposici\u00f3n 45\/09 llama a inscripci\u00f3n para la cobertura del cargo de Profesor para el dictado del Curso de Educaci\u00f3n No Formal: DISE\u00d1O Y ELABORACI\u00d3N DE PROYECTOS PRODUCTIVOS con una carga horaria de 40 m\u00f3dulos que ser\u00e1 replicado en las siguientes localidades del distrito (Sierra de la Ventana, Villa Ventana, Tornquist, Saldungaray y Tres Picos) conforme a lo pautado por la Resoluci\u00f3n N\u00b0 5676\/08.<!--more--><br \/>\nLos interesados deber\u00e1n acercarse a las instalaciones de la Escuela de Educaci\u00f3n Secundaria Agraria N\u00b0 1 cita en calle Ameghino 1.090 a fin de informarse del desarrollo tem\u00e1tico\/ programa.<br \/>\nInscripci\u00f3n en SAD : del 18 al 21 de junio de 2019<br \/>\nHorario: de 10 a 14<br \/>\nLugar: Sede de la SAD: Calle 25 de mayo N\u00b0 626<br \/>\nLocalidad: Tornquist<\/p>\n","protected":false},"excerpt":{"rendered":"<p>Secretar\u00eda de Asuntos Docentes de Tornquist a pedido del Inspector Guillermo Gandrup y la Se\u00f1ora Directora de la EESA N\u00b0 1 Profesora Llayle Tiznado conforme a lo pautado en la Disposici\u00f3n 45\/09 llama a inscripci\u00f3n para la cobertura del cargo de Profesor para el dictado del Curso de Educaci\u00f3n No Formal: DISE\u00d1O Y ELABORACI\u00d3N DE [&hellip;]<\/p>\n","protected":false},"author":3,"featured_media":0,"comment_status":"closed","ping_status":"open","sticky":false,"template":"","format":"standard","meta":{"footnotes":""},"categories":[34],"tags":[],"class_list":["post-32192","post","type-post","status-publish","format-standard","hentry","category-educacion"],"yoast_head":"<!-- This site is optimized with the Yoast SEO plugin v25.9 - https:\/\/yoast.com\/wordpress\/plugins\/seo\/ -->\n<title>Inscripci\u00f3n: Educaci\u00f3n NO FORMAL - Noticias Radio Reflejos<\/title>\n<meta name=\"robots\" content=\"index, follow, max-snippet:-1, max-image-preview:large, max-video-preview:-1\" \/>\n<link rel=\"canonical\" href=\"https:\/\/www.noticiasradioreflejos.com.ar\/2021\/inscripcion-educacion-no-formal\/\" \/>\n<meta property=\"og:locale\" content=\"es_ES\" \/>\n<meta property=\"og:type\" content=\"article\" \/>\n<meta property=\"og:title\" content=\"Inscripci\u00f3n: Educaci\u00f3n NO FORMAL - Noticias Radio Reflejos\" \/>\n<meta property=\"og:description\" content=\"Secretar\u00eda de Asuntos Docentes de Tornquist a pedido del Inspector Guillermo Gandrup y la Se\u00f1ora Directora de la EESA N\u00b0 1 Profesora Llayle Tiznado conforme a lo pautado en la Disposici\u00f3n 45\/09 llama a inscripci\u00f3n para la cobertura del cargo de Profesor para el dictado del Curso de Educaci\u00f3n No Formal: DISE\u00d1O Y ELABORACI\u00d3N DE [&hellip;]\" \/>\n<meta property=\"og:url\" content=\"https:\/\/www.noticiasradioreflejos.com.ar\/2021\/inscripcion-educacion-no-formal\/\" \/>\n<meta property=\"og:site_name\" content=\"Noticias Radio Reflejos\" \/>\n<meta property=\"article:published_time\" content=\"2019-06-14T11:18:11+00:00\" \/>\n<meta property=\"og:image\" content=\"https:\/\/www.noticiasradioreflejos.com.ar\/2021\/wp-content\/uploads\/2021\/07\/logosol300x200.png\" \/>\n\t<meta property=\"og:image:width\" content=\"300\" \/>\n\t<meta property=\"og:image:height\" content=\"200\" \/>\n\t<meta property=\"og:image:type\" content=\"image\/png\" \/>\n<meta name=\"author\" content=\"Arnaldo Botto\" \/>\n<meta name=\"twitter:card\" content=\"summary_large_image\" \/>\n<script type=\"application\/ld+json\" class=\"yoast-schema-graph\">{\"@context\":\"https:\/\/schema.org\",\"@graph\":[{\"@type\":\"WebPage\",\"@id\":\"https:\/\/www.noticiasradioreflejos.com.ar\/2021\/inscripcion-educacion-no-formal\/\",\"url\":\"https:\/\/www.noticiasradioreflejos.com.ar\/2021\/inscripcion-educacion-no-formal\/\",\"name\":\"Inscripci\u00f3n: Educaci\u00f3n NO FORMAL - Noticias Radio Reflejos\",\"isPartOf\":{\"@id\":\"https:\/\/www.noticiasradioreflejos.com.ar\/2021\/#website\"},\"datePublished\":\"2019-06-14T11:18:11+00:00\",\"author\":{\"@id\":\"https:\/\/www.noticiasradioreflejos.com.ar\/2021\/#\/schema\/person\/ad82545263dcc5ec0996818884fd5fb1\"},\"breadcrumb\":{\"@id\":\"https:\/\/www.noticiasradioreflejos.com.ar\/2021\/inscripcion-educacion-no-formal\/#breadcrumb\"},\"inLanguage\":\"es\",\"potentialAction\":[{\"@type\":\"ReadAction\",\"target\":[\"https:\/\/www.noticiasradioreflejos.com.ar\/2021\/inscripcion-educacion-no-formal\/\"]}]},{\"@type\":\"BreadcrumbList\",\"@id\":\"https:\/\/www.noticiasradioreflejos.com.ar\/2021\/inscripcion-educacion-no-formal\/#breadcrumb\",\"itemListElement\":[{\"@type\":\"ListItem\",\"position\":1,\"name\":\"Portada\",\"item\":\"https:\/\/www.noticiasradioreflejos.com.ar\/2021\/\"},{\"@type\":\"ListItem\",\"position\":2,\"name\":\"Inscripci\u00f3n: Educaci\u00f3n NO FORMAL\"}]},{\"@type\":\"WebSite\",\"@id\":\"https:\/\/www.noticiasradioreflejos.com.ar\/2021\/#website\",\"url\":\"https:\/\/www.noticiasradioreflejos.com.ar\/2021\/\",\"name\":\"Noticias Radio Reflejos\",\"description\":\"Las noticias de mi comarca\",\"potentialAction\":[{\"@type\":\"SearchAction\",\"target\":{\"@type\":\"EntryPoint\",\"urlTemplate\":\"https:\/\/www.noticiasradioreflejos.com.ar\/2021\/?s={search_term_string}\"},\"query-input\":{\"@type\":\"PropertyValueSpecification\",\"valueRequired\":true,\"valueName\":\"search_term_string\"}}],\"inLanguage\":\"es\"},{\"@type\":\"Person\",\"@id\":\"https:\/\/www.noticiasradioreflejos.com.ar\/2021\/#\/schema\/person\/ad82545263dcc5ec0996818884fd5fb1\",\"name\":\"Arnaldo Botto\",\"image\":{\"@type\":\"ImageObject\",\"inLanguage\":\"es\",\"@id\":\"https:\/\/www.noticiasradioreflejos.com.ar\/2021\/#\/schema\/person\/image\/\",\"url\":\"https:\/\/secure.gravatar.com\/avatar\/55cb5e37c1efa326397366e6974cb338056df65cb50e7d64d1cf314e87504837?s=96&d=mm&r=g\",\"contentUrl\":\"https:\/\/secure.gravatar.com\/avatar\/55cb5e37c1efa326397366e6974cb338056df65cb50e7d64d1cf314e87504837?s=96&d=mm&r=g\",\"caption\":\"Arnaldo Botto\"},\"url\":\"https:\/\/www.noticiasradioreflejos.com.ar\/2021\/author\/arnaldo\/\"}]}<\/script>\n<!-- \/ Yoast SEO plugin. -->","yoast_head_json":{"title":"Inscripci\u00f3n: Educaci\u00f3n NO FORMAL - Noticias Radio Reflejos","robots":{"index":"index","follow":"follow","max-snippet":"max-snippet:-1","max-image-preview":"max-image-preview:large","max-video-preview":"max-video-preview:-1"},"canonical":"https:\/\/www.noticiasradioreflejos.com.ar\/2021\/inscripcion-educacion-no-formal\/","og_locale":"es_ES","og_type":"article","og_title":"Inscripci\u00f3n: Educaci\u00f3n NO FORMAL - Noticias Radio Reflejos","og_description":"Secretar\u00eda de Asuntos Docentes de Tornquist a pedido del Inspector Guillermo Gandrup y la Se\u00f1ora Directora de la EESA N\u00b0 1 Profesora Llayle Tiznado conforme a lo pautado en la Disposici\u00f3n 45\/09 llama a inscripci\u00f3n para la cobertura del cargo de Profesor para el dictado del Curso de Educaci\u00f3n No Formal: DISE\u00d1O Y ELABORACI\u00d3N DE [&hellip;]","og_url":"https:\/\/www.noticiasradioreflejos.com.ar\/2021\/inscripcion-educacion-no-formal\/","og_site_name":"Noticias Radio Reflejos","article_published_time":"2019-06-14T11:18:11+00:00","og_image":[{"width":300,"height":200,"url":"https:\/\/www.noticiasradioreflejos.com.ar\/2021\/wp-content\/uploads\/2021\/07\/logosol300x200.png","type":"image\/png"}],"author":"Arnaldo Botto","twitter_card":"summary_large_image","schema":{"@context":"https:\/\/schema.org","@graph":[{"@type":"WebPage","@id":"https:\/\/www.noticiasradioreflejos.com.ar\/2021\/inscripcion-educacion-no-formal\/","url":"https:\/\/www.noticiasradioreflejos.com.ar\/2021\/inscripcion-educacion-no-formal\/","name":"Inscripci\u00f3n: Educaci\u00f3n NO FORMAL - Noticias Radio Reflejos","isPartOf":{"@id":"https:\/\/www.noticiasradioreflejos.com.ar\/2021\/#website"},"datePublished":"2019-06-14T11:18:11+00:00","author":{"@id":"https:\/\/www.noticiasradioreflejos.com.ar\/2021\/#\/schema\/person\/ad82545263dcc5ec0996818884fd5fb1"},"breadcrumb":{"@id":"https:\/\/www.noticiasradioreflejos.com.ar\/2021\/inscripcion-educacion-no-formal\/#breadcrumb"},"inLanguage":"es","potentialAction":[{"@type":"ReadAction","target":["https:\/\/www.noticiasradioreflejos.com.ar\/2021\/inscripcion-educacion-no-formal\/"]}]},{"@type":"BreadcrumbList","@id":"https:\/\/www.noticiasradioreflejos.com.ar\/2021\/inscripcion-educacion-no-formal\/#breadcrumb","itemListElement":[{"@type":"ListItem","position":1,"name":"Portada","item":"https:\/\/www.noticiasradioreflejos.com.ar\/2021\/"},{"@type":"ListItem","position":2,"name":"Inscripci\u00f3n: Educaci\u00f3n NO FORMAL"}]},{"@type":"WebSite","@id":"https:\/\/www.noticiasradioreflejos.com.ar\/2021\/#website","url":"https:\/\/www.noticiasradioreflejos.com.ar\/2021\/","name":"Noticias Radio Reflejos","description":"Las noticias de mi comarca","potentialAction":[{"@type":"SearchAction","target":{"@type":"EntryPoint","urlTemplate":"https:\/\/www.noticiasradioreflejos.com.ar\/2021\/?s={search_term_string}"},"query-input":{"@type":"PropertyValueSpecification","valueRequired":true,"valueName":"search_term_string"}}],"inLanguage":"es"},{"@type":"Person","@id":"https:\/\/www.noticiasradioreflejos.com.ar\/2021\/#\/schema\/person\/ad82545263dcc5ec0996818884fd5fb1","name":"Arnaldo Botto","image":{"@type":"ImageObject","inLanguage":"es","@id":"https:\/\/www.noticiasradioreflejos.com.ar\/2021\/#\/schema\/person\/image\/","url":"https:\/\/secure.gravatar.com\/avatar\/55cb5e37c1efa326397366e6974cb338056df65cb50e7d64d1cf314e87504837?s=96&d=mm&r=g","contentUrl":"https:\/\/secure.gravatar.com\/avatar\/55cb5e37c1efa326397366e6974cb338056df65cb50e7d64d1cf314e87504837?s=96&d=mm&r=g","caption":"Arnaldo Botto"},"url":"https:\/\/www.noticiasradioreflejos.com.ar\/2021\/author\/arnaldo\/"}]}},"_links":{"self":[{"href":"https:\/\/www.noticiasradioreflejos.com.ar\/2021\/wp-json\/wp\/v2\/posts\/32192","targetHints":{"allow":["GET"]}}],"collection":[{"href":"https:\/\/www.noticiasradioreflejos.com.ar\/2021\/wp-json\/wp\/v2\/posts"}],"about":[{"href":"https:\/\/www.noticiasradioreflejos.com.ar\/2021\/wp-json\/wp\/v2\/types\/post"}],"author":[{"embeddable":true,"href":"https:\/\/www.noticiasradioreflejos.com.ar\/2021\/wp-json\/wp\/v2\/users\/3"}],"replies":[{"embeddable":true,"href":"https:\/\/www.noticiasradioreflejos.com.ar\/2021\/wp-json\/wp\/v2\/comments?post=32192"}],"version-history":[{"count":0,"href":"https:\/\/www.noticiasradioreflejos.com.ar\/2021\/wp-json\/wp\/v2\/posts\/32192\/revisions"}],"wp:attachment":[{"href":"https:\/\/www.noticiasradioreflejos.com.ar\/2021\/wp-json\/wp\/v2\/media?parent=32192"}],"wp:term":[{"taxonomy":"category","embeddable":true,"href":"https:\/\/www.noticiasradioreflejos.com.ar\/2021\/wp-json\/wp\/v2\/categories?post=32192"},{"taxonomy":"post_tag","embeddable":true,"href":"https:\/\/www.noticiasradioreflejos.com.ar\/2021\/wp-json\/wp\/v2\/tags?post=32192"}],"curies":[{"name":"wp","href":"https:\/\/api.w.org\/{rel}","templated":true}]}}