{"id":32170,"date":"2019-06-13T10:48:36","date_gmt":"2019-06-13T13:48:36","guid":{"rendered":"http:\/\/www.noticiasradioreflejos.com.ar\/noticias\/?p=32170"},"modified":"2019-06-13T10:48:36","modified_gmt":"2019-06-13T13:48:36","slug":"alertan-sobre-fuertes-tormentas-y-caida-de-granizo-en-buenos-aires-y-gran-parte-del-pais","status":"publish","type":"post","link":"https:\/\/www.noticiasradioreflejos.com.ar\/2021\/alertan-sobre-fuertes-tormentas-y-caida-de-granizo-en-buenos-aires-y-gran-parte-del-pais\/","title":{"rendered":"Alertan sobre fuertes tormentas y ca\u00edda de granizo en Buenos Aires y gran parte del pa\u00eds."},"content":{"rendered":"<p>El Servicio Meteorol\u00f3gico Nacional (SMN) mantiene un alerta por \u00abtormentas fuertes y severas\u00bb para la Ciudad de Buenos Aires y una amplia zona del centro-este del pa\u00eds. Los pronosticadores advirtieron que hay una alta probabilidad de ca\u00edda de granizo<br \/>\nEl alerta incluye, adem\u00e1s de la Capital Federal y alrededores, el norte y sudeste bonaerense, el sudeste de C\u00f3rdoba, Entre R\u00edos, el centro y sur de Santa Fe y el R\u00edo de la Plata.<!--more--><br \/>\nPara el \u00e1rea de cobertura, seg\u00fan el organismo que depende del Ministerio de Defensa, se espera durante esta jornada \u00abuna generalizaci\u00f3n e intensificaci\u00f3n de tormentas\u00bb, que podr\u00edan \u00abalcanzar en forma localizada fuerte o severa intensidad\u00bb.<br \/>\nEl informe indica que las tormentas \u00abestar\u00e1n asociadas a ca\u00edda de granizo, intensas r\u00e1fagas y abundantes precipitaciones en cortos per\u00edodos\u00bb, mientras que se espera una \u00abmejora de manera temporaria\u00bb entre la noche y la madrugada del viernes.<br \/>\nEn tanto, otro alerta preve\u00e9 abundantes precipitaciones para el extremo sur de la provincia de Buenos Aires, el este de Chubut y de R\u00edo Negro, y el noreste de Santa Cruz.<br \/>\nHasta este viernes, se espera que en esa regi\u00f3n patag\u00f3nica \u00abse registre sobre el \u00e1rea de cobertura precipitaciones, afectando fundamentalmente las zonas costeras y provocando valores acumulados entre 30 y 60 mil\u00edmetros, pudiendo ser superados en forma localizada\u00bb.<br \/>\nPor otro lado, un tercer alerta remite a vientos intensos en la zona cordillerana, desde Neuqu\u00e9n a Jujuy.<br \/>\nEn el caso de Mendoza y Jujuy los vientos alcanzaban r\u00e1fagas de 120 kil\u00f3metros por hora, y en zonas altas de Neuqu\u00e9n podr\u00edan ser de 90, mientras que en varias de las \u00e1reas descriptas se preve\u00eda la irrupci\u00f3n del viento zonda.<br \/>\n<strong>Partes de Alerta:<\/strong><br \/>\n<strong>Abundantes precipitaciones (Alerta Meteorol\u00f3gico Nro 4)<\/strong><br \/>\n<strong> Zonas:<\/strong> Extremo sur de la provincia de Buenos Aires, Este de Chubut, Este de R\u00edo Negro, Noreste de Santa Cruz<br \/>\nEl \u00e1rea de cobertura es parcialmente afectada por lluvias. Se prev\u00e9 que en las pr\u00f3ximas horas, las mismas se generalicen sobre toda la regi\u00f3n, hasta la noche del viernes 14, afectando fundamentalmente las zonas costeras. Las precipitaciones tambi\u00e9n podr\u00e1n ser en forma de tormentas, durante la tarde de hoy jueves 13, especialmente desde el extremo sur de la provincia de Buenos Aires hasta el noreste de Chubut. Se esperan valores de precipitaci\u00f3n acumulada entre 30 y 60 mm, pudiendo ser superados en forma localizada, especialmente sobre la zona costera del noreste de Chubut.<br \/>\n&#8212;&#8212;&#8212;&#8212;&#8212;&#8212;&#8212;&#8212;&#8212;&#8212;&#8212;&#8212;&#8212;&#8212;&#8212;&#8212;&#8212;&#8212;&#8212;&#8212;&#8212;&#8212;-<br \/>\n<strong> Tormentas fuertes o severas (Alerta Meteorol\u00f3gico Nro 1)<\/strong><br \/>\n<strong>Zonas:<\/strong> Norte y sudeste de la provincia de Buenos Aires, Sudeste de C\u00f3rdoba, Entre R\u00edos, Centro y sur de Santa Fe, Ciudad Aut\u00f3noma de Buenos Aires y R\u00edo de la Plata<br \/>\nSe espera durante el transcurso de este jueves una generalizaci\u00f3n e intensificaci\u00f3n de tormentas sobre el \u00e1rea de cobertura, pudiendo alcanzar en forma localizada fuerte o severa intensidad. Las tormentas de estas caracter\u00edsticas estar\u00e1n asociadas a ca\u00edda de granizo, intensas r\u00e1fagas y abundantes precipitaciones en cortos per\u00edodos. Las condiciones tender\u00e1n a mejorar de manera temporaria en la regi\u00f3n entre la noche de hoy y la madrugada del viernes.<br \/>\n&#8211;\u00a0 \u00a0 \u00a0 \u00a0 \u00a0 \u00a0 \u00a0 \u00a0 \u00a0&#8212;&#8212;&#8212;&#8212;&#8212;&#8212;&#8212;&#8212;&#8212;&#8212;&#8212;&#8212;&#8212;&#8212;&#8212;&#8212;&#8212;&#8212;&#8212;&#8212;&#8212;&#8212;&#8212;&#8211;<br \/>\n<strong> Nevadas intensas (Alerta Meteorol\u00f3gico Nro 6)<\/strong><br \/>\n<strong>Zonas:<\/strong> Zona cordillerana de Mendoza, Zona cordillerana del centro y norte de Neuqu\u00e9n<br \/>\nSobre el \u00e1rea de cobertura se mantendr\u00e1n las nevadas de variada intensidad. Las m\u00e1s intensas se esperan sobre la zona cordillerana del centro y sur de Mendoza y la zona cordillerana del norte de Neuqu\u00e9n. Se estiman valores acumulados de nieve entre 40 cm y 80 cm hasta el domingo 16. Se prev\u00e9 la ocurrencia de viento blanco en la alta monta\u00f1a del centro y norte de Mendoza. Se determina el cese de alerta para la zona cordillerana del sur de Neuqu\u00e9n y R\u00edo Negro.<br \/>\n&#8212;&#8212;&#8212;&#8212;&#8212;&#8212;&#8212;&#8212;&#8212;&#8212;&#8212;&#8212;&#8212;&#8212;&#8212;&#8212;&#8212;&#8211;<br \/>\n<strong> Vientos intensos en cordillera (Alerta Meteorol\u00f3gico Nro 21)<\/strong><br \/>\n<strong>Zonas:<\/strong> Zona cordillerana y oeste de Catamarca, Zona cordillerana y oeste de Jujuy, Zona cordillerana y precordillerana de La Rioja, Zona cordillerana del centro y norte de Mendoza, Zona cordillerana y oeste de Salta, Zona cordillerana y precordillerana de San Juan<br \/>\nLa zona cordillerana del \u00e1rea de cobertura continuar\u00e1 siendo afectada por vientos del noroeste con velocidades entre 70 y 120 km\/h, con r\u00e1fagas, con las mayores intensidades en los niveles m\u00e1s altos. Particularmente sobre la zona cordillerana de Mendoza, estas velocidades se esperan por encima de los 4000 msnm. Tambi\u00e9n se espera la ocurrencia de viento zonda durante las tardes del per\u00edodo en la zona precordillerana de San Juan, zona precordillerana de La Rioja, oeste de Catamarca y oeste de Jujuy. Los vientos en cordillera permanecer\u00e1n intensos al menos hasta el martes 18. Se determina el cese de alerta para la zona cordillerana de Neuqu\u00e9n y la zona cordillerana del sur de Mendoza.<br \/>\n&nbsp;<\/p>\n","protected":false},"excerpt":{"rendered":"<p>El Servicio Meteorol\u00f3gico Nacional (SMN) mantiene un alerta por \u00abtormentas fuertes y severas\u00bb para la Ciudad de Buenos Aires y una amplia zona del centro-este del pa\u00eds. Los pronosticadores advirtieron que hay una alta probabilidad de ca\u00edda de granizo El alerta incluye, adem\u00e1s de la Capital Federal y alrededores, el norte y sudeste bonaerense, el [&hellip;]<\/p>\n","protected":false},"author":3,"featured_media":0,"comment_status":"closed","ping_status":"open","sticky":false,"template":"","format":"standard","meta":{"footnotes":""},"categories":[26],"tags":[],"class_list":["post-32170","post","type-post","status-publish","format-standard","hentry","category-sociedad"],"yoast_head":"<!-- This site is optimized with the Yoast SEO plugin v25.9 - https:\/\/yoast.com\/wordpress\/plugins\/seo\/ -->\n<title>Alertan sobre fuertes tormentas y ca\u00edda de granizo en Buenos Aires y gran parte del pa\u00eds. - Noticias Radio Reflejos<\/title>\n<meta name=\"robots\" content=\"index, follow, max-snippet:-1, max-image-preview:large, max-video-preview:-1\" \/>\n<link rel=\"canonical\" href=\"https:\/\/www.noticiasradioreflejos.com.ar\/2021\/alertan-sobre-fuertes-tormentas-y-caida-de-granizo-en-buenos-aires-y-gran-parte-del-pais\/\" \/>\n<meta property=\"og:locale\" content=\"es_ES\" \/>\n<meta property=\"og:type\" content=\"article\" \/>\n<meta property=\"og:title\" content=\"Alertan sobre fuertes tormentas y ca\u00edda de granizo en Buenos Aires y gran parte del pa\u00eds. - Noticias Radio Reflejos\" \/>\n<meta property=\"og:description\" content=\"El Servicio Meteorol\u00f3gico Nacional (SMN) mantiene un alerta por \u00abtormentas fuertes y severas\u00bb para la Ciudad de Buenos Aires y una amplia zona del centro-este del pa\u00eds. Los pronosticadores advirtieron que hay una alta probabilidad de ca\u00edda de granizo El alerta incluye, adem\u00e1s de la Capital Federal y alrededores, el norte y sudeste bonaerense, el [&hellip;]\" \/>\n<meta property=\"og:url\" content=\"https:\/\/www.noticiasradioreflejos.com.ar\/2021\/alertan-sobre-fuertes-tormentas-y-caida-de-granizo-en-buenos-aires-y-gran-parte-del-pais\/\" \/>\n<meta property=\"og:site_name\" content=\"Noticias Radio Reflejos\" \/>\n<meta property=\"article:published_time\" content=\"2019-06-13T13:48:36+00:00\" \/>\n<meta property=\"og:image\" content=\"https:\/\/www.noticiasradioreflejos.com.ar\/2021\/wp-content\/uploads\/2021\/07\/logosol300x200.png\" \/>\n\t<meta property=\"og:image:width\" content=\"300\" \/>\n\t<meta property=\"og:image:height\" content=\"200\" \/>\n\t<meta property=\"og:image:type\" content=\"image\/png\" \/>\n<meta name=\"author\" content=\"Arnaldo Botto\" \/>\n<meta name=\"twitter:card\" content=\"summary_large_image\" \/>\n<script type=\"application\/ld+json\" class=\"yoast-schema-graph\">{\"@context\":\"https:\/\/schema.org\",\"@graph\":[{\"@type\":\"WebPage\",\"@id\":\"https:\/\/www.noticiasradioreflejos.com.ar\/2021\/alertan-sobre-fuertes-tormentas-y-caida-de-granizo-en-buenos-aires-y-gran-parte-del-pais\/\",\"url\":\"https:\/\/www.noticiasradioreflejos.com.ar\/2021\/alertan-sobre-fuertes-tormentas-y-caida-de-granizo-en-buenos-aires-y-gran-parte-del-pais\/\",\"name\":\"Alertan sobre fuertes tormentas y ca\u00edda de granizo en Buenos Aires y gran parte del pa\u00eds. - Noticias Radio Reflejos\",\"isPartOf\":{\"@id\":\"https:\/\/www.noticiasradioreflejos.com.ar\/2021\/#website\"},\"datePublished\":\"2019-06-13T13:48:36+00:00\",\"author\":{\"@id\":\"https:\/\/www.noticiasradioreflejos.com.ar\/2021\/#\/schema\/person\/ad82545263dcc5ec0996818884fd5fb1\"},\"breadcrumb\":{\"@id\":\"https:\/\/www.noticiasradioreflejos.com.ar\/2021\/alertan-sobre-fuertes-tormentas-y-caida-de-granizo-en-buenos-aires-y-gran-parte-del-pais\/#breadcrumb\"},\"inLanguage\":\"es\",\"potentialAction\":[{\"@type\":\"ReadAction\",\"target\":[\"https:\/\/www.noticiasradioreflejos.com.ar\/2021\/alertan-sobre-fuertes-tormentas-y-caida-de-granizo-en-buenos-aires-y-gran-parte-del-pais\/\"]}]},{\"@type\":\"BreadcrumbList\",\"@id\":\"https:\/\/www.noticiasradioreflejos.com.ar\/2021\/alertan-sobre-fuertes-tormentas-y-caida-de-granizo-en-buenos-aires-y-gran-parte-del-pais\/#breadcrumb\",\"itemListElement\":[{\"@type\":\"ListItem\",\"position\":1,\"name\":\"Portada\",\"item\":\"https:\/\/www.noticiasradioreflejos.com.ar\/2021\/\"},{\"@type\":\"ListItem\",\"position\":2,\"name\":\"Alertan sobre fuertes tormentas y ca\u00edda de granizo en Buenos Aires y gran parte del pa\u00eds.\"}]},{\"@type\":\"WebSite\",\"@id\":\"https:\/\/www.noticiasradioreflejos.com.ar\/2021\/#website\",\"url\":\"https:\/\/www.noticiasradioreflejos.com.ar\/2021\/\",\"name\":\"Noticias Radio Reflejos\",\"description\":\"Las noticias de mi comarca\",\"potentialAction\":[{\"@type\":\"SearchAction\",\"target\":{\"@type\":\"EntryPoint\",\"urlTemplate\":\"https:\/\/www.noticiasradioreflejos.com.ar\/2021\/?s={search_term_string}\"},\"query-input\":{\"@type\":\"PropertyValueSpecification\",\"valueRequired\":true,\"valueName\":\"search_term_string\"}}],\"inLanguage\":\"es\"},{\"@type\":\"Person\",\"@id\":\"https:\/\/www.noticiasradioreflejos.com.ar\/2021\/#\/schema\/person\/ad82545263dcc5ec0996818884fd5fb1\",\"name\":\"Arnaldo Botto\",\"image\":{\"@type\":\"ImageObject\",\"inLanguage\":\"es\",\"@id\":\"https:\/\/www.noticiasradioreflejos.com.ar\/2021\/#\/schema\/person\/image\/\",\"url\":\"https:\/\/secure.gravatar.com\/avatar\/55cb5e37c1efa326397366e6974cb338056df65cb50e7d64d1cf314e87504837?s=96&d=mm&r=g\",\"contentUrl\":\"https:\/\/secure.gravatar.com\/avatar\/55cb5e37c1efa326397366e6974cb338056df65cb50e7d64d1cf314e87504837?s=96&d=mm&r=g\",\"caption\":\"Arnaldo Botto\"},\"url\":\"https:\/\/www.noticiasradioreflejos.com.ar\/2021\/author\/arnaldo\/\"}]}<\/script>\n<!-- \/ Yoast SEO plugin. -->","yoast_head_json":{"title":"Alertan sobre fuertes tormentas y ca\u00edda de granizo en Buenos Aires y gran parte del pa\u00eds. - Noticias Radio Reflejos","robots":{"index":"index","follow":"follow","max-snippet":"max-snippet:-1","max-image-preview":"max-image-preview:large","max-video-preview":"max-video-preview:-1"},"canonical":"https:\/\/www.noticiasradioreflejos.com.ar\/2021\/alertan-sobre-fuertes-tormentas-y-caida-de-granizo-en-buenos-aires-y-gran-parte-del-pais\/","og_locale":"es_ES","og_type":"article","og_title":"Alertan sobre fuertes tormentas y ca\u00edda de granizo en Buenos Aires y gran parte del pa\u00eds. - Noticias Radio Reflejos","og_description":"El Servicio Meteorol\u00f3gico Nacional (SMN) mantiene un alerta por \u00abtormentas fuertes y severas\u00bb para la Ciudad de Buenos Aires y una amplia zona del centro-este del pa\u00eds. Los pronosticadores advirtieron que hay una alta probabilidad de ca\u00edda de granizo El alerta incluye, adem\u00e1s de la Capital Federal y alrededores, el norte y sudeste bonaerense, el [&hellip;]","og_url":"https:\/\/www.noticiasradioreflejos.com.ar\/2021\/alertan-sobre-fuertes-tormentas-y-caida-de-granizo-en-buenos-aires-y-gran-parte-del-pais\/","og_site_name":"Noticias Radio Reflejos","article_published_time":"2019-06-13T13:48:36+00:00","og_image":[{"width":300,"height":200,"url":"https:\/\/www.noticiasradioreflejos.com.ar\/2021\/wp-content\/uploads\/2021\/07\/logosol300x200.png","type":"image\/png"}],"author":"Arnaldo Botto","twitter_card":"summary_large_image","schema":{"@context":"https:\/\/schema.org","@graph":[{"@type":"WebPage","@id":"https:\/\/www.noticiasradioreflejos.com.ar\/2021\/alertan-sobre-fuertes-tormentas-y-caida-de-granizo-en-buenos-aires-y-gran-parte-del-pais\/","url":"https:\/\/www.noticiasradioreflejos.com.ar\/2021\/alertan-sobre-fuertes-tormentas-y-caida-de-granizo-en-buenos-aires-y-gran-parte-del-pais\/","name":"Alertan sobre fuertes tormentas y ca\u00edda de granizo en Buenos Aires y gran parte del pa\u00eds. - Noticias Radio Reflejos","isPartOf":{"@id":"https:\/\/www.noticiasradioreflejos.com.ar\/2021\/#website"},"datePublished":"2019-06-13T13:48:36+00:00","author":{"@id":"https:\/\/www.noticiasradioreflejos.com.ar\/2021\/#\/schema\/person\/ad82545263dcc5ec0996818884fd5fb1"},"breadcrumb":{"@id":"https:\/\/www.noticiasradioreflejos.com.ar\/2021\/alertan-sobre-fuertes-tormentas-y-caida-de-granizo-en-buenos-aires-y-gran-parte-del-pais\/#breadcrumb"},"inLanguage":"es","potentialAction":[{"@type":"ReadAction","target":["https:\/\/www.noticiasradioreflejos.com.ar\/2021\/alertan-sobre-fuertes-tormentas-y-caida-de-granizo-en-buenos-aires-y-gran-parte-del-pais\/"]}]},{"@type":"BreadcrumbList","@id":"https:\/\/www.noticiasradioreflejos.com.ar\/2021\/alertan-sobre-fuertes-tormentas-y-caida-de-granizo-en-buenos-aires-y-gran-parte-del-pais\/#breadcrumb","itemListElement":[{"@type":"ListItem","position":1,"name":"Portada","item":"https:\/\/www.noticiasradioreflejos.com.ar\/2021\/"},{"@type":"ListItem","position":2,"name":"Alertan sobre fuertes tormentas y ca\u00edda de granizo en Buenos Aires y gran parte del pa\u00eds."}]},{"@type":"WebSite","@id":"https:\/\/www.noticiasradioreflejos.com.ar\/2021\/#website","url":"https:\/\/www.noticiasradioreflejos.com.ar\/2021\/","name":"Noticias Radio Reflejos","description":"Las noticias de mi comarca","potentialAction":[{"@type":"SearchAction","target":{"@type":"EntryPoint","urlTemplate":"https:\/\/www.noticiasradioreflejos.com.ar\/2021\/?s={search_term_string}"},"query-input":{"@type":"PropertyValueSpecification","valueRequired":true,"valueName":"search_term_string"}}],"inLanguage":"es"},{"@type":"Person","@id":"https:\/\/www.noticiasradioreflejos.com.ar\/2021\/#\/schema\/person\/ad82545263dcc5ec0996818884fd5fb1","name":"Arnaldo Botto","image":{"@type":"ImageObject","inLanguage":"es","@id":"https:\/\/www.noticiasradioreflejos.com.ar\/2021\/#\/schema\/person\/image\/","url":"https:\/\/secure.gravatar.com\/avatar\/55cb5e37c1efa326397366e6974cb338056df65cb50e7d64d1cf314e87504837?s=96&d=mm&r=g","contentUrl":"https:\/\/secure.gravatar.com\/avatar\/55cb5e37c1efa326397366e6974cb338056df65cb50e7d64d1cf314e87504837?s=96&d=mm&r=g","caption":"Arnaldo Botto"},"url":"https:\/\/www.noticiasradioreflejos.com.ar\/2021\/author\/arnaldo\/"}]}},"_links":{"self":[{"href":"https:\/\/www.noticiasradioreflejos.com.ar\/2021\/wp-json\/wp\/v2\/posts\/32170","targetHints":{"allow":["GET"]}}],"collection":[{"href":"https:\/\/www.noticiasradioreflejos.com.ar\/2021\/wp-json\/wp\/v2\/posts"}],"about":[{"href":"https:\/\/www.noticiasradioreflejos.com.ar\/2021\/wp-json\/wp\/v2\/types\/post"}],"author":[{"embeddable":true,"href":"https:\/\/www.noticiasradioreflejos.com.ar\/2021\/wp-json\/wp\/v2\/users\/3"}],"replies":[{"embeddable":true,"href":"https:\/\/www.noticiasradioreflejos.com.ar\/2021\/wp-json\/wp\/v2\/comments?post=32170"}],"version-history":[{"count":0,"href":"https:\/\/www.noticiasradioreflejos.com.ar\/2021\/wp-json\/wp\/v2\/posts\/32170\/revisions"}],"wp:attachment":[{"href":"https:\/\/www.noticiasradioreflejos.com.ar\/2021\/wp-json\/wp\/v2\/media?parent=32170"}],"wp:term":[{"taxonomy":"category","embeddable":true,"href":"https:\/\/www.noticiasradioreflejos.com.ar\/2021\/wp-json\/wp\/v2\/categories?post=32170"},{"taxonomy":"post_tag","embeddable":true,"href":"https:\/\/www.noticiasradioreflejos.com.ar\/2021\/wp-json\/wp\/v2\/tags?post=32170"}],"curies":[{"name":"wp","href":"https:\/\/api.w.org\/{rel}","templated":true}]}}