{"id":32164,"date":"2019-06-13T09:51:16","date_gmt":"2019-06-13T12:51:16","guid":{"rendered":"http:\/\/www.noticiasradioreflejos.com.ar\/noticias\/?p=32164"},"modified":"2019-06-13T09:51:16","modified_gmt":"2019-06-13T12:51:16","slug":"monoxido-de-carbono-que-es-y-por-que-es-peligroso","status":"publish","type":"post","link":"https:\/\/www.noticiasradioreflejos.com.ar\/2021\/monoxido-de-carbono-que-es-y-por-que-es-peligroso\/","title":{"rendered":"Mon\u00f3xido de carbono- \u00bfQu\u00e9 es y por qu\u00e9 es peligroso?"},"content":{"rendered":"<p>Los combustibles fosiles (madera, carb\u00f3n, gasoil o gas natural) necesitan ox\u00edgeno para quemarse. Cuando la cantidad de ox\u00edgeno es insuficiente, se produce una combusti\u00f3n incompleta del combustible y se forma mon\u00f3xido de carbono (CO).<br \/>\n<b>El mon\u00f3xido es un gas inodoro, incoloro, ins\u00edpido, no irritante y altamente t\u00f3xico.\u00a0<\/b>Si es inhalado en grandes cantidades puede provocar da\u00f1os cerebrales irreversibles e incluso la muerte.<br \/>\n<!--more--><\/p>\n<div class=\"wrap mcb-wrap one-third valign-top clearfix\">\n<div class=\"mcb-wrap-inner\">\n<div class=\"column mcb-column one column_column \">\n<div class=\"column_attr clearfix align_left\">Por sus particulares caracter\u00edsticas de no tener olor, no ser visible, no irritar los ojos y ser altamente peligroso, se lo conoce como el \u201casesino silencioso\u201d. Es el responsable del 50% de las intoxicaciones en el mundo y es la causa m\u00e1s com\u00fan de muerte por intoxicaci\u00f3n. Pero todos los accidentes con mon\u00f3xido de carbono, cualquiera sea su causa, son evitables siguiendo algunos consejos sencillos.<\/div>\n<div class=\"section mcb-section no-margin-h equal-height-wrap \">\n<div class=\"section_wrapper mcb-section-inner\">\n<div class=\"wrap mcb-wrap one style-simple column-margin-0px valign-top clearfix\">\n<div class=\"mcb-wrap-inner\">\n<div class=\"column mcb-column one column_fancy_heading \">\n<div class=\"fancy_heading fancy_heading_icon\">\n<div class=\"inside\">\n<h2>Consejos y prevenci\u00f3n<\/h2>\n<div class=\"column mcb-column one-fourth column_icon_box \">\n<div class=\"animate fadeIn\" data-anim-type=\"fadeIn\">\n<div class=\"icon_box icon_position_top no_border\">\n<div class=\"desc_wrapper\">\n<h4 class=\"title\">Los s\u00ed y los no<\/h4>\n<\/div>\n<\/div>\n<\/div>\n<\/div>\n<div class=\"column mcb-column one-fourth column_column \">\n<div class=\"column_attr clearfix\">\n<ul class=\"list_check\">\n<li>Verific\u00e1 peri\u00f3dicamente con gasistas matriculados el funcionamiento de tus artefactos a gas y el estado de los conductos de evacuaci\u00f3n de gases y rejillas de ventilaci\u00f3n.<\/li>\n<li>Evit\u00e1 descuidos en la revisi\u00f3n de las instalaciones de gas en viviendas deshabitadas durante per\u00edodos prolongados, como en ciudades tur\u00edsticas.<\/li>\n<li>Los gasistas matriculados son los \u00fanicos que pueden hacer o modificar tu instalaci\u00f3n de gas. Para identificarlos, exigiles una matr\u00edcula otorgada por Camuzzi Gas.<\/li>\n<li>Toda instalaci\u00f3n nueva o modificaci\u00f3n de una existente debe realizarse con la participaci\u00f3n directa de gasistas matriculados, notificando luego a Camuzzi Gas.<\/li>\n<li>Una alarma de detecci\u00f3n de mon\u00f3xido puede proveer protecci\u00f3n adicional, pero no sustituye la adecuada instalaci\u00f3n, uso y mantenimiento de los artefactos a gas.<\/li>\n<\/ul>\n<\/div>\n<\/div>\n<div class=\"column mcb-column one-fourth column_column \">\n<div class=\"column_attr clearfix\">\n<ul class=\"list_check\">\n<li>Los artefactos que consumen gas necesitan expulsar al exterior los residuos de la combusti\u00f3n. Los conductos de evacuaci\u00f3n de gases deben estar adecuadamente dise\u00f1ados: totalmente independientes de otros conductos estancos, libres de obstrucciones y con salida a los 4 vientos.<\/li>\n<li>Los artefactos necesitan ox\u00edgeno del ambiente para producir una combusti\u00f3n eficiente y segura, por lo que es fundamental el correcto funcionamiento de las rejillas de ventilaci\u00f3n.<\/li>\n<li>Manten\u00e9 una ventilaci\u00f3n permanente de los ambientes donde funcionan artefactos de gas sin tiraje o tiro natural. Evit\u00e1 permanecer en ambientes totalmente cerrados.<\/li>\n<li>Prest\u00e1 especial atenci\u00f3n en invierno, \u00e9poca en la cual se usa la calefacci\u00f3n y se tiende a minimizar la ventilaci\u00f3n.<\/li>\n<\/ul>\n<\/div>\n<\/div>\n<div class=\"column mcb-column one-fourth column_column \">\n<div class=\"column_attr clearfix\">\n<ul class=\"list_check\">\n<li>Pon\u00e9 atenci\u00f3n a la aparici\u00f3n de manchas, tiznado o decoloraci\u00f3n de los artefactos o alrededor de ellos. Esto puede ser aviso de combusti\u00f3n incompleta y de generaci\u00f3n de mon\u00f3xido de carbono.<\/li>\n<li>La llama del quemador de los artefactos a gas debe ser de color azul con los extremos transparentes. En caso que esta se torne amarilla o anaranjada, llam\u00e1 inmediatamente a un gasista matriculado. Al encenderse no debe quedar una parte apagada o demorar excesivamente en encenderse totalmente.<\/li>\n<li>Durante ausencias prolongadas, cerr\u00e1 las llaves de gas.<\/li>\n<li>Con el quemador a m\u00e1xima potencia, la llama debe ser estable, sin fluctuaciones en su tama\u00f1o.<\/li>\n<\/ul>\n<\/div>\n<\/div>\n<div class=\"column mcb-column one-fourth column_column \">\n<div class=\"column_attr clearfix\">\n<ul class=\"list_check\">\n<li>En los ambientes cerrados los artefactos deben ser preferentemente de tiro balanceado.<\/li>\n<li>Aquellos que no posean tiro balanceado no pueden instalarse en cualquier ambiente.<\/li>\n<li>Los calefones y calefactores de tiro natural y las estufas de tipo infrarrojo no deben colocarse en ba\u00f1os o dormitorios, por su elevado consumo de oxigeno.<\/li>\n<li>No uses hornallas ni el horno para calefaccionar la casa. Consumen mucho ox\u00edgeno y en caso de funcionar mal generan mon\u00f3xido de carbono.<\/li>\n<li>No utilices carb\u00f3n vegetal o mineral para calefaccionar o cocinar dentro de un ambiente cerrado. Los combustibles s\u00f3lidos son los que generan mayor cantidad de mon\u00f3xido de carbono.<\/li>\n<\/ul>\n<\/div>\n<\/div>\n<\/div>\n<\/div>\n<\/div>\n<\/div>\n<div class=\"section mcb-section no-margin-h equal-height-wrap \">\n<div class=\"section_wrapper mcb-section-inner\">\n<div class=\"wrap mcb-wrap one style-simple column-margin-0px valign-top clearfix\">\n<div class=\"mcb-wrap-inner\">\n<div class=\"column mcb-column one column_column \">\n<div class=\"column_attr clearfix align_left\">\n<div class=\"idea_box\">\n<div class=\"icon\"><\/div>\n<div class=\"desc\">\n<h4>Primeros auxilios<\/h4>\n<p>Los s\u00edntomas de intoxicaci\u00f3n con mon\u00f3xido de carbono son similares a los de una gripe o malestar estomacal: dolores de cabeza, nauseas, v\u00e9rtigo, confusi\u00f3n, v\u00f3mitos y agitaci\u00f3n al respirar. La gravedad de los s\u00edntomas depende del tiempo de exposici\u00f3n y de su concentraci\u00f3n en el ambiente, pudiendo en casos graves provocar la muerte de la persona.<\/p>\n<h5>\u00bfQu\u00e9 hacer frente a una intoxicaci\u00f3n?<\/h5>\n<ul class=\"list_check\">\n<li>Lo primero que debes hacer es una r\u00e1pida intervenci\u00f3n que favorezca la respiraci\u00f3n de la persona intoxicada. Abr\u00ed las ventanas y puertas para permitir una r\u00e1pida ventilaci\u00f3n del lugar.<\/li>\n<li>Llam\u00e1 a emergencias para que se trasladen de inmediato al lugar.<\/li>\n<li>Retir\u00e1 a la persona intoxicada r\u00e1pidamente del ambiente contaminado y llevala al aire libre o a un sitio bien ventilado.<\/li>\n<li>Recostala c\u00f3modamente y mantenela abrigada. Aflojale las partes de la ropa que presionan el cuerpo como la corbata, la camisa y el cintur\u00f3n.<\/li>\n<li>Si no puede respirar por s\u00ed sola, aplicale respiraci\u00f3n artificial hasta que se la pueda trasladar a un centro asistencial, lo m\u00e1s r\u00e1pido posible.<\/li>\n<\/ul>\n<\/div>\n<\/div>\n<\/div>\n<\/div>\n<\/div>\n<\/div>\n<\/div>\n<\/div>\n<div class=\"section the_content no_content\"><\/div>\n<div class=\"section section-page-footer\"><\/div>\n<\/div>\n<\/div>\n<\/div>\n<\/div>\n<p><!--more--><br \/>\n<!--more--><\/p>\n<footer id=\"Footer\" class=\"clearfix\">\n<div class=\"widgets_wrapper\">\n<div class=\"container\">\n<div class=\"column one-fifth\">\n<aside id=\"media_image-2\" class=\"widget widget_media_image\">Av. Alicia Moreau de Justo 240, Piso 3, C1107AAF.<\/aside>\n<aside id=\"custom_html-2\" class=\"widget_text widget widget_custom_html\">\n<div class=\"textwidget custom-html-widget\">\nBuenos Aires \u2013 Argentina<br \/>\nTel.: 54-11-5776-7000<br \/>\nFax.: 54-11-5776-7140\n<\/div>\n<\/aside>\n<\/div>\n<\/div>\n<\/div>\n<\/footer>\n<\/div>\n<\/div>\n<p><!--more--><br \/>\n<!--more--><\/p>\n","protected":false},"excerpt":{"rendered":"<p>Los combustibles fosiles (madera, carb\u00f3n, gasoil o gas natural) necesitan ox\u00edgeno para quemarse. Cuando la cantidad de ox\u00edgeno es insuficiente, se produce una combusti\u00f3n incompleta del combustible y se forma mon\u00f3xido de carbono (CO). El mon\u00f3xido es un gas inodoro, incoloro, ins\u00edpido, no irritante y altamente t\u00f3xico.\u00a0Si es inhalado en grandes cantidades puede provocar da\u00f1os [&hellip;]<\/p>\n","protected":false},"author":3,"featured_media":0,"comment_status":"closed","ping_status":"open","sticky":false,"template":"","format":"standard","meta":{"footnotes":""},"categories":[30],"tags":[],"class_list":["post-32164","post","type-post","status-publish","format-standard","hentry","category-salud"],"yoast_head":"<!-- This site is optimized with the Yoast SEO plugin v25.9 - https:\/\/yoast.com\/wordpress\/plugins\/seo\/ -->\n<title>Mon\u00f3xido de carbono- \u00bfQu\u00e9 es y por qu\u00e9 es peligroso? - Noticias Radio Reflejos<\/title>\n<meta name=\"robots\" content=\"index, follow, max-snippet:-1, max-image-preview:large, max-video-preview:-1\" \/>\n<link rel=\"canonical\" href=\"https:\/\/www.noticiasradioreflejos.com.ar\/2021\/monoxido-de-carbono-que-es-y-por-que-es-peligroso\/\" \/>\n<meta property=\"og:locale\" content=\"es_ES\" \/>\n<meta property=\"og:type\" content=\"article\" \/>\n<meta property=\"og:title\" content=\"Mon\u00f3xido de carbono- \u00bfQu\u00e9 es y por qu\u00e9 es peligroso? - Noticias Radio Reflejos\" \/>\n<meta property=\"og:description\" content=\"Los combustibles fosiles (madera, carb\u00f3n, gasoil o gas natural) necesitan ox\u00edgeno para quemarse. Cuando la cantidad de ox\u00edgeno es insuficiente, se produce una combusti\u00f3n incompleta del combustible y se forma mon\u00f3xido de carbono (CO). El mon\u00f3xido es un gas inodoro, incoloro, ins\u00edpido, no irritante y altamente t\u00f3xico.\u00a0Si es inhalado en grandes cantidades puede provocar da\u00f1os [&hellip;]\" \/>\n<meta property=\"og:url\" content=\"https:\/\/www.noticiasradioreflejos.com.ar\/2021\/monoxido-de-carbono-que-es-y-por-que-es-peligroso\/\" \/>\n<meta property=\"og:site_name\" content=\"Noticias Radio Reflejos\" \/>\n<meta property=\"article:published_time\" content=\"2019-06-13T12:51:16+00:00\" \/>\n<meta property=\"og:image\" content=\"https:\/\/www.noticiasradioreflejos.com.ar\/2021\/wp-content\/uploads\/2021\/07\/logosol300x200.png\" \/>\n\t<meta property=\"og:image:width\" content=\"300\" \/>\n\t<meta property=\"og:image:height\" content=\"200\" \/>\n\t<meta property=\"og:image:type\" content=\"image\/png\" \/>\n<meta name=\"author\" content=\"Arnaldo Botto\" \/>\n<meta name=\"twitter:card\" content=\"summary_large_image\" \/>\n<script type=\"application\/ld+json\" class=\"yoast-schema-graph\">{\"@context\":\"https:\/\/schema.org\",\"@graph\":[{\"@type\":\"WebPage\",\"@id\":\"https:\/\/www.noticiasradioreflejos.com.ar\/2021\/monoxido-de-carbono-que-es-y-por-que-es-peligroso\/\",\"url\":\"https:\/\/www.noticiasradioreflejos.com.ar\/2021\/monoxido-de-carbono-que-es-y-por-que-es-peligroso\/\",\"name\":\"Mon\u00f3xido de carbono- \u00bfQu\u00e9 es y por qu\u00e9 es peligroso? - Noticias Radio Reflejos\",\"isPartOf\":{\"@id\":\"https:\/\/www.noticiasradioreflejos.com.ar\/2021\/#website\"},\"datePublished\":\"2019-06-13T12:51:16+00:00\",\"author\":{\"@id\":\"https:\/\/www.noticiasradioreflejos.com.ar\/2021\/#\/schema\/person\/ad82545263dcc5ec0996818884fd5fb1\"},\"breadcrumb\":{\"@id\":\"https:\/\/www.noticiasradioreflejos.com.ar\/2021\/monoxido-de-carbono-que-es-y-por-que-es-peligroso\/#breadcrumb\"},\"inLanguage\":\"es\",\"potentialAction\":[{\"@type\":\"ReadAction\",\"target\":[\"https:\/\/www.noticiasradioreflejos.com.ar\/2021\/monoxido-de-carbono-que-es-y-por-que-es-peligroso\/\"]}]},{\"@type\":\"BreadcrumbList\",\"@id\":\"https:\/\/www.noticiasradioreflejos.com.ar\/2021\/monoxido-de-carbono-que-es-y-por-que-es-peligroso\/#breadcrumb\",\"itemListElement\":[{\"@type\":\"ListItem\",\"position\":1,\"name\":\"Portada\",\"item\":\"https:\/\/www.noticiasradioreflejos.com.ar\/2021\/\"},{\"@type\":\"ListItem\",\"position\":2,\"name\":\"Mon\u00f3xido de carbono- \u00bfQu\u00e9 es y por qu\u00e9 es peligroso?\"}]},{\"@type\":\"WebSite\",\"@id\":\"https:\/\/www.noticiasradioreflejos.com.ar\/2021\/#website\",\"url\":\"https:\/\/www.noticiasradioreflejos.com.ar\/2021\/\",\"name\":\"Noticias Radio Reflejos\",\"description\":\"Las noticias de mi comarca\",\"potentialAction\":[{\"@type\":\"SearchAction\",\"target\":{\"@type\":\"EntryPoint\",\"urlTemplate\":\"https:\/\/www.noticiasradioreflejos.com.ar\/2021\/?s={search_term_string}\"},\"query-input\":{\"@type\":\"PropertyValueSpecification\",\"valueRequired\":true,\"valueName\":\"search_term_string\"}}],\"inLanguage\":\"es\"},{\"@type\":\"Person\",\"@id\":\"https:\/\/www.noticiasradioreflejos.com.ar\/2021\/#\/schema\/person\/ad82545263dcc5ec0996818884fd5fb1\",\"name\":\"Arnaldo Botto\",\"image\":{\"@type\":\"ImageObject\",\"inLanguage\":\"es\",\"@id\":\"https:\/\/www.noticiasradioreflejos.com.ar\/2021\/#\/schema\/person\/image\/\",\"url\":\"https:\/\/secure.gravatar.com\/avatar\/55cb5e37c1efa326397366e6974cb338056df65cb50e7d64d1cf314e87504837?s=96&d=mm&r=g\",\"contentUrl\":\"https:\/\/secure.gravatar.com\/avatar\/55cb5e37c1efa326397366e6974cb338056df65cb50e7d64d1cf314e87504837?s=96&d=mm&r=g\",\"caption\":\"Arnaldo Botto\"},\"url\":\"https:\/\/www.noticiasradioreflejos.com.ar\/2021\/author\/arnaldo\/\"}]}<\/script>\n<!-- \/ Yoast SEO plugin. -->","yoast_head_json":{"title":"Mon\u00f3xido de carbono- \u00bfQu\u00e9 es y por qu\u00e9 es peligroso? - Noticias Radio Reflejos","robots":{"index":"index","follow":"follow","max-snippet":"max-snippet:-1","max-image-preview":"max-image-preview:large","max-video-preview":"max-video-preview:-1"},"canonical":"https:\/\/www.noticiasradioreflejos.com.ar\/2021\/monoxido-de-carbono-que-es-y-por-que-es-peligroso\/","og_locale":"es_ES","og_type":"article","og_title":"Mon\u00f3xido de carbono- \u00bfQu\u00e9 es y por qu\u00e9 es peligroso? - Noticias Radio Reflejos","og_description":"Los combustibles fosiles (madera, carb\u00f3n, gasoil o gas natural) necesitan ox\u00edgeno para quemarse. Cuando la cantidad de ox\u00edgeno es insuficiente, se produce una combusti\u00f3n incompleta del combustible y se forma mon\u00f3xido de carbono (CO). El mon\u00f3xido es un gas inodoro, incoloro, ins\u00edpido, no irritante y altamente t\u00f3xico.\u00a0Si es inhalado en grandes cantidades puede provocar da\u00f1os [&hellip;]","og_url":"https:\/\/www.noticiasradioreflejos.com.ar\/2021\/monoxido-de-carbono-que-es-y-por-que-es-peligroso\/","og_site_name":"Noticias Radio Reflejos","article_published_time":"2019-06-13T12:51:16+00:00","og_image":[{"width":300,"height":200,"url":"https:\/\/www.noticiasradioreflejos.com.ar\/2021\/wp-content\/uploads\/2021\/07\/logosol300x200.png","type":"image\/png"}],"author":"Arnaldo Botto","twitter_card":"summary_large_image","schema":{"@context":"https:\/\/schema.org","@graph":[{"@type":"WebPage","@id":"https:\/\/www.noticiasradioreflejos.com.ar\/2021\/monoxido-de-carbono-que-es-y-por-que-es-peligroso\/","url":"https:\/\/www.noticiasradioreflejos.com.ar\/2021\/monoxido-de-carbono-que-es-y-por-que-es-peligroso\/","name":"Mon\u00f3xido de carbono- \u00bfQu\u00e9 es y por qu\u00e9 es peligroso? - Noticias Radio Reflejos","isPartOf":{"@id":"https:\/\/www.noticiasradioreflejos.com.ar\/2021\/#website"},"datePublished":"2019-06-13T12:51:16+00:00","author":{"@id":"https:\/\/www.noticiasradioreflejos.com.ar\/2021\/#\/schema\/person\/ad82545263dcc5ec0996818884fd5fb1"},"breadcrumb":{"@id":"https:\/\/www.noticiasradioreflejos.com.ar\/2021\/monoxido-de-carbono-que-es-y-por-que-es-peligroso\/#breadcrumb"},"inLanguage":"es","potentialAction":[{"@type":"ReadAction","target":["https:\/\/www.noticiasradioreflejos.com.ar\/2021\/monoxido-de-carbono-que-es-y-por-que-es-peligroso\/"]}]},{"@type":"BreadcrumbList","@id":"https:\/\/www.noticiasradioreflejos.com.ar\/2021\/monoxido-de-carbono-que-es-y-por-que-es-peligroso\/#breadcrumb","itemListElement":[{"@type":"ListItem","position":1,"name":"Portada","item":"https:\/\/www.noticiasradioreflejos.com.ar\/2021\/"},{"@type":"ListItem","position":2,"name":"Mon\u00f3xido de carbono- \u00bfQu\u00e9 es y por qu\u00e9 es peligroso?"}]},{"@type":"WebSite","@id":"https:\/\/www.noticiasradioreflejos.com.ar\/2021\/#website","url":"https:\/\/www.noticiasradioreflejos.com.ar\/2021\/","name":"Noticias Radio Reflejos","description":"Las noticias de mi comarca","potentialAction":[{"@type":"SearchAction","target":{"@type":"EntryPoint","urlTemplate":"https:\/\/www.noticiasradioreflejos.com.ar\/2021\/?s={search_term_string}"},"query-input":{"@type":"PropertyValueSpecification","valueRequired":true,"valueName":"search_term_string"}}],"inLanguage":"es"},{"@type":"Person","@id":"https:\/\/www.noticiasradioreflejos.com.ar\/2021\/#\/schema\/person\/ad82545263dcc5ec0996818884fd5fb1","name":"Arnaldo Botto","image":{"@type":"ImageObject","inLanguage":"es","@id":"https:\/\/www.noticiasradioreflejos.com.ar\/2021\/#\/schema\/person\/image\/","url":"https:\/\/secure.gravatar.com\/avatar\/55cb5e37c1efa326397366e6974cb338056df65cb50e7d64d1cf314e87504837?s=96&d=mm&r=g","contentUrl":"https:\/\/secure.gravatar.com\/avatar\/55cb5e37c1efa326397366e6974cb338056df65cb50e7d64d1cf314e87504837?s=96&d=mm&r=g","caption":"Arnaldo Botto"},"url":"https:\/\/www.noticiasradioreflejos.com.ar\/2021\/author\/arnaldo\/"}]}},"_links":{"self":[{"href":"https:\/\/www.noticiasradioreflejos.com.ar\/2021\/wp-json\/wp\/v2\/posts\/32164","targetHints":{"allow":["GET"]}}],"collection":[{"href":"https:\/\/www.noticiasradioreflejos.com.ar\/2021\/wp-json\/wp\/v2\/posts"}],"about":[{"href":"https:\/\/www.noticiasradioreflejos.com.ar\/2021\/wp-json\/wp\/v2\/types\/post"}],"author":[{"embeddable":true,"href":"https:\/\/www.noticiasradioreflejos.com.ar\/2021\/wp-json\/wp\/v2\/users\/3"}],"replies":[{"embeddable":true,"href":"https:\/\/www.noticiasradioreflejos.com.ar\/2021\/wp-json\/wp\/v2\/comments?post=32164"}],"version-history":[{"count":0,"href":"https:\/\/www.noticiasradioreflejos.com.ar\/2021\/wp-json\/wp\/v2\/posts\/32164\/revisions"}],"wp:attachment":[{"href":"https:\/\/www.noticiasradioreflejos.com.ar\/2021\/wp-json\/wp\/v2\/media?parent=32164"}],"wp:term":[{"taxonomy":"category","embeddable":true,"href":"https:\/\/www.noticiasradioreflejos.com.ar\/2021\/wp-json\/wp\/v2\/categories?post=32164"},{"taxonomy":"post_tag","embeddable":true,"href":"https:\/\/www.noticiasradioreflejos.com.ar\/2021\/wp-json\/wp\/v2\/tags?post=32164"}],"curies":[{"name":"wp","href":"https:\/\/api.w.org\/{rel}","templated":true}]}}