{"id":32135,"date":"2019-06-12T08:51:17","date_gmt":"2019-06-12T11:51:17","guid":{"rendered":"http:\/\/www.noticiasradioreflejos.com.ar\/noticias\/?p=32135"},"modified":"2019-06-12T08:51:17","modified_gmt":"2019-06-12T11:51:17","slug":"abundante-lluvia-llego-esta-madrugada-a-la-comarca","status":"publish","type":"post","link":"https:\/\/www.noticiasradioreflejos.com.ar\/2021\/abundante-lluvia-llego-esta-madrugada-a-la-comarca\/","title":{"rendered":"Abundante lluvia lleg\u00f3 esta madrugada a la comarca."},"content":{"rendered":"<p>En las primeras horas de este mi\u00e9rcoles en Sierra de la Ventana se registraron abundantes lluvias, acompa\u00f1adas de descargas el\u00e9ctricas, que acumularon hasta las 8,00 hs, 32 mm en la zona urbana. La lluvia empez\u00f3 en forma suave cerca de las 3,00 hs y a las 5,00 comenz\u00f3 a llover en forma m\u00e1s intensa. En el Cerro Naposta se registraron m\u00e1s de 87 mm.<!--more--><br \/>\nEl pron\u00f3stico anticipa un mejoramiento parcial durante el d\u00eda de hoy, con vientos suaves del sur, m\u00e1xima 16\u00b0 y cielos parcialmente nublados durante la tarde. Para ma\u00f1ana jueves, vientos leves del sector este, temperaturas entre 9 y 16\u00b0, y lluvias por la tarde.<br \/>\n<strong>Datos de la zona<\/strong><br \/>\n32 mm en Sierra de la Ventana<br \/>\n25 mm en Calquin<br \/>\n23.3 mm en Villa Ventana<br \/>\n20 mm en la Base del Cerro Ventana<br \/>\n13.2 mm en Tornquist<br \/>\n13.8 mm en San Eloy<br \/>\n14.8 mm en Cnel Suarez<br \/>\n19 mm en El Pantanoso<br \/>\n87.2 mm en el Cerro Napost\u00e1<br \/>\n2 mm en Cabildo<br \/>\n4 mm en Cnel Dorrego<br \/>\n28 mm. en Pig\u00fc\u00e9<br \/>\n18 mm. en Dufaur<br \/>\n18 mm. en Saavedra<br \/>\n26 mm. en Huanguel\u00e9n<br \/>\n3.6 mm en 17 de Agosto<br \/>\n17.3 mm en Puan<br \/>\n32.8 mm en Cnel Pringles<br \/>\n20.6 mm en Carhu\u00e9<br \/>\n0.8 mm en Bah\u00eda Blanca<\/p>\n","protected":false},"excerpt":{"rendered":"<p>En las primeras horas de este mi\u00e9rcoles en Sierra de la Ventana se registraron abundantes lluvias, acompa\u00f1adas de descargas el\u00e9ctricas, que acumularon hasta las 8,00 hs, 32 mm en la zona urbana. La lluvia empez\u00f3 en forma suave cerca de las 3,00 hs y a las 5,00 comenz\u00f3 a llover en forma m\u00e1s intensa. En [&hellip;]<\/p>\n","protected":false},"author":3,"featured_media":0,"comment_status":"closed","ping_status":"open","sticky":false,"template":"","format":"standard","meta":{"footnotes":""},"categories":[26],"tags":[],"class_list":["post-32135","post","type-post","status-publish","format-standard","hentry","category-sociedad"],"yoast_head":"<!-- This site is optimized with the Yoast SEO plugin v25.9 - https:\/\/yoast.com\/wordpress\/plugins\/seo\/ -->\n<title>Abundante lluvia lleg\u00f3 esta madrugada a la comarca. - Noticias Radio Reflejos<\/title>\n<meta name=\"robots\" content=\"index, follow, max-snippet:-1, max-image-preview:large, max-video-preview:-1\" \/>\n<link rel=\"canonical\" href=\"https:\/\/www.noticiasradioreflejos.com.ar\/2021\/abundante-lluvia-llego-esta-madrugada-a-la-comarca\/\" \/>\n<meta property=\"og:locale\" content=\"es_ES\" \/>\n<meta property=\"og:type\" content=\"article\" \/>\n<meta property=\"og:title\" content=\"Abundante lluvia lleg\u00f3 esta madrugada a la comarca. - Noticias Radio Reflejos\" \/>\n<meta property=\"og:description\" content=\"En las primeras horas de este mi\u00e9rcoles en Sierra de la Ventana se registraron abundantes lluvias, acompa\u00f1adas de descargas el\u00e9ctricas, que acumularon hasta las 8,00 hs, 32 mm en la zona urbana. La lluvia empez\u00f3 en forma suave cerca de las 3,00 hs y a las 5,00 comenz\u00f3 a llover en forma m\u00e1s intensa. En [&hellip;]\" \/>\n<meta property=\"og:url\" content=\"https:\/\/www.noticiasradioreflejos.com.ar\/2021\/abundante-lluvia-llego-esta-madrugada-a-la-comarca\/\" \/>\n<meta property=\"og:site_name\" content=\"Noticias Radio Reflejos\" \/>\n<meta property=\"article:published_time\" content=\"2019-06-12T11:51:17+00:00\" \/>\n<meta property=\"og:image\" content=\"https:\/\/www.noticiasradioreflejos.com.ar\/2021\/wp-content\/uploads\/2021\/07\/logosol300x200.png\" \/>\n\t<meta property=\"og:image:width\" content=\"300\" \/>\n\t<meta property=\"og:image:height\" content=\"200\" \/>\n\t<meta property=\"og:image:type\" content=\"image\/png\" \/>\n<meta name=\"author\" content=\"Arnaldo Botto\" \/>\n<meta name=\"twitter:card\" content=\"summary_large_image\" \/>\n<script type=\"application\/ld+json\" class=\"yoast-schema-graph\">{\"@context\":\"https:\/\/schema.org\",\"@graph\":[{\"@type\":\"WebPage\",\"@id\":\"https:\/\/www.noticiasradioreflejos.com.ar\/2021\/abundante-lluvia-llego-esta-madrugada-a-la-comarca\/\",\"url\":\"https:\/\/www.noticiasradioreflejos.com.ar\/2021\/abundante-lluvia-llego-esta-madrugada-a-la-comarca\/\",\"name\":\"Abundante lluvia lleg\u00f3 esta madrugada a la comarca. - Noticias Radio Reflejos\",\"isPartOf\":{\"@id\":\"https:\/\/www.noticiasradioreflejos.com.ar\/2021\/#website\"},\"datePublished\":\"2019-06-12T11:51:17+00:00\",\"author\":{\"@id\":\"https:\/\/www.noticiasradioreflejos.com.ar\/2021\/#\/schema\/person\/ad82545263dcc5ec0996818884fd5fb1\"},\"breadcrumb\":{\"@id\":\"https:\/\/www.noticiasradioreflejos.com.ar\/2021\/abundante-lluvia-llego-esta-madrugada-a-la-comarca\/#breadcrumb\"},\"inLanguage\":\"es\",\"potentialAction\":[{\"@type\":\"ReadAction\",\"target\":[\"https:\/\/www.noticiasradioreflejos.com.ar\/2021\/abundante-lluvia-llego-esta-madrugada-a-la-comarca\/\"]}]},{\"@type\":\"BreadcrumbList\",\"@id\":\"https:\/\/www.noticiasradioreflejos.com.ar\/2021\/abundante-lluvia-llego-esta-madrugada-a-la-comarca\/#breadcrumb\",\"itemListElement\":[{\"@type\":\"ListItem\",\"position\":1,\"name\":\"Portada\",\"item\":\"https:\/\/www.noticiasradioreflejos.com.ar\/2021\/\"},{\"@type\":\"ListItem\",\"position\":2,\"name\":\"Abundante lluvia lleg\u00f3 esta madrugada a la comarca.\"}]},{\"@type\":\"WebSite\",\"@id\":\"https:\/\/www.noticiasradioreflejos.com.ar\/2021\/#website\",\"url\":\"https:\/\/www.noticiasradioreflejos.com.ar\/2021\/\",\"name\":\"Noticias Radio Reflejos\",\"description\":\"Las noticias de mi comarca\",\"potentialAction\":[{\"@type\":\"SearchAction\",\"target\":{\"@type\":\"EntryPoint\",\"urlTemplate\":\"https:\/\/www.noticiasradioreflejos.com.ar\/2021\/?s={search_term_string}\"},\"query-input\":{\"@type\":\"PropertyValueSpecification\",\"valueRequired\":true,\"valueName\":\"search_term_string\"}}],\"inLanguage\":\"es\"},{\"@type\":\"Person\",\"@id\":\"https:\/\/www.noticiasradioreflejos.com.ar\/2021\/#\/schema\/person\/ad82545263dcc5ec0996818884fd5fb1\",\"name\":\"Arnaldo Botto\",\"image\":{\"@type\":\"ImageObject\",\"inLanguage\":\"es\",\"@id\":\"https:\/\/www.noticiasradioreflejos.com.ar\/2021\/#\/schema\/person\/image\/\",\"url\":\"https:\/\/secure.gravatar.com\/avatar\/55cb5e37c1efa326397366e6974cb338056df65cb50e7d64d1cf314e87504837?s=96&d=mm&r=g\",\"contentUrl\":\"https:\/\/secure.gravatar.com\/avatar\/55cb5e37c1efa326397366e6974cb338056df65cb50e7d64d1cf314e87504837?s=96&d=mm&r=g\",\"caption\":\"Arnaldo Botto\"},\"url\":\"https:\/\/www.noticiasradioreflejos.com.ar\/2021\/author\/arnaldo\/\"}]}<\/script>\n<!-- \/ Yoast SEO plugin. -->","yoast_head_json":{"title":"Abundante lluvia lleg\u00f3 esta madrugada a la comarca. - Noticias Radio Reflejos","robots":{"index":"index","follow":"follow","max-snippet":"max-snippet:-1","max-image-preview":"max-image-preview:large","max-video-preview":"max-video-preview:-1"},"canonical":"https:\/\/www.noticiasradioreflejos.com.ar\/2021\/abundante-lluvia-llego-esta-madrugada-a-la-comarca\/","og_locale":"es_ES","og_type":"article","og_title":"Abundante lluvia lleg\u00f3 esta madrugada a la comarca. - Noticias Radio Reflejos","og_description":"En las primeras horas de este mi\u00e9rcoles en Sierra de la Ventana se registraron abundantes lluvias, acompa\u00f1adas de descargas el\u00e9ctricas, que acumularon hasta las 8,00 hs, 32 mm en la zona urbana. La lluvia empez\u00f3 en forma suave cerca de las 3,00 hs y a las 5,00 comenz\u00f3 a llover en forma m\u00e1s intensa. En [&hellip;]","og_url":"https:\/\/www.noticiasradioreflejos.com.ar\/2021\/abundante-lluvia-llego-esta-madrugada-a-la-comarca\/","og_site_name":"Noticias Radio Reflejos","article_published_time":"2019-06-12T11:51:17+00:00","og_image":[{"width":300,"height":200,"url":"https:\/\/www.noticiasradioreflejos.com.ar\/2021\/wp-content\/uploads\/2021\/07\/logosol300x200.png","type":"image\/png"}],"author":"Arnaldo Botto","twitter_card":"summary_large_image","schema":{"@context":"https:\/\/schema.org","@graph":[{"@type":"WebPage","@id":"https:\/\/www.noticiasradioreflejos.com.ar\/2021\/abundante-lluvia-llego-esta-madrugada-a-la-comarca\/","url":"https:\/\/www.noticiasradioreflejos.com.ar\/2021\/abundante-lluvia-llego-esta-madrugada-a-la-comarca\/","name":"Abundante lluvia lleg\u00f3 esta madrugada a la comarca. - Noticias Radio Reflejos","isPartOf":{"@id":"https:\/\/www.noticiasradioreflejos.com.ar\/2021\/#website"},"datePublished":"2019-06-12T11:51:17+00:00","author":{"@id":"https:\/\/www.noticiasradioreflejos.com.ar\/2021\/#\/schema\/person\/ad82545263dcc5ec0996818884fd5fb1"},"breadcrumb":{"@id":"https:\/\/www.noticiasradioreflejos.com.ar\/2021\/abundante-lluvia-llego-esta-madrugada-a-la-comarca\/#breadcrumb"},"inLanguage":"es","potentialAction":[{"@type":"ReadAction","target":["https:\/\/www.noticiasradioreflejos.com.ar\/2021\/abundante-lluvia-llego-esta-madrugada-a-la-comarca\/"]}]},{"@type":"BreadcrumbList","@id":"https:\/\/www.noticiasradioreflejos.com.ar\/2021\/abundante-lluvia-llego-esta-madrugada-a-la-comarca\/#breadcrumb","itemListElement":[{"@type":"ListItem","position":1,"name":"Portada","item":"https:\/\/www.noticiasradioreflejos.com.ar\/2021\/"},{"@type":"ListItem","position":2,"name":"Abundante lluvia lleg\u00f3 esta madrugada a la comarca."}]},{"@type":"WebSite","@id":"https:\/\/www.noticiasradioreflejos.com.ar\/2021\/#website","url":"https:\/\/www.noticiasradioreflejos.com.ar\/2021\/","name":"Noticias Radio Reflejos","description":"Las noticias de mi comarca","potentialAction":[{"@type":"SearchAction","target":{"@type":"EntryPoint","urlTemplate":"https:\/\/www.noticiasradioreflejos.com.ar\/2021\/?s={search_term_string}"},"query-input":{"@type":"PropertyValueSpecification","valueRequired":true,"valueName":"search_term_string"}}],"inLanguage":"es"},{"@type":"Person","@id":"https:\/\/www.noticiasradioreflejos.com.ar\/2021\/#\/schema\/person\/ad82545263dcc5ec0996818884fd5fb1","name":"Arnaldo Botto","image":{"@type":"ImageObject","inLanguage":"es","@id":"https:\/\/www.noticiasradioreflejos.com.ar\/2021\/#\/schema\/person\/image\/","url":"https:\/\/secure.gravatar.com\/avatar\/55cb5e37c1efa326397366e6974cb338056df65cb50e7d64d1cf314e87504837?s=96&d=mm&r=g","contentUrl":"https:\/\/secure.gravatar.com\/avatar\/55cb5e37c1efa326397366e6974cb338056df65cb50e7d64d1cf314e87504837?s=96&d=mm&r=g","caption":"Arnaldo Botto"},"url":"https:\/\/www.noticiasradioreflejos.com.ar\/2021\/author\/arnaldo\/"}]}},"_links":{"self":[{"href":"https:\/\/www.noticiasradioreflejos.com.ar\/2021\/wp-json\/wp\/v2\/posts\/32135","targetHints":{"allow":["GET"]}}],"collection":[{"href":"https:\/\/www.noticiasradioreflejos.com.ar\/2021\/wp-json\/wp\/v2\/posts"}],"about":[{"href":"https:\/\/www.noticiasradioreflejos.com.ar\/2021\/wp-json\/wp\/v2\/types\/post"}],"author":[{"embeddable":true,"href":"https:\/\/www.noticiasradioreflejos.com.ar\/2021\/wp-json\/wp\/v2\/users\/3"}],"replies":[{"embeddable":true,"href":"https:\/\/www.noticiasradioreflejos.com.ar\/2021\/wp-json\/wp\/v2\/comments?post=32135"}],"version-history":[{"count":0,"href":"https:\/\/www.noticiasradioreflejos.com.ar\/2021\/wp-json\/wp\/v2\/posts\/32135\/revisions"}],"wp:attachment":[{"href":"https:\/\/www.noticiasradioreflejos.com.ar\/2021\/wp-json\/wp\/v2\/media?parent=32135"}],"wp:term":[{"taxonomy":"category","embeddable":true,"href":"https:\/\/www.noticiasradioreflejos.com.ar\/2021\/wp-json\/wp\/v2\/categories?post=32135"},{"taxonomy":"post_tag","embeddable":true,"href":"https:\/\/www.noticiasradioreflejos.com.ar\/2021\/wp-json\/wp\/v2\/tags?post=32135"}],"curies":[{"name":"wp","href":"https:\/\/api.w.org\/{rel}","templated":true}]}}