{"id":32132,"date":"2019-06-12T08:32:31","date_gmt":"2019-06-12T11:32:31","guid":{"rendered":"http:\/\/www.noticiasradioreflejos.com.ar\/noticias\/?p=32132"},"modified":"2019-06-12T08:32:31","modified_gmt":"2019-06-12T11:32:31","slug":"afip-lanzo-la-multinota-digital","status":"publish","type":"post","link":"https:\/\/www.noticiasradioreflejos.com.ar\/2021\/afip-lanzo-la-multinota-digital\/","title":{"rendered":"AFIP lanz\u00f3 la &quot;Multinota&quot; digital"},"content":{"rendered":"<p>La Administraci\u00f3n Federal de Ingresos P\u00fablicos (AFIP) digitaliz\u00f3 la \u00abMultinota\u00bb para que los contribuyentes puedan realizar sus tr\u00e1mites sin la necesidad de acercarse hasta una dependencia del organismo.<!--more--><br \/>\nAs\u00ed se desprende de la resoluci\u00f3n general 4503 publicada hoy en el Bolet\u00edn Oficial.<br \/>\nTodos los contribuyentes tendr\u00e1n dado de alta el servicio con lo cual no tendr\u00e1n que realizar ning\u00fan tr\u00e1mite adicional para utilizarlo.<br \/>\nA partir de ahora, la n\u00f3mina de operaciones correspondientes est\u00e1 disponible en el micrositio \u201cPresentaciones Digitales\u201d de la p\u00e1gina web del organismo.<br \/>\nPreviamente, la \u00abMultinota\u00bb se pod\u00eda completar de manera online, pero luego deb\u00eda imprimirse y presentarse en una dependencia de la AFIP. En cambio, con el nuevo formato, el tr\u00e1mite es 100 % digital.<br \/>\nLos requisitos para acceder a la opci\u00f3n \u201cPresentaciones Digitales\u201d son:<br \/>\na) Tener Clave \u00danica de Identificaci\u00f3n Tributaria (CUIT), C\u00f3digo \u00danico de Identificaci\u00f3n Laboral (CUIL)<br \/>\nb) Contar con \u201cClave Fiscal\u201d con nivel 2 o superior.<br \/>\nc) Poseer Domicilio Fiscal Electr\u00f3nico<br \/>\nEn una primera etapa, el servicio estar\u00e1 disponible para las siguientes presentaciones: Planes de pago; modificaci\u00f3n del estado administrativo de la CUIT; cambio de fecha de cierre de ejercicio; baja retroactiva de impuestos o reg\u00edmenes; y ejecuciones fiscales. Luego, se habilitar\u00e1 para el resto de las presentaciones.<br \/>\nDe esta manera, la AFIP profundiza su estrategia de digitalizar la mayor\u00eda de los tr\u00e1mites para que los ciudadanos paguen sus impuestos en forma m\u00e1s \u00e1gil y sencilla. En este sentido, cabe recordar que ya funciona el \u201cPortal de clave fiscal\u201d, una nueva herramienta de ingreso a la p\u00e1gina web de la AFIP y, adem\u00e1s, que ya se incorpor\u00f3 a la APP \u201cMi AFIP\u201d el servicio de Reconocimiento Facial, una nueva opci\u00f3n para generar y recuperar la clave fiscal con nivel de seguridad 3, a trav\u00e9s del tel\u00e9fono celular.<br \/>\nComo resultado de esta estrategia de facilitaci\u00f3n de tr\u00e1mites, desde enero de este a\u00f1o el 48% de las CUIT y el 71% de las altas de clave fiscal se gestionaron en forma completamente digital. Por otra parte, los contribuyentes tambi\u00e9n pueden tramitar por la web el CETA para la compraventa de veh\u00edculos automotores, sin tener que presentarse en una agencia el organismo.<\/p>\n","protected":false},"excerpt":{"rendered":"<p>La Administraci\u00f3n Federal de Ingresos P\u00fablicos (AFIP) digitaliz\u00f3 la \u00abMultinota\u00bb para que los contribuyentes puedan realizar sus tr\u00e1mites sin la necesidad de acercarse hasta una dependencia del organismo.<\/p>\n","protected":false},"author":3,"featured_media":0,"comment_status":"closed","ping_status":"open","sticky":false,"template":"","format":"standard","meta":{"footnotes":""},"categories":[26],"tags":[],"class_list":["post-32132","post","type-post","status-publish","format-standard","hentry","category-sociedad"],"yoast_head":"<!-- This site is optimized with the Yoast SEO plugin v25.9 - https:\/\/yoast.com\/wordpress\/plugins\/seo\/ -->\n<title>AFIP lanz\u00f3 la &quot;Multinota&quot; digital - Noticias Radio Reflejos<\/title>\n<meta name=\"robots\" content=\"index, follow, max-snippet:-1, max-image-preview:large, max-video-preview:-1\" \/>\n<link rel=\"canonical\" href=\"https:\/\/www.noticiasradioreflejos.com.ar\/2021\/afip-lanzo-la-multinota-digital\/\" \/>\n<meta property=\"og:locale\" content=\"es_ES\" \/>\n<meta property=\"og:type\" content=\"article\" \/>\n<meta property=\"og:title\" content=\"AFIP lanz\u00f3 la &quot;Multinota&quot; digital - Noticias Radio Reflejos\" \/>\n<meta property=\"og:description\" content=\"La Administraci\u00f3n Federal de Ingresos P\u00fablicos (AFIP) digitaliz\u00f3 la \u00abMultinota\u00bb para que los contribuyentes puedan realizar sus tr\u00e1mites sin la necesidad de acercarse hasta una dependencia del organismo.\" \/>\n<meta property=\"og:url\" content=\"https:\/\/www.noticiasradioreflejos.com.ar\/2021\/afip-lanzo-la-multinota-digital\/\" \/>\n<meta property=\"og:site_name\" content=\"Noticias Radio Reflejos\" \/>\n<meta property=\"article:published_time\" content=\"2019-06-12T11:32:31+00:00\" \/>\n<meta property=\"og:image\" content=\"https:\/\/www.noticiasradioreflejos.com.ar\/2021\/wp-content\/uploads\/2021\/07\/logosol300x200.png\" \/>\n\t<meta property=\"og:image:width\" content=\"300\" \/>\n\t<meta property=\"og:image:height\" content=\"200\" \/>\n\t<meta property=\"og:image:type\" content=\"image\/png\" \/>\n<meta name=\"author\" content=\"Arnaldo Botto\" \/>\n<meta name=\"twitter:card\" content=\"summary_large_image\" \/>\n<script type=\"application\/ld+json\" class=\"yoast-schema-graph\">{\"@context\":\"https:\/\/schema.org\",\"@graph\":[{\"@type\":\"WebPage\",\"@id\":\"https:\/\/www.noticiasradioreflejos.com.ar\/2021\/afip-lanzo-la-multinota-digital\/\",\"url\":\"https:\/\/www.noticiasradioreflejos.com.ar\/2021\/afip-lanzo-la-multinota-digital\/\",\"name\":\"AFIP lanz\u00f3 la &quot;Multinota&quot; digital - Noticias Radio Reflejos\",\"isPartOf\":{\"@id\":\"https:\/\/www.noticiasradioreflejos.com.ar\/2021\/#website\"},\"datePublished\":\"2019-06-12T11:32:31+00:00\",\"author\":{\"@id\":\"https:\/\/www.noticiasradioreflejos.com.ar\/2021\/#\/schema\/person\/ad82545263dcc5ec0996818884fd5fb1\"},\"breadcrumb\":{\"@id\":\"https:\/\/www.noticiasradioreflejos.com.ar\/2021\/afip-lanzo-la-multinota-digital\/#breadcrumb\"},\"inLanguage\":\"es\",\"potentialAction\":[{\"@type\":\"ReadAction\",\"target\":[\"https:\/\/www.noticiasradioreflejos.com.ar\/2021\/afip-lanzo-la-multinota-digital\/\"]}]},{\"@type\":\"BreadcrumbList\",\"@id\":\"https:\/\/www.noticiasradioreflejos.com.ar\/2021\/afip-lanzo-la-multinota-digital\/#breadcrumb\",\"itemListElement\":[{\"@type\":\"ListItem\",\"position\":1,\"name\":\"Portada\",\"item\":\"https:\/\/www.noticiasradioreflejos.com.ar\/2021\/\"},{\"@type\":\"ListItem\",\"position\":2,\"name\":\"AFIP lanz\u00f3 la &quot;Multinota&quot; digital\"}]},{\"@type\":\"WebSite\",\"@id\":\"https:\/\/www.noticiasradioreflejos.com.ar\/2021\/#website\",\"url\":\"https:\/\/www.noticiasradioreflejos.com.ar\/2021\/\",\"name\":\"Noticias Radio Reflejos\",\"description\":\"Las noticias de mi comarca\",\"potentialAction\":[{\"@type\":\"SearchAction\",\"target\":{\"@type\":\"EntryPoint\",\"urlTemplate\":\"https:\/\/www.noticiasradioreflejos.com.ar\/2021\/?s={search_term_string}\"},\"query-input\":{\"@type\":\"PropertyValueSpecification\",\"valueRequired\":true,\"valueName\":\"search_term_string\"}}],\"inLanguage\":\"es\"},{\"@type\":\"Person\",\"@id\":\"https:\/\/www.noticiasradioreflejos.com.ar\/2021\/#\/schema\/person\/ad82545263dcc5ec0996818884fd5fb1\",\"name\":\"Arnaldo Botto\",\"image\":{\"@type\":\"ImageObject\",\"inLanguage\":\"es\",\"@id\":\"https:\/\/www.noticiasradioreflejos.com.ar\/2021\/#\/schema\/person\/image\/\",\"url\":\"https:\/\/secure.gravatar.com\/avatar\/55cb5e37c1efa326397366e6974cb338056df65cb50e7d64d1cf314e87504837?s=96&d=mm&r=g\",\"contentUrl\":\"https:\/\/secure.gravatar.com\/avatar\/55cb5e37c1efa326397366e6974cb338056df65cb50e7d64d1cf314e87504837?s=96&d=mm&r=g\",\"caption\":\"Arnaldo Botto\"},\"url\":\"https:\/\/www.noticiasradioreflejos.com.ar\/2021\/author\/arnaldo\/\"}]}<\/script>\n<!-- \/ Yoast SEO plugin. -->","yoast_head_json":{"title":"AFIP lanz\u00f3 la &quot;Multinota&quot; digital - Noticias Radio Reflejos","robots":{"index":"index","follow":"follow","max-snippet":"max-snippet:-1","max-image-preview":"max-image-preview:large","max-video-preview":"max-video-preview:-1"},"canonical":"https:\/\/www.noticiasradioreflejos.com.ar\/2021\/afip-lanzo-la-multinota-digital\/","og_locale":"es_ES","og_type":"article","og_title":"AFIP lanz\u00f3 la &quot;Multinota&quot; digital - Noticias Radio Reflejos","og_description":"La Administraci\u00f3n Federal de Ingresos P\u00fablicos (AFIP) digitaliz\u00f3 la \u00abMultinota\u00bb para que los contribuyentes puedan realizar sus tr\u00e1mites sin la necesidad de acercarse hasta una dependencia del organismo.","og_url":"https:\/\/www.noticiasradioreflejos.com.ar\/2021\/afip-lanzo-la-multinota-digital\/","og_site_name":"Noticias Radio Reflejos","article_published_time":"2019-06-12T11:32:31+00:00","og_image":[{"width":300,"height":200,"url":"https:\/\/www.noticiasradioreflejos.com.ar\/2021\/wp-content\/uploads\/2021\/07\/logosol300x200.png","type":"image\/png"}],"author":"Arnaldo Botto","twitter_card":"summary_large_image","schema":{"@context":"https:\/\/schema.org","@graph":[{"@type":"WebPage","@id":"https:\/\/www.noticiasradioreflejos.com.ar\/2021\/afip-lanzo-la-multinota-digital\/","url":"https:\/\/www.noticiasradioreflejos.com.ar\/2021\/afip-lanzo-la-multinota-digital\/","name":"AFIP lanz\u00f3 la &quot;Multinota&quot; digital - Noticias Radio Reflejos","isPartOf":{"@id":"https:\/\/www.noticiasradioreflejos.com.ar\/2021\/#website"},"datePublished":"2019-06-12T11:32:31+00:00","author":{"@id":"https:\/\/www.noticiasradioreflejos.com.ar\/2021\/#\/schema\/person\/ad82545263dcc5ec0996818884fd5fb1"},"breadcrumb":{"@id":"https:\/\/www.noticiasradioreflejos.com.ar\/2021\/afip-lanzo-la-multinota-digital\/#breadcrumb"},"inLanguage":"es","potentialAction":[{"@type":"ReadAction","target":["https:\/\/www.noticiasradioreflejos.com.ar\/2021\/afip-lanzo-la-multinota-digital\/"]}]},{"@type":"BreadcrumbList","@id":"https:\/\/www.noticiasradioreflejos.com.ar\/2021\/afip-lanzo-la-multinota-digital\/#breadcrumb","itemListElement":[{"@type":"ListItem","position":1,"name":"Portada","item":"https:\/\/www.noticiasradioreflejos.com.ar\/2021\/"},{"@type":"ListItem","position":2,"name":"AFIP lanz\u00f3 la &quot;Multinota&quot; digital"}]},{"@type":"WebSite","@id":"https:\/\/www.noticiasradioreflejos.com.ar\/2021\/#website","url":"https:\/\/www.noticiasradioreflejos.com.ar\/2021\/","name":"Noticias Radio Reflejos","description":"Las noticias de mi comarca","potentialAction":[{"@type":"SearchAction","target":{"@type":"EntryPoint","urlTemplate":"https:\/\/www.noticiasradioreflejos.com.ar\/2021\/?s={search_term_string}"},"query-input":{"@type":"PropertyValueSpecification","valueRequired":true,"valueName":"search_term_string"}}],"inLanguage":"es"},{"@type":"Person","@id":"https:\/\/www.noticiasradioreflejos.com.ar\/2021\/#\/schema\/person\/ad82545263dcc5ec0996818884fd5fb1","name":"Arnaldo Botto","image":{"@type":"ImageObject","inLanguage":"es","@id":"https:\/\/www.noticiasradioreflejos.com.ar\/2021\/#\/schema\/person\/image\/","url":"https:\/\/secure.gravatar.com\/avatar\/55cb5e37c1efa326397366e6974cb338056df65cb50e7d64d1cf314e87504837?s=96&d=mm&r=g","contentUrl":"https:\/\/secure.gravatar.com\/avatar\/55cb5e37c1efa326397366e6974cb338056df65cb50e7d64d1cf314e87504837?s=96&d=mm&r=g","caption":"Arnaldo Botto"},"url":"https:\/\/www.noticiasradioreflejos.com.ar\/2021\/author\/arnaldo\/"}]}},"_links":{"self":[{"href":"https:\/\/www.noticiasradioreflejos.com.ar\/2021\/wp-json\/wp\/v2\/posts\/32132","targetHints":{"allow":["GET"]}}],"collection":[{"href":"https:\/\/www.noticiasradioreflejos.com.ar\/2021\/wp-json\/wp\/v2\/posts"}],"about":[{"href":"https:\/\/www.noticiasradioreflejos.com.ar\/2021\/wp-json\/wp\/v2\/types\/post"}],"author":[{"embeddable":true,"href":"https:\/\/www.noticiasradioreflejos.com.ar\/2021\/wp-json\/wp\/v2\/users\/3"}],"replies":[{"embeddable":true,"href":"https:\/\/www.noticiasradioreflejos.com.ar\/2021\/wp-json\/wp\/v2\/comments?post=32132"}],"version-history":[{"count":0,"href":"https:\/\/www.noticiasradioreflejos.com.ar\/2021\/wp-json\/wp\/v2\/posts\/32132\/revisions"}],"wp:attachment":[{"href":"https:\/\/www.noticiasradioreflejos.com.ar\/2021\/wp-json\/wp\/v2\/media?parent=32132"}],"wp:term":[{"taxonomy":"category","embeddable":true,"href":"https:\/\/www.noticiasradioreflejos.com.ar\/2021\/wp-json\/wp\/v2\/categories?post=32132"},{"taxonomy":"post_tag","embeddable":true,"href":"https:\/\/www.noticiasradioreflejos.com.ar\/2021\/wp-json\/wp\/v2\/tags?post=32132"}],"curies":[{"name":"wp","href":"https:\/\/api.w.org\/{rel}","templated":true}]}}