{"id":32127,"date":"2019-06-12T08:26:15","date_gmt":"2019-06-12T11:26:15","guid":{"rendered":"http:\/\/www.noticiasradioreflejos.com.ar\/noticias\/?p=32127"},"modified":"2019-06-12T08:26:15","modified_gmt":"2019-06-12T11:26:15","slug":"choco-contra-un-auto-estacionado-en-la-zona-urbana-de-sierra-de-la-ventana","status":"publish","type":"post","link":"https:\/\/www.noticiasradioreflejos.com.ar\/2021\/choco-contra-un-auto-estacionado-en-la-zona-urbana-de-sierra-de-la-ventana\/","title":{"rendered":"Choc\u00f3 contra un auto estacionado en la zona urbana de Sierra de la Ventana"},"content":{"rendered":"<p><a title=\"IMG-20190612-WA0016\" href=\"http:\/\/live.staticflickr.com\/65535\/48048835312_3955705b08_s.jpg\" rel=\"\"><img loading=\"lazy\" decoding=\"async\" class=\"alignleft\" style=\"float: left;\" title=\"IMG-20190612-WA0016\" src=\"http:\/\/live.staticflickr.com\/65535\/48048835312_3955705b08.jpg\" alt=\"IMG-20190612-WA0016\" width=\"375\" height=\"500\" \/><\/a>El siniestro se produjo a las 00.5 hs de este mi\u00e9rcoles 12 de junio, sobre Avenida Sarmiento entre Del Arroyo y Cruz del Sur, cuando un veh\u00edculo Peugeot 207 que circulaba en direcci\u00f3n hacia Avenida San Mart\u00edn, embiste contra un Volkswagen Polo que se encontraba estacionado. <!--more--><br \/>\nEl automovil Peugeot 207,\u00a0 patente NUZ265 era\u00a0 conducido por JUAN RAMON ZARATE, comerciante de esta localidad sin acompa\u00f1antes, colisiona con un veh\u00edculo estacionado sobre av. Sarmiento siendo marca Volkswagen, modelo Polo, patente ENL 565, que se encontraba estacionado sobre Avenida Sarmiento,\u00a0 sin ocupantes en su interior, propiedad de CARRE\u00d1O PATRICIA, domiciliada en esta localidad.<br \/>\nZARATE fue trasladado al Hospital Penna de\u00a0Bah\u00eda Blanca debido a las lesiones.<br \/>\nSe procedi\u00f3 secuestro del Volkswagen Polo ENL 565 y del Peugeot 206 dominio NUZ 265<br \/>\n<a title=\"IMG-20190612-WA0017\" href=\"http:\/\/live.staticflickr.com\/65535\/48048755216_3db8356719_s.jpg\" rel=\"\"><img loading=\"lazy\" decoding=\"async\" class=\"aligncenter\" title=\"IMG-20190612-WA0017\" src=\"http:\/\/live.staticflickr.com\/65535\/48048755216_3db8356719_z.jpg\" alt=\"IMG-20190612-WA0017\" width=\"480\" height=\"640\" \/><\/a><a title=\"20190612_001536\" href=\"http:\/\/live.staticflickr.com\/65535\/48048798138_f5f74ee191_s.jpg\" rel=\"\"><img loading=\"lazy\" decoding=\"async\" class=\"aligncenter\" title=\"20190612_001536\" src=\"http:\/\/live.staticflickr.com\/65535\/48048798138_f5f74ee191_z.jpg\" alt=\"20190612_001536\" width=\"480\" height=\"640\" \/><\/a><\/p>\n","protected":false},"excerpt":{"rendered":"<p>El siniestro se produjo a las 00.5 hs de este mi\u00e9rcoles 12 de junio, sobre Avenida Sarmiento entre Del Arroyo y Cruz del Sur, cuando un veh\u00edculo Peugeot 207 que circulaba en direcci\u00f3n hacia Avenida San Mart\u00edn, embiste contra un Volkswagen Polo que se encontraba estacionado.<\/p>\n","protected":false},"author":3,"featured_media":0,"comment_status":"closed","ping_status":"open","sticky":false,"template":"","format":"standard","meta":{"footnotes":""},"categories":[29],"tags":[],"class_list":["post-32127","post","type-post","status-publish","format-standard","hentry","category-policiales"],"yoast_head":"<!-- This site is optimized with the Yoast SEO plugin v25.9 - https:\/\/yoast.com\/wordpress\/plugins\/seo\/ -->\n<title>Choc\u00f3 contra un auto estacionado en la zona urbana de Sierra de la Ventana - Noticias Radio Reflejos<\/title>\n<meta name=\"robots\" content=\"index, follow, max-snippet:-1, max-image-preview:large, max-video-preview:-1\" \/>\n<link rel=\"canonical\" href=\"https:\/\/www.noticiasradioreflejos.com.ar\/2021\/choco-contra-un-auto-estacionado-en-la-zona-urbana-de-sierra-de-la-ventana\/\" \/>\n<meta property=\"og:locale\" content=\"es_ES\" \/>\n<meta property=\"og:type\" content=\"article\" \/>\n<meta property=\"og:title\" content=\"Choc\u00f3 contra un auto estacionado en la zona urbana de Sierra de la Ventana - Noticias Radio Reflejos\" \/>\n<meta property=\"og:description\" content=\"El siniestro se produjo a las 00.5 hs de este mi\u00e9rcoles 12 de junio, sobre Avenida Sarmiento entre Del Arroyo y Cruz del Sur, cuando un veh\u00edculo Peugeot 207 que circulaba en direcci\u00f3n hacia Avenida San Mart\u00edn, embiste contra un Volkswagen Polo que se encontraba estacionado.\" \/>\n<meta property=\"og:url\" content=\"https:\/\/www.noticiasradioreflejos.com.ar\/2021\/choco-contra-un-auto-estacionado-en-la-zona-urbana-de-sierra-de-la-ventana\/\" \/>\n<meta property=\"og:site_name\" content=\"Noticias Radio Reflejos\" \/>\n<meta property=\"article:published_time\" content=\"2019-06-12T11:26:15+00:00\" \/>\n<meta property=\"og:image\" content=\"http:\/\/live.staticflickr.com\/65535\/48048835312_3955705b08.jpg\" \/>\n<meta name=\"author\" content=\"Arnaldo Botto\" \/>\n<meta name=\"twitter:card\" content=\"summary_large_image\" \/>\n<script type=\"application\/ld+json\" class=\"yoast-schema-graph\">{\"@context\":\"https:\/\/schema.org\",\"@graph\":[{\"@type\":\"WebPage\",\"@id\":\"https:\/\/www.noticiasradioreflejos.com.ar\/2021\/choco-contra-un-auto-estacionado-en-la-zona-urbana-de-sierra-de-la-ventana\/\",\"url\":\"https:\/\/www.noticiasradioreflejos.com.ar\/2021\/choco-contra-un-auto-estacionado-en-la-zona-urbana-de-sierra-de-la-ventana\/\",\"name\":\"Choc\u00f3 contra un auto estacionado en la zona urbana de Sierra de la Ventana - Noticias Radio Reflejos\",\"isPartOf\":{\"@id\":\"https:\/\/www.noticiasradioreflejos.com.ar\/2021\/#website\"},\"primaryImageOfPage\":{\"@id\":\"https:\/\/www.noticiasradioreflejos.com.ar\/2021\/choco-contra-un-auto-estacionado-en-la-zona-urbana-de-sierra-de-la-ventana\/#primaryimage\"},\"image\":{\"@id\":\"https:\/\/www.noticiasradioreflejos.com.ar\/2021\/choco-contra-un-auto-estacionado-en-la-zona-urbana-de-sierra-de-la-ventana\/#primaryimage\"},\"thumbnailUrl\":\"http:\/\/live.staticflickr.com\/65535\/48048835312_3955705b08.jpg\",\"datePublished\":\"2019-06-12T11:26:15+00:00\",\"author\":{\"@id\":\"https:\/\/www.noticiasradioreflejos.com.ar\/2021\/#\/schema\/person\/ad82545263dcc5ec0996818884fd5fb1\"},\"breadcrumb\":{\"@id\":\"https:\/\/www.noticiasradioreflejos.com.ar\/2021\/choco-contra-un-auto-estacionado-en-la-zona-urbana-de-sierra-de-la-ventana\/#breadcrumb\"},\"inLanguage\":\"es\",\"potentialAction\":[{\"@type\":\"ReadAction\",\"target\":[\"https:\/\/www.noticiasradioreflejos.com.ar\/2021\/choco-contra-un-auto-estacionado-en-la-zona-urbana-de-sierra-de-la-ventana\/\"]}]},{\"@type\":\"ImageObject\",\"inLanguage\":\"es\",\"@id\":\"https:\/\/www.noticiasradioreflejos.com.ar\/2021\/choco-contra-un-auto-estacionado-en-la-zona-urbana-de-sierra-de-la-ventana\/#primaryimage\",\"url\":\"http:\/\/live.staticflickr.com\/65535\/48048835312_3955705b08.jpg\",\"contentUrl\":\"http:\/\/live.staticflickr.com\/65535\/48048835312_3955705b08.jpg\"},{\"@type\":\"BreadcrumbList\",\"@id\":\"https:\/\/www.noticiasradioreflejos.com.ar\/2021\/choco-contra-un-auto-estacionado-en-la-zona-urbana-de-sierra-de-la-ventana\/#breadcrumb\",\"itemListElement\":[{\"@type\":\"ListItem\",\"position\":1,\"name\":\"Portada\",\"item\":\"https:\/\/www.noticiasradioreflejos.com.ar\/2021\/\"},{\"@type\":\"ListItem\",\"position\":2,\"name\":\"Choc\u00f3 contra un auto estacionado en la zona urbana de Sierra de la Ventana\"}]},{\"@type\":\"WebSite\",\"@id\":\"https:\/\/www.noticiasradioreflejos.com.ar\/2021\/#website\",\"url\":\"https:\/\/www.noticiasradioreflejos.com.ar\/2021\/\",\"name\":\"Noticias Radio Reflejos\",\"description\":\"Las noticias de mi comarca\",\"potentialAction\":[{\"@type\":\"SearchAction\",\"target\":{\"@type\":\"EntryPoint\",\"urlTemplate\":\"https:\/\/www.noticiasradioreflejos.com.ar\/2021\/?s={search_term_string}\"},\"query-input\":{\"@type\":\"PropertyValueSpecification\",\"valueRequired\":true,\"valueName\":\"search_term_string\"}}],\"inLanguage\":\"es\"},{\"@type\":\"Person\",\"@id\":\"https:\/\/www.noticiasradioreflejos.com.ar\/2021\/#\/schema\/person\/ad82545263dcc5ec0996818884fd5fb1\",\"name\":\"Arnaldo Botto\",\"image\":{\"@type\":\"ImageObject\",\"inLanguage\":\"es\",\"@id\":\"https:\/\/www.noticiasradioreflejos.com.ar\/2021\/#\/schema\/person\/image\/\",\"url\":\"https:\/\/secure.gravatar.com\/avatar\/55cb5e37c1efa326397366e6974cb338056df65cb50e7d64d1cf314e87504837?s=96&d=mm&r=g\",\"contentUrl\":\"https:\/\/secure.gravatar.com\/avatar\/55cb5e37c1efa326397366e6974cb338056df65cb50e7d64d1cf314e87504837?s=96&d=mm&r=g\",\"caption\":\"Arnaldo Botto\"},\"url\":\"https:\/\/www.noticiasradioreflejos.com.ar\/2021\/author\/arnaldo\/\"}]}<\/script>\n<!-- \/ Yoast SEO plugin. -->","yoast_head_json":{"title":"Choc\u00f3 contra un auto estacionado en la zona urbana de Sierra de la Ventana - Noticias Radio Reflejos","robots":{"index":"index","follow":"follow","max-snippet":"max-snippet:-1","max-image-preview":"max-image-preview:large","max-video-preview":"max-video-preview:-1"},"canonical":"https:\/\/www.noticiasradioreflejos.com.ar\/2021\/choco-contra-un-auto-estacionado-en-la-zona-urbana-de-sierra-de-la-ventana\/","og_locale":"es_ES","og_type":"article","og_title":"Choc\u00f3 contra un auto estacionado en la zona urbana de Sierra de la Ventana - Noticias Radio Reflejos","og_description":"El siniestro se produjo a las 00.5 hs de este mi\u00e9rcoles 12 de junio, sobre Avenida Sarmiento entre Del Arroyo y Cruz del Sur, cuando un veh\u00edculo Peugeot 207 que circulaba en direcci\u00f3n hacia Avenida San Mart\u00edn, embiste contra un Volkswagen Polo que se encontraba estacionado.","og_url":"https:\/\/www.noticiasradioreflejos.com.ar\/2021\/choco-contra-un-auto-estacionado-en-la-zona-urbana-de-sierra-de-la-ventana\/","og_site_name":"Noticias Radio Reflejos","article_published_time":"2019-06-12T11:26:15+00:00","og_image":[{"url":"http:\/\/live.staticflickr.com\/65535\/48048835312_3955705b08.jpg","type":"","width":"","height":""}],"author":"Arnaldo Botto","twitter_card":"summary_large_image","schema":{"@context":"https:\/\/schema.org","@graph":[{"@type":"WebPage","@id":"https:\/\/www.noticiasradioreflejos.com.ar\/2021\/choco-contra-un-auto-estacionado-en-la-zona-urbana-de-sierra-de-la-ventana\/","url":"https:\/\/www.noticiasradioreflejos.com.ar\/2021\/choco-contra-un-auto-estacionado-en-la-zona-urbana-de-sierra-de-la-ventana\/","name":"Choc\u00f3 contra un auto estacionado en la zona urbana de Sierra de la Ventana - Noticias Radio Reflejos","isPartOf":{"@id":"https:\/\/www.noticiasradioreflejos.com.ar\/2021\/#website"},"primaryImageOfPage":{"@id":"https:\/\/www.noticiasradioreflejos.com.ar\/2021\/choco-contra-un-auto-estacionado-en-la-zona-urbana-de-sierra-de-la-ventana\/#primaryimage"},"image":{"@id":"https:\/\/www.noticiasradioreflejos.com.ar\/2021\/choco-contra-un-auto-estacionado-en-la-zona-urbana-de-sierra-de-la-ventana\/#primaryimage"},"thumbnailUrl":"http:\/\/live.staticflickr.com\/65535\/48048835312_3955705b08.jpg","datePublished":"2019-06-12T11:26:15+00:00","author":{"@id":"https:\/\/www.noticiasradioreflejos.com.ar\/2021\/#\/schema\/person\/ad82545263dcc5ec0996818884fd5fb1"},"breadcrumb":{"@id":"https:\/\/www.noticiasradioreflejos.com.ar\/2021\/choco-contra-un-auto-estacionado-en-la-zona-urbana-de-sierra-de-la-ventana\/#breadcrumb"},"inLanguage":"es","potentialAction":[{"@type":"ReadAction","target":["https:\/\/www.noticiasradioreflejos.com.ar\/2021\/choco-contra-un-auto-estacionado-en-la-zona-urbana-de-sierra-de-la-ventana\/"]}]},{"@type":"ImageObject","inLanguage":"es","@id":"https:\/\/www.noticiasradioreflejos.com.ar\/2021\/choco-contra-un-auto-estacionado-en-la-zona-urbana-de-sierra-de-la-ventana\/#primaryimage","url":"http:\/\/live.staticflickr.com\/65535\/48048835312_3955705b08.jpg","contentUrl":"http:\/\/live.staticflickr.com\/65535\/48048835312_3955705b08.jpg"},{"@type":"BreadcrumbList","@id":"https:\/\/www.noticiasradioreflejos.com.ar\/2021\/choco-contra-un-auto-estacionado-en-la-zona-urbana-de-sierra-de-la-ventana\/#breadcrumb","itemListElement":[{"@type":"ListItem","position":1,"name":"Portada","item":"https:\/\/www.noticiasradioreflejos.com.ar\/2021\/"},{"@type":"ListItem","position":2,"name":"Choc\u00f3 contra un auto estacionado en la zona urbana de Sierra de la Ventana"}]},{"@type":"WebSite","@id":"https:\/\/www.noticiasradioreflejos.com.ar\/2021\/#website","url":"https:\/\/www.noticiasradioreflejos.com.ar\/2021\/","name":"Noticias Radio Reflejos","description":"Las noticias de mi comarca","potentialAction":[{"@type":"SearchAction","target":{"@type":"EntryPoint","urlTemplate":"https:\/\/www.noticiasradioreflejos.com.ar\/2021\/?s={search_term_string}"},"query-input":{"@type":"PropertyValueSpecification","valueRequired":true,"valueName":"search_term_string"}}],"inLanguage":"es"},{"@type":"Person","@id":"https:\/\/www.noticiasradioreflejos.com.ar\/2021\/#\/schema\/person\/ad82545263dcc5ec0996818884fd5fb1","name":"Arnaldo Botto","image":{"@type":"ImageObject","inLanguage":"es","@id":"https:\/\/www.noticiasradioreflejos.com.ar\/2021\/#\/schema\/person\/image\/","url":"https:\/\/secure.gravatar.com\/avatar\/55cb5e37c1efa326397366e6974cb338056df65cb50e7d64d1cf314e87504837?s=96&d=mm&r=g","contentUrl":"https:\/\/secure.gravatar.com\/avatar\/55cb5e37c1efa326397366e6974cb338056df65cb50e7d64d1cf314e87504837?s=96&d=mm&r=g","caption":"Arnaldo Botto"},"url":"https:\/\/www.noticiasradioreflejos.com.ar\/2021\/author\/arnaldo\/"}]}},"_links":{"self":[{"href":"https:\/\/www.noticiasradioreflejos.com.ar\/2021\/wp-json\/wp\/v2\/posts\/32127","targetHints":{"allow":["GET"]}}],"collection":[{"href":"https:\/\/www.noticiasradioreflejos.com.ar\/2021\/wp-json\/wp\/v2\/posts"}],"about":[{"href":"https:\/\/www.noticiasradioreflejos.com.ar\/2021\/wp-json\/wp\/v2\/types\/post"}],"author":[{"embeddable":true,"href":"https:\/\/www.noticiasradioreflejos.com.ar\/2021\/wp-json\/wp\/v2\/users\/3"}],"replies":[{"embeddable":true,"href":"https:\/\/www.noticiasradioreflejos.com.ar\/2021\/wp-json\/wp\/v2\/comments?post=32127"}],"version-history":[{"count":0,"href":"https:\/\/www.noticiasradioreflejos.com.ar\/2021\/wp-json\/wp\/v2\/posts\/32127\/revisions"}],"wp:attachment":[{"href":"https:\/\/www.noticiasradioreflejos.com.ar\/2021\/wp-json\/wp\/v2\/media?parent=32127"}],"wp:term":[{"taxonomy":"category","embeddable":true,"href":"https:\/\/www.noticiasradioreflejos.com.ar\/2021\/wp-json\/wp\/v2\/categories?post=32127"},{"taxonomy":"post_tag","embeddable":true,"href":"https:\/\/www.noticiasradioreflejos.com.ar\/2021\/wp-json\/wp\/v2\/tags?post=32127"}],"curies":[{"name":"wp","href":"https:\/\/api.w.org\/{rel}","templated":true}]}}