{"id":32122,"date":"2019-06-12T07:56:03","date_gmt":"2019-06-12T10:56:03","guid":{"rendered":"http:\/\/www.noticiasradioreflejos.com.ar\/noticias\/?p=32122"},"modified":"2019-06-12T07:56:03","modified_gmt":"2019-06-12T10:56:03","slug":"saldungaray-convocan-a-vecinos-a-la-puesta-en-valor-del-fortin-pavon","status":"publish","type":"post","link":"https:\/\/www.noticiasradioreflejos.com.ar\/2021\/saldungaray-convocan-a-vecinos-a-la-puesta-en-valor-del-fortin-pavon\/","title":{"rendered":"Saldungaray: Convocan a vecinos a la puesta en valor del Fort\u00edn Pav\u00f3n"},"content":{"rendered":"<p>Es una iniciativa de ATUCOS en conjunto con el municipio.<br \/>\nLa Secretaria de Turismo, invita a los vecinos de Saldungaray a ser parte de la nueva puesta en valor del espacio Fort\u00edn Pav\u00f3n.<!--more--><br \/>\nJunto con la organizaci\u00f3n Atucos, el municipio ha trabajado en la conservaci\u00f3n de dicho espacio tur\u00edstico- cultural; por tal motivo invitan a acercar objetos de uso cotidiano de la vida del fortinero, para un montaje recreativo.<br \/>\nEs importante destacar que no se recibir\u00e1n objetos de valor y, en el caso de fotograf\u00edas, ser\u00e1n digitalizadas y los originales devueltos.<br \/>\nLos objetos se recepcionar\u00e1n en la Oficina de Informes Tur\u00edsticos de Saldungaray los d\u00edas lunes, martes, jueves y viernes en el horario de 10 a 18hs.<br \/>\nPara mayor informaci\u00f3n comunicarse al (0291) 154 607 675<br \/>\nDirecci\u00f3n de Comunicaci\u00f3n<br \/>\nAgencia de Desarrollo<br \/>\nTornquist Municipio<\/p>\n","protected":false},"excerpt":{"rendered":"<p>Es una iniciativa de ATUCOS en conjunto con el municipio. La Secretaria de Turismo, invita a los vecinos de Saldungaray a ser parte de la nueva puesta en valor del espacio Fort\u00edn Pav\u00f3n.<\/p>\n","protected":false},"author":3,"featured_media":26466,"comment_status":"closed","ping_status":"open","sticky":false,"template":"","format":"standard","meta":{"footnotes":""},"categories":[33],"tags":[],"class_list":["post-32122","post","type-post","status-publish","format-standard","has-post-thumbnail","hentry","category-turismo"],"yoast_head":"<!-- This site is optimized with the Yoast SEO plugin v25.9 - https:\/\/yoast.com\/wordpress\/plugins\/seo\/ -->\n<title>Saldungaray: Convocan a vecinos a la puesta en valor del Fort\u00edn Pav\u00f3n - Noticias Radio Reflejos<\/title>\n<meta name=\"robots\" content=\"index, follow, max-snippet:-1, max-image-preview:large, max-video-preview:-1\" \/>\n<link rel=\"canonical\" href=\"https:\/\/www.noticiasradioreflejos.com.ar\/2021\/saldungaray-convocan-a-vecinos-a-la-puesta-en-valor-del-fortin-pavon\/\" \/>\n<meta property=\"og:locale\" content=\"es_ES\" \/>\n<meta property=\"og:type\" content=\"article\" \/>\n<meta property=\"og:title\" content=\"Saldungaray: Convocan a vecinos a la puesta en valor del Fort\u00edn Pav\u00f3n - Noticias Radio Reflejos\" \/>\n<meta property=\"og:description\" content=\"Es una iniciativa de ATUCOS en conjunto con el municipio. La Secretaria de Turismo, invita a los vecinos de Saldungaray a ser parte de la nueva puesta en valor del espacio Fort\u00edn Pav\u00f3n.\" \/>\n<meta property=\"og:url\" content=\"https:\/\/www.noticiasradioreflejos.com.ar\/2021\/saldungaray-convocan-a-vecinos-a-la-puesta-en-valor-del-fortin-pavon\/\" \/>\n<meta property=\"og:site_name\" content=\"Noticias Radio Reflejos\" \/>\n<meta property=\"article:published_time\" content=\"2019-06-12T10:56:03+00:00\" \/>\n<meta property=\"og:image\" content=\"https:\/\/www.noticiasradioreflejos.com.ar\/2021\/wp-content\/uploads\/2018\/11\/11380007.jpg\" \/>\n\t<meta property=\"og:image:width\" content=\"1024\" \/>\n\t<meta property=\"og:image:height\" content=\"576\" \/>\n\t<meta property=\"og:image:type\" content=\"image\/jpeg\" \/>\n<meta name=\"author\" content=\"Arnaldo Botto\" \/>\n<meta name=\"twitter:card\" content=\"summary_large_image\" \/>\n<script type=\"application\/ld+json\" class=\"yoast-schema-graph\">{\"@context\":\"https:\/\/schema.org\",\"@graph\":[{\"@type\":\"WebPage\",\"@id\":\"https:\/\/www.noticiasradioreflejos.com.ar\/2021\/saldungaray-convocan-a-vecinos-a-la-puesta-en-valor-del-fortin-pavon\/\",\"url\":\"https:\/\/www.noticiasradioreflejos.com.ar\/2021\/saldungaray-convocan-a-vecinos-a-la-puesta-en-valor-del-fortin-pavon\/\",\"name\":\"Saldungaray: Convocan a vecinos a la puesta en valor del Fort\u00edn Pav\u00f3n - Noticias Radio Reflejos\",\"isPartOf\":{\"@id\":\"https:\/\/www.noticiasradioreflejos.com.ar\/2021\/#website\"},\"primaryImageOfPage\":{\"@id\":\"https:\/\/www.noticiasradioreflejos.com.ar\/2021\/saldungaray-convocan-a-vecinos-a-la-puesta-en-valor-del-fortin-pavon\/#primaryimage\"},\"image\":{\"@id\":\"https:\/\/www.noticiasradioreflejos.com.ar\/2021\/saldungaray-convocan-a-vecinos-a-la-puesta-en-valor-del-fortin-pavon\/#primaryimage\"},\"thumbnailUrl\":\"https:\/\/www.noticiasradioreflejos.com.ar\/2021\/wp-content\/uploads\/2018\/11\/11380007.jpg\",\"datePublished\":\"2019-06-12T10:56:03+00:00\",\"author\":{\"@id\":\"https:\/\/www.noticiasradioreflejos.com.ar\/2021\/#\/schema\/person\/ad82545263dcc5ec0996818884fd5fb1\"},\"breadcrumb\":{\"@id\":\"https:\/\/www.noticiasradioreflejos.com.ar\/2021\/saldungaray-convocan-a-vecinos-a-la-puesta-en-valor-del-fortin-pavon\/#breadcrumb\"},\"inLanguage\":\"es\",\"potentialAction\":[{\"@type\":\"ReadAction\",\"target\":[\"https:\/\/www.noticiasradioreflejos.com.ar\/2021\/saldungaray-convocan-a-vecinos-a-la-puesta-en-valor-del-fortin-pavon\/\"]}]},{\"@type\":\"ImageObject\",\"inLanguage\":\"es\",\"@id\":\"https:\/\/www.noticiasradioreflejos.com.ar\/2021\/saldungaray-convocan-a-vecinos-a-la-puesta-en-valor-del-fortin-pavon\/#primaryimage\",\"url\":\"https:\/\/www.noticiasradioreflejos.com.ar\/2021\/wp-content\/uploads\/2018\/11\/11380007.jpg\",\"contentUrl\":\"https:\/\/www.noticiasradioreflejos.com.ar\/2021\/wp-content\/uploads\/2018\/11\/11380007.jpg\",\"width\":1024,\"height\":576},{\"@type\":\"BreadcrumbList\",\"@id\":\"https:\/\/www.noticiasradioreflejos.com.ar\/2021\/saldungaray-convocan-a-vecinos-a-la-puesta-en-valor-del-fortin-pavon\/#breadcrumb\",\"itemListElement\":[{\"@type\":\"ListItem\",\"position\":1,\"name\":\"Portada\",\"item\":\"https:\/\/www.noticiasradioreflejos.com.ar\/2021\/\"},{\"@type\":\"ListItem\",\"position\":2,\"name\":\"Saldungaray: Convocan a vecinos a la puesta en valor del Fort\u00edn Pav\u00f3n\"}]},{\"@type\":\"WebSite\",\"@id\":\"https:\/\/www.noticiasradioreflejos.com.ar\/2021\/#website\",\"url\":\"https:\/\/www.noticiasradioreflejos.com.ar\/2021\/\",\"name\":\"Noticias Radio Reflejos\",\"description\":\"Las noticias de mi comarca\",\"potentialAction\":[{\"@type\":\"SearchAction\",\"target\":{\"@type\":\"EntryPoint\",\"urlTemplate\":\"https:\/\/www.noticiasradioreflejos.com.ar\/2021\/?s={search_term_string}\"},\"query-input\":{\"@type\":\"PropertyValueSpecification\",\"valueRequired\":true,\"valueName\":\"search_term_string\"}}],\"inLanguage\":\"es\"},{\"@type\":\"Person\",\"@id\":\"https:\/\/www.noticiasradioreflejos.com.ar\/2021\/#\/schema\/person\/ad82545263dcc5ec0996818884fd5fb1\",\"name\":\"Arnaldo Botto\",\"image\":{\"@type\":\"ImageObject\",\"inLanguage\":\"es\",\"@id\":\"https:\/\/www.noticiasradioreflejos.com.ar\/2021\/#\/schema\/person\/image\/\",\"url\":\"https:\/\/secure.gravatar.com\/avatar\/55cb5e37c1efa326397366e6974cb338056df65cb50e7d64d1cf314e87504837?s=96&d=mm&r=g\",\"contentUrl\":\"https:\/\/secure.gravatar.com\/avatar\/55cb5e37c1efa326397366e6974cb338056df65cb50e7d64d1cf314e87504837?s=96&d=mm&r=g\",\"caption\":\"Arnaldo Botto\"},\"url\":\"https:\/\/www.noticiasradioreflejos.com.ar\/2021\/author\/arnaldo\/\"}]}<\/script>\n<!-- \/ Yoast SEO plugin. -->","yoast_head_json":{"title":"Saldungaray: Convocan a vecinos a la puesta en valor del Fort\u00edn Pav\u00f3n - Noticias Radio Reflejos","robots":{"index":"index","follow":"follow","max-snippet":"max-snippet:-1","max-image-preview":"max-image-preview:large","max-video-preview":"max-video-preview:-1"},"canonical":"https:\/\/www.noticiasradioreflejos.com.ar\/2021\/saldungaray-convocan-a-vecinos-a-la-puesta-en-valor-del-fortin-pavon\/","og_locale":"es_ES","og_type":"article","og_title":"Saldungaray: Convocan a vecinos a la puesta en valor del Fort\u00edn Pav\u00f3n - Noticias Radio Reflejos","og_description":"Es una iniciativa de ATUCOS en conjunto con el municipio. La Secretaria de Turismo, invita a los vecinos de Saldungaray a ser parte de la nueva puesta en valor del espacio Fort\u00edn Pav\u00f3n.","og_url":"https:\/\/www.noticiasradioreflejos.com.ar\/2021\/saldungaray-convocan-a-vecinos-a-la-puesta-en-valor-del-fortin-pavon\/","og_site_name":"Noticias Radio Reflejos","article_published_time":"2019-06-12T10:56:03+00:00","og_image":[{"width":1024,"height":576,"url":"https:\/\/www.noticiasradioreflejos.com.ar\/2021\/wp-content\/uploads\/2018\/11\/11380007.jpg","type":"image\/jpeg"}],"author":"Arnaldo Botto","twitter_card":"summary_large_image","schema":{"@context":"https:\/\/schema.org","@graph":[{"@type":"WebPage","@id":"https:\/\/www.noticiasradioreflejos.com.ar\/2021\/saldungaray-convocan-a-vecinos-a-la-puesta-en-valor-del-fortin-pavon\/","url":"https:\/\/www.noticiasradioreflejos.com.ar\/2021\/saldungaray-convocan-a-vecinos-a-la-puesta-en-valor-del-fortin-pavon\/","name":"Saldungaray: Convocan a vecinos a la puesta en valor del Fort\u00edn Pav\u00f3n - Noticias Radio Reflejos","isPartOf":{"@id":"https:\/\/www.noticiasradioreflejos.com.ar\/2021\/#website"},"primaryImageOfPage":{"@id":"https:\/\/www.noticiasradioreflejos.com.ar\/2021\/saldungaray-convocan-a-vecinos-a-la-puesta-en-valor-del-fortin-pavon\/#primaryimage"},"image":{"@id":"https:\/\/www.noticiasradioreflejos.com.ar\/2021\/saldungaray-convocan-a-vecinos-a-la-puesta-en-valor-del-fortin-pavon\/#primaryimage"},"thumbnailUrl":"https:\/\/www.noticiasradioreflejos.com.ar\/2021\/wp-content\/uploads\/2018\/11\/11380007.jpg","datePublished":"2019-06-12T10:56:03+00:00","author":{"@id":"https:\/\/www.noticiasradioreflejos.com.ar\/2021\/#\/schema\/person\/ad82545263dcc5ec0996818884fd5fb1"},"breadcrumb":{"@id":"https:\/\/www.noticiasradioreflejos.com.ar\/2021\/saldungaray-convocan-a-vecinos-a-la-puesta-en-valor-del-fortin-pavon\/#breadcrumb"},"inLanguage":"es","potentialAction":[{"@type":"ReadAction","target":["https:\/\/www.noticiasradioreflejos.com.ar\/2021\/saldungaray-convocan-a-vecinos-a-la-puesta-en-valor-del-fortin-pavon\/"]}]},{"@type":"ImageObject","inLanguage":"es","@id":"https:\/\/www.noticiasradioreflejos.com.ar\/2021\/saldungaray-convocan-a-vecinos-a-la-puesta-en-valor-del-fortin-pavon\/#primaryimage","url":"https:\/\/www.noticiasradioreflejos.com.ar\/2021\/wp-content\/uploads\/2018\/11\/11380007.jpg","contentUrl":"https:\/\/www.noticiasradioreflejos.com.ar\/2021\/wp-content\/uploads\/2018\/11\/11380007.jpg","width":1024,"height":576},{"@type":"BreadcrumbList","@id":"https:\/\/www.noticiasradioreflejos.com.ar\/2021\/saldungaray-convocan-a-vecinos-a-la-puesta-en-valor-del-fortin-pavon\/#breadcrumb","itemListElement":[{"@type":"ListItem","position":1,"name":"Portada","item":"https:\/\/www.noticiasradioreflejos.com.ar\/2021\/"},{"@type":"ListItem","position":2,"name":"Saldungaray: Convocan a vecinos a la puesta en valor del Fort\u00edn Pav\u00f3n"}]},{"@type":"WebSite","@id":"https:\/\/www.noticiasradioreflejos.com.ar\/2021\/#website","url":"https:\/\/www.noticiasradioreflejos.com.ar\/2021\/","name":"Noticias Radio Reflejos","description":"Las noticias de mi comarca","potentialAction":[{"@type":"SearchAction","target":{"@type":"EntryPoint","urlTemplate":"https:\/\/www.noticiasradioreflejos.com.ar\/2021\/?s={search_term_string}"},"query-input":{"@type":"PropertyValueSpecification","valueRequired":true,"valueName":"search_term_string"}}],"inLanguage":"es"},{"@type":"Person","@id":"https:\/\/www.noticiasradioreflejos.com.ar\/2021\/#\/schema\/person\/ad82545263dcc5ec0996818884fd5fb1","name":"Arnaldo Botto","image":{"@type":"ImageObject","inLanguage":"es","@id":"https:\/\/www.noticiasradioreflejos.com.ar\/2021\/#\/schema\/person\/image\/","url":"https:\/\/secure.gravatar.com\/avatar\/55cb5e37c1efa326397366e6974cb338056df65cb50e7d64d1cf314e87504837?s=96&d=mm&r=g","contentUrl":"https:\/\/secure.gravatar.com\/avatar\/55cb5e37c1efa326397366e6974cb338056df65cb50e7d64d1cf314e87504837?s=96&d=mm&r=g","caption":"Arnaldo Botto"},"url":"https:\/\/www.noticiasradioreflejos.com.ar\/2021\/author\/arnaldo\/"}]}},"_links":{"self":[{"href":"https:\/\/www.noticiasradioreflejos.com.ar\/2021\/wp-json\/wp\/v2\/posts\/32122","targetHints":{"allow":["GET"]}}],"collection":[{"href":"https:\/\/www.noticiasradioreflejos.com.ar\/2021\/wp-json\/wp\/v2\/posts"}],"about":[{"href":"https:\/\/www.noticiasradioreflejos.com.ar\/2021\/wp-json\/wp\/v2\/types\/post"}],"author":[{"embeddable":true,"href":"https:\/\/www.noticiasradioreflejos.com.ar\/2021\/wp-json\/wp\/v2\/users\/3"}],"replies":[{"embeddable":true,"href":"https:\/\/www.noticiasradioreflejos.com.ar\/2021\/wp-json\/wp\/v2\/comments?post=32122"}],"version-history":[{"count":0,"href":"https:\/\/www.noticiasradioreflejos.com.ar\/2021\/wp-json\/wp\/v2\/posts\/32122\/revisions"}],"wp:featuredmedia":[{"embeddable":true,"href":"https:\/\/www.noticiasradioreflejos.com.ar\/2021\/wp-json\/wp\/v2\/media\/26466"}],"wp:attachment":[{"href":"https:\/\/www.noticiasradioreflejos.com.ar\/2021\/wp-json\/wp\/v2\/media?parent=32122"}],"wp:term":[{"taxonomy":"category","embeddable":true,"href":"https:\/\/www.noticiasradioreflejos.com.ar\/2021\/wp-json\/wp\/v2\/categories?post=32122"},{"taxonomy":"post_tag","embeddable":true,"href":"https:\/\/www.noticiasradioreflejos.com.ar\/2021\/wp-json\/wp\/v2\/tags?post=32122"}],"curies":[{"name":"wp","href":"https:\/\/api.w.org\/{rel}","templated":true}]}}