{"id":32114,"date":"2019-06-11T16:25:58","date_gmt":"2019-06-11T19:25:58","guid":{"rendered":"http:\/\/www.noticiasradioreflejos.com.ar\/noticias\/?p=32114"},"modified":"2019-06-11T16:25:58","modified_gmt":"2019-06-11T19:25:58","slug":"voleibol-el-sub-12-de-automoto-brillo-en-bahia","status":"publish","type":"post","link":"https:\/\/www.noticiasradioreflejos.com.ar\/2021\/voleibol-el-sub-12-de-automoto-brillo-en-bahia\/","title":{"rendered":"V\u00f3leibol: el Sub 12 de Automoto brill\u00f3 en Bah\u00eda"},"content":{"rendered":"<p>Fue una jornada brillante. El equipo Sub 12 femenino de Automoto cumpli\u00f3 una enorme performance en el certamen que organiza la Asociaci\u00f3n Bahiense de V\u00f3leibol. En cancha de Estudiantes, las chicas consiguieron una doble y clara victoria, ante Universitario y Olimpo.<!--more--><br \/>\n   Continuando con la evoluci\u00f3n que viene plasmando desde el mismo inicio del certamen, el Rojo sum\u00f3 su cuarto triunfo en fila.<br \/>\n    En primer turno, Automoto super\u00f3 a Universitario por 3-0, con parciales de 25-6, 25-8 y 25-22), mientras que en el segundo partido de la jornada venci\u00f3 al aurinegro bahiense por el mismo marcador, con sets de 25-16, 25-24 y 25-23.<br \/>\n    El equipo azulgrana, que es dirigido por Sof\u00eda Urriaga con la colaboraci\u00f3n de Mail\u00e9n Rossini, estuvo conformado por Emma Gandini, Catalina Fhur, Luc\u00eda Trankels, Gemma Bruni, Amparo Lanaro, Renata Muzzi, Abril Clavellino, Lola Fern\u00e1ndez, Luisina Bay\u00f3n, Luisina Miconi, Josefina Manfredi, Olivia Naab, Juliana Rusconi y Alma Urriaga.<br \/>\n   Con estos dos triunfos, Automoto ya cumpli\u00f3 con todos sus encuentros de la fase regular y qued\u00f3 con un registro de cuatro victorias y dos derrotas. Ahora resta que se completen un par de partidos para conocer la posici\u00f3n final, a fin de determinar los juegos de playoff.<br \/>\nDepartamento de Prensa \u2013 Automoto Club Deportivo<br \/>\nwww.clubautomotopasion.com.ar<br \/>\nFacebook: \/automototornquist<br \/>\nTwitter: @ClubAutomoto<br \/>\nYouTube: acdtvideos<\/p>\n","protected":false},"excerpt":{"rendered":"<p>Fue una jornada brillante. El equipo Sub 12 femenino de Automoto cumpli\u00f3 una enorme performance en el certamen que organiza la Asociaci\u00f3n Bahiense de V\u00f3leibol. En cancha de Estudiantes, las chicas consiguieron una doble y clara victoria, ante Universitario y Olimpo.<\/p>\n","protected":false},"author":3,"featured_media":0,"comment_status":"closed","ping_status":"open","sticky":false,"template":"","format":"standard","meta":{"footnotes":""},"categories":[27],"tags":[],"class_list":["post-32114","post","type-post","status-publish","format-standard","hentry","category-deportes"],"yoast_head":"<!-- This site is optimized with the Yoast SEO plugin v25.9 - https:\/\/yoast.com\/wordpress\/plugins\/seo\/ -->\n<title>V\u00f3leibol: el Sub 12 de Automoto brill\u00f3 en Bah\u00eda - Noticias Radio Reflejos<\/title>\n<meta name=\"robots\" content=\"index, follow, max-snippet:-1, max-image-preview:large, max-video-preview:-1\" \/>\n<link rel=\"canonical\" href=\"https:\/\/www.noticiasradioreflejos.com.ar\/2021\/voleibol-el-sub-12-de-automoto-brillo-en-bahia\/\" \/>\n<meta property=\"og:locale\" content=\"es_ES\" \/>\n<meta property=\"og:type\" content=\"article\" \/>\n<meta property=\"og:title\" content=\"V\u00f3leibol: el Sub 12 de Automoto brill\u00f3 en Bah\u00eda - Noticias Radio Reflejos\" \/>\n<meta property=\"og:description\" content=\"Fue una jornada brillante. El equipo Sub 12 femenino de Automoto cumpli\u00f3 una enorme performance en el certamen que organiza la Asociaci\u00f3n Bahiense de V\u00f3leibol. En cancha de Estudiantes, las chicas consiguieron una doble y clara victoria, ante Universitario y Olimpo.\" \/>\n<meta property=\"og:url\" content=\"https:\/\/www.noticiasradioreflejos.com.ar\/2021\/voleibol-el-sub-12-de-automoto-brillo-en-bahia\/\" \/>\n<meta property=\"og:site_name\" content=\"Noticias Radio Reflejos\" \/>\n<meta property=\"article:published_time\" content=\"2019-06-11T19:25:58+00:00\" \/>\n<meta property=\"og:image\" content=\"https:\/\/www.noticiasradioreflejos.com.ar\/2021\/wp-content\/uploads\/2021\/07\/logosol300x200.png\" \/>\n\t<meta property=\"og:image:width\" content=\"300\" \/>\n\t<meta property=\"og:image:height\" content=\"200\" \/>\n\t<meta property=\"og:image:type\" content=\"image\/png\" \/>\n<meta name=\"author\" content=\"Arnaldo Botto\" \/>\n<meta name=\"twitter:card\" content=\"summary_large_image\" \/>\n<script type=\"application\/ld+json\" class=\"yoast-schema-graph\">{\"@context\":\"https:\/\/schema.org\",\"@graph\":[{\"@type\":\"WebPage\",\"@id\":\"https:\/\/www.noticiasradioreflejos.com.ar\/2021\/voleibol-el-sub-12-de-automoto-brillo-en-bahia\/\",\"url\":\"https:\/\/www.noticiasradioreflejos.com.ar\/2021\/voleibol-el-sub-12-de-automoto-brillo-en-bahia\/\",\"name\":\"V\u00f3leibol: el Sub 12 de Automoto brill\u00f3 en Bah\u00eda - Noticias Radio Reflejos\",\"isPartOf\":{\"@id\":\"https:\/\/www.noticiasradioreflejos.com.ar\/2021\/#website\"},\"datePublished\":\"2019-06-11T19:25:58+00:00\",\"author\":{\"@id\":\"https:\/\/www.noticiasradioreflejos.com.ar\/2021\/#\/schema\/person\/ad82545263dcc5ec0996818884fd5fb1\"},\"breadcrumb\":{\"@id\":\"https:\/\/www.noticiasradioreflejos.com.ar\/2021\/voleibol-el-sub-12-de-automoto-brillo-en-bahia\/#breadcrumb\"},\"inLanguage\":\"es\",\"potentialAction\":[{\"@type\":\"ReadAction\",\"target\":[\"https:\/\/www.noticiasradioreflejos.com.ar\/2021\/voleibol-el-sub-12-de-automoto-brillo-en-bahia\/\"]}]},{\"@type\":\"BreadcrumbList\",\"@id\":\"https:\/\/www.noticiasradioreflejos.com.ar\/2021\/voleibol-el-sub-12-de-automoto-brillo-en-bahia\/#breadcrumb\",\"itemListElement\":[{\"@type\":\"ListItem\",\"position\":1,\"name\":\"Portada\",\"item\":\"https:\/\/www.noticiasradioreflejos.com.ar\/2021\/\"},{\"@type\":\"ListItem\",\"position\":2,\"name\":\"V\u00f3leibol: el Sub 12 de Automoto brill\u00f3 en Bah\u00eda\"}]},{\"@type\":\"WebSite\",\"@id\":\"https:\/\/www.noticiasradioreflejos.com.ar\/2021\/#website\",\"url\":\"https:\/\/www.noticiasradioreflejos.com.ar\/2021\/\",\"name\":\"Noticias Radio Reflejos\",\"description\":\"Las noticias de mi comarca\",\"potentialAction\":[{\"@type\":\"SearchAction\",\"target\":{\"@type\":\"EntryPoint\",\"urlTemplate\":\"https:\/\/www.noticiasradioreflejos.com.ar\/2021\/?s={search_term_string}\"},\"query-input\":{\"@type\":\"PropertyValueSpecification\",\"valueRequired\":true,\"valueName\":\"search_term_string\"}}],\"inLanguage\":\"es\"},{\"@type\":\"Person\",\"@id\":\"https:\/\/www.noticiasradioreflejos.com.ar\/2021\/#\/schema\/person\/ad82545263dcc5ec0996818884fd5fb1\",\"name\":\"Arnaldo Botto\",\"image\":{\"@type\":\"ImageObject\",\"inLanguage\":\"es\",\"@id\":\"https:\/\/www.noticiasradioreflejos.com.ar\/2021\/#\/schema\/person\/image\/\",\"url\":\"https:\/\/secure.gravatar.com\/avatar\/55cb5e37c1efa326397366e6974cb338056df65cb50e7d64d1cf314e87504837?s=96&d=mm&r=g\",\"contentUrl\":\"https:\/\/secure.gravatar.com\/avatar\/55cb5e37c1efa326397366e6974cb338056df65cb50e7d64d1cf314e87504837?s=96&d=mm&r=g\",\"caption\":\"Arnaldo Botto\"},\"url\":\"https:\/\/www.noticiasradioreflejos.com.ar\/2021\/author\/arnaldo\/\"}]}<\/script>\n<!-- \/ Yoast SEO plugin. -->","yoast_head_json":{"title":"V\u00f3leibol: el Sub 12 de Automoto brill\u00f3 en Bah\u00eda - Noticias Radio Reflejos","robots":{"index":"index","follow":"follow","max-snippet":"max-snippet:-1","max-image-preview":"max-image-preview:large","max-video-preview":"max-video-preview:-1"},"canonical":"https:\/\/www.noticiasradioreflejos.com.ar\/2021\/voleibol-el-sub-12-de-automoto-brillo-en-bahia\/","og_locale":"es_ES","og_type":"article","og_title":"V\u00f3leibol: el Sub 12 de Automoto brill\u00f3 en Bah\u00eda - Noticias Radio Reflejos","og_description":"Fue una jornada brillante. El equipo Sub 12 femenino de Automoto cumpli\u00f3 una enorme performance en el certamen que organiza la Asociaci\u00f3n Bahiense de V\u00f3leibol. En cancha de Estudiantes, las chicas consiguieron una doble y clara victoria, ante Universitario y Olimpo.","og_url":"https:\/\/www.noticiasradioreflejos.com.ar\/2021\/voleibol-el-sub-12-de-automoto-brillo-en-bahia\/","og_site_name":"Noticias Radio Reflejos","article_published_time":"2019-06-11T19:25:58+00:00","og_image":[{"width":300,"height":200,"url":"https:\/\/www.noticiasradioreflejos.com.ar\/2021\/wp-content\/uploads\/2021\/07\/logosol300x200.png","type":"image\/png"}],"author":"Arnaldo Botto","twitter_card":"summary_large_image","schema":{"@context":"https:\/\/schema.org","@graph":[{"@type":"WebPage","@id":"https:\/\/www.noticiasradioreflejos.com.ar\/2021\/voleibol-el-sub-12-de-automoto-brillo-en-bahia\/","url":"https:\/\/www.noticiasradioreflejos.com.ar\/2021\/voleibol-el-sub-12-de-automoto-brillo-en-bahia\/","name":"V\u00f3leibol: el Sub 12 de Automoto brill\u00f3 en Bah\u00eda - Noticias Radio Reflejos","isPartOf":{"@id":"https:\/\/www.noticiasradioreflejos.com.ar\/2021\/#website"},"datePublished":"2019-06-11T19:25:58+00:00","author":{"@id":"https:\/\/www.noticiasradioreflejos.com.ar\/2021\/#\/schema\/person\/ad82545263dcc5ec0996818884fd5fb1"},"breadcrumb":{"@id":"https:\/\/www.noticiasradioreflejos.com.ar\/2021\/voleibol-el-sub-12-de-automoto-brillo-en-bahia\/#breadcrumb"},"inLanguage":"es","potentialAction":[{"@type":"ReadAction","target":["https:\/\/www.noticiasradioreflejos.com.ar\/2021\/voleibol-el-sub-12-de-automoto-brillo-en-bahia\/"]}]},{"@type":"BreadcrumbList","@id":"https:\/\/www.noticiasradioreflejos.com.ar\/2021\/voleibol-el-sub-12-de-automoto-brillo-en-bahia\/#breadcrumb","itemListElement":[{"@type":"ListItem","position":1,"name":"Portada","item":"https:\/\/www.noticiasradioreflejos.com.ar\/2021\/"},{"@type":"ListItem","position":2,"name":"V\u00f3leibol: el Sub 12 de Automoto brill\u00f3 en Bah\u00eda"}]},{"@type":"WebSite","@id":"https:\/\/www.noticiasradioreflejos.com.ar\/2021\/#website","url":"https:\/\/www.noticiasradioreflejos.com.ar\/2021\/","name":"Noticias Radio Reflejos","description":"Las noticias de mi comarca","potentialAction":[{"@type":"SearchAction","target":{"@type":"EntryPoint","urlTemplate":"https:\/\/www.noticiasradioreflejos.com.ar\/2021\/?s={search_term_string}"},"query-input":{"@type":"PropertyValueSpecification","valueRequired":true,"valueName":"search_term_string"}}],"inLanguage":"es"},{"@type":"Person","@id":"https:\/\/www.noticiasradioreflejos.com.ar\/2021\/#\/schema\/person\/ad82545263dcc5ec0996818884fd5fb1","name":"Arnaldo Botto","image":{"@type":"ImageObject","inLanguage":"es","@id":"https:\/\/www.noticiasradioreflejos.com.ar\/2021\/#\/schema\/person\/image\/","url":"https:\/\/secure.gravatar.com\/avatar\/55cb5e37c1efa326397366e6974cb338056df65cb50e7d64d1cf314e87504837?s=96&d=mm&r=g","contentUrl":"https:\/\/secure.gravatar.com\/avatar\/55cb5e37c1efa326397366e6974cb338056df65cb50e7d64d1cf314e87504837?s=96&d=mm&r=g","caption":"Arnaldo Botto"},"url":"https:\/\/www.noticiasradioreflejos.com.ar\/2021\/author\/arnaldo\/"}]}},"_links":{"self":[{"href":"https:\/\/www.noticiasradioreflejos.com.ar\/2021\/wp-json\/wp\/v2\/posts\/32114","targetHints":{"allow":["GET"]}}],"collection":[{"href":"https:\/\/www.noticiasradioreflejos.com.ar\/2021\/wp-json\/wp\/v2\/posts"}],"about":[{"href":"https:\/\/www.noticiasradioreflejos.com.ar\/2021\/wp-json\/wp\/v2\/types\/post"}],"author":[{"embeddable":true,"href":"https:\/\/www.noticiasradioreflejos.com.ar\/2021\/wp-json\/wp\/v2\/users\/3"}],"replies":[{"embeddable":true,"href":"https:\/\/www.noticiasradioreflejos.com.ar\/2021\/wp-json\/wp\/v2\/comments?post=32114"}],"version-history":[{"count":0,"href":"https:\/\/www.noticiasradioreflejos.com.ar\/2021\/wp-json\/wp\/v2\/posts\/32114\/revisions"}],"wp:attachment":[{"href":"https:\/\/www.noticiasradioreflejos.com.ar\/2021\/wp-json\/wp\/v2\/media?parent=32114"}],"wp:term":[{"taxonomy":"category","embeddable":true,"href":"https:\/\/www.noticiasradioreflejos.com.ar\/2021\/wp-json\/wp\/v2\/categories?post=32114"},{"taxonomy":"post_tag","embeddable":true,"href":"https:\/\/www.noticiasradioreflejos.com.ar\/2021\/wp-json\/wp\/v2\/tags?post=32114"}],"curies":[{"name":"wp","href":"https:\/\/api.w.org\/{rel}","templated":true}]}}