{"id":32109,"date":"2019-06-11T16:23:50","date_gmt":"2019-06-11T19:23:50","guid":{"rendered":"http:\/\/www.noticiasradioreflejos.com.ar\/noticias\/?p=32109"},"modified":"2019-06-11T16:23:50","modified_gmt":"2019-06-11T19:23:50","slug":"convocatorias-de-investiga-cultura-tres-lineas-de-apoyo-economico","status":"publish","type":"post","link":"https:\/\/www.noticiasradioreflejos.com.ar\/2021\/convocatorias-de-investiga-cultura-tres-lineas-de-apoyo-economico\/","title":{"rendered":"Convocatorias de INVESTIGA CULTURA: tres l\u00edneas de apoyo econ\u00f3mico"},"content":{"rendered":"<p>Convocatorias abiertas a Patrimonio Cultural de la Secretar\u00eda de Cultura de la Naci\u00f3n<!--more--><br \/>\n&nbsp;<\/p>\n<table border=\"0\" width=\"100%\" cellspacing=\"0\" cellpadding=\"0\" align=\"center\" bgcolor=\"#EAECED\">\n<tbody>\n<tr>\n<td align=\"center\" valign=\"top\">\n<table class=\"m_4967228996989524645m_-4811638797324085713m_7194579986718499814responsive-table\" border=\"0\" width=\"580\" cellspacing=\"0\" cellpadding=\"0\" bgcolor=\"#FFFFFF\">\n<tbody>\n<tr>\n<td align=\"center\">\n<table width=\"85%\">\n<tbody>\n<tr>\n<td align=\"center\">\n<h2>Proyectos de Investigaci\u00f3n<\/h2>\n<\/td>\n<\/tr>\n<\/tbody>\n<\/table>\n<\/td>\n<\/tr>\n<tr>\n<td><\/td>\n<\/tr>\n<tr>\n<td align=\"center\">\n<table class=\"m_4967228996989524645m_-4811638797324085713m_7194579986718499814story-4\" border=\"0\" width=\"78%\" cellspacing=\"0\" cellpadding=\"0\">\n<tbody>\n<tr>\n<td align=\"left\"><strong>Dirigida a profesionales con experiencia en investigaci\u00f3n, que residan en el pa\u00eds y posean un t\u00edtulo de grado, de carreras universitarias no inferior a cuatro a\u00f1os.<\/strong><br \/>\nApoyo econ\u00f3mico para el desarrollo de una investigaci\u00f3n que se encuentre en relaci\u00f3n con los fondos documentales, bibliogr\u00e1ficos y las colecciones localizadas en Institutos y Museos Nacionales.<br \/>\nSe seleccionar\u00e1n 12 proyectos de investigaci\u00f3n. Cada uno de ellos recibir\u00e1 SETENTA MIL PESOS ($ 70.000.-).<br \/>\n<strong>\u00a1Ten\u00e9s tiempo de inscribirte hasta el viernes 28 de junio!<\/strong><\/td>\n<\/tr>\n<\/tbody>\n<\/table>\n<\/td>\n<\/tr>\n<tr>\n<td><\/td>\n<\/tr>\n<tr>\n<td align=\"center\" valign=\"top\">\n<table border=\"0\" cellspacing=\"0\" cellpadding=\"0\">\n<tbody>\n<tr>\n<td align=\"center\" valign=\"top\"><a href=\"http:\/\/anuncios.cultura.gob.ar\/\/lt.php?id=fEgFVAxTBk1UAAYMTgsDBAQGBw\" target=\"_blank\" data-saferedirecturl=\"https:\/\/www.google.com\/url?q=http:\/\/anuncios.cultura.gob.ar\/\/lt.php?id%3DfEgFVAxTBk1UAAYMTgsDBAQGBw&amp;source=gmail&amp;ust=1560366959649000&amp;usg=AFQjCNFJiUaiQ-AWQJYN58RHkkNG2fu2jw\" rel=\"noopener\">M\u00c1S INFORMACI\u00d3N E INSCRIPCIONES<\/a><\/td>\n<\/tr>\n<\/tbody>\n<\/table>\n<\/td>\n<\/tr>\n<tr>\n<td><\/td>\n<\/tr>\n<tr>\n<td><\/td>\n<\/tr>\n<\/tbody>\n<\/table>\n<\/td>\n<\/tr>\n<tr>\n<td><\/td>\n<\/tr>\n<tr>\n<td align=\"center\" valign=\"top\">\n<table class=\"m_4967228996989524645m_-4811638797324085713m_7194579986718499814responsive-table\" border=\"0\" width=\"580\" cellspacing=\"0\" cellpadding=\"0\" bgcolor=\"#FFFFFF\">\n<tbody>\n<tr>\n<td><\/td>\n<\/tr>\n<tr>\n<td align=\"center\">\n<table width=\"85%\">\n<tbody>\n<tr>\n<td align=\"center\">\n<h2>Encuentros Internacionales<\/h2>\n<\/td>\n<\/tr>\n<\/tbody>\n<\/table>\n<\/td>\n<\/tr>\n<tr>\n<td><\/td>\n<\/tr>\n<tr>\n<td align=\"center\">\n<table class=\"m_4967228996989524645m_-4811638797324085713m_7194579986718499814story-4\" border=\"0\" width=\"78%\" cellspacing=\"0\" cellpadding=\"0\">\n<tbody>\n<tr>\n<td align=\"left\"><strong>Destinado a organizaciones sociales, instituciones p\u00fablicas y privadas, equipos de investigaci\u00f3n, museos, instituciones universitarias, ONG, organizaciones de la sociedad civil, organismos nacionales, provinciales y municipales, entre otros.<\/strong><br \/>\nApoyo econ\u00f3mico para realizar congresos, seminarios, jornadas, foros, simposios, encuentros y reuniones profesionales de car\u00e1cter internacional que se realicen en nuestro pa\u00eds.<br \/>\nSe seleccionar\u00e1n cinco eventos y se otorgar\u00e1n hasta NOVENTA MIL PESOS ($90.000.-) a cada uno.<br \/>\n<strong>\u00a1Ten\u00e9s tiempo de inscribirte hasta el viernes 28 de junio!<\/strong><\/td>\n<\/tr>\n<\/tbody>\n<\/table>\n<\/td>\n<\/tr>\n<tr>\n<td><\/td>\n<\/tr>\n<tr>\n<td align=\"center\" valign=\"top\">\n<table border=\"0\" cellspacing=\"0\" cellpadding=\"0\">\n<tbody>\n<tr>\n<td align=\"center\" valign=\"top\"><a href=\"http:\/\/anuncios.cultura.gob.ar\/\/lt.php?id=fEgFVAxTB01UAAYMTgsDBAQGBw\" target=\"_blank\" data-saferedirecturl=\"https:\/\/www.google.com\/url?q=http:\/\/anuncios.cultura.gob.ar\/\/lt.php?id%3DfEgFVAxTB01UAAYMTgsDBAQGBw&amp;source=gmail&amp;ust=1560366959649000&amp;usg=AFQjCNHl_x-Sxtahj5RTqdauq9vKLw6gxA\" rel=\"noopener\">M\u00c1S INFORMACI\u00d3N E INSCRIPCIONES<\/a><\/td>\n<\/tr>\n<\/tbody>\n<\/table>\n<\/td>\n<\/tr>\n<tr>\n<td><\/td>\n<\/tr>\n<tr>\n<td><\/td>\n<\/tr>\n<\/tbody>\n<\/table>\n<\/td>\n<\/tr>\n<tr>\n<td><\/td>\n<\/tr>\n<tr>\n<td align=\"center\" valign=\"top\">\n<table class=\"m_4967228996989524645m_-4811638797324085713m_7194579986718499814responsive-table\" border=\"0\" width=\"580\" cellspacing=\"0\" cellpadding=\"0\" bgcolor=\"#FFFFFF\">\n<tbody>\n<tr>\n<td><\/td>\n<\/tr>\n<tr>\n<td align=\"center\">\n<table width=\"85%\">\n<tbody>\n<tr>\n<td align=\"center\">\n<h2>Traducciones<\/h2>\n<\/td>\n<\/tr>\n<\/tbody>\n<\/table>\n<\/td>\n<\/tr>\n<tr>\n<td><\/td>\n<\/tr>\n<tr>\n<td align=\"center\">\n<table class=\"m_4967228996989524645m_-4811638797324085713m_7194579986718499814story-4\" border=\"0\" width=\"78%\" cellspacing=\"0\" cellpadding=\"0\">\n<tbody>\n<tr>\n<td align=\"left\"><strong>Convocatoria dirigida a editoriales universitarias y comerciales, de gesti\u00f3n p\u00fablica y\/o estatal, con domicilio en Argentina y que est\u00e9n habilitadas para tal fin.<\/strong><br \/>\nFondos para promover la traducci\u00f3n al espa\u00f1ol de obras in\u00e9ditas cuyos contenidos aporten nuevas miradas y concepciones vinculadas al campo del conocimiento y la gesti\u00f3n del patrimonio.<br \/>\nSe seleccionar\u00e1n 8 (ocho) proyectos de hasta $100.000.<br \/>\n<strong>\u00a1Ten\u00e9s tiempo de inscribirte hasta el jueves 18 de julio!<\/strong><\/td>\n<\/tr>\n<\/tbody>\n<\/table>\n<\/td>\n<\/tr>\n<tr>\n<td><\/td>\n<\/tr>\n<tr>\n<td align=\"center\" valign=\"top\">\n<table border=\"0\" cellspacing=\"0\" cellpadding=\"0\">\n<tbody>\n<tr>\n<td align=\"center\" valign=\"top\"><a href=\"http:\/\/anuncios.cultura.gob.ar\/\/lt.php?id=fEgFVAxTBE1UAAYMTgsDBAQGBw\" target=\"_blank\" data-saferedirecturl=\"https:\/\/www.google.com\/url?q=http:\/\/anuncios.cultura.gob.ar\/\/lt.php?id%3DfEgFVAxTBE1UAAYMTgsDBAQGBw&amp;source=gmail&amp;ust=1560366959649000&amp;usg=AFQjCNEhG1JuxDu0bL9KQhAe3ZjVxO3eBA\" rel=\"noopener\">M\u00c1S INFORMACI\u00d3N E INSCRIPCIONES<\/a><\/td>\n<\/tr>\n<\/tbody>\n<\/table>\n<\/td>\n<\/tr>\n<tr>\n<td><\/td>\n<\/tr>\n<tr>\n<td><\/td>\n<\/tr>\n<\/tbody>\n<\/table>\n<\/td>\n<\/tr>\n<tr>\n<td align=\"center\">\n<table class=\"m_4967228996989524645m_-4811638797324085713m_7194579986718499814responsive-table\" border=\"0\" width=\"580\" cellspacing=\"0\" cellpadding=\"0\">\n<tbody>\n<tr>\n<td><\/td>\n<\/tr>\n<tr>\n<td align=\"left\" valign=\"middle\">\n<div>Patrimonio Cultural<\/div>\n<\/td>\n<\/tr>\n<tr>\n<td align=\"left\" valign=\"middle\">\n<div>Secretar\u00eda de Cultura de la Naci\u00f3n<\/div>\n<\/td>\n<\/tr>\n<tr>\n<td><\/td>\n<\/tr>\n<tr>\n<td align=\"left\" valign=\"top\">Adolfo Alsina 465 5to piso, CABA<br \/>\n<a href=\"http:\/\/www.cultura.gob.ar\/\" target=\"_blank\" data-saferedirecturl=\"https:\/\/www.google.com\/url?q=http:\/\/www.cultura.gob.ar&amp;source=gmail&amp;ust=1560366959649000&amp;usg=AFQjCNHBCFZYJ5q13S4XIFmrfUIb6MVjUA\" rel=\"noopener\">http:\/\/www.cultura.gob.ar<\/a><br \/>\n011 1429-2400<\/td>\n<\/tr>\n<\/tbody>\n<\/table>\n<\/td>\n<\/tr>\n<\/tbody>\n<\/table>\n","protected":false},"excerpt":{"rendered":"<p>Convocatorias abiertas a Patrimonio Cultural de la Secretar\u00eda de Cultura de la Naci\u00f3n<\/p>\n","protected":false},"author":3,"featured_media":0,"comment_status":"closed","ping_status":"open","sticky":false,"template":"","format":"standard","meta":{"footnotes":""},"categories":[35],"tags":[],"class_list":["post-32109","post","type-post","status-publish","format-standard","hentry","category-cultura"],"yoast_head":"<!-- This site is optimized with the Yoast SEO plugin v25.9 - https:\/\/yoast.com\/wordpress\/plugins\/seo\/ -->\n<title>Convocatorias de INVESTIGA CULTURA: tres l\u00edneas de apoyo econ\u00f3mico - Noticias Radio Reflejos<\/title>\n<meta name=\"robots\" content=\"index, follow, max-snippet:-1, max-image-preview:large, max-video-preview:-1\" \/>\n<link rel=\"canonical\" href=\"https:\/\/www.noticiasradioreflejos.com.ar\/2021\/convocatorias-de-investiga-cultura-tres-lineas-de-apoyo-economico\/\" \/>\n<meta property=\"og:locale\" content=\"es_ES\" \/>\n<meta property=\"og:type\" content=\"article\" \/>\n<meta property=\"og:title\" content=\"Convocatorias de INVESTIGA CULTURA: tres l\u00edneas de apoyo econ\u00f3mico - Noticias Radio Reflejos\" \/>\n<meta property=\"og:description\" content=\"Convocatorias abiertas a Patrimonio Cultural de la Secretar\u00eda de Cultura de la Naci\u00f3n\" \/>\n<meta property=\"og:url\" content=\"https:\/\/www.noticiasradioreflejos.com.ar\/2021\/convocatorias-de-investiga-cultura-tres-lineas-de-apoyo-economico\/\" \/>\n<meta property=\"og:site_name\" content=\"Noticias Radio Reflejos\" \/>\n<meta property=\"article:published_time\" content=\"2019-06-11T19:23:50+00:00\" \/>\n<meta property=\"og:image\" content=\"https:\/\/www.noticiasradioreflejos.com.ar\/2021\/wp-content\/uploads\/2021\/07\/logosol300x200.png\" \/>\n\t<meta property=\"og:image:width\" content=\"300\" \/>\n\t<meta property=\"og:image:height\" content=\"200\" \/>\n\t<meta property=\"og:image:type\" content=\"image\/png\" \/>\n<meta name=\"author\" content=\"Arnaldo Botto\" \/>\n<meta name=\"twitter:card\" content=\"summary_large_image\" \/>\n<script type=\"application\/ld+json\" class=\"yoast-schema-graph\">{\"@context\":\"https:\/\/schema.org\",\"@graph\":[{\"@type\":\"WebPage\",\"@id\":\"https:\/\/www.noticiasradioreflejos.com.ar\/2021\/convocatorias-de-investiga-cultura-tres-lineas-de-apoyo-economico\/\",\"url\":\"https:\/\/www.noticiasradioreflejos.com.ar\/2021\/convocatorias-de-investiga-cultura-tres-lineas-de-apoyo-economico\/\",\"name\":\"Convocatorias de INVESTIGA CULTURA: tres l\u00edneas de apoyo econ\u00f3mico - Noticias Radio Reflejos\",\"isPartOf\":{\"@id\":\"https:\/\/www.noticiasradioreflejos.com.ar\/2021\/#website\"},\"datePublished\":\"2019-06-11T19:23:50+00:00\",\"author\":{\"@id\":\"https:\/\/www.noticiasradioreflejos.com.ar\/2021\/#\/schema\/person\/ad82545263dcc5ec0996818884fd5fb1\"},\"breadcrumb\":{\"@id\":\"https:\/\/www.noticiasradioreflejos.com.ar\/2021\/convocatorias-de-investiga-cultura-tres-lineas-de-apoyo-economico\/#breadcrumb\"},\"inLanguage\":\"es\",\"potentialAction\":[{\"@type\":\"ReadAction\",\"target\":[\"https:\/\/www.noticiasradioreflejos.com.ar\/2021\/convocatorias-de-investiga-cultura-tres-lineas-de-apoyo-economico\/\"]}]},{\"@type\":\"BreadcrumbList\",\"@id\":\"https:\/\/www.noticiasradioreflejos.com.ar\/2021\/convocatorias-de-investiga-cultura-tres-lineas-de-apoyo-economico\/#breadcrumb\",\"itemListElement\":[{\"@type\":\"ListItem\",\"position\":1,\"name\":\"Portada\",\"item\":\"https:\/\/www.noticiasradioreflejos.com.ar\/2021\/\"},{\"@type\":\"ListItem\",\"position\":2,\"name\":\"Convocatorias de INVESTIGA CULTURA: tres l\u00edneas de apoyo econ\u00f3mico\"}]},{\"@type\":\"WebSite\",\"@id\":\"https:\/\/www.noticiasradioreflejos.com.ar\/2021\/#website\",\"url\":\"https:\/\/www.noticiasradioreflejos.com.ar\/2021\/\",\"name\":\"Noticias Radio Reflejos\",\"description\":\"Las noticias de mi comarca\",\"potentialAction\":[{\"@type\":\"SearchAction\",\"target\":{\"@type\":\"EntryPoint\",\"urlTemplate\":\"https:\/\/www.noticiasradioreflejos.com.ar\/2021\/?s={search_term_string}\"},\"query-input\":{\"@type\":\"PropertyValueSpecification\",\"valueRequired\":true,\"valueName\":\"search_term_string\"}}],\"inLanguage\":\"es\"},{\"@type\":\"Person\",\"@id\":\"https:\/\/www.noticiasradioreflejos.com.ar\/2021\/#\/schema\/person\/ad82545263dcc5ec0996818884fd5fb1\",\"name\":\"Arnaldo Botto\",\"image\":{\"@type\":\"ImageObject\",\"inLanguage\":\"es\",\"@id\":\"https:\/\/www.noticiasradioreflejos.com.ar\/2021\/#\/schema\/person\/image\/\",\"url\":\"https:\/\/secure.gravatar.com\/avatar\/55cb5e37c1efa326397366e6974cb338056df65cb50e7d64d1cf314e87504837?s=96&d=mm&r=g\",\"contentUrl\":\"https:\/\/secure.gravatar.com\/avatar\/55cb5e37c1efa326397366e6974cb338056df65cb50e7d64d1cf314e87504837?s=96&d=mm&r=g\",\"caption\":\"Arnaldo Botto\"},\"url\":\"https:\/\/www.noticiasradioreflejos.com.ar\/2021\/author\/arnaldo\/\"}]}<\/script>\n<!-- \/ Yoast SEO plugin. -->","yoast_head_json":{"title":"Convocatorias de INVESTIGA CULTURA: tres l\u00edneas de apoyo econ\u00f3mico - Noticias Radio Reflejos","robots":{"index":"index","follow":"follow","max-snippet":"max-snippet:-1","max-image-preview":"max-image-preview:large","max-video-preview":"max-video-preview:-1"},"canonical":"https:\/\/www.noticiasradioreflejos.com.ar\/2021\/convocatorias-de-investiga-cultura-tres-lineas-de-apoyo-economico\/","og_locale":"es_ES","og_type":"article","og_title":"Convocatorias de INVESTIGA CULTURA: tres l\u00edneas de apoyo econ\u00f3mico - Noticias Radio Reflejos","og_description":"Convocatorias abiertas a Patrimonio Cultural de la Secretar\u00eda de Cultura de la Naci\u00f3n","og_url":"https:\/\/www.noticiasradioreflejos.com.ar\/2021\/convocatorias-de-investiga-cultura-tres-lineas-de-apoyo-economico\/","og_site_name":"Noticias Radio Reflejos","article_published_time":"2019-06-11T19:23:50+00:00","og_image":[{"width":300,"height":200,"url":"https:\/\/www.noticiasradioreflejos.com.ar\/2021\/wp-content\/uploads\/2021\/07\/logosol300x200.png","type":"image\/png"}],"author":"Arnaldo Botto","twitter_card":"summary_large_image","schema":{"@context":"https:\/\/schema.org","@graph":[{"@type":"WebPage","@id":"https:\/\/www.noticiasradioreflejos.com.ar\/2021\/convocatorias-de-investiga-cultura-tres-lineas-de-apoyo-economico\/","url":"https:\/\/www.noticiasradioreflejos.com.ar\/2021\/convocatorias-de-investiga-cultura-tres-lineas-de-apoyo-economico\/","name":"Convocatorias de INVESTIGA CULTURA: tres l\u00edneas de apoyo econ\u00f3mico - Noticias Radio Reflejos","isPartOf":{"@id":"https:\/\/www.noticiasradioreflejos.com.ar\/2021\/#website"},"datePublished":"2019-06-11T19:23:50+00:00","author":{"@id":"https:\/\/www.noticiasradioreflejos.com.ar\/2021\/#\/schema\/person\/ad82545263dcc5ec0996818884fd5fb1"},"breadcrumb":{"@id":"https:\/\/www.noticiasradioreflejos.com.ar\/2021\/convocatorias-de-investiga-cultura-tres-lineas-de-apoyo-economico\/#breadcrumb"},"inLanguage":"es","potentialAction":[{"@type":"ReadAction","target":["https:\/\/www.noticiasradioreflejos.com.ar\/2021\/convocatorias-de-investiga-cultura-tres-lineas-de-apoyo-economico\/"]}]},{"@type":"BreadcrumbList","@id":"https:\/\/www.noticiasradioreflejos.com.ar\/2021\/convocatorias-de-investiga-cultura-tres-lineas-de-apoyo-economico\/#breadcrumb","itemListElement":[{"@type":"ListItem","position":1,"name":"Portada","item":"https:\/\/www.noticiasradioreflejos.com.ar\/2021\/"},{"@type":"ListItem","position":2,"name":"Convocatorias de INVESTIGA CULTURA: tres l\u00edneas de apoyo econ\u00f3mico"}]},{"@type":"WebSite","@id":"https:\/\/www.noticiasradioreflejos.com.ar\/2021\/#website","url":"https:\/\/www.noticiasradioreflejos.com.ar\/2021\/","name":"Noticias Radio Reflejos","description":"Las noticias de mi comarca","potentialAction":[{"@type":"SearchAction","target":{"@type":"EntryPoint","urlTemplate":"https:\/\/www.noticiasradioreflejos.com.ar\/2021\/?s={search_term_string}"},"query-input":{"@type":"PropertyValueSpecification","valueRequired":true,"valueName":"search_term_string"}}],"inLanguage":"es"},{"@type":"Person","@id":"https:\/\/www.noticiasradioreflejos.com.ar\/2021\/#\/schema\/person\/ad82545263dcc5ec0996818884fd5fb1","name":"Arnaldo Botto","image":{"@type":"ImageObject","inLanguage":"es","@id":"https:\/\/www.noticiasradioreflejos.com.ar\/2021\/#\/schema\/person\/image\/","url":"https:\/\/secure.gravatar.com\/avatar\/55cb5e37c1efa326397366e6974cb338056df65cb50e7d64d1cf314e87504837?s=96&d=mm&r=g","contentUrl":"https:\/\/secure.gravatar.com\/avatar\/55cb5e37c1efa326397366e6974cb338056df65cb50e7d64d1cf314e87504837?s=96&d=mm&r=g","caption":"Arnaldo Botto"},"url":"https:\/\/www.noticiasradioreflejos.com.ar\/2021\/author\/arnaldo\/"}]}},"_links":{"self":[{"href":"https:\/\/www.noticiasradioreflejos.com.ar\/2021\/wp-json\/wp\/v2\/posts\/32109","targetHints":{"allow":["GET"]}}],"collection":[{"href":"https:\/\/www.noticiasradioreflejos.com.ar\/2021\/wp-json\/wp\/v2\/posts"}],"about":[{"href":"https:\/\/www.noticiasradioreflejos.com.ar\/2021\/wp-json\/wp\/v2\/types\/post"}],"author":[{"embeddable":true,"href":"https:\/\/www.noticiasradioreflejos.com.ar\/2021\/wp-json\/wp\/v2\/users\/3"}],"replies":[{"embeddable":true,"href":"https:\/\/www.noticiasradioreflejos.com.ar\/2021\/wp-json\/wp\/v2\/comments?post=32109"}],"version-history":[{"count":0,"href":"https:\/\/www.noticiasradioreflejos.com.ar\/2021\/wp-json\/wp\/v2\/posts\/32109\/revisions"}],"wp:attachment":[{"href":"https:\/\/www.noticiasradioreflejos.com.ar\/2021\/wp-json\/wp\/v2\/media?parent=32109"}],"wp:term":[{"taxonomy":"category","embeddable":true,"href":"https:\/\/www.noticiasradioreflejos.com.ar\/2021\/wp-json\/wp\/v2\/categories?post=32109"},{"taxonomy":"post_tag","embeddable":true,"href":"https:\/\/www.noticiasradioreflejos.com.ar\/2021\/wp-json\/wp\/v2\/tags?post=32109"}],"curies":[{"name":"wp","href":"https:\/\/api.w.org\/{rel}","templated":true}]}}